{"id":437604,"date":"2026-04-09T05:47:29","date_gmt":"2026-04-09T08:47:29","guid":{"rendered":"https:\/\/portaltela.pt\/noticias\/2026\/04\/09\/espanha-reabre-embaixada-no-irao-encerrada-em-marco-devido-a-guerra\/"},"modified":"2026-04-09T05:47:29","modified_gmt":"2026-04-09T08:47:29","slug":"espanha-reabre-embaixada-no-irao-encerrada-em-marco-devido-a-guerra","status":"publish","type":"post","link":"https:\/\/portaltela.pt\/noticias\/internacional\/2026\/04\/09\/espanha-reabre-embaixada-no-irao-encerrada-em-marco-devido-a-guerra\/","title":{"rendered":"Espanha reabre embaixada no Ir\u00e3o, encerrada em mar\u00e7o devido \u00e0 guerra"},"content":{"rendered":"<p>A Espanha anunciou a reabertura da embaixada em Teer\u00e3o, encerrada a 7 de mar\u00e7o, ap\u00f3s a evacua\u00e7\u00e3o de parte do corpo diplom\u00e1tico durante a ofensiva norte-americana e israelita contra o Ir\u00e3o. A decis\u00e3o foi comunicada pelo ministro dos Neg\u00f3cios Estrangeiros, Jos\u00e9 Manuel Albares, que pediu ao embaixador em Teer\u00e3o para regressar e reiniciar as fun\u00e7\u00f5es.<\/p>\n<p>Albares afirmou que a embaixada deve integrar a miss\u00e3o de paz, juntando-se a outros vectores para promover o di\u00e1logo na regi\u00e3o. O local ser\u00e1 chefiado pelo embaixador Antonio S\u00e1nchez-Benedito, repondo as atividades a t\u00edtulo definitivo.<\/p>\n<p>A reabertura surge na sequ\u00eancia de um cessar-fogo entre os EUA e o Ir\u00e3o, que prev\u00ea duas semanas de redu\u00e7\u00e3o de hostilidades e a reabertura do Estreito de Ormuz. O objetivo \u00e9 facilitar negocia\u00e7\u00f5es diplom\u00e1ticas na regi\u00e3o.<\/p>\n<p>A escalada de ataques de Israel no sul do L\u00edbano, dirigido ao Hezbollah, mostra a fragilidade do acordo entre Washington e Teer\u00e3o. O Ir\u00e3o anunciou a suspens\u00e3o de opera\u00e7\u00f5es no estreito, elevando o receio de novas contagens de viol\u00eancia.<\/p>\n<p>O governo espanhol, liderado por Pedro S\u00e1nchez, tem vindo a defender uma desescalada regional e a afastar-se do conflito iniciado com a anteriores gest\u00f5es. S\u00e1nchez reiterou que a diplomacia e a legalidade internacional devem orientar as a\u00e7\u00f5es.<\/p>\n<p>A ministra da Defesa, Margarita Robles, reuniu-se com o embaixador liban\u00eas em Madrid para sinalizar o compromisso de Espanha com estabilidade regional e com a prote\u00e7\u00e3o de civis. Robles pediu progresso para uma paz duradoura no M\u00e9dio Oriente.<\/p>\n<p>Robles destacou o papel dos soldados espanh\u00f3is na miss\u00e3o da ONU no L\u00edbano, cerca de 700, que operam em condi\u00e7\u00f5es dif\u00edceis. A respons\u00e1vel sublinhou a import\u00e2ncia de proteger efetivamente os agentes de paz.<\/p>\n<p>Mais tarde, o ministro deslocou-se para uma audi\u00eancia parlamentar para explicar a posi\u00e7\u00e3o do governo sobre o conflito. A agenda incluiu a defesa de canais diplom\u00e1ticos e a media\u00e7\u00e3o para reduzir o risco de novas ofensivas.<\/p>\n<p>A situa\u00e7\u00e3o no terreno continua tensa, com a comunidade internacional a acompanhar de perto a evolu\u00e7\u00e3o do cessar-fogo provis\u00f3rio. Espanha mant\u00e9m-se atenta ao respeito pelos acordos e \u00e0 prote\u00e7\u00e3o de civis da regi\u00e3o.<\/p>\n","protected":false},"excerpt":{"rendered":"<ul>\n<li>Espanha vai reabrir a embaixada em Teer\u00e3o, encerrada a 7 de mar\u00e7o, com o regresso do embaixador Ant\u00f3nio S\u00e1nchez-Benedito.<\/li>\n<li>A decis\u00e3o acontece num contexto de cessar-fogo entre Estados Unidos e Ir\u00e3o, com duas semanas de tr\u00e9gua e a reabertura do Estreito de Ormuz.<\/li>\n<li>O ministro dos Neg\u00f3cios Estrangeiros, Jos\u00e9 Manuel Albares, disse ter instru\u00eddo o embaixador a reconectar-se e a participar no esfor\u00e7o de paz.<\/li>\n<li>O governo de Pedro S\u00e1nchez j\u00e1 tinha defendido a desescalada regional, promovendo diplomacia, legalidade internacional e paz, afastando-se de a\u00e7\u00f5es que possam agravar o conflito.<\/li>\n<li>A ministra da Defesa, Margarita Robles, reuniu-se com o embaixador liban\u00eas em Espanha e salientou o compromisso com a estabilidade da regi\u00e3o, destacando os cerca de 700 soldados espanh\u00f3is na miss\u00e3o da ONU e a necessidade de incluir o L\u00edbano nas negocia\u00e7\u00f5es.<\/li>\n<\/ul>\n","protected":false},"author":2,"featured_media":437608,"comment_status":"closed","ping_status":"closed","sticky":false,"template":"","format":"standard","meta":{"footnotes":""},"categories":[6814,4],"tags":[2198,29,2189,3117,5123,5698],"class_list":["post-437604","post","type-post","status-publish","format-standard","has-post-thumbnail","hentry","category-geopolitica","category-internacional","tag-conflitos-internacionais","tag-diplomacia","tag-espana","tag-mediacao","tag-onu","tag-politica-internacional"],"yoast_head":"<!-- This site is optimized with the Yoast SEO plugin v27.2 - https:\/\/yoast.com\/product\/yoast-seo-wordpress\/ -->\n<title>Espanha reabre embaixada no Ir\u00e3o, encerrada em mar\u00e7o devido \u00e0 guerra - Portal Tela Portugal<\/title>\n<meta name=\"robots\" content=\"index, follow, max-snippet:-1, max-image-preview:large, max-video-preview:-1\" \/>\n<meta property=\"og:locale\" content=\"pt_PT\" \/>\n<meta property=\"og:type\" content=\"article\" \/>\n<meta property=\"og:title\" content=\"Espanha reabre embaixada no Ir\u00e3o, encerrada em mar\u00e7o devido \u00e0 guerra - Portal Tela Portugal\" \/>\n<meta property=\"og:description\" content=\"Espanha vai reabrir a embaixada em Teer\u00e3o, encerrada a 7 de mar\u00e7o, com o regresso do embaixador Ant\u00f3nio S\u00e1nchez-Benedito. A decis\u00e3o acontece num contexto de cessar-fogo entre Estados Unidos e Ir\u00e3o, com duas semanas de tr\u00e9gua e a reabertura do Estreito de Ormuz. O ministro dos Neg\u00f3cios Estrangeiros, Jos\u00e9 Manuel Albares, disse ter instru\u00eddo o embaixador a reconectar-se e a participar no esfor\u00e7o de paz. O governo de Pedro S\u00e1nchez j\u00e1 tinha defendido a desescalada regional, promovendo diplomacia, legalidade internacional e paz, afastando-se de a\u00e7\u00f5es que possam agravar o conflito. A ministra da Defesa, Margarita Robles, reuniu-se com o embaixador liban\u00eas em Espanha e salientou o compromisso com a estabilidade da regi\u00e3o, destacando os cerca de 700 soldados espanh\u00f3is na miss\u00e3o da ONU e a necessidade de incluir o L\u00edbano nas negocia\u00e7\u00f5es.\" \/>\n<meta property=\"og:url\" content=\"https:\/\/portaltela.pt\/noticias\/2026\/04\/09\/espanha-reabre-embaixada-no-irao-encerrada-em-marco-devido-a-guerra\/\" \/>\n<meta property=\"og:site_name\" content=\"Portal Tela Portugal\" \/>\n<meta property=\"article:published_time\" content=\"2026-04-09T08:47:29+00:00\" \/>\n<meta name=\"author\" content=\"Telinha\" \/>\n<meta name=\"twitter:card\" content=\"summary_large_image\" \/>\n<meta name=\"twitter:label1\" content=\"Escrito por\" \/>\n\t<meta name=\"twitter:data1\" content=\"Telinha\" \/>\n\t<meta name=\"twitter:label2\" content=\"Tempo estimado de leitura\" \/>\n\t<meta name=\"twitter:data2\" content=\"2 minutos\" \/>\n<script type=\"application\/ld+json\" class=\"yoast-schema-graph\">{\"@context\":\"https:\/\/schema.org\",\"@graph\":[{\"@type\":\"Article\",\"@id\":\"https:\/\/portaltela.pt\/noticias\/2026\/04\/09\/espanha-reabre-embaixada-no-irao-encerrada-em-marco-devido-a-guerra\/#article\",\"isPartOf\":{\"@id\":\"https:\/\/portaltela.pt\/noticias\/2026\/04\/09\/espanha-reabre-embaixada-no-irao-encerrada-em-marco-devido-a-guerra\/\"},\"author\":{\"name\":\"Telinha\",\"@id\":\"https:\/\/portaltela.pt\/#\/schema\/person\/c4278d4a6028830caff9ee44b42d32ed\"},\"headline\":\"Espanha reabre embaixada no Ir\u00e3o, encerrada em mar\u00e7o devido \u00e0 guerra\",\"datePublished\":\"2026-04-09T08:47:29+00:00\",\"mainEntityOfPage\":{\"@id\":\"https:\/\/portaltela.pt\/noticias\/2026\/04\/09\/espanha-reabre-embaixada-no-irao-encerrada-em-marco-devido-a-guerra\/\"},\"wordCount\":402,\"image\":{\"@id\":\"https:\/\/portaltela.pt\/noticias\/2026\/04\/09\/espanha-reabre-embaixada-no-irao-encerrada-em-marco-devido-a-guerra\/#primaryimage\"},\"thumbnailUrl\":\"https:\/\/portaltela.pt\/s.01k8rhncp4jt1\/2026\/04\/1536x864_cmsv2_13fef049-e46c-54cd-a7ab-e3ea2aeb0f1d-9715371.jpg\",\"keywords\":[\"conflitos internacionais\",\"diplomacia\",\"Espa\u00f1a\",\"media\u00e7\u00e3o\",\"ONU\",\"pol\u00edtica internacional\"],\"articleSection\":[\"Geopol\u00edtica\",\"Internacional\"],\"inLanguage\":\"pt-PT\"},{\"@type\":\"WebPage\",\"@id\":\"https:\/\/portaltela.pt\/noticias\/2026\/04\/09\/espanha-reabre-embaixada-no-irao-encerrada-em-marco-devido-a-guerra\/\",\"url\":\"https:\/\/portaltela.pt\/noticias\/2026\/04\/09\/espanha-reabre-embaixada-no-irao-encerrada-em-marco-devido-a-guerra\/\",\"name\":\"Espanha reabre embaixada no Ir\u00e3o, encerrada em mar\u00e7o devido \u00e0 guerra - Portal Tela Portugal\",\"isPartOf\":{\"@id\":\"https:\/\/portaltela.pt\/#website\"},\"primaryImageOfPage\":{\"@id\":\"https:\/\/portaltela.pt\/noticias\/2026\/04\/09\/espanha-reabre-embaixada-no-irao-encerrada-em-marco-devido-a-guerra\/#primaryimage\"},\"image\":{\"@id\":\"https:\/\/portaltela.pt\/noticias\/2026\/04\/09\/espanha-reabre-embaixada-no-irao-encerrada-em-marco-devido-a-guerra\/#primaryimage\"},\"thumbnailUrl\":\"https:\/\/portaltela.pt\/s.01k8rhncp4jt1\/2026\/04\/1536x864_cmsv2_13fef049-e46c-54cd-a7ab-e3ea2aeb0f1d-9715371.jpg\",\"datePublished\":\"2026-04-09T08:47:29+00:00\",\"author\":{\"@id\":\"https:\/\/portaltela.pt\/#\/schema\/person\/c4278d4a6028830caff9ee44b42d32ed\"},\"breadcrumb\":{\"@id\":\"https:\/\/portaltela.pt\/noticias\/2026\/04\/09\/espanha-reabre-embaixada-no-irao-encerrada-em-marco-devido-a-guerra\/#breadcrumb\"},\"inLanguage\":\"pt-PT\",\"potentialAction\":[{\"@type\":\"ReadAction\",\"target\":[\"https:\/\/portaltela.pt\/noticias\/2026\/04\/09\/espanha-reabre-embaixada-no-irao-encerrada-em-marco-devido-a-guerra\/\"]}]},{\"@type\":\"ImageObject\",\"inLanguage\":\"pt-PT\",\"@id\":\"https:\/\/portaltela.pt\/noticias\/2026\/04\/09\/espanha-reabre-embaixada-no-irao-encerrada-em-marco-devido-a-guerra\/#primaryimage\",\"url\":\"https:\/\/portaltela.pt\/s.01k8rhncp4jt1\/2026\/04\/1536x864_cmsv2_13fef049-e46c-54cd-a7ab-e3ea2aeb0f1d-9715371.jpg\",\"contentUrl\":\"https:\/\/portaltela.pt\/s.01k8rhncp4jt1\/2026\/04\/1536x864_cmsv2_13fef049-e46c-54cd-a7ab-e3ea2aeb0f1d-9715371.jpg\",\"width\":796,\"height\":448,\"caption\":\"O Ministro dos Neg\u00f3cios Estrangeiros de Espanha, Jos\u00e9 Manuel Albares, no edif\u00edcio do Conselho Europeu em Bruxelas, em 23 de fevereiro de 2026.\"},{\"@type\":\"BreadcrumbList\",\"@id\":\"https:\/\/portaltela.pt\/noticias\/2026\/04\/09\/espanha-reabre-embaixada-no-irao-encerrada-em-marco-devido-a-guerra\/#breadcrumb\",\"itemListElement\":[{\"@type\":\"ListItem\",\"position\":1,\"name\":\"In\u00edcio\",\"item\":\"https:\/\/portaltela.pt\/\"},{\"@type\":\"ListItem\",\"position\":2,\"name\":\"Espanha reabre embaixada no Ir\u00e3o, encerrada em mar\u00e7o devido \u00e0 guerra\"}]},{\"@type\":\"WebSite\",\"@id\":\"https:\/\/portaltela.pt\/#website\",\"url\":\"https:\/\/portaltela.pt\/\",\"name\":\"Portal Tela Portugal\",\"description\":\"\",\"potentialAction\":[{\"@type\":\"SearchAction\",\"target\":{\"@type\":\"EntryPoint\",\"urlTemplate\":\"https:\/\/portaltela.pt\/?s={search_term_string}\"},\"query-input\":{\"@type\":\"PropertyValueSpecification\",\"valueRequired\":true,\"valueName\":\"search_term_string\"}}],\"inLanguage\":\"pt-PT\"},{\"@type\":\"Person\",\"@id\":\"https:\/\/portaltela.pt\/#\/schema\/person\/c4278d4a6028830caff9ee44b42d32ed\",\"name\":\"Telinha\",\"image\":{\"@type\":\"ImageObject\",\"inLanguage\":\"pt-PT\",\"@id\":\"https:\/\/portaltela.pt\/s.01k8rhncp4jt1\/2025\/11\/talking-bot-125x125.png\",\"url\":\"https:\/\/portaltela.pt\/s.01k8rhncp4jt1\/2025\/11\/talking-bot-125x125.png\",\"contentUrl\":\"https:\/\/portaltela.pt\/s.01k8rhncp4jt1\/2025\/11\/talking-bot-125x125.png\",\"caption\":\"Telinha\"},\"sameAs\":[\"https:\/\/portaltela.pt\/\"],\"url\":\"https:\/\/portaltela.pt\/por\/367410592786\/\"}]}<\/script>\n<!-- \/ Yoast SEO plugin. -->","yoast_head_json":{"title":"Espanha reabre embaixada no Ir\u00e3o, encerrada em mar\u00e7o devido \u00e0 guerra - Portal Tela Portugal","robots":{"index":"index","follow":"follow","max-snippet":"max-snippet:-1","max-image-preview":"max-image-preview:large","max-video-preview":"max-video-preview:-1"},"og_locale":"pt_PT","og_type":"article","og_title":"Espanha reabre embaixada no Ir\u00e3o, encerrada em mar\u00e7o devido \u00e0 guerra - Portal Tela Portugal","og_description":"Espanha vai reabrir a embaixada em Teer\u00e3o, encerrada a 7 de mar\u00e7o, com o regresso do embaixador Ant\u00f3nio S\u00e1nchez-Benedito. A decis\u00e3o acontece num contexto de cessar-fogo entre Estados Unidos e Ir\u00e3o, com duas semanas de tr\u00e9gua e a reabertura do Estreito de Ormuz. O ministro dos Neg\u00f3cios Estrangeiros, Jos\u00e9 Manuel Albares, disse ter instru\u00eddo o embaixador a reconectar-se e a participar no esfor\u00e7o de paz. O governo de Pedro S\u00e1nchez j\u00e1 tinha defendido a desescalada regional, promovendo diplomacia, legalidade internacional e paz, afastando-se de a\u00e7\u00f5es que possam agravar o conflito. A ministra da Defesa, Margarita Robles, reuniu-se com o embaixador liban\u00eas em Espanha e salientou o compromisso com a estabilidade da regi\u00e3o, destacando os cerca de 700 soldados espanh\u00f3is na miss\u00e3o da ONU e a necessidade de incluir o L\u00edbano nas negocia\u00e7\u00f5es.","og_url":"https:\/\/portaltela.pt\/noticias\/2026\/04\/09\/espanha-reabre-embaixada-no-irao-encerrada-em-marco-devido-a-guerra\/","og_site_name":"Portal Tela Portugal","article_published_time":"2026-04-09T08:47:29+00:00","author":"Telinha","twitter_card":"summary_large_image","twitter_misc":{"Escrito por":"Telinha","Tempo estimado de leitura":"2 minutos"},"schema":{"@context":"https:\/\/schema.org","@graph":[{"@type":"Article","@id":"https:\/\/portaltela.pt\/noticias\/2026\/04\/09\/espanha-reabre-embaixada-no-irao-encerrada-em-marco-devido-a-guerra\/#article","isPartOf":{"@id":"https:\/\/portaltela.pt\/noticias\/2026\/04\/09\/espanha-reabre-embaixada-no-irao-encerrada-em-marco-devido-a-guerra\/"},"author":{"name":"Telinha","@id":"https:\/\/portaltela.pt\/#\/schema\/person\/c4278d4a6028830caff9ee44b42d32ed"},"headline":"Espanha reabre embaixada no Ir\u00e3o, encerrada em mar\u00e7o devido \u00e0 guerra","datePublished":"2026-04-09T08:47:29+00:00","mainEntityOfPage":{"@id":"https:\/\/portaltela.pt\/noticias\/2026\/04\/09\/espanha-reabre-embaixada-no-irao-encerrada-em-marco-devido-a-guerra\/"},"wordCount":402,"image":{"@id":"https:\/\/portaltela.pt\/noticias\/2026\/04\/09\/espanha-reabre-embaixada-no-irao-encerrada-em-marco-devido-a-guerra\/#primaryimage"},"thumbnailUrl":"https:\/\/portaltela.pt\/s.01k8rhncp4jt1\/2026\/04\/1536x864_cmsv2_13fef049-e46c-54cd-a7ab-e3ea2aeb0f1d-9715371.jpg","keywords":["conflitos internacionais","diplomacia","Espa\u00f1a","media\u00e7\u00e3o","ONU","pol\u00edtica internacional"],"articleSection":["Geopol\u00edtica","Internacional"],"inLanguage":"pt-PT"},{"@type":"WebPage","@id":"https:\/\/portaltela.pt\/noticias\/2026\/04\/09\/espanha-reabre-embaixada-no-irao-encerrada-em-marco-devido-a-guerra\/","url":"https:\/\/portaltela.pt\/noticias\/2026\/04\/09\/espanha-reabre-embaixada-no-irao-encerrada-em-marco-devido-a-guerra\/","name":"Espanha reabre embaixada no Ir\u00e3o, encerrada em mar\u00e7o devido \u00e0 guerra - Portal Tela Portugal","isPartOf":{"@id":"https:\/\/portaltela.pt\/#website"},"primaryImageOfPage":{"@id":"https:\/\/portaltela.pt\/noticias\/2026\/04\/09\/espanha-reabre-embaixada-no-irao-encerrada-em-marco-devido-a-guerra\/#primaryimage"},"image":{"@id":"https:\/\/portaltela.pt\/noticias\/2026\/04\/09\/espanha-reabre-embaixada-no-irao-encerrada-em-marco-devido-a-guerra\/#primaryimage"},"thumbnailUrl":"https:\/\/portaltela.pt\/s.01k8rhncp4jt1\/2026\/04\/1536x864_cmsv2_13fef049-e46c-54cd-a7ab-e3ea2aeb0f1d-9715371.jpg","datePublished":"2026-04-09T08:47:29+00:00","author":{"@id":"https:\/\/portaltela.pt\/#\/schema\/person\/c4278d4a6028830caff9ee44b42d32ed"},"breadcrumb":{"@id":"https:\/\/portaltela.pt\/noticias\/2026\/04\/09\/espanha-reabre-embaixada-no-irao-encerrada-em-marco-devido-a-guerra\/#breadcrumb"},"inLanguage":"pt-PT","potentialAction":[{"@type":"ReadAction","target":["https:\/\/portaltela.pt\/noticias\/2026\/04\/09\/espanha-reabre-embaixada-no-irao-encerrada-em-marco-devido-a-guerra\/"]}]},{"@type":"ImageObject","inLanguage":"pt-PT","@id":"https:\/\/portaltela.pt\/noticias\/2026\/04\/09\/espanha-reabre-embaixada-no-irao-encerrada-em-marco-devido-a-guerra\/#primaryimage","url":"https:\/\/portaltela.pt\/s.01k8rhncp4jt1\/2026\/04\/1536x864_cmsv2_13fef049-e46c-54cd-a7ab-e3ea2aeb0f1d-9715371.jpg","contentUrl":"https:\/\/portaltela.pt\/s.01k8rhncp4jt1\/2026\/04\/1536x864_cmsv2_13fef049-e46c-54cd-a7ab-e3ea2aeb0f1d-9715371.jpg","width":796,"height":448,"caption":"O Ministro dos Neg\u00f3cios Estrangeiros de Espanha, Jos\u00e9 Manuel Albares, no edif\u00edcio do Conselho Europeu em Bruxelas, em 23 de fevereiro de 2026."},{"@type":"BreadcrumbList","@id":"https:\/\/portaltela.pt\/noticias\/2026\/04\/09\/espanha-reabre-embaixada-no-irao-encerrada-em-marco-devido-a-guerra\/#breadcrumb","itemListElement":[{"@type":"ListItem","position":1,"name":"In\u00edcio","item":"https:\/\/portaltela.pt\/"},{"@type":"ListItem","position":2,"name":"Espanha reabre embaixada no Ir\u00e3o, encerrada em mar\u00e7o devido \u00e0 guerra"}]},{"@type":"WebSite","@id":"https:\/\/portaltela.pt\/#website","url":"https:\/\/portaltela.pt\/","name":"Portal Tela Portugal","description":"","potentialAction":[{"@type":"SearchAction","target":{"@type":"EntryPoint","urlTemplate":"https:\/\/portaltela.pt\/?s={search_term_string}"},"query-input":{"@type":"PropertyValueSpecification","valueRequired":true,"valueName":"search_term_string"}}],"inLanguage":"pt-PT"},{"@type":"Person","@id":"https:\/\/portaltela.pt\/#\/schema\/person\/c4278d4a6028830caff9ee44b42d32ed","name":"Telinha","image":{"@type":"ImageObject","inLanguage":"pt-PT","@id":"https:\/\/portaltela.pt\/s.01k8rhncp4jt1\/2025\/11\/talking-bot-125x125.png","url":"https:\/\/portaltela.pt\/s.01k8rhncp4jt1\/2025\/11\/talking-bot-125x125.png","contentUrl":"https:\/\/portaltela.pt\/s.01k8rhncp4jt1\/2025\/11\/talking-bot-125x125.png","caption":"Telinha"},"sameAs":["https:\/\/portaltela.pt\/"],"url":"https:\/\/portaltela.pt\/por\/367410592786\/"}]}},"_links":{"self":[{"href":"https:\/\/portaltela.pt\/api\/wp\/v2\/posts\/437604","targetHints":{"allow":["GET"]}}],"collection":[{"href":"https:\/\/portaltela.pt\/api\/wp\/v2\/posts"}],"about":[{"href":"https:\/\/portaltela.pt\/api\/wp\/v2\/types\/post"}],"author":[{"embeddable":true,"href":"https:\/\/portaltela.pt\/api\/wp\/v2\/users\/2"}],"replies":[{"embeddable":true,"href":"https:\/\/portaltela.pt\/api\/wp\/v2\/comments?post=437604"}],"version-history":[{"count":0,"href":"https:\/\/portaltela.pt\/api\/wp\/v2\/posts\/437604\/revisions"}],"wp:featuredmedia":[{"embeddable":true,"href":"https:\/\/portaltela.pt\/api\/wp\/v2\/media\/437608"}],"wp:attachment":[{"href":"https:\/\/portaltela.pt\/api\/wp\/v2\/media?parent=437604"}],"wp:term":[{"taxonomy":"category","embeddable":true,"href":"https:\/\/portaltela.pt\/api\/wp\/v2\/categories?post=437604"},{"taxonomy":"post_tag","embeddable":true,"href":"https:\/\/portaltela.pt\/api\/wp\/v2\/tags?post=437604"}],"curies":[{"name":"wp","href":"https:\/\/api.w.org\/{rel}","templated":true}]}}