{"id":437601,"date":"2026-04-09T05:47:25","date_gmt":"2026-04-09T08:47:25","guid":{"rendered":"https:\/\/portaltela.pt\/noticias\/2026\/04\/09\/nike-esclarece-adeptos-apos-criticas-a-defeito-em-equipamentos-para-o-mundial\/"},"modified":"2026-04-09T05:47:25","modified_gmt":"2026-04-09T08:47:25","slug":"nike-esclarece-adeptos-apos-criticas-a-defeito-em-equipamentos-para-o-mundial","status":"publish","type":"post","link":"https:\/\/portaltela.pt\/desporto\/copa-do-mundo\/2026\/04\/09\/nike-esclarece-adeptos-apos-criticas-a-defeito-em-equipamentos-para-o-mundial\/","title":{"rendered":"Nike esclarece adeptos ap\u00f3s cr\u00edticas a defeito em equipamentos para o Mundial"},"content":{"rendered":"<p>A Nike pediu esclarecimentos depois de cr\u00edticas a um defeito nos equipamentos das sele\u00e7\u00f5es para o Mundial 2026. O problema foi observado na costura dos ombros de algumas camisolas, com impacto visual nas transmiss\u00f5es.<\/p>\n<p>A pol\u00e9mica surgiu durante a \u00faltima pausa internacional, em jogos como Uruguai vs Arg\u00e9lia e Brasil vs Fran\u00e7a. A falha ficou evidente nas camisolas usadas por jogadores dessas sele\u00e7\u00f5es, incluindo a presen\u00e7a repetida de Mbapp\u00e9 em primeiros planos.<\/p>\n<p>Segundo um respons\u00e1vel da Nike citado pelo The Guardian, o aspeto visual das camisolas n\u00e3o esteve ao n\u00edvel pretendido. A marca admite o defeito e afirma que j\u00e1 est\u00e1 a trabalhar em solu\u00e7\u00f5es para corrigir o problema.<\/p>\n<p>No momento, n\u00e3o est\u00e1 claro se ser\u00e3o lan\u00e7adas novas unidades antes do in\u00edcio do Mundial 2026. A Nike justifica a demora pela venda de v\u00e1rias camisolas entre 100 e 200 euros j\u00e1 realizadas.<\/p>\n","protected":false},"excerpt":{"rendered":"<ul>\n<li>A Nike reconheceu um problema nos equipamentos de sele\u00e7\u00f5es representadas pela marca, vis\u00edvel na zona da costura dos ombros.<\/li>\n<li>O defeito tornou-se evidente durante jogos entre o Uruguai e Arg\u00e9lia e entre Brasil e Fran\u00e7a, com destaque para Mbapp\u00e9 em transmiss\u00e3o televisiva.<\/li>\n<li>A empresa explicou que o aspeto visual da camisola n\u00e3o estava ao n\u00edvel pretendido e que est\u00e1 a trabalhar em solu\u00e7\u00f5es.<\/li>\n<li>Ainda n\u00e3o est\u00e1 claro se ser\u00e3o colocados \u00e0 venda novos produtos antes do Mundial de 2026, devido ao volume j\u00e1 vendido.<\/li>\n<li>As camisas j\u00e1 compradas tiveram valores entre 100 e 200 euros.<\/li>\n<\/ul>\n","protected":false},"author":2,"featured_media":437603,"comment_status":"closed","ping_status":"closed","sticky":false,"template":"","format":"standard","meta":{"footnotes":""},"categories":[6695,21],"tags":[6115,6395,32,3338,3209,5059],"class_list":["post-437601","post","type-post","status-publish","format-standard","has-post-thumbnail","hentry","category-copa-do-mundo","category-desporto","tag-_economia","tag-camisolas","tag-futebol","tag-futebol-internacional","tag-publicidade-enganosa","tag-roupas"],"yoast_head":"<!-- This site is optimized with the Yoast SEO plugin v27.2 - https:\/\/yoast.com\/product\/yoast-seo-wordpress\/ -->\n<title>Nike esclarece adeptos ap\u00f3s cr\u00edticas a defeito em equipamentos para o Mundial - Portal Tela Portugal<\/title>\n<meta name=\"robots\" content=\"index, follow, max-snippet:-1, max-image-preview:large, max-video-preview:-1\" \/>\n<meta property=\"og:locale\" content=\"pt_PT\" \/>\n<meta property=\"og:type\" content=\"article\" \/>\n<meta property=\"og:title\" content=\"Nike esclarece adeptos ap\u00f3s cr\u00edticas a defeito em equipamentos para o Mundial - Portal Tela Portugal\" \/>\n<meta property=\"og:description\" content=\"A Nike reconheceu um problema nos equipamentos de sele\u00e7\u00f5es representadas pela marca, vis\u00edvel na zona da costura dos ombros. O defeito tornou-se evidente durante jogos entre o Uruguai e Arg\u00e9lia e entre Brasil e Fran\u00e7a, com destaque para Mbapp\u00e9 em transmiss\u00e3o televisiva. A empresa explicou que o aspeto visual da camisola n\u00e3o estava ao n\u00edvel pretendido e que est\u00e1 a trabalhar em solu\u00e7\u00f5es. Ainda n\u00e3o est\u00e1 claro se ser\u00e3o colocados \u00e0 venda novos produtos antes do Mundial de 2026, devido ao volume j\u00e1 vendido. As camisas j\u00e1 compradas tiveram valores entre 100 e 200 euros.\" \/>\n<meta property=\"og:url\" content=\"https:\/\/portaltela.pt\/noticias\/2026\/04\/09\/nike-esclarece-adeptos-apos-criticas-a-defeito-em-equipamentos-para-o-mundial\/\" \/>\n<meta property=\"og:site_name\" content=\"Portal Tela Portugal\" \/>\n<meta property=\"article:published_time\" content=\"2026-04-09T08:47:25+00:00\" \/>\n<meta name=\"author\" content=\"Telinha\" \/>\n<meta name=\"twitter:card\" content=\"summary_large_image\" \/>\n<meta name=\"twitter:label1\" content=\"Escrito por\" \/>\n\t<meta name=\"twitter:data1\" content=\"Telinha\" \/>\n\t<meta name=\"twitter:label2\" content=\"Tempo estimado de leitura\" \/>\n\t<meta name=\"twitter:data2\" content=\"1 minuto\" \/>\n<script type=\"application\/ld+json\" class=\"yoast-schema-graph\">{\"@context\":\"https:\/\/schema.org\",\"@graph\":[{\"@type\":\"Article\",\"@id\":\"https:\/\/portaltela.pt\/noticias\/2026\/04\/09\/nike-esclarece-adeptos-apos-criticas-a-defeito-em-equipamentos-para-o-mundial\/#article\",\"isPartOf\":{\"@id\":\"https:\/\/portaltela.pt\/noticias\/2026\/04\/09\/nike-esclarece-adeptos-apos-criticas-a-defeito-em-equipamentos-para-o-mundial\/\"},\"author\":{\"name\":\"Telinha\",\"@id\":\"https:\/\/portaltela.pt\/#\/schema\/person\/c4278d4a6028830caff9ee44b42d32ed\"},\"headline\":\"Nike esclarece adeptos ap\u00f3s cr\u00edticas a defeito em equipamentos para o Mundial\",\"datePublished\":\"2026-04-09T08:47:25+00:00\",\"mainEntityOfPage\":{\"@id\":\"https:\/\/portaltela.pt\/noticias\/2026\/04\/09\/nike-esclarece-adeptos-apos-criticas-a-defeito-em-equipamentos-para-o-mundial\/\"},\"wordCount\":169,\"image\":{\"@id\":\"https:\/\/portaltela.pt\/noticias\/2026\/04\/09\/nike-esclarece-adeptos-apos-criticas-a-defeito-em-equipamentos-para-o-mundial\/#primaryimage\"},\"thumbnailUrl\":\"https:\/\/portaltela.pt\/s.01k8rhncp4jt1\/2026\/04\/img_1200x721uu2026-04-09-09-37-23-2431940.jpg\",\"keywords\":[\"_economia\",\"camisolas\",\"futebol\",\"futebol internacional\",\"publicidade enganosa\",\"roupas\"],\"articleSection\":[\"Copa do Mundo\",\"Desporto\"],\"inLanguage\":\"pt-PT\"},{\"@type\":\"WebPage\",\"@id\":\"https:\/\/portaltela.pt\/noticias\/2026\/04\/09\/nike-esclarece-adeptos-apos-criticas-a-defeito-em-equipamentos-para-o-mundial\/\",\"url\":\"https:\/\/portaltela.pt\/noticias\/2026\/04\/09\/nike-esclarece-adeptos-apos-criticas-a-defeito-em-equipamentos-para-o-mundial\/\",\"name\":\"Nike esclarece adeptos ap\u00f3s cr\u00edticas a defeito em equipamentos para o Mundial - Portal Tela Portugal\",\"isPartOf\":{\"@id\":\"https:\/\/portaltela.pt\/#website\"},\"primaryImageOfPage\":{\"@id\":\"https:\/\/portaltela.pt\/noticias\/2026\/04\/09\/nike-esclarece-adeptos-apos-criticas-a-defeito-em-equipamentos-para-o-mundial\/#primaryimage\"},\"image\":{\"@id\":\"https:\/\/portaltela.pt\/noticias\/2026\/04\/09\/nike-esclarece-adeptos-apos-criticas-a-defeito-em-equipamentos-para-o-mundial\/#primaryimage\"},\"thumbnailUrl\":\"https:\/\/portaltela.pt\/s.01k8rhncp4jt1\/2026\/04\/img_1200x721uu2026-04-09-09-37-23-2431940.jpg\",\"datePublished\":\"2026-04-09T08:47:25+00:00\",\"author\":{\"@id\":\"https:\/\/portaltela.pt\/#\/schema\/person\/c4278d4a6028830caff9ee44b42d32ed\"},\"breadcrumb\":{\"@id\":\"https:\/\/portaltela.pt\/noticias\/2026\/04\/09\/nike-esclarece-adeptos-apos-criticas-a-defeito-em-equipamentos-para-o-mundial\/#breadcrumb\"},\"inLanguage\":\"pt-PT\",\"potentialAction\":[{\"@type\":\"ReadAction\",\"target\":[\"https:\/\/portaltela.pt\/noticias\/2026\/04\/09\/nike-esclarece-adeptos-apos-criticas-a-defeito-em-equipamentos-para-o-mundial\/\"]}]},{\"@type\":\"ImageObject\",\"inLanguage\":\"pt-PT\",\"@id\":\"https:\/\/portaltela.pt\/noticias\/2026\/04\/09\/nike-esclarece-adeptos-apos-criticas-a-defeito-em-equipamentos-para-o-mundial\/#primaryimage\",\"url\":\"https:\/\/portaltela.pt\/s.01k8rhncp4jt1\/2026\/04\/img_1200x721uu2026-04-09-09-37-23-2431940.jpg\",\"contentUrl\":\"https:\/\/portaltela.pt\/s.01k8rhncp4jt1\/2026\/04\/img_1200x721uu2026-04-09-09-37-23-2431940.jpg\",\"width\":796,\"height\":448,\"caption\":\"Nike esclarece adeptos ap\u00f3s receber cr\u00edticas relacionadas com defeito nos equipamentos para o Mundial\"},{\"@type\":\"BreadcrumbList\",\"@id\":\"https:\/\/portaltela.pt\/noticias\/2026\/04\/09\/nike-esclarece-adeptos-apos-criticas-a-defeito-em-equipamentos-para-o-mundial\/#breadcrumb\",\"itemListElement\":[{\"@type\":\"ListItem\",\"position\":1,\"name\":\"In\u00edcio\",\"item\":\"https:\/\/portaltela.pt\/\"},{\"@type\":\"ListItem\",\"position\":2,\"name\":\"Nike esclarece adeptos ap\u00f3s cr\u00edticas a defeito em equipamentos para o Mundial\"}]},{\"@type\":\"WebSite\",\"@id\":\"https:\/\/portaltela.pt\/#website\",\"url\":\"https:\/\/portaltela.pt\/\",\"name\":\"Portal Tela Portugal\",\"description\":\"\",\"potentialAction\":[{\"@type\":\"SearchAction\",\"target\":{\"@type\":\"EntryPoint\",\"urlTemplate\":\"https:\/\/portaltela.pt\/?s={search_term_string}\"},\"query-input\":{\"@type\":\"PropertyValueSpecification\",\"valueRequired\":true,\"valueName\":\"search_term_string\"}}],\"inLanguage\":\"pt-PT\"},{\"@type\":\"Person\",\"@id\":\"https:\/\/portaltela.pt\/#\/schema\/person\/c4278d4a6028830caff9ee44b42d32ed\",\"name\":\"Telinha\",\"image\":{\"@type\":\"ImageObject\",\"inLanguage\":\"pt-PT\",\"@id\":\"https:\/\/portaltela.pt\/s.01k8rhncp4jt1\/2025\/11\/talking-bot-125x125.png\",\"url\":\"https:\/\/portaltela.pt\/s.01k8rhncp4jt1\/2025\/11\/talking-bot-125x125.png\",\"contentUrl\":\"https:\/\/portaltela.pt\/s.01k8rhncp4jt1\/2025\/11\/talking-bot-125x125.png\",\"caption\":\"Telinha\"},\"sameAs\":[\"https:\/\/portaltela.pt\/\"],\"url\":\"https:\/\/portaltela.pt\/por\/367410592786\/\"}]}<\/script>\n<!-- \/ Yoast SEO plugin. -->","yoast_head_json":{"title":"Nike esclarece adeptos ap\u00f3s cr\u00edticas a defeito em equipamentos para o Mundial - Portal Tela Portugal","robots":{"index":"index","follow":"follow","max-snippet":"max-snippet:-1","max-image-preview":"max-image-preview:large","max-video-preview":"max-video-preview:-1"},"og_locale":"pt_PT","og_type":"article","og_title":"Nike esclarece adeptos ap\u00f3s cr\u00edticas a defeito em equipamentos para o Mundial - Portal Tela Portugal","og_description":"A Nike reconheceu um problema nos equipamentos de sele\u00e7\u00f5es representadas pela marca, vis\u00edvel na zona da costura dos ombros. O defeito tornou-se evidente durante jogos entre o Uruguai e Arg\u00e9lia e entre Brasil e Fran\u00e7a, com destaque para Mbapp\u00e9 em transmiss\u00e3o televisiva. A empresa explicou que o aspeto visual da camisola n\u00e3o estava ao n\u00edvel pretendido e que est\u00e1 a trabalhar em solu\u00e7\u00f5es. Ainda n\u00e3o est\u00e1 claro se ser\u00e3o colocados \u00e0 venda novos produtos antes do Mundial de 2026, devido ao volume j\u00e1 vendido. As camisas j\u00e1 compradas tiveram valores entre 100 e 200 euros.","og_url":"https:\/\/portaltela.pt\/noticias\/2026\/04\/09\/nike-esclarece-adeptos-apos-criticas-a-defeito-em-equipamentos-para-o-mundial\/","og_site_name":"Portal Tela Portugal","article_published_time":"2026-04-09T08:47:25+00:00","author":"Telinha","twitter_card":"summary_large_image","twitter_misc":{"Escrito por":"Telinha","Tempo estimado de leitura":"1 minuto"},"schema":{"@context":"https:\/\/schema.org","@graph":[{"@type":"Article","@id":"https:\/\/portaltela.pt\/noticias\/2026\/04\/09\/nike-esclarece-adeptos-apos-criticas-a-defeito-em-equipamentos-para-o-mundial\/#article","isPartOf":{"@id":"https:\/\/portaltela.pt\/noticias\/2026\/04\/09\/nike-esclarece-adeptos-apos-criticas-a-defeito-em-equipamentos-para-o-mundial\/"},"author":{"name":"Telinha","@id":"https:\/\/portaltela.pt\/#\/schema\/person\/c4278d4a6028830caff9ee44b42d32ed"},"headline":"Nike esclarece adeptos ap\u00f3s cr\u00edticas a defeito em equipamentos para o Mundial","datePublished":"2026-04-09T08:47:25+00:00","mainEntityOfPage":{"@id":"https:\/\/portaltela.pt\/noticias\/2026\/04\/09\/nike-esclarece-adeptos-apos-criticas-a-defeito-em-equipamentos-para-o-mundial\/"},"wordCount":169,"image":{"@id":"https:\/\/portaltela.pt\/noticias\/2026\/04\/09\/nike-esclarece-adeptos-apos-criticas-a-defeito-em-equipamentos-para-o-mundial\/#primaryimage"},"thumbnailUrl":"https:\/\/portaltela.pt\/s.01k8rhncp4jt1\/2026\/04\/img_1200x721uu2026-04-09-09-37-23-2431940.jpg","keywords":["_economia","camisolas","futebol","futebol internacional","publicidade enganosa","roupas"],"articleSection":["Copa do Mundo","Desporto"],"inLanguage":"pt-PT"},{"@type":"WebPage","@id":"https:\/\/portaltela.pt\/noticias\/2026\/04\/09\/nike-esclarece-adeptos-apos-criticas-a-defeito-em-equipamentos-para-o-mundial\/","url":"https:\/\/portaltela.pt\/noticias\/2026\/04\/09\/nike-esclarece-adeptos-apos-criticas-a-defeito-em-equipamentos-para-o-mundial\/","name":"Nike esclarece adeptos ap\u00f3s cr\u00edticas a defeito em equipamentos para o Mundial - Portal Tela Portugal","isPartOf":{"@id":"https:\/\/portaltela.pt\/#website"},"primaryImageOfPage":{"@id":"https:\/\/portaltela.pt\/noticias\/2026\/04\/09\/nike-esclarece-adeptos-apos-criticas-a-defeito-em-equipamentos-para-o-mundial\/#primaryimage"},"image":{"@id":"https:\/\/portaltela.pt\/noticias\/2026\/04\/09\/nike-esclarece-adeptos-apos-criticas-a-defeito-em-equipamentos-para-o-mundial\/#primaryimage"},"thumbnailUrl":"https:\/\/portaltela.pt\/s.01k8rhncp4jt1\/2026\/04\/img_1200x721uu2026-04-09-09-37-23-2431940.jpg","datePublished":"2026-04-09T08:47:25+00:00","author":{"@id":"https:\/\/portaltela.pt\/#\/schema\/person\/c4278d4a6028830caff9ee44b42d32ed"},"breadcrumb":{"@id":"https:\/\/portaltela.pt\/noticias\/2026\/04\/09\/nike-esclarece-adeptos-apos-criticas-a-defeito-em-equipamentos-para-o-mundial\/#breadcrumb"},"inLanguage":"pt-PT","potentialAction":[{"@type":"ReadAction","target":["https:\/\/portaltela.pt\/noticias\/2026\/04\/09\/nike-esclarece-adeptos-apos-criticas-a-defeito-em-equipamentos-para-o-mundial\/"]}]},{"@type":"ImageObject","inLanguage":"pt-PT","@id":"https:\/\/portaltela.pt\/noticias\/2026\/04\/09\/nike-esclarece-adeptos-apos-criticas-a-defeito-em-equipamentos-para-o-mundial\/#primaryimage","url":"https:\/\/portaltela.pt\/s.01k8rhncp4jt1\/2026\/04\/img_1200x721uu2026-04-09-09-37-23-2431940.jpg","contentUrl":"https:\/\/portaltela.pt\/s.01k8rhncp4jt1\/2026\/04\/img_1200x721uu2026-04-09-09-37-23-2431940.jpg","width":796,"height":448,"caption":"Nike esclarece adeptos ap\u00f3s receber cr\u00edticas relacionadas com defeito nos equipamentos para o Mundial"},{"@type":"BreadcrumbList","@id":"https:\/\/portaltela.pt\/noticias\/2026\/04\/09\/nike-esclarece-adeptos-apos-criticas-a-defeito-em-equipamentos-para-o-mundial\/#breadcrumb","itemListElement":[{"@type":"ListItem","position":1,"name":"In\u00edcio","item":"https:\/\/portaltela.pt\/"},{"@type":"ListItem","position":2,"name":"Nike esclarece adeptos ap\u00f3s cr\u00edticas a defeito em equipamentos para o Mundial"}]},{"@type":"WebSite","@id":"https:\/\/portaltela.pt\/#website","url":"https:\/\/portaltela.pt\/","name":"Portal Tela Portugal","description":"","potentialAction":[{"@type":"SearchAction","target":{"@type":"EntryPoint","urlTemplate":"https:\/\/portaltela.pt\/?s={search_term_string}"},"query-input":{"@type":"PropertyValueSpecification","valueRequired":true,"valueName":"search_term_string"}}],"inLanguage":"pt-PT"},{"@type":"Person","@id":"https:\/\/portaltela.pt\/#\/schema\/person\/c4278d4a6028830caff9ee44b42d32ed","name":"Telinha","image":{"@type":"ImageObject","inLanguage":"pt-PT","@id":"https:\/\/portaltela.pt\/s.01k8rhncp4jt1\/2025\/11\/talking-bot-125x125.png","url":"https:\/\/portaltela.pt\/s.01k8rhncp4jt1\/2025\/11\/talking-bot-125x125.png","contentUrl":"https:\/\/portaltela.pt\/s.01k8rhncp4jt1\/2025\/11\/talking-bot-125x125.png","caption":"Telinha"},"sameAs":["https:\/\/portaltela.pt\/"],"url":"https:\/\/portaltela.pt\/por\/367410592786\/"}]}},"_links":{"self":[{"href":"https:\/\/portaltela.pt\/api\/wp\/v2\/posts\/437601","targetHints":{"allow":["GET"]}}],"collection":[{"href":"https:\/\/portaltela.pt\/api\/wp\/v2\/posts"}],"about":[{"href":"https:\/\/portaltela.pt\/api\/wp\/v2\/types\/post"}],"author":[{"embeddable":true,"href":"https:\/\/portaltela.pt\/api\/wp\/v2\/users\/2"}],"replies":[{"embeddable":true,"href":"https:\/\/portaltela.pt\/api\/wp\/v2\/comments?post=437601"}],"version-history":[{"count":0,"href":"https:\/\/portaltela.pt\/api\/wp\/v2\/posts\/437601\/revisions"}],"wp:featuredmedia":[{"embeddable":true,"href":"https:\/\/portaltela.pt\/api\/wp\/v2\/media\/437603"}],"wp:attachment":[{"href":"https:\/\/portaltela.pt\/api\/wp\/v2\/media?parent=437601"}],"wp:term":[{"taxonomy":"category","embeddable":true,"href":"https:\/\/portaltela.pt\/api\/wp\/v2\/categories?post=437601"},{"taxonomy":"post_tag","embeddable":true,"href":"https:\/\/portaltela.pt\/api\/wp\/v2\/tags?post=437601"}],"curies":[{"name":"wp","href":"https:\/\/api.w.org\/{rel}","templated":true}]}}