{"id":437588,"date":"2026-04-09T05:47:17","date_gmt":"2026-04-09T08:47:17","guid":{"rendered":"https:\/\/portaltela.pt\/noticias\/2026\/04\/09\/nino-entre-o-cancro-e-a-vida-uma-luta-que-mobiliza\/"},"modified":"2026-04-09T05:47:17","modified_gmt":"2026-04-09T08:47:17","slug":"nino-entre-o-cancro-e-a-vida-uma-luta-que-mobiliza","status":"publish","type":"post","link":"https:\/\/portaltela.pt\/series-e-filmes\/2026\/04\/09\/nino-entre-o-cancro-e-a-vida-uma-luta-que-mobiliza\/","title":{"rendered":"Nino: entre o cancro e a vida, uma luta que mobiliza"},"content":{"rendered":"<p>Entre a exibi\u00e7\u00e3o de Nino no Festival de Cannes 2025 e a estreia comercial nas salas francesas, surgiu uma curiosidade sobre a dedicat\u00f3ria final do filme. A obra \u00e9 a primeira longa-metragem de Pauline Loqu\u00e8s, com o int\u00e9rprete Theodore Pellerin em cena.<\/p>\n<p>Nino \u00e9 descrito como um filme despojado e intenso, que atravessa temas de doen\u00e7a e vida. O p\u00fablico acompanha uma jornada marcada pela autenticidade da dire\u00e7\u00e3o e da atua\u00e7\u00e3o, em tom que equilibra dureza e lirismo.<\/p>\n<p>Inicialmente, a dedicat\u00f3ria final deveria conter apenas o tradicional cumprimento a Romain, como \u00e9 comum em homenagens. Contudo, o texto foi alterado de forma a aparecer antes da sequ\u00eancia de fim.<\/p>\n<h3>Mudan\u00e7a na dedicat\u00f3ria durante Cannes 2025<\/h3>\n<p>A altera\u00e7\u00e3o contemplou colocar a dedicat\u00f3ria antes da conclus\u00e3o, interrompendo a sequ\u00eancia final. A decis\u00e3o foi observada pelos presentes na sess\u00e3o e passou a ser ponto de an\u00e1lise entre jornalistas e festivaleiros.<\/p>\n","protected":false},"excerpt":{"rendered":"<ul>\n<li>O filme Nino, de Pauline Loqu\u00e8s, foi apresentado em Cannes em 2025 e ter\u00e1 estreia comercial na Fran\u00e7a.<\/li>\n<li>O tema central do filme encara o cancro e a vida, explorado pela realizadora e pelo int\u00e9rprete Theodore Pellerin em conversa com a imprensa.<\/li>\n<li>Entre a exibi\u00e7\u00e3o em Cannes e a estreia, a dedicat\u00f3ria de fim de filme foi alterada: de &#8220;Para Romain&#8221; apenas no fim passou a aparecer antes da sequ\u00eancia final.<\/li>\n<li>&#8220;Para Romain&#8221; costuma ser a forma habitual de homenagem no final da proje\u00e7\u00e3o, mas agora interrompe o fluxo habitual.<\/li>\n<li>Trata-se da primeira longa-metragem premiada de Pauline Loqu\u00e8s.<\/li>\n<\/ul>\n","protected":false},"author":2,"featured_media":437593,"comment_status":"closed","ping_status":"closed","sticky":false,"template":"","format":"standard","meta":{"footnotes":""},"categories":[7368],"tags":[7756,5811,112,145,5242,172],"class_list":["post-437588","post","type-post","status-publish","format-standard","has-post-thumbnail","hentry","category-series-e-filmes","tag-_cultura","tag-cancro","tag-cinema","tag-cultura","tag-filmes","tag-saude"],"yoast_head":"<!-- This site is optimized with the Yoast SEO plugin v27.2 - https:\/\/yoast.com\/product\/yoast-seo-wordpress\/ -->\n<title>Nino: entre o cancro e a vida, uma luta que mobiliza - Portal Tela Portugal<\/title>\n<meta name=\"robots\" content=\"index, follow, max-snippet:-1, max-image-preview:large, max-video-preview:-1\" \/>\n<meta property=\"og:locale\" content=\"pt_PT\" \/>\n<meta property=\"og:type\" content=\"article\" \/>\n<meta property=\"og:title\" content=\"Nino: entre o cancro e a vida, uma luta que mobiliza - Portal Tela Portugal\" \/>\n<meta property=\"og:description\" content=\"O filme Nino, de Pauline Loqu\u00e8s, foi apresentado em Cannes em 2025 e ter\u00e1 estreia comercial na Fran\u00e7a. O tema central do filme encara o cancro e a vida, explorado pela realizadora e pelo int\u00e9rprete Theodore Pellerin em conversa com a imprensa. Entre a exibi\u00e7\u00e3o em Cannes e a estreia, a dedicat\u00f3ria de fim de filme foi alterada: de &quot;Para Romain&quot; apenas no fim passou a aparecer antes da sequ\u00eancia final. &quot;Para Romain&quot; costuma ser a forma habitual de homenagem no final da proje\u00e7\u00e3o, mas agora interrompe o fluxo habitual. Trata-se da primeira longa-metragem premiada de Pauline Loqu\u00e8s.\" \/>\n<meta property=\"og:url\" content=\"https:\/\/portaltela.pt\/noticias\/2026\/04\/09\/nino-entre-o-cancro-e-a-vida-uma-luta-que-mobiliza\/\" \/>\n<meta property=\"og:site_name\" content=\"Portal Tela Portugal\" \/>\n<meta property=\"article:published_time\" content=\"2026-04-09T08:47:17+00:00\" \/>\n<meta name=\"author\" content=\"Telinha\" \/>\n<meta name=\"twitter:card\" content=\"summary_large_image\" \/>\n<meta name=\"twitter:label1\" content=\"Escrito por\" \/>\n\t<meta name=\"twitter:data1\" content=\"Telinha\" \/>\n\t<meta name=\"twitter:label2\" content=\"Tempo estimado de leitura\" \/>\n\t<meta name=\"twitter:data2\" content=\"1 minuto\" \/>\n<script type=\"application\/ld+json\" class=\"yoast-schema-graph\">{\"@context\":\"https:\/\/schema.org\",\"@graph\":[{\"@type\":\"Article\",\"@id\":\"https:\/\/portaltela.pt\/noticias\/2026\/04\/09\/nino-entre-o-cancro-e-a-vida-uma-luta-que-mobiliza\/#article\",\"isPartOf\":{\"@id\":\"https:\/\/portaltela.pt\/noticias\/2026\/04\/09\/nino-entre-o-cancro-e-a-vida-uma-luta-que-mobiliza\/\"},\"author\":{\"name\":\"Telinha\",\"@id\":\"https:\/\/portaltela.pt\/#\/schema\/person\/c4278d4a6028830caff9ee44b42d32ed\"},\"headline\":\"Nino: entre o cancro e a vida, uma luta que mobiliza\",\"datePublished\":\"2026-04-09T08:47:17+00:00\",\"mainEntityOfPage\":{\"@id\":\"https:\/\/portaltela.pt\/noticias\/2026\/04\/09\/nino-entre-o-cancro-e-a-vida-uma-luta-que-mobiliza\/\"},\"wordCount\":172,\"image\":{\"@id\":\"https:\/\/portaltela.pt\/noticias\/2026\/04\/09\/nino-entre-o-cancro-e-a-vida-uma-luta-que-mobiliza\/#primaryimage\"},\"thumbnailUrl\":\"https:\/\/portaltela.pt\/s.01k8rhncp4jt1\/2026\/04\/2079903.jpg\",\"keywords\":[\"_cultura\",\"Cancro\",\"cinema\",\"cultura\",\"filmes\",\"sa\u00fade\"],\"articleSection\":[\"S\u00e9ries e filmes\"],\"inLanguage\":\"pt-PT\"},{\"@type\":\"WebPage\",\"@id\":\"https:\/\/portaltela.pt\/noticias\/2026\/04\/09\/nino-entre-o-cancro-e-a-vida-uma-luta-que-mobiliza\/\",\"url\":\"https:\/\/portaltela.pt\/noticias\/2026\/04\/09\/nino-entre-o-cancro-e-a-vida-uma-luta-que-mobiliza\/\",\"name\":\"Nino: entre o cancro e a vida, uma luta que mobiliza - Portal Tela Portugal\",\"isPartOf\":{\"@id\":\"https:\/\/portaltela.pt\/#website\"},\"primaryImageOfPage\":{\"@id\":\"https:\/\/portaltela.pt\/noticias\/2026\/04\/09\/nino-entre-o-cancro-e-a-vida-uma-luta-que-mobiliza\/#primaryimage\"},\"image\":{\"@id\":\"https:\/\/portaltela.pt\/noticias\/2026\/04\/09\/nino-entre-o-cancro-e-a-vida-uma-luta-que-mobiliza\/#primaryimage\"},\"thumbnailUrl\":\"https:\/\/portaltela.pt\/s.01k8rhncp4jt1\/2026\/04\/2079903.jpg\",\"datePublished\":\"2026-04-09T08:47:17+00:00\",\"author\":{\"@id\":\"https:\/\/portaltela.pt\/#\/schema\/person\/c4278d4a6028830caff9ee44b42d32ed\"},\"breadcrumb\":{\"@id\":\"https:\/\/portaltela.pt\/noticias\/2026\/04\/09\/nino-entre-o-cancro-e-a-vida-uma-luta-que-mobiliza\/#breadcrumb\"},\"inLanguage\":\"pt-PT\",\"potentialAction\":[{\"@type\":\"ReadAction\",\"target\":[\"https:\/\/portaltela.pt\/noticias\/2026\/04\/09\/nino-entre-o-cancro-e-a-vida-uma-luta-que-mobiliza\/\"]}]},{\"@type\":\"ImageObject\",\"inLanguage\":\"pt-PT\",\"@id\":\"https:\/\/portaltela.pt\/noticias\/2026\/04\/09\/nino-entre-o-cancro-e-a-vida-uma-luta-que-mobiliza\/#primaryimage\",\"url\":\"https:\/\/portaltela.pt\/s.01k8rhncp4jt1\/2026\/04\/2079903.jpg\",\"contentUrl\":\"https:\/\/portaltela.pt\/s.01k8rhncp4jt1\/2026\/04\/2079903.jpg\",\"width\":796,\"height\":448,\"caption\":\"O actor Theodore Pellerin interpreta Nino\"},{\"@type\":\"BreadcrumbList\",\"@id\":\"https:\/\/portaltela.pt\/noticias\/2026\/04\/09\/nino-entre-o-cancro-e-a-vida-uma-luta-que-mobiliza\/#breadcrumb\",\"itemListElement\":[{\"@type\":\"ListItem\",\"position\":1,\"name\":\"In\u00edcio\",\"item\":\"https:\/\/portaltela.pt\/\"},{\"@type\":\"ListItem\",\"position\":2,\"name\":\"Nino: entre o cancro e a vida, uma luta que mobiliza\"}]},{\"@type\":\"WebSite\",\"@id\":\"https:\/\/portaltela.pt\/#website\",\"url\":\"https:\/\/portaltela.pt\/\",\"name\":\"Portal Tela Portugal\",\"description\":\"\",\"potentialAction\":[{\"@type\":\"SearchAction\",\"target\":{\"@type\":\"EntryPoint\",\"urlTemplate\":\"https:\/\/portaltela.pt\/?s={search_term_string}\"},\"query-input\":{\"@type\":\"PropertyValueSpecification\",\"valueRequired\":true,\"valueName\":\"search_term_string\"}}],\"inLanguage\":\"pt-PT\"},{\"@type\":\"Person\",\"@id\":\"https:\/\/portaltela.pt\/#\/schema\/person\/c4278d4a6028830caff9ee44b42d32ed\",\"name\":\"Telinha\",\"image\":{\"@type\":\"ImageObject\",\"inLanguage\":\"pt-PT\",\"@id\":\"https:\/\/portaltela.pt\/s.01k8rhncp4jt1\/2025\/11\/talking-bot-125x125.png\",\"url\":\"https:\/\/portaltela.pt\/s.01k8rhncp4jt1\/2025\/11\/talking-bot-125x125.png\",\"contentUrl\":\"https:\/\/portaltela.pt\/s.01k8rhncp4jt1\/2025\/11\/talking-bot-125x125.png\",\"caption\":\"Telinha\"},\"sameAs\":[\"https:\/\/portaltela.pt\/\"],\"url\":\"https:\/\/portaltela.pt\/por\/367410592786\/\"}]}<\/script>\n<!-- \/ Yoast SEO plugin. -->","yoast_head_json":{"title":"Nino: entre o cancro e a vida, uma luta que mobiliza - Portal Tela Portugal","robots":{"index":"index","follow":"follow","max-snippet":"max-snippet:-1","max-image-preview":"max-image-preview:large","max-video-preview":"max-video-preview:-1"},"og_locale":"pt_PT","og_type":"article","og_title":"Nino: entre o cancro e a vida, uma luta que mobiliza - Portal Tela Portugal","og_description":"O filme Nino, de Pauline Loqu\u00e8s, foi apresentado em Cannes em 2025 e ter\u00e1 estreia comercial na Fran\u00e7a. O tema central do filme encara o cancro e a vida, explorado pela realizadora e pelo int\u00e9rprete Theodore Pellerin em conversa com a imprensa. Entre a exibi\u00e7\u00e3o em Cannes e a estreia, a dedicat\u00f3ria de fim de filme foi alterada: de \"Para Romain\" apenas no fim passou a aparecer antes da sequ\u00eancia final. \"Para Romain\" costuma ser a forma habitual de homenagem no final da proje\u00e7\u00e3o, mas agora interrompe o fluxo habitual. Trata-se da primeira longa-metragem premiada de Pauline Loqu\u00e8s.","og_url":"https:\/\/portaltela.pt\/noticias\/2026\/04\/09\/nino-entre-o-cancro-e-a-vida-uma-luta-que-mobiliza\/","og_site_name":"Portal Tela Portugal","article_published_time":"2026-04-09T08:47:17+00:00","author":"Telinha","twitter_card":"summary_large_image","twitter_misc":{"Escrito por":"Telinha","Tempo estimado de leitura":"1 minuto"},"schema":{"@context":"https:\/\/schema.org","@graph":[{"@type":"Article","@id":"https:\/\/portaltela.pt\/noticias\/2026\/04\/09\/nino-entre-o-cancro-e-a-vida-uma-luta-que-mobiliza\/#article","isPartOf":{"@id":"https:\/\/portaltela.pt\/noticias\/2026\/04\/09\/nino-entre-o-cancro-e-a-vida-uma-luta-que-mobiliza\/"},"author":{"name":"Telinha","@id":"https:\/\/portaltela.pt\/#\/schema\/person\/c4278d4a6028830caff9ee44b42d32ed"},"headline":"Nino: entre o cancro e a vida, uma luta que mobiliza","datePublished":"2026-04-09T08:47:17+00:00","mainEntityOfPage":{"@id":"https:\/\/portaltela.pt\/noticias\/2026\/04\/09\/nino-entre-o-cancro-e-a-vida-uma-luta-que-mobiliza\/"},"wordCount":172,"image":{"@id":"https:\/\/portaltela.pt\/noticias\/2026\/04\/09\/nino-entre-o-cancro-e-a-vida-uma-luta-que-mobiliza\/#primaryimage"},"thumbnailUrl":"https:\/\/portaltela.pt\/s.01k8rhncp4jt1\/2026\/04\/2079903.jpg","keywords":["_cultura","Cancro","cinema","cultura","filmes","sa\u00fade"],"articleSection":["S\u00e9ries e filmes"],"inLanguage":"pt-PT"},{"@type":"WebPage","@id":"https:\/\/portaltela.pt\/noticias\/2026\/04\/09\/nino-entre-o-cancro-e-a-vida-uma-luta-que-mobiliza\/","url":"https:\/\/portaltela.pt\/noticias\/2026\/04\/09\/nino-entre-o-cancro-e-a-vida-uma-luta-que-mobiliza\/","name":"Nino: entre o cancro e a vida, uma luta que mobiliza - Portal Tela Portugal","isPartOf":{"@id":"https:\/\/portaltela.pt\/#website"},"primaryImageOfPage":{"@id":"https:\/\/portaltela.pt\/noticias\/2026\/04\/09\/nino-entre-o-cancro-e-a-vida-uma-luta-que-mobiliza\/#primaryimage"},"image":{"@id":"https:\/\/portaltela.pt\/noticias\/2026\/04\/09\/nino-entre-o-cancro-e-a-vida-uma-luta-que-mobiliza\/#primaryimage"},"thumbnailUrl":"https:\/\/portaltela.pt\/s.01k8rhncp4jt1\/2026\/04\/2079903.jpg","datePublished":"2026-04-09T08:47:17+00:00","author":{"@id":"https:\/\/portaltela.pt\/#\/schema\/person\/c4278d4a6028830caff9ee44b42d32ed"},"breadcrumb":{"@id":"https:\/\/portaltela.pt\/noticias\/2026\/04\/09\/nino-entre-o-cancro-e-a-vida-uma-luta-que-mobiliza\/#breadcrumb"},"inLanguage":"pt-PT","potentialAction":[{"@type":"ReadAction","target":["https:\/\/portaltela.pt\/noticias\/2026\/04\/09\/nino-entre-o-cancro-e-a-vida-uma-luta-que-mobiliza\/"]}]},{"@type":"ImageObject","inLanguage":"pt-PT","@id":"https:\/\/portaltela.pt\/noticias\/2026\/04\/09\/nino-entre-o-cancro-e-a-vida-uma-luta-que-mobiliza\/#primaryimage","url":"https:\/\/portaltela.pt\/s.01k8rhncp4jt1\/2026\/04\/2079903.jpg","contentUrl":"https:\/\/portaltela.pt\/s.01k8rhncp4jt1\/2026\/04\/2079903.jpg","width":796,"height":448,"caption":"O actor Theodore Pellerin interpreta Nino"},{"@type":"BreadcrumbList","@id":"https:\/\/portaltela.pt\/noticias\/2026\/04\/09\/nino-entre-o-cancro-e-a-vida-uma-luta-que-mobiliza\/#breadcrumb","itemListElement":[{"@type":"ListItem","position":1,"name":"In\u00edcio","item":"https:\/\/portaltela.pt\/"},{"@type":"ListItem","position":2,"name":"Nino: entre o cancro e a vida, uma luta que mobiliza"}]},{"@type":"WebSite","@id":"https:\/\/portaltela.pt\/#website","url":"https:\/\/portaltela.pt\/","name":"Portal Tela Portugal","description":"","potentialAction":[{"@type":"SearchAction","target":{"@type":"EntryPoint","urlTemplate":"https:\/\/portaltela.pt\/?s={search_term_string}"},"query-input":{"@type":"PropertyValueSpecification","valueRequired":true,"valueName":"search_term_string"}}],"inLanguage":"pt-PT"},{"@type":"Person","@id":"https:\/\/portaltela.pt\/#\/schema\/person\/c4278d4a6028830caff9ee44b42d32ed","name":"Telinha","image":{"@type":"ImageObject","inLanguage":"pt-PT","@id":"https:\/\/portaltela.pt\/s.01k8rhncp4jt1\/2025\/11\/talking-bot-125x125.png","url":"https:\/\/portaltela.pt\/s.01k8rhncp4jt1\/2025\/11\/talking-bot-125x125.png","contentUrl":"https:\/\/portaltela.pt\/s.01k8rhncp4jt1\/2025\/11\/talking-bot-125x125.png","caption":"Telinha"},"sameAs":["https:\/\/portaltela.pt\/"],"url":"https:\/\/portaltela.pt\/por\/367410592786\/"}]}},"_links":{"self":[{"href":"https:\/\/portaltela.pt\/api\/wp\/v2\/posts\/437588","targetHints":{"allow":["GET"]}}],"collection":[{"href":"https:\/\/portaltela.pt\/api\/wp\/v2\/posts"}],"about":[{"href":"https:\/\/portaltela.pt\/api\/wp\/v2\/types\/post"}],"author":[{"embeddable":true,"href":"https:\/\/portaltela.pt\/api\/wp\/v2\/users\/2"}],"replies":[{"embeddable":true,"href":"https:\/\/portaltela.pt\/api\/wp\/v2\/comments?post=437588"}],"version-history":[{"count":0,"href":"https:\/\/portaltela.pt\/api\/wp\/v2\/posts\/437588\/revisions"}],"wp:featuredmedia":[{"embeddable":true,"href":"https:\/\/portaltela.pt\/api\/wp\/v2\/media\/437593"}],"wp:attachment":[{"href":"https:\/\/portaltela.pt\/api\/wp\/v2\/media?parent=437588"}],"wp:term":[{"taxonomy":"category","embeddable":true,"href":"https:\/\/portaltela.pt\/api\/wp\/v2\/categories?post=437588"},{"taxonomy":"post_tag","embeddable":true,"href":"https:\/\/portaltela.pt\/api\/wp\/v2\/tags?post=437588"}],"curies":[{"name":"wp","href":"https:\/\/api.w.org\/{rel}","templated":true}]}}