{"id":437572,"date":"2026-04-09T05:17:42","date_gmt":"2026-04-09T08:17:42","guid":{"rendered":"https:\/\/portaltela.pt\/noticias\/2026\/04\/09\/berlim-inaugura-sud-ost-galerie-novo-marco-de-arte-urbana-ao-ar-livre\/"},"modified":"2026-04-09T05:17:42","modified_gmt":"2026-04-09T08:17:42","slug":"berlim-inaugura-sud-ost-galerie-novo-marco-de-arte-urbana-ao-ar-livre","status":"publish","type":"post","link":"https:\/\/portaltela.pt\/noticias\/2026\/04\/09\/berlim-inaugura-sud-ost-galerie-novo-marco-de-arte-urbana-ao-ar-livre\/","title":{"rendered":"Berlim inaugura S\u00fcd Ost Galerie, novo marco de arte urbana ao ar livre"},"content":{"rendered":"<p>Berlim abriu uma nova refer\u00eancia de arte urbana ao ar livre. A S\u00fcd Ost Galerie estende-se por 450 metros ao longo da Grenzweg, no sudeste da cidade, junto \u00e0s hortas comunit\u00e1rias Gr\u00fcne Aue, em Sch\u00f6neweide. A galeria transforma uma barreira ac\u00fastica cinzenta numa faixa de cores com obras de mais de 20 artistas.<\/p>\n<p>O projeto nasceu a partir de um pedido de jardineiros locais ao artista Akte One, que vive em Berlim. Entre abril e outubro de 2025, a iniciativa ganhou escala e tornou-se uma galeria de bairro, com o objetivo de aproximar moradores e criadores.<\/p>\n<p>A S\u00fcd Ost Galerie \u00e9 apoiada pela rede Urban Nation, que organiza visitas guiadas ao local. A proposta enfatiza a integra\u00e7\u00e3o da arte mural contempor\u00e2nea no planeamento urbano, oferecendo um espa\u00e7o p\u00fablico permanente e vis\u00edvel para a express\u00e3o criativa.<\/p>\n<p>A galeria diferencia-se da East Side Gallery ao apresentar uma interven\u00e7\u00e3o cultural cont\u00ednua, fora do circuito de museus, mantendo-se como refer\u00eancia de participa\u00e7\u00e3o comunit\u00e1ria e identidade local.<\/p>\n<p>Os organizadores sublinham que o projeto \u00e9 tanto sobre comunidade como sobre pintura, com vizinhos a interagirem com os artistas e a contribu\u00edrem para transformar um corredor rodovi\u00e1rio num espa\u00e7o partilhado de cultura.<\/p>\n","protected":false},"excerpt":{"rendered":"<ul>\n<li>Berlim apresenta a S\u00fcd Ost Galerie, uma galeria de arte urbana ao ar livre com 450 metros ao longo da Grenzweg, no sudeste da cidade.<\/li>\n<li>O espa\u00e7o fica junto \u00e0s hortas comunit\u00e1rias Gr\u00fcne Aue, em Sch\u00f6neweide, transformando uma barreira ac\u00fastica cinzenta numa galeria p\u00fablica colorida com obras de mais de 20 artistas.<\/li>\n<li>A S\u00fcd Ost Galerie oferece arte mural contempor\u00e2nea permanente, legal e bem vis\u00edvel, fora da East Side Gallery.<\/li>\n<li>O projeto surgiu ap\u00f3s jardineiros locais pedirem ao artista Akte One para redesenhar o espa\u00e7o, evoluindo entre abril e outubro de 2025 numa iniciativa de bairro.<\/li>\n<li>A iniciativa \u00e9 apoiada pela rede Urban Nation e inclui visitas guiadas, destacando a integra\u00e7\u00e3o da arte urbana no planeamento urbano de Berlim.<\/li>\n<\/ul>\n","protected":false},"author":2,"featured_media":437575,"comment_status":"closed","ping_status":"closed","sticky":false,"template":"","format":"standard","meta":{"footnotes":""},"categories":[7375,1],"tags":[7756,7767,6524,70,145,3148],"class_list":["post-437572","post","type-post","status-publish","format-standard","has-post-thumbnail","hentry","category-cultura","category-noticias","tag-_cultura","tag-_meio-ambiente","tag-a-arquitetura","tag-arte","tag-cultura","tag-planeamento-urbano"],"yoast_head":"<!-- This site is optimized with the Yoast SEO plugin v27.2 - https:\/\/yoast.com\/product\/yoast-seo-wordpress\/ -->\n<title>Berlim inaugura S\u00fcd Ost Galerie, novo marco de arte urbana ao ar livre - Portal Tela Portugal<\/title>\n<meta name=\"robots\" content=\"index, follow, max-snippet:-1, max-image-preview:large, max-video-preview:-1\" \/>\n<meta property=\"og:locale\" content=\"pt_PT\" \/>\n<meta property=\"og:type\" content=\"article\" \/>\n<meta property=\"og:title\" content=\"Berlim inaugura S\u00fcd Ost Galerie, novo marco de arte urbana ao ar livre - Portal Tela Portugal\" \/>\n<meta property=\"og:description\" content=\"Berlim apresenta a S\u00fcd Ost Galerie, uma galeria de arte urbana ao ar livre com 450 metros ao longo da Grenzweg, no sudeste da cidade. O espa\u00e7o fica junto \u00e0s hortas comunit\u00e1rias Gr\u00fcne Aue, em Sch\u00f6neweide, transformando uma barreira ac\u00fastica cinzenta numa galeria p\u00fablica colorida com obras de mais de 20 artistas. A S\u00fcd Ost Galerie oferece arte mural contempor\u00e2nea permanente, legal e bem vis\u00edvel, fora da East Side Gallery. O projeto surgiu ap\u00f3s jardineiros locais pedirem ao artista Akte One para redesenhar o espa\u00e7o, evoluindo entre abril e outubro de 2025 numa iniciativa de bairro. A iniciativa \u00e9 apoiada pela rede Urban Nation e inclui visitas guiadas, destacando a integra\u00e7\u00e3o da arte urbana no planeamento urbano de Berlim.\" \/>\n<meta property=\"og:url\" content=\"https:\/\/portaltela.pt\/noticias\/2026\/04\/09\/berlim-inaugura-sud-ost-galerie-novo-marco-de-arte-urbana-ao-ar-livre\/\" \/>\n<meta property=\"og:site_name\" content=\"Portal Tela Portugal\" \/>\n<meta property=\"article:published_time\" content=\"2026-04-09T08:17:42+00:00\" \/>\n<meta name=\"author\" content=\"Telinha\" \/>\n<meta name=\"twitter:card\" content=\"summary_large_image\" \/>\n<meta name=\"twitter:label1\" content=\"Escrito por\" \/>\n\t<meta name=\"twitter:data1\" content=\"Telinha\" \/>\n\t<meta name=\"twitter:label2\" content=\"Tempo estimado de leitura\" \/>\n\t<meta name=\"twitter:data2\" content=\"1 minuto\" \/>\n<script type=\"application\/ld+json\" class=\"yoast-schema-graph\">{\"@context\":\"https:\/\/schema.org\",\"@graph\":[{\"@type\":\"Article\",\"@id\":\"https:\/\/portaltela.pt\/noticias\/2026\/04\/09\/berlim-inaugura-sud-ost-galerie-novo-marco-de-arte-urbana-ao-ar-livre\/#article\",\"isPartOf\":{\"@id\":\"https:\/\/portaltela.pt\/noticias\/2026\/04\/09\/berlim-inaugura-sud-ost-galerie-novo-marco-de-arte-urbana-ao-ar-livre\/\"},\"author\":{\"name\":\"Telinha\",\"@id\":\"https:\/\/portaltela.pt\/#\/schema\/person\/c4278d4a6028830caff9ee44b42d32ed\"},\"headline\":\"Berlim inaugura S\u00fcd Ost Galerie, novo marco de arte urbana ao ar livre\",\"datePublished\":\"2026-04-09T08:17:42+00:00\",\"mainEntityOfPage\":{\"@id\":\"https:\/\/portaltela.pt\/noticias\/2026\/04\/09\/berlim-inaugura-sud-ost-galerie-novo-marco-de-arte-urbana-ao-ar-livre\/\"},\"wordCount\":225,\"image\":{\"@id\":\"https:\/\/portaltela.pt\/noticias\/2026\/04\/09\/berlim-inaugura-sud-ost-galerie-novo-marco-de-arte-urbana-ao-ar-livre\/#primaryimage\"},\"thumbnailUrl\":\"https:\/\/portaltela.pt\/s.01k8rhncp4jt1\/2026\/04\/1536x864_cmsv2_c6255c6c-4c00-563e-890e-b38344e1bf4b-9715249.jpg\",\"keywords\":[\"_cultura\",\"_meio-ambiente\",\"a arquitetura\",\"arte\",\"cultura\",\"planeamento urbano\"],\"articleSection\":[\"Cultura\",\"Not\u00edcias\"],\"inLanguage\":\"pt-PT\"},{\"@type\":\"WebPage\",\"@id\":\"https:\/\/portaltela.pt\/noticias\/2026\/04\/09\/berlim-inaugura-sud-ost-galerie-novo-marco-de-arte-urbana-ao-ar-livre\/\",\"url\":\"https:\/\/portaltela.pt\/noticias\/2026\/04\/09\/berlim-inaugura-sud-ost-galerie-novo-marco-de-arte-urbana-ao-ar-livre\/\",\"name\":\"Berlim inaugura S\u00fcd Ost Galerie, novo marco de arte urbana ao ar livre - Portal Tela Portugal\",\"isPartOf\":{\"@id\":\"https:\/\/portaltela.pt\/#website\"},\"primaryImageOfPage\":{\"@id\":\"https:\/\/portaltela.pt\/noticias\/2026\/04\/09\/berlim-inaugura-sud-ost-galerie-novo-marco-de-arte-urbana-ao-ar-livre\/#primaryimage\"},\"image\":{\"@id\":\"https:\/\/portaltela.pt\/noticias\/2026\/04\/09\/berlim-inaugura-sud-ost-galerie-novo-marco-de-arte-urbana-ao-ar-livre\/#primaryimage\"},\"thumbnailUrl\":\"https:\/\/portaltela.pt\/s.01k8rhncp4jt1\/2026\/04\/1536x864_cmsv2_c6255c6c-4c00-563e-890e-b38344e1bf4b-9715249.jpg\",\"datePublished\":\"2026-04-09T08:17:42+00:00\",\"author\":{\"@id\":\"https:\/\/portaltela.pt\/#\/schema\/person\/c4278d4a6028830caff9ee44b42d32ed\"},\"breadcrumb\":{\"@id\":\"https:\/\/portaltela.pt\/noticias\/2026\/04\/09\/berlim-inaugura-sud-ost-galerie-novo-marco-de-arte-urbana-ao-ar-livre\/#breadcrumb\"},\"inLanguage\":\"pt-PT\",\"potentialAction\":[{\"@type\":\"ReadAction\",\"target\":[\"https:\/\/portaltela.pt\/noticias\/2026\/04\/09\/berlim-inaugura-sud-ost-galerie-novo-marco-de-arte-urbana-ao-ar-livre\/\"]}]},{\"@type\":\"ImageObject\",\"inLanguage\":\"pt-PT\",\"@id\":\"https:\/\/portaltela.pt\/noticias\/2026\/04\/09\/berlim-inaugura-sud-ost-galerie-novo-marco-de-arte-urbana-ao-ar-livre\/#primaryimage\",\"url\":\"https:\/\/portaltela.pt\/s.01k8rhncp4jt1\/2026\/04\/1536x864_cmsv2_c6255c6c-4c00-563e-890e-b38344e1bf4b-9715249.jpg\",\"contentUrl\":\"https:\/\/portaltela.pt\/s.01k8rhncp4jt1\/2026\/04\/1536x864_cmsv2_c6255c6c-4c00-563e-890e-b38344e1bf4b-9715249.jpg\",\"width\":796,\"height\":448,\"caption\":\"Muro de graffiti na S\u00fcd Ost Galerie\"},{\"@type\":\"BreadcrumbList\",\"@id\":\"https:\/\/portaltela.pt\/noticias\/2026\/04\/09\/berlim-inaugura-sud-ost-galerie-novo-marco-de-arte-urbana-ao-ar-livre\/#breadcrumb\",\"itemListElement\":[{\"@type\":\"ListItem\",\"position\":1,\"name\":\"In\u00edcio\",\"item\":\"https:\/\/portaltela.pt\/\"},{\"@type\":\"ListItem\",\"position\":2,\"name\":\"Berlim inaugura S\u00fcd Ost Galerie, novo marco de arte urbana ao ar livre\"}]},{\"@type\":\"WebSite\",\"@id\":\"https:\/\/portaltela.pt\/#website\",\"url\":\"https:\/\/portaltela.pt\/\",\"name\":\"Portal Tela Portugal\",\"description\":\"\",\"potentialAction\":[{\"@type\":\"SearchAction\",\"target\":{\"@type\":\"EntryPoint\",\"urlTemplate\":\"https:\/\/portaltela.pt\/?s={search_term_string}\"},\"query-input\":{\"@type\":\"PropertyValueSpecification\",\"valueRequired\":true,\"valueName\":\"search_term_string\"}}],\"inLanguage\":\"pt-PT\"},{\"@type\":\"Person\",\"@id\":\"https:\/\/portaltela.pt\/#\/schema\/person\/c4278d4a6028830caff9ee44b42d32ed\",\"name\":\"Telinha\",\"image\":{\"@type\":\"ImageObject\",\"inLanguage\":\"pt-PT\",\"@id\":\"https:\/\/portaltela.pt\/s.01k8rhncp4jt1\/2025\/11\/talking-bot-125x125.png\",\"url\":\"https:\/\/portaltela.pt\/s.01k8rhncp4jt1\/2025\/11\/talking-bot-125x125.png\",\"contentUrl\":\"https:\/\/portaltela.pt\/s.01k8rhncp4jt1\/2025\/11\/talking-bot-125x125.png\",\"caption\":\"Telinha\"},\"sameAs\":[\"https:\/\/portaltela.pt\/\"],\"url\":\"https:\/\/portaltela.pt\/por\/367410592786\/\"}]}<\/script>\n<!-- \/ Yoast SEO plugin. -->","yoast_head_json":{"title":"Berlim inaugura S\u00fcd Ost Galerie, novo marco de arte urbana ao ar livre - Portal Tela Portugal","robots":{"index":"index","follow":"follow","max-snippet":"max-snippet:-1","max-image-preview":"max-image-preview:large","max-video-preview":"max-video-preview:-1"},"og_locale":"pt_PT","og_type":"article","og_title":"Berlim inaugura S\u00fcd Ost Galerie, novo marco de arte urbana ao ar livre - Portal Tela Portugal","og_description":"Berlim apresenta a S\u00fcd Ost Galerie, uma galeria de arte urbana ao ar livre com 450 metros ao longo da Grenzweg, no sudeste da cidade. O espa\u00e7o fica junto \u00e0s hortas comunit\u00e1rias Gr\u00fcne Aue, em Sch\u00f6neweide, transformando uma barreira ac\u00fastica cinzenta numa galeria p\u00fablica colorida com obras de mais de 20 artistas. A S\u00fcd Ost Galerie oferece arte mural contempor\u00e2nea permanente, legal e bem vis\u00edvel, fora da East Side Gallery. O projeto surgiu ap\u00f3s jardineiros locais pedirem ao artista Akte One para redesenhar o espa\u00e7o, evoluindo entre abril e outubro de 2025 numa iniciativa de bairro. A iniciativa \u00e9 apoiada pela rede Urban Nation e inclui visitas guiadas, destacando a integra\u00e7\u00e3o da arte urbana no planeamento urbano de Berlim.","og_url":"https:\/\/portaltela.pt\/noticias\/2026\/04\/09\/berlim-inaugura-sud-ost-galerie-novo-marco-de-arte-urbana-ao-ar-livre\/","og_site_name":"Portal Tela Portugal","article_published_time":"2026-04-09T08:17:42+00:00","author":"Telinha","twitter_card":"summary_large_image","twitter_misc":{"Escrito por":"Telinha","Tempo estimado de leitura":"1 minuto"},"schema":{"@context":"https:\/\/schema.org","@graph":[{"@type":"Article","@id":"https:\/\/portaltela.pt\/noticias\/2026\/04\/09\/berlim-inaugura-sud-ost-galerie-novo-marco-de-arte-urbana-ao-ar-livre\/#article","isPartOf":{"@id":"https:\/\/portaltela.pt\/noticias\/2026\/04\/09\/berlim-inaugura-sud-ost-galerie-novo-marco-de-arte-urbana-ao-ar-livre\/"},"author":{"name":"Telinha","@id":"https:\/\/portaltela.pt\/#\/schema\/person\/c4278d4a6028830caff9ee44b42d32ed"},"headline":"Berlim inaugura S\u00fcd Ost Galerie, novo marco de arte urbana ao ar livre","datePublished":"2026-04-09T08:17:42+00:00","mainEntityOfPage":{"@id":"https:\/\/portaltela.pt\/noticias\/2026\/04\/09\/berlim-inaugura-sud-ost-galerie-novo-marco-de-arte-urbana-ao-ar-livre\/"},"wordCount":225,"image":{"@id":"https:\/\/portaltela.pt\/noticias\/2026\/04\/09\/berlim-inaugura-sud-ost-galerie-novo-marco-de-arte-urbana-ao-ar-livre\/#primaryimage"},"thumbnailUrl":"https:\/\/portaltela.pt\/s.01k8rhncp4jt1\/2026\/04\/1536x864_cmsv2_c6255c6c-4c00-563e-890e-b38344e1bf4b-9715249.jpg","keywords":["_cultura","_meio-ambiente","a arquitetura","arte","cultura","planeamento urbano"],"articleSection":["Cultura","Not\u00edcias"],"inLanguage":"pt-PT"},{"@type":"WebPage","@id":"https:\/\/portaltela.pt\/noticias\/2026\/04\/09\/berlim-inaugura-sud-ost-galerie-novo-marco-de-arte-urbana-ao-ar-livre\/","url":"https:\/\/portaltela.pt\/noticias\/2026\/04\/09\/berlim-inaugura-sud-ost-galerie-novo-marco-de-arte-urbana-ao-ar-livre\/","name":"Berlim inaugura S\u00fcd Ost Galerie, novo marco de arte urbana ao ar livre - Portal Tela Portugal","isPartOf":{"@id":"https:\/\/portaltela.pt\/#website"},"primaryImageOfPage":{"@id":"https:\/\/portaltela.pt\/noticias\/2026\/04\/09\/berlim-inaugura-sud-ost-galerie-novo-marco-de-arte-urbana-ao-ar-livre\/#primaryimage"},"image":{"@id":"https:\/\/portaltela.pt\/noticias\/2026\/04\/09\/berlim-inaugura-sud-ost-galerie-novo-marco-de-arte-urbana-ao-ar-livre\/#primaryimage"},"thumbnailUrl":"https:\/\/portaltela.pt\/s.01k8rhncp4jt1\/2026\/04\/1536x864_cmsv2_c6255c6c-4c00-563e-890e-b38344e1bf4b-9715249.jpg","datePublished":"2026-04-09T08:17:42+00:00","author":{"@id":"https:\/\/portaltela.pt\/#\/schema\/person\/c4278d4a6028830caff9ee44b42d32ed"},"breadcrumb":{"@id":"https:\/\/portaltela.pt\/noticias\/2026\/04\/09\/berlim-inaugura-sud-ost-galerie-novo-marco-de-arte-urbana-ao-ar-livre\/#breadcrumb"},"inLanguage":"pt-PT","potentialAction":[{"@type":"ReadAction","target":["https:\/\/portaltela.pt\/noticias\/2026\/04\/09\/berlim-inaugura-sud-ost-galerie-novo-marco-de-arte-urbana-ao-ar-livre\/"]}]},{"@type":"ImageObject","inLanguage":"pt-PT","@id":"https:\/\/portaltela.pt\/noticias\/2026\/04\/09\/berlim-inaugura-sud-ost-galerie-novo-marco-de-arte-urbana-ao-ar-livre\/#primaryimage","url":"https:\/\/portaltela.pt\/s.01k8rhncp4jt1\/2026\/04\/1536x864_cmsv2_c6255c6c-4c00-563e-890e-b38344e1bf4b-9715249.jpg","contentUrl":"https:\/\/portaltela.pt\/s.01k8rhncp4jt1\/2026\/04\/1536x864_cmsv2_c6255c6c-4c00-563e-890e-b38344e1bf4b-9715249.jpg","width":796,"height":448,"caption":"Muro de graffiti na S\u00fcd Ost Galerie"},{"@type":"BreadcrumbList","@id":"https:\/\/portaltela.pt\/noticias\/2026\/04\/09\/berlim-inaugura-sud-ost-galerie-novo-marco-de-arte-urbana-ao-ar-livre\/#breadcrumb","itemListElement":[{"@type":"ListItem","position":1,"name":"In\u00edcio","item":"https:\/\/portaltela.pt\/"},{"@type":"ListItem","position":2,"name":"Berlim inaugura S\u00fcd Ost Galerie, novo marco de arte urbana ao ar livre"}]},{"@type":"WebSite","@id":"https:\/\/portaltela.pt\/#website","url":"https:\/\/portaltela.pt\/","name":"Portal Tela Portugal","description":"","potentialAction":[{"@type":"SearchAction","target":{"@type":"EntryPoint","urlTemplate":"https:\/\/portaltela.pt\/?s={search_term_string}"},"query-input":{"@type":"PropertyValueSpecification","valueRequired":true,"valueName":"search_term_string"}}],"inLanguage":"pt-PT"},{"@type":"Person","@id":"https:\/\/portaltela.pt\/#\/schema\/person\/c4278d4a6028830caff9ee44b42d32ed","name":"Telinha","image":{"@type":"ImageObject","inLanguage":"pt-PT","@id":"https:\/\/portaltela.pt\/s.01k8rhncp4jt1\/2025\/11\/talking-bot-125x125.png","url":"https:\/\/portaltela.pt\/s.01k8rhncp4jt1\/2025\/11\/talking-bot-125x125.png","contentUrl":"https:\/\/portaltela.pt\/s.01k8rhncp4jt1\/2025\/11\/talking-bot-125x125.png","caption":"Telinha"},"sameAs":["https:\/\/portaltela.pt\/"],"url":"https:\/\/portaltela.pt\/por\/367410592786\/"}]}},"_links":{"self":[{"href":"https:\/\/portaltela.pt\/api\/wp\/v2\/posts\/437572","targetHints":{"allow":["GET"]}}],"collection":[{"href":"https:\/\/portaltela.pt\/api\/wp\/v2\/posts"}],"about":[{"href":"https:\/\/portaltela.pt\/api\/wp\/v2\/types\/post"}],"author":[{"embeddable":true,"href":"https:\/\/portaltela.pt\/api\/wp\/v2\/users\/2"}],"replies":[{"embeddable":true,"href":"https:\/\/portaltela.pt\/api\/wp\/v2\/comments?post=437572"}],"version-history":[{"count":0,"href":"https:\/\/portaltela.pt\/api\/wp\/v2\/posts\/437572\/revisions"}],"wp:featuredmedia":[{"embeddable":true,"href":"https:\/\/portaltela.pt\/api\/wp\/v2\/media\/437575"}],"wp:attachment":[{"href":"https:\/\/portaltela.pt\/api\/wp\/v2\/media?parent=437572"}],"wp:term":[{"taxonomy":"category","embeddable":true,"href":"https:\/\/portaltela.pt\/api\/wp\/v2\/categories?post=437572"},{"taxonomy":"post_tag","embeddable":true,"href":"https:\/\/portaltela.pt\/api\/wp\/v2\/tags?post=437572"}],"curies":[{"name":"wp","href":"https:\/\/api.w.org\/{rel}","templated":true}]}}