{"id":437563,"date":"2026-04-09T05:17:38","date_gmt":"2026-04-09T08:17:38","guid":{"rendered":"https:\/\/portaltela.pt\/noticias\/2026\/04\/09\/mineiro-e-resgatado-com-vida-apos-14-dias-soterrado-no-mexico\/"},"modified":"2026-04-09T05:17:38","modified_gmt":"2026-04-09T08:17:38","slug":"mineiro-e-resgatado-com-vida-apos-14-dias-soterrado-no-mexico","status":"publish","type":"post","link":"https:\/\/portaltela.pt\/acidentes\/2026\/04\/09\/mineiro-e-resgatado-com-vida-apos-14-dias-soterrado-no-mexico\/","title":{"rendered":"Mineiro \u00e9 resgatado com vida ap\u00f3s 14 dias soterrado no M\u00e9xico"},"content":{"rendered":"<p>O mineiro Francisco Zapata N\u00e1jera foi retirado com vida ap\u00f3s 14 dias soterrado numa mina de ouro e prata em Santa Fe, no M\u00e9xico. Trabalhadores ficaram presos quando a mina ruiu a 25 de mar\u00e7o, ap\u00f3s uma falha estrutural que inunda as galerias.<\/p>\n<p>Mergulhadores militares e equipas de emerg\u00eancia conseguiram chegar ao mineiro depois de bombarem a \u00e1gua das galerias inundadas. Zapata N\u00e1jera foi transportado de helic\u00f3ptero para um hospital em Mazatl\u00e1n, para receber cuidados especializados.<\/p>\n<p>Outros dois trabalhadores morreram no desabamento. Um mineiro j\u00e1 tinha sido retirado com vida anteriormente, segundo as autoridades. O incidente mobilizou equipas t\u00e9cnicas, alvos de apoio das for\u00e7as armadas, durante duas semanas.<\/p>\n<h3>Contexto de Seguran\u00e7a Mineira<\/h3>\n<p>As autoridades apontam para falhas estruturais como causa prov\u00e1vel do deslizamento, que deixou 21 trabalhadores a conseguir escapar. O resgate ocorreu num cen\u00e1rio de opera\u00e7\u00f5es cont\u00ednuas de busca e evacua\u00e7\u00e3o.<\/p>\n<p>Atingem-se, assim, n\u00fameros hist\u00f3ricos de seguran\u00e7a no setor mineiro no M\u00e9xico, com a mem\u00f3ria ainda ligada a desastres anteriores. Em 2022, houve o acidente de El Pinabete, com 10 mortos, e em 2006, Pasta de Conchos registou 65 \u00f3bitos.<\/p>\n","protected":false},"excerpt":{"rendered":"<ul>\n<li>O mineiro Francisco Zapata N\u00e1jera foi resgatado com vida ap\u00f3s 14 dias soterrado na mina de Santa Fe, no M\u00e9xico, que ruiu a 25 de mar\u00e7o.<\/li>\n<li>Mergulhadores militares e equipas de emerg\u00eancia bombearam a \u00e1gua das galerias inundadas e retiraram-no de helic\u00f3ptero para um hospital em Mazatl\u00e1n.<\/li>\n<li>Foram confirmadas as mortes de dois trabalhadores, e um mineiro j\u00e1 tinha sido retirado com vida anteriormente.<\/li>\n<li>O resgate decorreu ao longo de duas semanas, com bombas, apoio t\u00e9cnico e recurso das for\u00e7as armadas.<\/li>\n<li>A presidente Claudia Sheinbaum classificou o resgate como incr\u00edvel; o acidente reacende a discuss\u00e3o sobre as normas de seguran\u00e7a na minera\u00e7\u00e3o no M\u00e9xico.<\/li>\n<\/ul>\n","protected":false},"author":2,"featured_media":437567,"comment_status":"closed","ping_status":"closed","sticky":false,"template":"","format":"standard","meta":{"footnotes":""},"categories":[6849],"tags":[5956,6380,4930,320,4304,4536],"class_list":["post-437563","post","type-post","status-publish","format-standard","has-post-thumbnail","hentry","category-acidentes","tag-desabamento","tag-mexico","tag-mineracao-artesanal","tag-protecao-civil","tag-salvamento","tag-seguranca"],"yoast_head":"<!-- This site is optimized with the Yoast SEO plugin v27.2 - https:\/\/yoast.com\/product\/yoast-seo-wordpress\/ -->\n<title>Mineiro \u00e9 resgatado com vida ap\u00f3s 14 dias soterrado no M\u00e9xico - Portal Tela Portugal<\/title>\n<meta name=\"robots\" content=\"index, follow, max-snippet:-1, max-image-preview:large, max-video-preview:-1\" \/>\n<meta property=\"og:locale\" content=\"pt_PT\" \/>\n<meta property=\"og:type\" content=\"article\" \/>\n<meta property=\"og:title\" content=\"Mineiro \u00e9 resgatado com vida ap\u00f3s 14 dias soterrado no M\u00e9xico - Portal Tela Portugal\" \/>\n<meta property=\"og:description\" content=\"O mineiro Francisco Zapata N\u00e1jera foi resgatado com vida ap\u00f3s 14 dias soterrado na mina de Santa Fe, no M\u00e9xico, que ruiu a 25 de mar\u00e7o. Mergulhadores militares e equipas de emerg\u00eancia bombearam a \u00e1gua das galerias inundadas e retiraram-no de helic\u00f3ptero para um hospital em Mazatl\u00e1n. Foram confirmadas as mortes de dois trabalhadores, e um mineiro j\u00e1 tinha sido retirado com vida anteriormente. O resgate decorreu ao longo de duas semanas, com bombas, apoio t\u00e9cnico e recurso das for\u00e7as armadas. A presidente Claudia Sheinbaum classificou o resgate como incr\u00edvel; o acidente reacende a discuss\u00e3o sobre as normas de seguran\u00e7a na minera\u00e7\u00e3o no M\u00e9xico.\" \/>\n<meta property=\"og:url\" content=\"https:\/\/portaltela.pt\/noticias\/2026\/04\/09\/mineiro-e-resgatado-com-vida-apos-14-dias-soterrado-no-mexico\/\" \/>\n<meta property=\"og:site_name\" content=\"Portal Tela Portugal\" \/>\n<meta property=\"article:published_time\" content=\"2026-04-09T08:17:38+00:00\" \/>\n<meta name=\"author\" content=\"Telinha\" \/>\n<meta name=\"twitter:card\" content=\"summary_large_image\" \/>\n<meta name=\"twitter:label1\" content=\"Escrito por\" \/>\n\t<meta name=\"twitter:data1\" content=\"Telinha\" \/>\n\t<meta name=\"twitter:label2\" content=\"Tempo estimado de leitura\" \/>\n\t<meta name=\"twitter:data2\" content=\"1 minuto\" \/>\n<script type=\"application\/ld+json\" class=\"yoast-schema-graph\">{\"@context\":\"https:\/\/schema.org\",\"@graph\":[{\"@type\":\"Article\",\"@id\":\"https:\/\/portaltela.pt\/noticias\/2026\/04\/09\/mineiro-e-resgatado-com-vida-apos-14-dias-soterrado-no-mexico\/#article\",\"isPartOf\":{\"@id\":\"https:\/\/portaltela.pt\/noticias\/2026\/04\/09\/mineiro-e-resgatado-com-vida-apos-14-dias-soterrado-no-mexico\/\"},\"author\":{\"name\":\"Telinha\",\"@id\":\"https:\/\/portaltela.pt\/#\/schema\/person\/c4278d4a6028830caff9ee44b42d32ed\"},\"headline\":\"Mineiro \u00e9 resgatado com vida ap\u00f3s 14 dias soterrado no M\u00e9xico\",\"datePublished\":\"2026-04-09T08:17:38+00:00\",\"mainEntityOfPage\":{\"@id\":\"https:\/\/portaltela.pt\/noticias\/2026\/04\/09\/mineiro-e-resgatado-com-vida-apos-14-dias-soterrado-no-mexico\/\"},\"wordCount\":207,\"image\":{\"@id\":\"https:\/\/portaltela.pt\/noticias\/2026\/04\/09\/mineiro-e-resgatado-com-vida-apos-14-dias-soterrado-no-mexico\/#primaryimage\"},\"thumbnailUrl\":\"https:\/\/portaltela.pt\/s.01k8rhncp4jt1\/2026\/04\/1536x864_cmsv2_8c814e6d-c3fa-5d23-9409-e748f37403b2-9715258.jpg\",\"keywords\":[\"desabamento\",\"M\u00e9xico\",\"minera\u00e7\u00e3o artesanal\",\"prote\u00e7\u00e3o civil\",\"salvamento\",\"seguran\u00e7a\"],\"articleSection\":[\"Acidentes\"],\"inLanguage\":\"pt-PT\"},{\"@type\":\"WebPage\",\"@id\":\"https:\/\/portaltela.pt\/noticias\/2026\/04\/09\/mineiro-e-resgatado-com-vida-apos-14-dias-soterrado-no-mexico\/\",\"url\":\"https:\/\/portaltela.pt\/noticias\/2026\/04\/09\/mineiro-e-resgatado-com-vida-apos-14-dias-soterrado-no-mexico\/\",\"name\":\"Mineiro \u00e9 resgatado com vida ap\u00f3s 14 dias soterrado no M\u00e9xico - Portal Tela Portugal\",\"isPartOf\":{\"@id\":\"https:\/\/portaltela.pt\/#website\"},\"primaryImageOfPage\":{\"@id\":\"https:\/\/portaltela.pt\/noticias\/2026\/04\/09\/mineiro-e-resgatado-com-vida-apos-14-dias-soterrado-no-mexico\/#primaryimage\"},\"image\":{\"@id\":\"https:\/\/portaltela.pt\/noticias\/2026\/04\/09\/mineiro-e-resgatado-com-vida-apos-14-dias-soterrado-no-mexico\/#primaryimage\"},\"thumbnailUrl\":\"https:\/\/portaltela.pt\/s.01k8rhncp4jt1\/2026\/04\/1536x864_cmsv2_8c814e6d-c3fa-5d23-9409-e748f37403b2-9715258.jpg\",\"datePublished\":\"2026-04-09T08:17:38+00:00\",\"author\":{\"@id\":\"https:\/\/portaltela.pt\/#\/schema\/person\/c4278d4a6028830caff9ee44b42d32ed\"},\"breadcrumb\":{\"@id\":\"https:\/\/portaltela.pt\/noticias\/2026\/04\/09\/mineiro-e-resgatado-com-vida-apos-14-dias-soterrado-no-mexico\/#breadcrumb\"},\"inLanguage\":\"pt-PT\",\"potentialAction\":[{\"@type\":\"ReadAction\",\"target\":[\"https:\/\/portaltela.pt\/noticias\/2026\/04\/09\/mineiro-e-resgatado-com-vida-apos-14-dias-soterrado-no-mexico\/\"]}]},{\"@type\":\"ImageObject\",\"inLanguage\":\"pt-PT\",\"@id\":\"https:\/\/portaltela.pt\/noticias\/2026\/04\/09\/mineiro-e-resgatado-com-vida-apos-14-dias-soterrado-no-mexico\/#primaryimage\",\"url\":\"https:\/\/portaltela.pt\/s.01k8rhncp4jt1\/2026\/04\/1536x864_cmsv2_8c814e6d-c3fa-5d23-9409-e748f37403b2-9715258.jpg\",\"contentUrl\":\"https:\/\/portaltela.pt\/s.01k8rhncp4jt1\/2026\/04\/1536x864_cmsv2_8c814e6d-c3fa-5d23-9409-e748f37403b2-9715258.jpg\",\"width\":796,\"height\":448,\"caption\":\"Mergulhadores militares encontram mineiro Francisco Zapata Najera ap\u00f3s 14 dias preso numa mina de ouro e prata\"},{\"@type\":\"BreadcrumbList\",\"@id\":\"https:\/\/portaltela.pt\/noticias\/2026\/04\/09\/mineiro-e-resgatado-com-vida-apos-14-dias-soterrado-no-mexico\/#breadcrumb\",\"itemListElement\":[{\"@type\":\"ListItem\",\"position\":1,\"name\":\"In\u00edcio\",\"item\":\"https:\/\/portaltela.pt\/\"},{\"@type\":\"ListItem\",\"position\":2,\"name\":\"Mineiro \u00e9 resgatado com vida ap\u00f3s 14 dias soterrado no M\u00e9xico\"}]},{\"@type\":\"WebSite\",\"@id\":\"https:\/\/portaltela.pt\/#website\",\"url\":\"https:\/\/portaltela.pt\/\",\"name\":\"Portal Tela Portugal\",\"description\":\"\",\"potentialAction\":[{\"@type\":\"SearchAction\",\"target\":{\"@type\":\"EntryPoint\",\"urlTemplate\":\"https:\/\/portaltela.pt\/?s={search_term_string}\"},\"query-input\":{\"@type\":\"PropertyValueSpecification\",\"valueRequired\":true,\"valueName\":\"search_term_string\"}}],\"inLanguage\":\"pt-PT\"},{\"@type\":\"Person\",\"@id\":\"https:\/\/portaltela.pt\/#\/schema\/person\/c4278d4a6028830caff9ee44b42d32ed\",\"name\":\"Telinha\",\"image\":{\"@type\":\"ImageObject\",\"inLanguage\":\"pt-PT\",\"@id\":\"https:\/\/portaltela.pt\/s.01k8rhncp4jt1\/2025\/11\/talking-bot-125x125.png\",\"url\":\"https:\/\/portaltela.pt\/s.01k8rhncp4jt1\/2025\/11\/talking-bot-125x125.png\",\"contentUrl\":\"https:\/\/portaltela.pt\/s.01k8rhncp4jt1\/2025\/11\/talking-bot-125x125.png\",\"caption\":\"Telinha\"},\"sameAs\":[\"https:\/\/portaltela.pt\/\"],\"url\":\"https:\/\/portaltela.pt\/por\/367410592786\/\"}]}<\/script>\n<!-- \/ Yoast SEO plugin. -->","yoast_head_json":{"title":"Mineiro \u00e9 resgatado com vida ap\u00f3s 14 dias soterrado no M\u00e9xico - Portal Tela Portugal","robots":{"index":"index","follow":"follow","max-snippet":"max-snippet:-1","max-image-preview":"max-image-preview:large","max-video-preview":"max-video-preview:-1"},"og_locale":"pt_PT","og_type":"article","og_title":"Mineiro \u00e9 resgatado com vida ap\u00f3s 14 dias soterrado no M\u00e9xico - Portal Tela Portugal","og_description":"O mineiro Francisco Zapata N\u00e1jera foi resgatado com vida ap\u00f3s 14 dias soterrado na mina de Santa Fe, no M\u00e9xico, que ruiu a 25 de mar\u00e7o. Mergulhadores militares e equipas de emerg\u00eancia bombearam a \u00e1gua das galerias inundadas e retiraram-no de helic\u00f3ptero para um hospital em Mazatl\u00e1n. Foram confirmadas as mortes de dois trabalhadores, e um mineiro j\u00e1 tinha sido retirado com vida anteriormente. O resgate decorreu ao longo de duas semanas, com bombas, apoio t\u00e9cnico e recurso das for\u00e7as armadas. A presidente Claudia Sheinbaum classificou o resgate como incr\u00edvel; o acidente reacende a discuss\u00e3o sobre as normas de seguran\u00e7a na minera\u00e7\u00e3o no M\u00e9xico.","og_url":"https:\/\/portaltela.pt\/noticias\/2026\/04\/09\/mineiro-e-resgatado-com-vida-apos-14-dias-soterrado-no-mexico\/","og_site_name":"Portal Tela Portugal","article_published_time":"2026-04-09T08:17:38+00:00","author":"Telinha","twitter_card":"summary_large_image","twitter_misc":{"Escrito por":"Telinha","Tempo estimado de leitura":"1 minuto"},"schema":{"@context":"https:\/\/schema.org","@graph":[{"@type":"Article","@id":"https:\/\/portaltela.pt\/noticias\/2026\/04\/09\/mineiro-e-resgatado-com-vida-apos-14-dias-soterrado-no-mexico\/#article","isPartOf":{"@id":"https:\/\/portaltela.pt\/noticias\/2026\/04\/09\/mineiro-e-resgatado-com-vida-apos-14-dias-soterrado-no-mexico\/"},"author":{"name":"Telinha","@id":"https:\/\/portaltela.pt\/#\/schema\/person\/c4278d4a6028830caff9ee44b42d32ed"},"headline":"Mineiro \u00e9 resgatado com vida ap\u00f3s 14 dias soterrado no M\u00e9xico","datePublished":"2026-04-09T08:17:38+00:00","mainEntityOfPage":{"@id":"https:\/\/portaltela.pt\/noticias\/2026\/04\/09\/mineiro-e-resgatado-com-vida-apos-14-dias-soterrado-no-mexico\/"},"wordCount":207,"image":{"@id":"https:\/\/portaltela.pt\/noticias\/2026\/04\/09\/mineiro-e-resgatado-com-vida-apos-14-dias-soterrado-no-mexico\/#primaryimage"},"thumbnailUrl":"https:\/\/portaltela.pt\/s.01k8rhncp4jt1\/2026\/04\/1536x864_cmsv2_8c814e6d-c3fa-5d23-9409-e748f37403b2-9715258.jpg","keywords":["desabamento","M\u00e9xico","minera\u00e7\u00e3o artesanal","prote\u00e7\u00e3o civil","salvamento","seguran\u00e7a"],"articleSection":["Acidentes"],"inLanguage":"pt-PT"},{"@type":"WebPage","@id":"https:\/\/portaltela.pt\/noticias\/2026\/04\/09\/mineiro-e-resgatado-com-vida-apos-14-dias-soterrado-no-mexico\/","url":"https:\/\/portaltela.pt\/noticias\/2026\/04\/09\/mineiro-e-resgatado-com-vida-apos-14-dias-soterrado-no-mexico\/","name":"Mineiro \u00e9 resgatado com vida ap\u00f3s 14 dias soterrado no M\u00e9xico - Portal Tela Portugal","isPartOf":{"@id":"https:\/\/portaltela.pt\/#website"},"primaryImageOfPage":{"@id":"https:\/\/portaltela.pt\/noticias\/2026\/04\/09\/mineiro-e-resgatado-com-vida-apos-14-dias-soterrado-no-mexico\/#primaryimage"},"image":{"@id":"https:\/\/portaltela.pt\/noticias\/2026\/04\/09\/mineiro-e-resgatado-com-vida-apos-14-dias-soterrado-no-mexico\/#primaryimage"},"thumbnailUrl":"https:\/\/portaltela.pt\/s.01k8rhncp4jt1\/2026\/04\/1536x864_cmsv2_8c814e6d-c3fa-5d23-9409-e748f37403b2-9715258.jpg","datePublished":"2026-04-09T08:17:38+00:00","author":{"@id":"https:\/\/portaltela.pt\/#\/schema\/person\/c4278d4a6028830caff9ee44b42d32ed"},"breadcrumb":{"@id":"https:\/\/portaltela.pt\/noticias\/2026\/04\/09\/mineiro-e-resgatado-com-vida-apos-14-dias-soterrado-no-mexico\/#breadcrumb"},"inLanguage":"pt-PT","potentialAction":[{"@type":"ReadAction","target":["https:\/\/portaltela.pt\/noticias\/2026\/04\/09\/mineiro-e-resgatado-com-vida-apos-14-dias-soterrado-no-mexico\/"]}]},{"@type":"ImageObject","inLanguage":"pt-PT","@id":"https:\/\/portaltela.pt\/noticias\/2026\/04\/09\/mineiro-e-resgatado-com-vida-apos-14-dias-soterrado-no-mexico\/#primaryimage","url":"https:\/\/portaltela.pt\/s.01k8rhncp4jt1\/2026\/04\/1536x864_cmsv2_8c814e6d-c3fa-5d23-9409-e748f37403b2-9715258.jpg","contentUrl":"https:\/\/portaltela.pt\/s.01k8rhncp4jt1\/2026\/04\/1536x864_cmsv2_8c814e6d-c3fa-5d23-9409-e748f37403b2-9715258.jpg","width":796,"height":448,"caption":"Mergulhadores militares encontram mineiro Francisco Zapata Najera ap\u00f3s 14 dias preso numa mina de ouro e prata"},{"@type":"BreadcrumbList","@id":"https:\/\/portaltela.pt\/noticias\/2026\/04\/09\/mineiro-e-resgatado-com-vida-apos-14-dias-soterrado-no-mexico\/#breadcrumb","itemListElement":[{"@type":"ListItem","position":1,"name":"In\u00edcio","item":"https:\/\/portaltela.pt\/"},{"@type":"ListItem","position":2,"name":"Mineiro \u00e9 resgatado com vida ap\u00f3s 14 dias soterrado no M\u00e9xico"}]},{"@type":"WebSite","@id":"https:\/\/portaltela.pt\/#website","url":"https:\/\/portaltela.pt\/","name":"Portal Tela Portugal","description":"","potentialAction":[{"@type":"SearchAction","target":{"@type":"EntryPoint","urlTemplate":"https:\/\/portaltela.pt\/?s={search_term_string}"},"query-input":{"@type":"PropertyValueSpecification","valueRequired":true,"valueName":"search_term_string"}}],"inLanguage":"pt-PT"},{"@type":"Person","@id":"https:\/\/portaltela.pt\/#\/schema\/person\/c4278d4a6028830caff9ee44b42d32ed","name":"Telinha","image":{"@type":"ImageObject","inLanguage":"pt-PT","@id":"https:\/\/portaltela.pt\/s.01k8rhncp4jt1\/2025\/11\/talking-bot-125x125.png","url":"https:\/\/portaltela.pt\/s.01k8rhncp4jt1\/2025\/11\/talking-bot-125x125.png","contentUrl":"https:\/\/portaltela.pt\/s.01k8rhncp4jt1\/2025\/11\/talking-bot-125x125.png","caption":"Telinha"},"sameAs":["https:\/\/portaltela.pt\/"],"url":"https:\/\/portaltela.pt\/por\/367410592786\/"}]}},"_links":{"self":[{"href":"https:\/\/portaltela.pt\/api\/wp\/v2\/posts\/437563","targetHints":{"allow":["GET"]}}],"collection":[{"href":"https:\/\/portaltela.pt\/api\/wp\/v2\/posts"}],"about":[{"href":"https:\/\/portaltela.pt\/api\/wp\/v2\/types\/post"}],"author":[{"embeddable":true,"href":"https:\/\/portaltela.pt\/api\/wp\/v2\/users\/2"}],"replies":[{"embeddable":true,"href":"https:\/\/portaltela.pt\/api\/wp\/v2\/comments?post=437563"}],"version-history":[{"count":0,"href":"https:\/\/portaltela.pt\/api\/wp\/v2\/posts\/437563\/revisions"}],"wp:featuredmedia":[{"embeddable":true,"href":"https:\/\/portaltela.pt\/api\/wp\/v2\/media\/437567"}],"wp:attachment":[{"href":"https:\/\/portaltela.pt\/api\/wp\/v2\/media?parent=437563"}],"wp:term":[{"taxonomy":"category","embeddable":true,"href":"https:\/\/portaltela.pt\/api\/wp\/v2\/categories?post=437563"},{"taxonomy":"post_tag","embeddable":true,"href":"https:\/\/portaltela.pt\/api\/wp\/v2\/tags?post=437563"}],"curies":[{"name":"wp","href":"https:\/\/api.w.org\/{rel}","templated":true}]}}