{"id":437536,"date":"2026-04-09T04:47:12","date_gmt":"2026-04-09T07:47:12","guid":{"rendered":"https:\/\/portaltela.pt\/noticias\/2026\/04\/09\/marco-quente-e-seco-no-continente-aponta-ipma\/"},"modified":"2026-04-09T04:47:12","modified_gmt":"2026-04-09T07:47:12","slug":"marco-quente-e-seco-no-continente-aponta-ipma","status":"publish","type":"post","link":"https:\/\/portaltela.pt\/tempo\/2026\/04\/09\/marco-quente-e-seco-no-continente-aponta-ipma\/","title":{"rendered":"Mar\u00e7o quente e seco no continente, aponta IPMA"},"content":{"rendered":"<p>O m\u00eas de Mar\u00e7o foi quente e seco no continente, segundo o boletim climatol\u00f3gico do IPMA. As temperaturas ficaram acima do normal e a precipita\u00e7\u00e3o atingiu apenas 54% do valor habitual, confirmando uma das secas mais fortes desde 2000.<\/p>\n<p>A temperatura m\u00e9dia do ar foi de 12,99\u00b0C, 0,62\u00b0C acima da m\u00e9dia de refer\u00eancia (1991-2020). Tamb\u00e9m se registaram valores acima do normal nas temperaturas m\u00e1xima e m\u00ednima, com in\u00edcio de uma onda de calor em parte do pa\u00eds.<\/p>\n<h3>Precipita\u00e7\u00e3o e impacto no solo<\/h3>\n<p>Mar\u00e7o apresentou apenas 42,1 mil\u00edmetros de chuva, o oitavo mar\u00e7o mais seco desde 2000. Regi\u00f5es como o Norte, interior Centro e Alto Alentejo registaram menos da metade do regime habitual para a \u00e9poca.<\/p>\n<h3>Perspectiva hidrol\u00f3gica<\/h3>\n<p>O IPMA aponta para uma redu\u00e7\u00e3o significativa da \u00e1gua no solo, embora o ano hidrol\u00f3gico permane\u00e7a acima da m\u00e9dia devido ao inverno chuvoso. O alerta refere-se \u00e0 dadiva de \u00e1gua dispon\u00edvel para uso p\u00fablico e agropecu\u00e1rio.<\/p>\n<h3>Situa\u00e7\u00e3o regional<\/h3>\n<p>Nos A\u00e7ores foi registado um m\u00eas frio e seco, enquanto na Madeira a temperatura m\u00e9dia ficou abaixo do normal, com precipita\u00e7\u00e3o acima da m\u00e9dia. O relat\u00f3rio tamb\u00e9m descreve uma zona de anomalias negativas da temperatura do ar sobre o Atl\u00e2ntico Nordeste.<\/p>\n<h3>Considera\u00e7\u00f5es finais do balan\u00e7o<\/h3>\n<p>O documento indica ainda que, no m\u00eas, persiste uma tend\u00eancia de temperaturas acima do normal na Europa Ocidental, com impactos potenciais na disponibilidade de recursos h\u00eddricos. As autoridades continuam a monitorizar a evolu\u00e7\u00e3o clim\u00e1tica.<\/p>\n","protected":false},"excerpt":{"rendered":"<ul>\n<li>O m\u00eas de mar\u00e7o foi quente e seco no continente, com temperatura m\u00e9dia do ar de 12,99 \u00b0C, 0,62 \u00b0C acima da normalidade, e precipita\u00e7\u00e3o de 42,1 mm, apenas 54% do valor normal.<\/li>\n<li>Foi o quinto mar\u00e7o mais quente desde 2000 para o continente, mantendo o ano hidrol\u00f3gico acima da m\u00e9dia, apesar do inverno ter sido muito chuvoso.<\/li>\n<li>A precipita\u00e7\u00e3o baixa levou a uma redu\u00e7\u00e3o significativa da \u00e1gua no solo, com in\u00edcio de uma onda de calor em parte do pa\u00eds no final do m\u00eas.<\/li>\n<li>Regionalmente, Norte, interior do Centro e Alto Alentejo tiveram menos de metade do normal de mar\u00e7o.<\/li>\n<li>A Madeira teve temperatura m\u00e9dia inferior ao normal com precipita\u00e7\u00e3o acima da m\u00e9dia; nos A\u00e7ores foi frio e seco, e houve uma regi\u00e3o de anomalias negativas de temperatura sobre o Atl\u00e2ntico Nordeste.<\/li>\n<\/ul>\n","protected":false},"author":2,"featured_media":437538,"comment_status":"closed","ping_status":"closed","sticky":false,"template":"","format":"standard","meta":{"footnotes":""},"categories":[7380,7365],"tags":[7767,822,1090,5224,3592,859],"class_list":["post-437536","post","type-post","status-publish","format-standard","has-post-thumbnail","hentry","category-clima","category-tempo","tag-_meio-ambiente","tag-acores","tag-agua","tag-clima","tag-desertificacao","tag-madeira"],"yoast_head":"<!-- This site is optimized with the Yoast SEO plugin v27.2 - https:\/\/yoast.com\/product\/yoast-seo-wordpress\/ -->\n<title>Mar\u00e7o quente e seco no continente, aponta IPMA - Portal Tela Portugal<\/title>\n<meta name=\"robots\" content=\"index, follow, max-snippet:-1, max-image-preview:large, max-video-preview:-1\" \/>\n<meta property=\"og:locale\" content=\"pt_PT\" \/>\n<meta property=\"og:type\" content=\"article\" \/>\n<meta property=\"og:title\" content=\"Mar\u00e7o quente e seco no continente, aponta IPMA - Portal Tela Portugal\" \/>\n<meta property=\"og:description\" content=\"O m\u00eas de mar\u00e7o foi quente e seco no continente, com temperatura m\u00e9dia do ar de 12,99 \u00b0C, 0,62 \u00b0C acima da normalidade, e precipita\u00e7\u00e3o de 42,1 mm, apenas 54% do valor normal. Foi o quinto mar\u00e7o mais quente desde 2000 para o continente, mantendo o ano hidrol\u00f3gico acima da m\u00e9dia, apesar do inverno ter sido muito chuvoso. A precipita\u00e7\u00e3o baixa levou a uma redu\u00e7\u00e3o significativa da \u00e1gua no solo, com in\u00edcio de uma onda de calor em parte do pa\u00eds no final do m\u00eas. Regionalmente, Norte, interior do Centro e Alto Alentejo tiveram menos de metade do normal de mar\u00e7o. A Madeira teve temperatura m\u00e9dia inferior ao normal com precipita\u00e7\u00e3o acima da m\u00e9dia; nos A\u00e7ores foi frio e seco, e houve uma regi\u00e3o de anomalias negativas de temperatura sobre o Atl\u00e2ntico Nordeste.\" \/>\n<meta property=\"og:url\" content=\"https:\/\/portaltela.pt\/noticias\/2026\/04\/09\/marco-quente-e-seco-no-continente-aponta-ipma\/\" \/>\n<meta property=\"og:site_name\" content=\"Portal Tela Portugal\" \/>\n<meta property=\"article:published_time\" content=\"2026-04-09T07:47:12+00:00\" \/>\n<meta name=\"author\" content=\"Telinha\" \/>\n<meta name=\"twitter:card\" content=\"summary_large_image\" \/>\n<meta name=\"twitter:label1\" content=\"Escrito por\" \/>\n\t<meta name=\"twitter:data1\" content=\"Telinha\" \/>\n\t<meta name=\"twitter:label2\" content=\"Tempo estimado de leitura\" \/>\n\t<meta name=\"twitter:data2\" content=\"1 minuto\" \/>\n<script type=\"application\/ld+json\" class=\"yoast-schema-graph\">{\"@context\":\"https:\/\/schema.org\",\"@graph\":[{\"@type\":\"Article\",\"@id\":\"https:\/\/portaltela.pt\/noticias\/2026\/04\/09\/marco-quente-e-seco-no-continente-aponta-ipma\/#article\",\"isPartOf\":{\"@id\":\"https:\/\/portaltela.pt\/noticias\/2026\/04\/09\/marco-quente-e-seco-no-continente-aponta-ipma\/\"},\"author\":{\"name\":\"Telinha\",\"@id\":\"https:\/\/portaltela.pt\/#\/schema\/person\/c4278d4a6028830caff9ee44b42d32ed\"},\"headline\":\"Mar\u00e7o quente e seco no continente, aponta IPMA\",\"datePublished\":\"2026-04-09T07:47:12+00:00\",\"mainEntityOfPage\":{\"@id\":\"https:\/\/portaltela.pt\/noticias\/2026\/04\/09\/marco-quente-e-seco-no-continente-aponta-ipma\/\"},\"wordCount\":279,\"image\":{\"@id\":\"https:\/\/portaltela.pt\/noticias\/2026\/04\/09\/marco-quente-e-seco-no-continente-aponta-ipma\/#primaryimage\"},\"thumbnailUrl\":\"https:\/\/portaltela.pt\/s.01k8rhncp4jt1\/2026\/04\/2080093.jpg\",\"keywords\":[\"_meio-ambiente\",\"A\u00e7ores\",\"\u00e1gua\",\"clima\",\"desertifica\u00e7\u00e3o\",\"Madeira\"],\"articleSection\":[\"Clima\",\"Tempo\"],\"inLanguage\":\"pt-PT\"},{\"@type\":\"WebPage\",\"@id\":\"https:\/\/portaltela.pt\/noticias\/2026\/04\/09\/marco-quente-e-seco-no-continente-aponta-ipma\/\",\"url\":\"https:\/\/portaltela.pt\/noticias\/2026\/04\/09\/marco-quente-e-seco-no-continente-aponta-ipma\/\",\"name\":\"Mar\u00e7o quente e seco no continente, aponta IPMA - Portal Tela Portugal\",\"isPartOf\":{\"@id\":\"https:\/\/portaltela.pt\/#website\"},\"primaryImageOfPage\":{\"@id\":\"https:\/\/portaltela.pt\/noticias\/2026\/04\/09\/marco-quente-e-seco-no-continente-aponta-ipma\/#primaryimage\"},\"image\":{\"@id\":\"https:\/\/portaltela.pt\/noticias\/2026\/04\/09\/marco-quente-e-seco-no-continente-aponta-ipma\/#primaryimage\"},\"thumbnailUrl\":\"https:\/\/portaltela.pt\/s.01k8rhncp4jt1\/2026\/04\/2080093.jpg\",\"datePublished\":\"2026-04-09T07:47:12+00:00\",\"author\":{\"@id\":\"https:\/\/portaltela.pt\/#\/schema\/person\/c4278d4a6028830caff9ee44b42d32ed\"},\"breadcrumb\":{\"@id\":\"https:\/\/portaltela.pt\/noticias\/2026\/04\/09\/marco-quente-e-seco-no-continente-aponta-ipma\/#breadcrumb\"},\"inLanguage\":\"pt-PT\",\"potentialAction\":[{\"@type\":\"ReadAction\",\"target\":[\"https:\/\/portaltela.pt\/noticias\/2026\/04\/09\/marco-quente-e-seco-no-continente-aponta-ipma\/\"]}]},{\"@type\":\"ImageObject\",\"inLanguage\":\"pt-PT\",\"@id\":\"https:\/\/portaltela.pt\/noticias\/2026\/04\/09\/marco-quente-e-seco-no-continente-aponta-ipma\/#primaryimage\",\"url\":\"https:\/\/portaltela.pt\/s.01k8rhncp4jt1\/2026\/04\/2080093.jpg\",\"contentUrl\":\"https:\/\/portaltela.pt\/s.01k8rhncp4jt1\/2026\/04\/2080093.jpg\",\"width\":796,\"height\":448,\"caption\":\"No Pinhal de Leiria, a passagem da depress\u00e3o Kristin derrubou milhares de pinheiros e outras esp\u00e9cies\"},{\"@type\":\"BreadcrumbList\",\"@id\":\"https:\/\/portaltela.pt\/noticias\/2026\/04\/09\/marco-quente-e-seco-no-continente-aponta-ipma\/#breadcrumb\",\"itemListElement\":[{\"@type\":\"ListItem\",\"position\":1,\"name\":\"In\u00edcio\",\"item\":\"https:\/\/portaltela.pt\/\"},{\"@type\":\"ListItem\",\"position\":2,\"name\":\"Mar\u00e7o quente e seco no continente, aponta IPMA\"}]},{\"@type\":\"WebSite\",\"@id\":\"https:\/\/portaltela.pt\/#website\",\"url\":\"https:\/\/portaltela.pt\/\",\"name\":\"Portal Tela Portugal\",\"description\":\"\",\"potentialAction\":[{\"@type\":\"SearchAction\",\"target\":{\"@type\":\"EntryPoint\",\"urlTemplate\":\"https:\/\/portaltela.pt\/?s={search_term_string}\"},\"query-input\":{\"@type\":\"PropertyValueSpecification\",\"valueRequired\":true,\"valueName\":\"search_term_string\"}}],\"inLanguage\":\"pt-PT\"},{\"@type\":\"Person\",\"@id\":\"https:\/\/portaltela.pt\/#\/schema\/person\/c4278d4a6028830caff9ee44b42d32ed\",\"name\":\"Telinha\",\"image\":{\"@type\":\"ImageObject\",\"inLanguage\":\"pt-PT\",\"@id\":\"https:\/\/portaltela.pt\/s.01k8rhncp4jt1\/2025\/11\/talking-bot-125x125.png\",\"url\":\"https:\/\/portaltela.pt\/s.01k8rhncp4jt1\/2025\/11\/talking-bot-125x125.png\",\"contentUrl\":\"https:\/\/portaltela.pt\/s.01k8rhncp4jt1\/2025\/11\/talking-bot-125x125.png\",\"caption\":\"Telinha\"},\"sameAs\":[\"https:\/\/portaltela.pt\/\"],\"url\":\"https:\/\/portaltela.pt\/por\/367410592786\/\"}]}<\/script>\n<!-- \/ Yoast SEO plugin. -->","yoast_head_json":{"title":"Mar\u00e7o quente e seco no continente, aponta IPMA - Portal Tela Portugal","robots":{"index":"index","follow":"follow","max-snippet":"max-snippet:-1","max-image-preview":"max-image-preview:large","max-video-preview":"max-video-preview:-1"},"og_locale":"pt_PT","og_type":"article","og_title":"Mar\u00e7o quente e seco no continente, aponta IPMA - Portal Tela Portugal","og_description":"O m\u00eas de mar\u00e7o foi quente e seco no continente, com temperatura m\u00e9dia do ar de 12,99 \u00b0C, 0,62 \u00b0C acima da normalidade, e precipita\u00e7\u00e3o de 42,1 mm, apenas 54% do valor normal. Foi o quinto mar\u00e7o mais quente desde 2000 para o continente, mantendo o ano hidrol\u00f3gico acima da m\u00e9dia, apesar do inverno ter sido muito chuvoso. A precipita\u00e7\u00e3o baixa levou a uma redu\u00e7\u00e3o significativa da \u00e1gua no solo, com in\u00edcio de uma onda de calor em parte do pa\u00eds no final do m\u00eas. Regionalmente, Norte, interior do Centro e Alto Alentejo tiveram menos de metade do normal de mar\u00e7o. A Madeira teve temperatura m\u00e9dia inferior ao normal com precipita\u00e7\u00e3o acima da m\u00e9dia; nos A\u00e7ores foi frio e seco, e houve uma regi\u00e3o de anomalias negativas de temperatura sobre o Atl\u00e2ntico Nordeste.","og_url":"https:\/\/portaltela.pt\/noticias\/2026\/04\/09\/marco-quente-e-seco-no-continente-aponta-ipma\/","og_site_name":"Portal Tela Portugal","article_published_time":"2026-04-09T07:47:12+00:00","author":"Telinha","twitter_card":"summary_large_image","twitter_misc":{"Escrito por":"Telinha","Tempo estimado de leitura":"1 minuto"},"schema":{"@context":"https:\/\/schema.org","@graph":[{"@type":"Article","@id":"https:\/\/portaltela.pt\/noticias\/2026\/04\/09\/marco-quente-e-seco-no-continente-aponta-ipma\/#article","isPartOf":{"@id":"https:\/\/portaltela.pt\/noticias\/2026\/04\/09\/marco-quente-e-seco-no-continente-aponta-ipma\/"},"author":{"name":"Telinha","@id":"https:\/\/portaltela.pt\/#\/schema\/person\/c4278d4a6028830caff9ee44b42d32ed"},"headline":"Mar\u00e7o quente e seco no continente, aponta IPMA","datePublished":"2026-04-09T07:47:12+00:00","mainEntityOfPage":{"@id":"https:\/\/portaltela.pt\/noticias\/2026\/04\/09\/marco-quente-e-seco-no-continente-aponta-ipma\/"},"wordCount":279,"image":{"@id":"https:\/\/portaltela.pt\/noticias\/2026\/04\/09\/marco-quente-e-seco-no-continente-aponta-ipma\/#primaryimage"},"thumbnailUrl":"https:\/\/portaltela.pt\/s.01k8rhncp4jt1\/2026\/04\/2080093.jpg","keywords":["_meio-ambiente","A\u00e7ores","\u00e1gua","clima","desertifica\u00e7\u00e3o","Madeira"],"articleSection":["Clima","Tempo"],"inLanguage":"pt-PT"},{"@type":"WebPage","@id":"https:\/\/portaltela.pt\/noticias\/2026\/04\/09\/marco-quente-e-seco-no-continente-aponta-ipma\/","url":"https:\/\/portaltela.pt\/noticias\/2026\/04\/09\/marco-quente-e-seco-no-continente-aponta-ipma\/","name":"Mar\u00e7o quente e seco no continente, aponta IPMA - Portal Tela Portugal","isPartOf":{"@id":"https:\/\/portaltela.pt\/#website"},"primaryImageOfPage":{"@id":"https:\/\/portaltela.pt\/noticias\/2026\/04\/09\/marco-quente-e-seco-no-continente-aponta-ipma\/#primaryimage"},"image":{"@id":"https:\/\/portaltela.pt\/noticias\/2026\/04\/09\/marco-quente-e-seco-no-continente-aponta-ipma\/#primaryimage"},"thumbnailUrl":"https:\/\/portaltela.pt\/s.01k8rhncp4jt1\/2026\/04\/2080093.jpg","datePublished":"2026-04-09T07:47:12+00:00","author":{"@id":"https:\/\/portaltela.pt\/#\/schema\/person\/c4278d4a6028830caff9ee44b42d32ed"},"breadcrumb":{"@id":"https:\/\/portaltela.pt\/noticias\/2026\/04\/09\/marco-quente-e-seco-no-continente-aponta-ipma\/#breadcrumb"},"inLanguage":"pt-PT","potentialAction":[{"@type":"ReadAction","target":["https:\/\/portaltela.pt\/noticias\/2026\/04\/09\/marco-quente-e-seco-no-continente-aponta-ipma\/"]}]},{"@type":"ImageObject","inLanguage":"pt-PT","@id":"https:\/\/portaltela.pt\/noticias\/2026\/04\/09\/marco-quente-e-seco-no-continente-aponta-ipma\/#primaryimage","url":"https:\/\/portaltela.pt\/s.01k8rhncp4jt1\/2026\/04\/2080093.jpg","contentUrl":"https:\/\/portaltela.pt\/s.01k8rhncp4jt1\/2026\/04\/2080093.jpg","width":796,"height":448,"caption":"No Pinhal de Leiria, a passagem da depress\u00e3o Kristin derrubou milhares de pinheiros e outras esp\u00e9cies"},{"@type":"BreadcrumbList","@id":"https:\/\/portaltela.pt\/noticias\/2026\/04\/09\/marco-quente-e-seco-no-continente-aponta-ipma\/#breadcrumb","itemListElement":[{"@type":"ListItem","position":1,"name":"In\u00edcio","item":"https:\/\/portaltela.pt\/"},{"@type":"ListItem","position":2,"name":"Mar\u00e7o quente e seco no continente, aponta IPMA"}]},{"@type":"WebSite","@id":"https:\/\/portaltela.pt\/#website","url":"https:\/\/portaltela.pt\/","name":"Portal Tela Portugal","description":"","potentialAction":[{"@type":"SearchAction","target":{"@type":"EntryPoint","urlTemplate":"https:\/\/portaltela.pt\/?s={search_term_string}"},"query-input":{"@type":"PropertyValueSpecification","valueRequired":true,"valueName":"search_term_string"}}],"inLanguage":"pt-PT"},{"@type":"Person","@id":"https:\/\/portaltela.pt\/#\/schema\/person\/c4278d4a6028830caff9ee44b42d32ed","name":"Telinha","image":{"@type":"ImageObject","inLanguage":"pt-PT","@id":"https:\/\/portaltela.pt\/s.01k8rhncp4jt1\/2025\/11\/talking-bot-125x125.png","url":"https:\/\/portaltela.pt\/s.01k8rhncp4jt1\/2025\/11\/talking-bot-125x125.png","contentUrl":"https:\/\/portaltela.pt\/s.01k8rhncp4jt1\/2025\/11\/talking-bot-125x125.png","caption":"Telinha"},"sameAs":["https:\/\/portaltela.pt\/"],"url":"https:\/\/portaltela.pt\/por\/367410592786\/"}]}},"_links":{"self":[{"href":"https:\/\/portaltela.pt\/api\/wp\/v2\/posts\/437536","targetHints":{"allow":["GET"]}}],"collection":[{"href":"https:\/\/portaltela.pt\/api\/wp\/v2\/posts"}],"about":[{"href":"https:\/\/portaltela.pt\/api\/wp\/v2\/types\/post"}],"author":[{"embeddable":true,"href":"https:\/\/portaltela.pt\/api\/wp\/v2\/users\/2"}],"replies":[{"embeddable":true,"href":"https:\/\/portaltela.pt\/api\/wp\/v2\/comments?post=437536"}],"version-history":[{"count":0,"href":"https:\/\/portaltela.pt\/api\/wp\/v2\/posts\/437536\/revisions"}],"wp:featuredmedia":[{"embeddable":true,"href":"https:\/\/portaltela.pt\/api\/wp\/v2\/media\/437538"}],"wp:attachment":[{"href":"https:\/\/portaltela.pt\/api\/wp\/v2\/media?parent=437536"}],"wp:term":[{"taxonomy":"category","embeddable":true,"href":"https:\/\/portaltela.pt\/api\/wp\/v2\/categories?post=437536"},{"taxonomy":"post_tag","embeddable":true,"href":"https:\/\/portaltela.pt\/api\/wp\/v2\/tags?post=437536"}],"curies":[{"name":"wp","href":"https:\/\/api.w.org\/{rel}","templated":true}]}}