{"id":437530,"date":"2026-04-09T04:47:05","date_gmt":"2026-04-09T07:47:05","guid":{"rendered":"https:\/\/portaltela.pt\/noticias\/2026\/04\/09\/incendio-atinge-e-destroi-parte-da-cobertura-do-velodromo-do-parque-olimpico-do-rio-2\/"},"modified":"2026-04-09T04:47:05","modified_gmt":"2026-04-09T07:47:05","slug":"incendio-atinge-e-destroi-parte-da-cobertura-do-velodromo-do-parque-olimpico-do-rio-2","status":"publish","type":"post","link":"https:\/\/portaltela.pt\/noticias\/2026\/04\/09\/incendio-atinge-e-destroi-parte-da-cobertura-do-velodromo-do-parque-olimpico-do-rio-2\/","title":{"rendered":"Inc\u00eandio atinge e destr\u00f3i parte da cobertura do vel\u00f3dromo do Parque Ol\u00edmpico do Rio"},"content":{"rendered":"<p>Um inc\u00eandio deflagrou nesta quarta-feira no vel\u00f3dromo do Parque Ol\u00edmpico do Rio de Janeiro, destruindo parte da cobertura do edif\u00edcio. O incidente ocorreu no parque localizado na cidade do Rio de Janeiro.<\/p>\n<p>Segundo as autoridades, o interior do vel\u00f3dromo, incluindo o Museu Ol\u00edmpico, n\u00e3o sofreu danos. N\u00e3o h\u00e1 registo de feridos at\u00e9 ao momento.<\/p>\n<p>Os bombeiros atenderam \u00e0 ocorr\u00eancia e trabalham para debelar as chamas e assegurar o local. As causas ainda est\u00e3o a ser averiguadas pelas autoridades competentes. Mant\u00eam-se informa\u00e7\u00f5es oficiais em atualiza\u00e7\u00e3o.<\/p>\n","protected":false},"excerpt":{"rendered":"<ul>\n<li>Um inc\u00eandio deflagrou no vel\u00f3dromo do Parque Ol\u00edmpico do Rio de Janeiro, na quarta-feira.<\/li>\n<li>O fogo destruiu parte da cobertura do vel\u00f3dromo.<\/li>\n<li>O interior do edif\u00edcio, incluindo o Museu Ol\u00edmpico, n\u00e3o sofreu danos.<\/li>\n<li>N\u00e3o h\u00e1 men\u00e7\u00e3o de feridos nas informa\u00e7\u00f5es dispon\u00edveis.<\/li>\n<\/ul>\n","protected":false},"author":2,"featured_media":437534,"comment_status":"closed","ping_status":"closed","sticky":false,"template":"","format":"standard","meta":{"footnotes":""},"categories":[6849,1],"tags":[7767,971,152,1438,2617],"class_list":["post-437530","post","type-post","status-publish","format-standard","has-post-thumbnail","hentry","category-acidentes","category-noticias","tag-_meio-ambiente","tag-bombeiros","tag-desporto","tag-incendio","tag-incendios"],"yoast_head":"<!-- This site is optimized with the Yoast SEO plugin v27.2 - https:\/\/yoast.com\/product\/yoast-seo-wordpress\/ -->\n<title>Inc\u00eandio atinge e destr\u00f3i parte da cobertura do vel\u00f3dromo do Parque Ol\u00edmpico do Rio - Portal Tela Portugal<\/title>\n<meta name=\"robots\" content=\"index, follow, max-snippet:-1, max-image-preview:large, max-video-preview:-1\" \/>\n<meta property=\"og:locale\" content=\"pt_PT\" \/>\n<meta property=\"og:type\" content=\"article\" \/>\n<meta property=\"og:title\" content=\"Inc\u00eandio atinge e destr\u00f3i parte da cobertura do vel\u00f3dromo do Parque Ol\u00edmpico do Rio - Portal Tela Portugal\" \/>\n<meta property=\"og:description\" content=\"Um inc\u00eandio deflagrou no vel\u00f3dromo do Parque Ol\u00edmpico do Rio de Janeiro, na quarta-feira. O fogo destruiu parte da cobertura do vel\u00f3dromo. O interior do edif\u00edcio, incluindo o Museu Ol\u00edmpico, n\u00e3o sofreu danos. N\u00e3o h\u00e1 men\u00e7\u00e3o de feridos nas informa\u00e7\u00f5es dispon\u00edveis.\" \/>\n<meta property=\"og:url\" content=\"https:\/\/portaltela.pt\/noticias\/2026\/04\/09\/incendio-atinge-e-destroi-parte-da-cobertura-do-velodromo-do-parque-olimpico-do-rio-2\/\" \/>\n<meta property=\"og:site_name\" content=\"Portal Tela Portugal\" \/>\n<meta property=\"article:published_time\" content=\"2026-04-09T07:47:05+00:00\" \/>\n<meta name=\"author\" content=\"Telinha\" \/>\n<meta name=\"twitter:card\" content=\"summary_large_image\" \/>\n<meta name=\"twitter:label1\" content=\"Escrito por\" \/>\n\t<meta name=\"twitter:data1\" content=\"Telinha\" \/>\n<script type=\"application\/ld+json\" class=\"yoast-schema-graph\">{\"@context\":\"https:\/\/schema.org\",\"@graph\":[{\"@type\":\"Article\",\"@id\":\"https:\/\/portaltela.pt\/noticias\/2026\/04\/09\/incendio-atinge-e-destroi-parte-da-cobertura-do-velodromo-do-parque-olimpico-do-rio-2\/#article\",\"isPartOf\":{\"@id\":\"https:\/\/portaltela.pt\/noticias\/2026\/04\/09\/incendio-atinge-e-destroi-parte-da-cobertura-do-velodromo-do-parque-olimpico-do-rio-2\/\"},\"author\":{\"name\":\"Telinha\",\"@id\":\"https:\/\/portaltela.pt\/#\/schema\/person\/c4278d4a6028830caff9ee44b42d32ed\"},\"headline\":\"Inc\u00eandio atinge e destr\u00f3i parte da cobertura do vel\u00f3dromo do Parque Ol\u00edmpico do Rio\",\"datePublished\":\"2026-04-09T07:47:05+00:00\",\"mainEntityOfPage\":{\"@id\":\"https:\/\/portaltela.pt\/noticias\/2026\/04\/09\/incendio-atinge-e-destroi-parte-da-cobertura-do-velodromo-do-parque-olimpico-do-rio-2\/\"},\"wordCount\":114,\"image\":{\"@id\":\"https:\/\/portaltela.pt\/noticias\/2026\/04\/09\/incendio-atinge-e-destroi-parte-da-cobertura-do-velodromo-do-parque-olimpico-do-rio-2\/#primaryimage\"},\"thumbnailUrl\":\"https:\/\/portaltela.pt\/s.01k8rhncp4jt1\/2026\/04\/img_293x165uu2026-04-09-08-40-59-2431934.jpg\",\"keywords\":[\"_meio-ambiente\",\"bombeiros\",\"desporto\",\"inc\u00eandio\",\"inc\u00eandios\"],\"articleSection\":[\"Acidentes\",\"Not\u00edcias\"],\"inLanguage\":\"pt-PT\"},{\"@type\":\"WebPage\",\"@id\":\"https:\/\/portaltela.pt\/noticias\/2026\/04\/09\/incendio-atinge-e-destroi-parte-da-cobertura-do-velodromo-do-parque-olimpico-do-rio-2\/\",\"url\":\"https:\/\/portaltela.pt\/noticias\/2026\/04\/09\/incendio-atinge-e-destroi-parte-da-cobertura-do-velodromo-do-parque-olimpico-do-rio-2\/\",\"name\":\"Inc\u00eandio atinge e destr\u00f3i parte da cobertura do vel\u00f3dromo do Parque Ol\u00edmpico do Rio - Portal Tela Portugal\",\"isPartOf\":{\"@id\":\"https:\/\/portaltela.pt\/#website\"},\"primaryImageOfPage\":{\"@id\":\"https:\/\/portaltela.pt\/noticias\/2026\/04\/09\/incendio-atinge-e-destroi-parte-da-cobertura-do-velodromo-do-parque-olimpico-do-rio-2\/#primaryimage\"},\"image\":{\"@id\":\"https:\/\/portaltela.pt\/noticias\/2026\/04\/09\/incendio-atinge-e-destroi-parte-da-cobertura-do-velodromo-do-parque-olimpico-do-rio-2\/#primaryimage\"},\"thumbnailUrl\":\"https:\/\/portaltela.pt\/s.01k8rhncp4jt1\/2026\/04\/img_293x165uu2026-04-09-08-40-59-2431934.jpg\",\"datePublished\":\"2026-04-09T07:47:05+00:00\",\"author\":{\"@id\":\"https:\/\/portaltela.pt\/#\/schema\/person\/c4278d4a6028830caff9ee44b42d32ed\"},\"breadcrumb\":{\"@id\":\"https:\/\/portaltela.pt\/noticias\/2026\/04\/09\/incendio-atinge-e-destroi-parte-da-cobertura-do-velodromo-do-parque-olimpico-do-rio-2\/#breadcrumb\"},\"inLanguage\":\"pt-PT\",\"potentialAction\":[{\"@type\":\"ReadAction\",\"target\":[\"https:\/\/portaltela.pt\/noticias\/2026\/04\/09\/incendio-atinge-e-destroi-parte-da-cobertura-do-velodromo-do-parque-olimpico-do-rio-2\/\"]}]},{\"@type\":\"ImageObject\",\"inLanguage\":\"pt-PT\",\"@id\":\"https:\/\/portaltela.pt\/noticias\/2026\/04\/09\/incendio-atinge-e-destroi-parte-da-cobertura-do-velodromo-do-parque-olimpico-do-rio-2\/#primaryimage\",\"url\":\"https:\/\/portaltela.pt\/s.01k8rhncp4jt1\/2026\/04\/img_293x165uu2026-04-09-08-40-59-2431934.jpg\",\"contentUrl\":\"https:\/\/portaltela.pt\/s.01k8rhncp4jt1\/2026\/04\/img_293x165uu2026-04-09-08-40-59-2431934.jpg\",\"width\":796,\"height\":448,\"caption\":\"Inc\u00eandio destr\u00f3i parte da cobertura do vel\u00f3dromo do Parque Ol\u00edmpico do Rio de Janeiro\"},{\"@type\":\"BreadcrumbList\",\"@id\":\"https:\/\/portaltela.pt\/noticias\/2026\/04\/09\/incendio-atinge-e-destroi-parte-da-cobertura-do-velodromo-do-parque-olimpico-do-rio-2\/#breadcrumb\",\"itemListElement\":[{\"@type\":\"ListItem\",\"position\":1,\"name\":\"In\u00edcio\",\"item\":\"https:\/\/portaltela.pt\/\"},{\"@type\":\"ListItem\",\"position\":2,\"name\":\"Inc\u00eandio atinge e destr\u00f3i parte da cobertura do vel\u00f3dromo do Parque Ol\u00edmpico do Rio\"}]},{\"@type\":\"WebSite\",\"@id\":\"https:\/\/portaltela.pt\/#website\",\"url\":\"https:\/\/portaltela.pt\/\",\"name\":\"Portal Tela Portugal\",\"description\":\"\",\"potentialAction\":[{\"@type\":\"SearchAction\",\"target\":{\"@type\":\"EntryPoint\",\"urlTemplate\":\"https:\/\/portaltela.pt\/?s={search_term_string}\"},\"query-input\":{\"@type\":\"PropertyValueSpecification\",\"valueRequired\":true,\"valueName\":\"search_term_string\"}}],\"inLanguage\":\"pt-PT\"},{\"@type\":\"Person\",\"@id\":\"https:\/\/portaltela.pt\/#\/schema\/person\/c4278d4a6028830caff9ee44b42d32ed\",\"name\":\"Telinha\",\"image\":{\"@type\":\"ImageObject\",\"inLanguage\":\"pt-PT\",\"@id\":\"https:\/\/portaltela.pt\/s.01k8rhncp4jt1\/2025\/11\/talking-bot-125x125.png\",\"url\":\"https:\/\/portaltela.pt\/s.01k8rhncp4jt1\/2025\/11\/talking-bot-125x125.png\",\"contentUrl\":\"https:\/\/portaltela.pt\/s.01k8rhncp4jt1\/2025\/11\/talking-bot-125x125.png\",\"caption\":\"Telinha\"},\"sameAs\":[\"https:\/\/portaltela.pt\/\"],\"url\":\"https:\/\/portaltela.pt\/por\/367410592786\/\"}]}<\/script>\n<!-- \/ Yoast SEO plugin. -->","yoast_head_json":{"title":"Inc\u00eandio atinge e destr\u00f3i parte da cobertura do vel\u00f3dromo do Parque Ol\u00edmpico do Rio - Portal Tela Portugal","robots":{"index":"index","follow":"follow","max-snippet":"max-snippet:-1","max-image-preview":"max-image-preview:large","max-video-preview":"max-video-preview:-1"},"og_locale":"pt_PT","og_type":"article","og_title":"Inc\u00eandio atinge e destr\u00f3i parte da cobertura do vel\u00f3dromo do Parque Ol\u00edmpico do Rio - Portal Tela Portugal","og_description":"Um inc\u00eandio deflagrou no vel\u00f3dromo do Parque Ol\u00edmpico do Rio de Janeiro, na quarta-feira. O fogo destruiu parte da cobertura do vel\u00f3dromo. O interior do edif\u00edcio, incluindo o Museu Ol\u00edmpico, n\u00e3o sofreu danos. N\u00e3o h\u00e1 men\u00e7\u00e3o de feridos nas informa\u00e7\u00f5es dispon\u00edveis.","og_url":"https:\/\/portaltela.pt\/noticias\/2026\/04\/09\/incendio-atinge-e-destroi-parte-da-cobertura-do-velodromo-do-parque-olimpico-do-rio-2\/","og_site_name":"Portal Tela Portugal","article_published_time":"2026-04-09T07:47:05+00:00","author":"Telinha","twitter_card":"summary_large_image","twitter_misc":{"Escrito por":"Telinha"},"schema":{"@context":"https:\/\/schema.org","@graph":[{"@type":"Article","@id":"https:\/\/portaltela.pt\/noticias\/2026\/04\/09\/incendio-atinge-e-destroi-parte-da-cobertura-do-velodromo-do-parque-olimpico-do-rio-2\/#article","isPartOf":{"@id":"https:\/\/portaltela.pt\/noticias\/2026\/04\/09\/incendio-atinge-e-destroi-parte-da-cobertura-do-velodromo-do-parque-olimpico-do-rio-2\/"},"author":{"name":"Telinha","@id":"https:\/\/portaltela.pt\/#\/schema\/person\/c4278d4a6028830caff9ee44b42d32ed"},"headline":"Inc\u00eandio atinge e destr\u00f3i parte da cobertura do vel\u00f3dromo do Parque Ol\u00edmpico do Rio","datePublished":"2026-04-09T07:47:05+00:00","mainEntityOfPage":{"@id":"https:\/\/portaltela.pt\/noticias\/2026\/04\/09\/incendio-atinge-e-destroi-parte-da-cobertura-do-velodromo-do-parque-olimpico-do-rio-2\/"},"wordCount":114,"image":{"@id":"https:\/\/portaltela.pt\/noticias\/2026\/04\/09\/incendio-atinge-e-destroi-parte-da-cobertura-do-velodromo-do-parque-olimpico-do-rio-2\/#primaryimage"},"thumbnailUrl":"https:\/\/portaltela.pt\/s.01k8rhncp4jt1\/2026\/04\/img_293x165uu2026-04-09-08-40-59-2431934.jpg","keywords":["_meio-ambiente","bombeiros","desporto","inc\u00eandio","inc\u00eandios"],"articleSection":["Acidentes","Not\u00edcias"],"inLanguage":"pt-PT"},{"@type":"WebPage","@id":"https:\/\/portaltela.pt\/noticias\/2026\/04\/09\/incendio-atinge-e-destroi-parte-da-cobertura-do-velodromo-do-parque-olimpico-do-rio-2\/","url":"https:\/\/portaltela.pt\/noticias\/2026\/04\/09\/incendio-atinge-e-destroi-parte-da-cobertura-do-velodromo-do-parque-olimpico-do-rio-2\/","name":"Inc\u00eandio atinge e destr\u00f3i parte da cobertura do vel\u00f3dromo do Parque Ol\u00edmpico do Rio - Portal Tela Portugal","isPartOf":{"@id":"https:\/\/portaltela.pt\/#website"},"primaryImageOfPage":{"@id":"https:\/\/portaltela.pt\/noticias\/2026\/04\/09\/incendio-atinge-e-destroi-parte-da-cobertura-do-velodromo-do-parque-olimpico-do-rio-2\/#primaryimage"},"image":{"@id":"https:\/\/portaltela.pt\/noticias\/2026\/04\/09\/incendio-atinge-e-destroi-parte-da-cobertura-do-velodromo-do-parque-olimpico-do-rio-2\/#primaryimage"},"thumbnailUrl":"https:\/\/portaltela.pt\/s.01k8rhncp4jt1\/2026\/04\/img_293x165uu2026-04-09-08-40-59-2431934.jpg","datePublished":"2026-04-09T07:47:05+00:00","author":{"@id":"https:\/\/portaltela.pt\/#\/schema\/person\/c4278d4a6028830caff9ee44b42d32ed"},"breadcrumb":{"@id":"https:\/\/portaltela.pt\/noticias\/2026\/04\/09\/incendio-atinge-e-destroi-parte-da-cobertura-do-velodromo-do-parque-olimpico-do-rio-2\/#breadcrumb"},"inLanguage":"pt-PT","potentialAction":[{"@type":"ReadAction","target":["https:\/\/portaltela.pt\/noticias\/2026\/04\/09\/incendio-atinge-e-destroi-parte-da-cobertura-do-velodromo-do-parque-olimpico-do-rio-2\/"]}]},{"@type":"ImageObject","inLanguage":"pt-PT","@id":"https:\/\/portaltela.pt\/noticias\/2026\/04\/09\/incendio-atinge-e-destroi-parte-da-cobertura-do-velodromo-do-parque-olimpico-do-rio-2\/#primaryimage","url":"https:\/\/portaltela.pt\/s.01k8rhncp4jt1\/2026\/04\/img_293x165uu2026-04-09-08-40-59-2431934.jpg","contentUrl":"https:\/\/portaltela.pt\/s.01k8rhncp4jt1\/2026\/04\/img_293x165uu2026-04-09-08-40-59-2431934.jpg","width":796,"height":448,"caption":"Inc\u00eandio destr\u00f3i parte da cobertura do vel\u00f3dromo do Parque Ol\u00edmpico do Rio de Janeiro"},{"@type":"BreadcrumbList","@id":"https:\/\/portaltela.pt\/noticias\/2026\/04\/09\/incendio-atinge-e-destroi-parte-da-cobertura-do-velodromo-do-parque-olimpico-do-rio-2\/#breadcrumb","itemListElement":[{"@type":"ListItem","position":1,"name":"In\u00edcio","item":"https:\/\/portaltela.pt\/"},{"@type":"ListItem","position":2,"name":"Inc\u00eandio atinge e destr\u00f3i parte da cobertura do vel\u00f3dromo do Parque Ol\u00edmpico do Rio"}]},{"@type":"WebSite","@id":"https:\/\/portaltela.pt\/#website","url":"https:\/\/portaltela.pt\/","name":"Portal Tela Portugal","description":"","potentialAction":[{"@type":"SearchAction","target":{"@type":"EntryPoint","urlTemplate":"https:\/\/portaltela.pt\/?s={search_term_string}"},"query-input":{"@type":"PropertyValueSpecification","valueRequired":true,"valueName":"search_term_string"}}],"inLanguage":"pt-PT"},{"@type":"Person","@id":"https:\/\/portaltela.pt\/#\/schema\/person\/c4278d4a6028830caff9ee44b42d32ed","name":"Telinha","image":{"@type":"ImageObject","inLanguage":"pt-PT","@id":"https:\/\/portaltela.pt\/s.01k8rhncp4jt1\/2025\/11\/talking-bot-125x125.png","url":"https:\/\/portaltela.pt\/s.01k8rhncp4jt1\/2025\/11\/talking-bot-125x125.png","contentUrl":"https:\/\/portaltela.pt\/s.01k8rhncp4jt1\/2025\/11\/talking-bot-125x125.png","caption":"Telinha"},"sameAs":["https:\/\/portaltela.pt\/"],"url":"https:\/\/portaltela.pt\/por\/367410592786\/"}]}},"_links":{"self":[{"href":"https:\/\/portaltela.pt\/api\/wp\/v2\/posts\/437530","targetHints":{"allow":["GET"]}}],"collection":[{"href":"https:\/\/portaltela.pt\/api\/wp\/v2\/posts"}],"about":[{"href":"https:\/\/portaltela.pt\/api\/wp\/v2\/types\/post"}],"author":[{"embeddable":true,"href":"https:\/\/portaltela.pt\/api\/wp\/v2\/users\/2"}],"replies":[{"embeddable":true,"href":"https:\/\/portaltela.pt\/api\/wp\/v2\/comments?post=437530"}],"version-history":[{"count":0,"href":"https:\/\/portaltela.pt\/api\/wp\/v2\/posts\/437530\/revisions"}],"wp:featuredmedia":[{"embeddable":true,"href":"https:\/\/portaltela.pt\/api\/wp\/v2\/media\/437534"}],"wp:attachment":[{"href":"https:\/\/portaltela.pt\/api\/wp\/v2\/media?parent=437530"}],"wp:term":[{"taxonomy":"category","embeddable":true,"href":"https:\/\/portaltela.pt\/api\/wp\/v2\/categories?post=437530"},{"taxonomy":"post_tag","embeddable":true,"href":"https:\/\/portaltela.pt\/api\/wp\/v2\/tags?post=437530"}],"curies":[{"name":"wp","href":"https:\/\/api.w.org\/{rel}","templated":true}]}}