{"id":437500,"date":"2026-04-09T04:02:38","date_gmt":"2026-04-09T07:02:38","guid":{"rendered":"https:\/\/portaltela.pt\/noticias\/2026\/04\/09\/calendario-completo-dos-jogos-sub-14-masculinos-de-basquetebol\/"},"modified":"2026-04-09T04:02:38","modified_gmt":"2026-04-09T07:02:38","slug":"calendario-completo-dos-jogos-sub-14-masculinos-de-basquetebol","status":"publish","type":"post","link":"https:\/\/portaltela.pt\/desporto\/futebol\/2026\/04\/09\/calendario-completo-dos-jogos-sub-14-masculinos-de-basquetebol\/","title":{"rendered":"Calend\u00e1rio completo dos jogos sub-14 masculinos de Basquetebol"},"content":{"rendered":"<p>Com o in\u00edcio da Festa do Basquetebol, j\u00e1 decorreram as atividades de rece\u00e7\u00e3o das 72 sele\u00e7\u00f5es distritais dos escal\u00f5es sub-14 e sub-16, masculino e feminino. Nesta 18.\u00aa edi\u00e7\u00e3o, o torneio realiza-se em Albufeira, no Algarve, com o foco nos sub-14 masculinos nesta fase inicial. O calend\u00e1rio completo foi definido para facilitar o acompanhamento dos jogos nos primeiros dias.<\/p>\n<p>A organiza\u00e7\u00e3o acompanha o desenrolar das partidas de forma r\u00edgida, com hor\u00e1rios distribu\u00eddos pelos pavil\u00f5es locais. O objetivo \u00e9 proporcionar competi\u00e7\u00e3o estruturada e equilibrada entre as equipas, num evento que re\u00fane clubes de v\u00e1rias regi\u00f5es do pa\u00eds.<\/p>\n<h3>9 de abril<\/h3>\n<p>#### Divis\u00e3o A<\/p>\n<p>12h00 &#8211; Lisboa-Set\u00fabal<\/p>\n<p>13h30 \u2013 Santar\u00e9m-Aveiro<\/p>\n<p>18h00 \u2013 Set\u00fabal-Santar\u00e9m<\/p>\n<p>19h30 \u2013 Aveiro-Lisboa<\/p>\n<p>#### Divis\u00e3o B<\/p>\n<p>09h00 \u2013 Braga-Porto<\/p>\n<p>10h30 \u2013 Madeira-Algarve<\/p>\n<p>15h00 \u2013 Porto-Madeira<\/p>\n<p>16h30 \u2013 Algarve-Braga<\/p>\n<p>Local: Pavilh\u00e3o Desportivo de Albufeira<\/p>\n<h3>Divis\u00e3o B<\/h3>\n<p>S\u00e9rie A<\/p>\n<p>12h00 \u2013 Guarda-A\u00e7ores<\/p>\n<p>13h30 \u2013 Castelo Branco-Coimbra<\/p>\n<p>18h00 \u2013 Viana do Castelo-Vila Real<\/p>\n<p>19h30 \u2013 Coimbra-Vila Real<\/p>\n<p>S\u00e9rie B<\/p>\n<p>09h00 \u2013 Alentejo-Bragan\u00e7a<\/p>\n<p>10h30 \u2013 Viana do Castelo-Leiria<\/p>\n<p>15h00 \u2013 Bragan\u00e7a-Viana do Castelo<\/p>\n<p>16h30 \u2013 Leiria-Viseu<\/p>\n<p>Local: Pavilh\u00e3o da Escola Secund\u00e1ria de Albufeira<\/p>\n<h3>10 de abril<\/h3>\n<p>#### Divis\u00e3o A<\/p>\n<p>S\u00e9rie A<\/p>\n<p>12h00 \u2013 Set\u00fabal-Aveiro<\/p>\n<p>13h00 \u2013 Lisboa-Santar\u00e9m<\/p>\n<p>S\u00e9rie B<\/p>\n<p>09h00 \u2013 Porto-Algarve<\/p>\n<p>10h30 \u2013 Braga-Madeira<\/p>\n<p>Local: Pavilh\u00e3o Desportivo de Albufeira<\/p>\n<p>#### Divis\u00e3o B<\/p>\n<p>S\u00e9rie A<\/p>\n<p>12h00 \u2013 Vila Real-A\u00e7ores<\/p>\n<p>13h30 \u2013 Castelo Branco-Guarda<\/p>\n<p>18h00 \u2013 A\u00e7ores-Coimbra<\/p>\n<p>19h30 \u2013 Guarda-Vila Real<\/p>\n<p>S\u00e9rie B<\/p>\n<p>09h00 \u2013 Viseu-Bragan\u00e7a<\/p>\n<p>10h30 \u2013 Viana do Castelo-Alentejo<\/p>\n<p>15h00 \u2013 Bragan\u00e7a-Leiria<\/p>\n<p>16h30 \u2013 Alentejo-Viseu<\/p>\n<p>Local: Pavilh\u00e3o da Escola Secund\u00e1ria de Albufeira<\/p>\n<p>Divis\u00e3o A \/ 5.\u00ba ao 8.\u00ba classificados<\/p>\n<p>18h30 \u2013 3.\u00ba S\u00e9rie A-4.\u00ba S\u00e9rie B<\/p>\n<p>20h15 \u2013 3.\u00ba S\u00e9rie B-4.\u00ba S\u00e9rie A<\/p>\n<p>Local: Pavilh\u00e3o Desportivo de Albufeira<\/p>\n<h3>11 de abril<\/h3>\n<p>#### Divis\u00e3o B<\/p>\n<p>S\u00e9rie A<\/p>\n<p>12h00 \u2013 Vila Real-Castelo Branco<\/p>\n<p>13h30 \u2013 Coimbra-Guarda<\/p>\n<p>S\u00e9rie B<\/p>\n<p>09h00 \u2013 Viseu-Viana do Castelo<\/p>\n<p>10h30 \u2013 Leiria-Alentejo<\/p>\n<p>Local: Pavilh\u00e3o da Escola Secund\u00e1ria de Albufeira<\/p>\n<p>5.\u00ba ao 8.\u00ba classificados<\/p>\n<p>12h00 &#8211; Vencido do 3.\u00ba S\u00e9rie A\/4.\u00ba S\u00e9rie B &#8211; Vencido do 3.\u00ba S\u00e9rie B-4.\u00ba S\u00e9rie A<\/p>\n<p>Local: Pavilh\u00e3o Desportivo dos Olhos de \u00c1gua<\/p>\n<p>13h30 &#8211; Vencedor do 3.\u00ba S\u00e9rie A\/4.\u00ba S\u00e9rie B &#8211; Vencedor do 3.\u00ba S\u00e9rie B-4.\u00ba S\u00e9rie A<\/p>\n<p>Local: Vale Pedras<\/p>\n<p>Meias-finais<\/p>\n<p>09h00 \u2013 1.\u00ba S\u00e9rie A-2.\u00ba S\u00e9rie B<\/p>\n<p>10h30 \u2013 1.\u00ba S\u00e9rie B-2.\u00ba S\u00e9rie A<\/p>\n<p>Local: Vale Pedras<\/p>\n<p>3.\u00ba e 4.\u00ba classificados<\/p>\n<p>16h30 \u2013 Vencido 1.\u00baA\/2.\u00baB vs Vencido 1.\u00baB\/2.\u00baA<\/p>\n<p>Local: Pavilh\u00e3o Desportivo de Albufeira<\/p>\n<p>Final Divis\u00e3o B<\/p>\n<p>18h30 \u2013 1.\u00ba S\u00e9rie A-S\u00e9rie B<\/p>\n<p>Local: Guia<\/p>\n<p>Final<\/p>\n<p>20h15 \u2013 Final Divis\u00e3o A (Vencedor do 1.\u00ba S\u00e9rie A\/2.\u00ba S\u00e9rie B-Vencedor do 1.\u00ba S\u00e9rie B-2.\u00ba S\u00e9rie A)<\/p>\n<p>Local: Pavilh\u00e3o Desportivo de Albufeira<\/p>\n","protected":false},"excerpt":{"rendered":"<ul>\n<li>A Festa do Basquetebol, 18.\u00aa edi\u00e7\u00e3o, realiza-se em Albufeira, Algarve, com 72 sele\u00e7\u00f5es de distrito, e hoje entram em campo os escal\u00f5es de sub\u201114 masculinos.<\/li>\n<li>O programa completo para o sub\u201114 masculino inclui Divis\u00e3o A e Divis\u00e3o B, com jogos marcados para o Pavilh\u00e3o Desportivo de Albufeira e para o Pavilh\u00e3o da Escola Secund\u00e1ria de Albufeira.<\/li>\n<li>Em 9 de abril, a Divis\u00e3o A tem s\u00e9ries A e B com partidas entre equipas como Lisboa, Set\u00fabal, Santar\u00e9m, Aveiro, Braga, Porto, Madeira e Algarve.<\/li>\n<li>Em 10 de abril, entram em campo mais jogos da Divis\u00e3o A e da Divis\u00e3o B, com s\u00e9ries A e B e partidas entre Vila Real, A\u00e7ores, Castelo Branco, Guarda, Viseu, Bragan\u00e7a, Leiria, Alentejo e outras equipas.<\/li>\n<li>Em 11 de abril decorrem as meias\u2011finais, as disputas pelo 5.\u00ba ao 8.\u00ba lugares e as finais da Divis\u00e3o B, seguidas em finais da Divis\u00e3o A, tudo conforme o calend\u00e1rio do torneio.<\/li>\n<\/ul>\n","protected":false},"author":2,"featured_media":437504,"comment_status":"closed","ping_status":"closed","sticky":false,"template":"","format":"standard","meta":{"footnotes":""},"categories":[21,24],"tags":[1202,928,152,236,101,1014],"class_list":["post-437500","post","type-post","status-publish","format-standard","has-post-thumbnail","hentry","category-desporto","category-futebol","tag-albufeira","tag-algarve","tag-desporto","tag-desporto-escolar","tag-escolas","tag-portugal"],"yoast_head":"<!-- This site is optimized with the Yoast SEO plugin v27.2 - https:\/\/yoast.com\/product\/yoast-seo-wordpress\/ -->\n<title>Calend\u00e1rio completo dos jogos sub-14 masculinos de Basquetebol - Portal Tela Portugal<\/title>\n<meta name=\"robots\" content=\"index, follow, max-snippet:-1, max-image-preview:large, max-video-preview:-1\" \/>\n<meta property=\"og:locale\" content=\"pt_PT\" \/>\n<meta property=\"og:type\" content=\"article\" \/>\n<meta property=\"og:title\" content=\"Calend\u00e1rio completo dos jogos sub-14 masculinos de Basquetebol - Portal Tela Portugal\" \/>\n<meta property=\"og:description\" content=\"A Festa do Basquetebol, 18.\u00aa edi\u00e7\u00e3o, realiza-se em Albufeira, Algarve, com 72 sele\u00e7\u00f5es de distrito, e hoje entram em campo os escal\u00f5es de sub\u201114 masculinos. O programa completo para o sub\u201114 masculino inclui Divis\u00e3o A e Divis\u00e3o B, com jogos marcados para o Pavilh\u00e3o Desportivo de Albufeira e para o Pavilh\u00e3o da Escola Secund\u00e1ria de Albufeira. Em 9 de abril, a Divis\u00e3o A tem s\u00e9ries A e B com partidas entre equipas como Lisboa, Set\u00fabal, Santar\u00e9m, Aveiro, Braga, Porto, Madeira e Algarve. Em 10 de abril, entram em campo mais jogos da Divis\u00e3o A e da Divis\u00e3o B, com s\u00e9ries A e B e partidas entre Vila Real, A\u00e7ores, Castelo Branco, Guarda, Viseu, Bragan\u00e7a, Leiria, Alentejo e outras equipas. Em 11 de abril decorrem as meias\u2011finais, as disputas pelo 5.\u00ba ao 8.\u00ba lugares e as finais da Divis\u00e3o B, seguidas em finais da Divis\u00e3o A, tudo conforme o calend\u00e1rio do torneio.\" \/>\n<meta property=\"og:url\" content=\"https:\/\/portaltela.pt\/noticias\/2026\/04\/09\/calendario-completo-dos-jogos-sub-14-masculinos-de-basquetebol\/\" \/>\n<meta property=\"og:site_name\" content=\"Portal Tela Portugal\" \/>\n<meta property=\"article:published_time\" content=\"2026-04-09T07:02:38+00:00\" \/>\n<meta name=\"author\" content=\"Telinha\" \/>\n<meta name=\"twitter:card\" content=\"summary_large_image\" \/>\n<meta name=\"twitter:label1\" content=\"Escrito por\" \/>\n\t<meta name=\"twitter:data1\" content=\"Telinha\" \/>\n\t<meta name=\"twitter:label2\" content=\"Tempo estimado de leitura\" \/>\n\t<meta name=\"twitter:data2\" content=\"2 minutos\" \/>\n<script type=\"application\/ld+json\" class=\"yoast-schema-graph\">{\"@context\":\"https:\/\/schema.org\",\"@graph\":[{\"@type\":\"Article\",\"@id\":\"https:\/\/portaltela.pt\/noticias\/2026\/04\/09\/calendario-completo-dos-jogos-sub-14-masculinos-de-basquetebol\/#article\",\"isPartOf\":{\"@id\":\"https:\/\/portaltela.pt\/noticias\/2026\/04\/09\/calendario-completo-dos-jogos-sub-14-masculinos-de-basquetebol\/\"},\"author\":{\"name\":\"Telinha\",\"@id\":\"https:\/\/portaltela.pt\/#\/schema\/person\/c4278d4a6028830caff9ee44b42d32ed\"},\"headline\":\"Calend\u00e1rio completo dos jogos sub-14 masculinos de Basquetebol\",\"datePublished\":\"2026-04-09T07:02:38+00:00\",\"mainEntityOfPage\":{\"@id\":\"https:\/\/portaltela.pt\/noticias\/2026\/04\/09\/calendario-completo-dos-jogos-sub-14-masculinos-de-basquetebol\/\"},\"wordCount\":449,\"image\":{\"@id\":\"https:\/\/portaltela.pt\/noticias\/2026\/04\/09\/calendario-completo-dos-jogos-sub-14-masculinos-de-basquetebol\/#primaryimage\"},\"thumbnailUrl\":\"https:\/\/portaltela.pt\/s.01k8rhncp4jt1\/2026\/04\/img_920x518uu2026-04-09-00-23-56-2431926.jpg\",\"keywords\":[\"Albufeira\",\"Algarve\",\"desporto\",\"desporto escolar\",\"escolas\",\"Portugal\"],\"articleSection\":[\"Desporto\",\"Futebol\"],\"inLanguage\":\"pt-PT\"},{\"@type\":\"WebPage\",\"@id\":\"https:\/\/portaltela.pt\/noticias\/2026\/04\/09\/calendario-completo-dos-jogos-sub-14-masculinos-de-basquetebol\/\",\"url\":\"https:\/\/portaltela.pt\/noticias\/2026\/04\/09\/calendario-completo-dos-jogos-sub-14-masculinos-de-basquetebol\/\",\"name\":\"Calend\u00e1rio completo dos jogos sub-14 masculinos de Basquetebol - Portal Tela Portugal\",\"isPartOf\":{\"@id\":\"https:\/\/portaltela.pt\/#website\"},\"primaryImageOfPage\":{\"@id\":\"https:\/\/portaltela.pt\/noticias\/2026\/04\/09\/calendario-completo-dos-jogos-sub-14-masculinos-de-basquetebol\/#primaryimage\"},\"image\":{\"@id\":\"https:\/\/portaltela.pt\/noticias\/2026\/04\/09\/calendario-completo-dos-jogos-sub-14-masculinos-de-basquetebol\/#primaryimage\"},\"thumbnailUrl\":\"https:\/\/portaltela.pt\/s.01k8rhncp4jt1\/2026\/04\/img_920x518uu2026-04-09-00-23-56-2431926.jpg\",\"datePublished\":\"2026-04-09T07:02:38+00:00\",\"author\":{\"@id\":\"https:\/\/portaltela.pt\/#\/schema\/person\/c4278d4a6028830caff9ee44b42d32ed\"},\"breadcrumb\":{\"@id\":\"https:\/\/portaltela.pt\/noticias\/2026\/04\/09\/calendario-completo-dos-jogos-sub-14-masculinos-de-basquetebol\/#breadcrumb\"},\"inLanguage\":\"pt-PT\",\"potentialAction\":[{\"@type\":\"ReadAction\",\"target\":[\"https:\/\/portaltela.pt\/noticias\/2026\/04\/09\/calendario-completo-dos-jogos-sub-14-masculinos-de-basquetebol\/\"]}]},{\"@type\":\"ImageObject\",\"inLanguage\":\"pt-PT\",\"@id\":\"https:\/\/portaltela.pt\/noticias\/2026\/04\/09\/calendario-completo-dos-jogos-sub-14-masculinos-de-basquetebol\/#primaryimage\",\"url\":\"https:\/\/portaltela.pt\/s.01k8rhncp4jt1\/2026\/04\/img_920x518uu2026-04-09-00-23-56-2431926.jpg\",\"contentUrl\":\"https:\/\/portaltela.pt\/s.01k8rhncp4jt1\/2026\/04\/img_920x518uu2026-04-09-00-23-56-2431926.jpg\",\"width\":796,\"height\":448,\"caption\":\"Aveiro venceu nos sub-14 masculinos em 2025\"},{\"@type\":\"BreadcrumbList\",\"@id\":\"https:\/\/portaltela.pt\/noticias\/2026\/04\/09\/calendario-completo-dos-jogos-sub-14-masculinos-de-basquetebol\/#breadcrumb\",\"itemListElement\":[{\"@type\":\"ListItem\",\"position\":1,\"name\":\"In\u00edcio\",\"item\":\"https:\/\/portaltela.pt\/\"},{\"@type\":\"ListItem\",\"position\":2,\"name\":\"Calend\u00e1rio completo dos jogos sub-14 masculinos de Basquetebol\"}]},{\"@type\":\"WebSite\",\"@id\":\"https:\/\/portaltela.pt\/#website\",\"url\":\"https:\/\/portaltela.pt\/\",\"name\":\"Portal Tela Portugal\",\"description\":\"\",\"potentialAction\":[{\"@type\":\"SearchAction\",\"target\":{\"@type\":\"EntryPoint\",\"urlTemplate\":\"https:\/\/portaltela.pt\/?s={search_term_string}\"},\"query-input\":{\"@type\":\"PropertyValueSpecification\",\"valueRequired\":true,\"valueName\":\"search_term_string\"}}],\"inLanguage\":\"pt-PT\"},{\"@type\":\"Person\",\"@id\":\"https:\/\/portaltela.pt\/#\/schema\/person\/c4278d4a6028830caff9ee44b42d32ed\",\"name\":\"Telinha\",\"image\":{\"@type\":\"ImageObject\",\"inLanguage\":\"pt-PT\",\"@id\":\"https:\/\/portaltela.pt\/s.01k8rhncp4jt1\/2025\/11\/talking-bot-125x125.png\",\"url\":\"https:\/\/portaltela.pt\/s.01k8rhncp4jt1\/2025\/11\/talking-bot-125x125.png\",\"contentUrl\":\"https:\/\/portaltela.pt\/s.01k8rhncp4jt1\/2025\/11\/talking-bot-125x125.png\",\"caption\":\"Telinha\"},\"sameAs\":[\"https:\/\/portaltela.pt\/\"],\"url\":\"https:\/\/portaltela.pt\/por\/367410592786\/\"}]}<\/script>\n<!-- \/ Yoast SEO plugin. -->","yoast_head_json":{"title":"Calend\u00e1rio completo dos jogos sub-14 masculinos de Basquetebol - Portal Tela Portugal","robots":{"index":"index","follow":"follow","max-snippet":"max-snippet:-1","max-image-preview":"max-image-preview:large","max-video-preview":"max-video-preview:-1"},"og_locale":"pt_PT","og_type":"article","og_title":"Calend\u00e1rio completo dos jogos sub-14 masculinos de Basquetebol - Portal Tela Portugal","og_description":"A Festa do Basquetebol, 18.\u00aa edi\u00e7\u00e3o, realiza-se em Albufeira, Algarve, com 72 sele\u00e7\u00f5es de distrito, e hoje entram em campo os escal\u00f5es de sub\u201114 masculinos. O programa completo para o sub\u201114 masculino inclui Divis\u00e3o A e Divis\u00e3o B, com jogos marcados para o Pavilh\u00e3o Desportivo de Albufeira e para o Pavilh\u00e3o da Escola Secund\u00e1ria de Albufeira. Em 9 de abril, a Divis\u00e3o A tem s\u00e9ries A e B com partidas entre equipas como Lisboa, Set\u00fabal, Santar\u00e9m, Aveiro, Braga, Porto, Madeira e Algarve. Em 10 de abril, entram em campo mais jogos da Divis\u00e3o A e da Divis\u00e3o B, com s\u00e9ries A e B e partidas entre Vila Real, A\u00e7ores, Castelo Branco, Guarda, Viseu, Bragan\u00e7a, Leiria, Alentejo e outras equipas. Em 11 de abril decorrem as meias\u2011finais, as disputas pelo 5.\u00ba ao 8.\u00ba lugares e as finais da Divis\u00e3o B, seguidas em finais da Divis\u00e3o A, tudo conforme o calend\u00e1rio do torneio.","og_url":"https:\/\/portaltela.pt\/noticias\/2026\/04\/09\/calendario-completo-dos-jogos-sub-14-masculinos-de-basquetebol\/","og_site_name":"Portal Tela Portugal","article_published_time":"2026-04-09T07:02:38+00:00","author":"Telinha","twitter_card":"summary_large_image","twitter_misc":{"Escrito por":"Telinha","Tempo estimado de leitura":"2 minutos"},"schema":{"@context":"https:\/\/schema.org","@graph":[{"@type":"Article","@id":"https:\/\/portaltela.pt\/noticias\/2026\/04\/09\/calendario-completo-dos-jogos-sub-14-masculinos-de-basquetebol\/#article","isPartOf":{"@id":"https:\/\/portaltela.pt\/noticias\/2026\/04\/09\/calendario-completo-dos-jogos-sub-14-masculinos-de-basquetebol\/"},"author":{"name":"Telinha","@id":"https:\/\/portaltela.pt\/#\/schema\/person\/c4278d4a6028830caff9ee44b42d32ed"},"headline":"Calend\u00e1rio completo dos jogos sub-14 masculinos de Basquetebol","datePublished":"2026-04-09T07:02:38+00:00","mainEntityOfPage":{"@id":"https:\/\/portaltela.pt\/noticias\/2026\/04\/09\/calendario-completo-dos-jogos-sub-14-masculinos-de-basquetebol\/"},"wordCount":449,"image":{"@id":"https:\/\/portaltela.pt\/noticias\/2026\/04\/09\/calendario-completo-dos-jogos-sub-14-masculinos-de-basquetebol\/#primaryimage"},"thumbnailUrl":"https:\/\/portaltela.pt\/s.01k8rhncp4jt1\/2026\/04\/img_920x518uu2026-04-09-00-23-56-2431926.jpg","keywords":["Albufeira","Algarve","desporto","desporto escolar","escolas","Portugal"],"articleSection":["Desporto","Futebol"],"inLanguage":"pt-PT"},{"@type":"WebPage","@id":"https:\/\/portaltela.pt\/noticias\/2026\/04\/09\/calendario-completo-dos-jogos-sub-14-masculinos-de-basquetebol\/","url":"https:\/\/portaltela.pt\/noticias\/2026\/04\/09\/calendario-completo-dos-jogos-sub-14-masculinos-de-basquetebol\/","name":"Calend\u00e1rio completo dos jogos sub-14 masculinos de Basquetebol - Portal Tela Portugal","isPartOf":{"@id":"https:\/\/portaltela.pt\/#website"},"primaryImageOfPage":{"@id":"https:\/\/portaltela.pt\/noticias\/2026\/04\/09\/calendario-completo-dos-jogos-sub-14-masculinos-de-basquetebol\/#primaryimage"},"image":{"@id":"https:\/\/portaltela.pt\/noticias\/2026\/04\/09\/calendario-completo-dos-jogos-sub-14-masculinos-de-basquetebol\/#primaryimage"},"thumbnailUrl":"https:\/\/portaltela.pt\/s.01k8rhncp4jt1\/2026\/04\/img_920x518uu2026-04-09-00-23-56-2431926.jpg","datePublished":"2026-04-09T07:02:38+00:00","author":{"@id":"https:\/\/portaltela.pt\/#\/schema\/person\/c4278d4a6028830caff9ee44b42d32ed"},"breadcrumb":{"@id":"https:\/\/portaltela.pt\/noticias\/2026\/04\/09\/calendario-completo-dos-jogos-sub-14-masculinos-de-basquetebol\/#breadcrumb"},"inLanguage":"pt-PT","potentialAction":[{"@type":"ReadAction","target":["https:\/\/portaltela.pt\/noticias\/2026\/04\/09\/calendario-completo-dos-jogos-sub-14-masculinos-de-basquetebol\/"]}]},{"@type":"ImageObject","inLanguage":"pt-PT","@id":"https:\/\/portaltela.pt\/noticias\/2026\/04\/09\/calendario-completo-dos-jogos-sub-14-masculinos-de-basquetebol\/#primaryimage","url":"https:\/\/portaltela.pt\/s.01k8rhncp4jt1\/2026\/04\/img_920x518uu2026-04-09-00-23-56-2431926.jpg","contentUrl":"https:\/\/portaltela.pt\/s.01k8rhncp4jt1\/2026\/04\/img_920x518uu2026-04-09-00-23-56-2431926.jpg","width":796,"height":448,"caption":"Aveiro venceu nos sub-14 masculinos em 2025"},{"@type":"BreadcrumbList","@id":"https:\/\/portaltela.pt\/noticias\/2026\/04\/09\/calendario-completo-dos-jogos-sub-14-masculinos-de-basquetebol\/#breadcrumb","itemListElement":[{"@type":"ListItem","position":1,"name":"In\u00edcio","item":"https:\/\/portaltela.pt\/"},{"@type":"ListItem","position":2,"name":"Calend\u00e1rio completo dos jogos sub-14 masculinos de Basquetebol"}]},{"@type":"WebSite","@id":"https:\/\/portaltela.pt\/#website","url":"https:\/\/portaltela.pt\/","name":"Portal Tela Portugal","description":"","potentialAction":[{"@type":"SearchAction","target":{"@type":"EntryPoint","urlTemplate":"https:\/\/portaltela.pt\/?s={search_term_string}"},"query-input":{"@type":"PropertyValueSpecification","valueRequired":true,"valueName":"search_term_string"}}],"inLanguage":"pt-PT"},{"@type":"Person","@id":"https:\/\/portaltela.pt\/#\/schema\/person\/c4278d4a6028830caff9ee44b42d32ed","name":"Telinha","image":{"@type":"ImageObject","inLanguage":"pt-PT","@id":"https:\/\/portaltela.pt\/s.01k8rhncp4jt1\/2025\/11\/talking-bot-125x125.png","url":"https:\/\/portaltela.pt\/s.01k8rhncp4jt1\/2025\/11\/talking-bot-125x125.png","contentUrl":"https:\/\/portaltela.pt\/s.01k8rhncp4jt1\/2025\/11\/talking-bot-125x125.png","caption":"Telinha"},"sameAs":["https:\/\/portaltela.pt\/"],"url":"https:\/\/portaltela.pt\/por\/367410592786\/"}]}},"_links":{"self":[{"href":"https:\/\/portaltela.pt\/api\/wp\/v2\/posts\/437500","targetHints":{"allow":["GET"]}}],"collection":[{"href":"https:\/\/portaltela.pt\/api\/wp\/v2\/posts"}],"about":[{"href":"https:\/\/portaltela.pt\/api\/wp\/v2\/types\/post"}],"author":[{"embeddable":true,"href":"https:\/\/portaltela.pt\/api\/wp\/v2\/users\/2"}],"replies":[{"embeddable":true,"href":"https:\/\/portaltela.pt\/api\/wp\/v2\/comments?post=437500"}],"version-history":[{"count":0,"href":"https:\/\/portaltela.pt\/api\/wp\/v2\/posts\/437500\/revisions"}],"wp:featuredmedia":[{"embeddable":true,"href":"https:\/\/portaltela.pt\/api\/wp\/v2\/media\/437504"}],"wp:attachment":[{"href":"https:\/\/portaltela.pt\/api\/wp\/v2\/media?parent=437500"}],"wp:term":[{"taxonomy":"category","embeddable":true,"href":"https:\/\/portaltela.pt\/api\/wp\/v2\/categories?post=437500"},{"taxonomy":"post_tag","embeddable":true,"href":"https:\/\/portaltela.pt\/api\/wp\/v2\/tags?post=437500"}],"curies":[{"name":"wp","href":"https:\/\/api.w.org\/{rel}","templated":true}]}}