{"id":437499,"date":"2026-04-09T04:02:36","date_gmt":"2026-04-09T07:02:36","guid":{"rendered":"https:\/\/portaltela.pt\/noticias\/2026\/04\/09\/calendario-completo-dos-jogos-dos-sub-16-masculinos-de-basquetebol\/"},"modified":"2026-04-09T04:02:36","modified_gmt":"2026-04-09T07:02:36","slug":"calendario-completo-dos-jogos-dos-sub-16-masculinos-de-basquetebol","status":"publish","type":"post","link":"https:\/\/portaltela.pt\/desporto\/futebol\/2026\/04\/09\/calendario-completo-dos-jogos-dos-sub-16-masculinos-de-basquetebol\/","title":{"rendered":"Calend\u00e1rio completo dos jogos dos sub-16 masculinos de basquetebol"},"content":{"rendered":"<p>A Festa do Basquetebol apresenta o calend\u00e1rio completo dos jogos dos sub-16 masculinos, com hor\u00e1rios, pavil\u00f5es e equipes que garantem o ritmo da competi\u00e7\u00e3o. O programa contempla Divis\u00f5es A e B, com s\u00e9ries distintas e encontros entre centenas de jovens atletas. A organiza\u00e7\u00e3o define ainda os locais de competi\u00e7\u00e3o, entre Vale Pedras, Guia e Pavilh\u00e3o Desportivo de Albufeira.<\/p>\n<p>A edi\u00e7\u00e3o deste ano segue o formato invertido da pir\u00e2mide, come\u00e7ando pelos jogos mais relevantes de cada dia e terminando com as decis\u00f5es. Os confrontos distribuem-se por semanas, com jogos no centro de Portugal e no Algarve, sempre com transmiss\u00e3o de hor\u00e1rios e log\u00edstica de est\u00e1dios.<\/p>\n<p>Os respons\u00e1veis lembram que o calend\u00e1rio pode sofrer altera\u00e7\u00f5es por quest\u00f5es log\u00edsticas ou de seguran\u00e7a, pelo que os clubes devem confirmar atualiza\u00e7\u00f5es junto das ligas. Este artigo limita-se a apresentar o programa tal como aprovado pela organiza\u00e7\u00e3o.<\/p>\n<h3>9 de abril<\/h3>\n<p>Divis\u00e3o A<\/p>\n<p>#### S\u00e9rie A<\/p>\n<p>12h00 \u2013 Santar\u00e9m-Lisboa | 13h30 \u2013 Coimbra-Aveiro | 18h00 \u2013 Lisboa-Coimbra | 19h30 \u2013 Aveiro-Santar\u00e9m<\/p>\n<p>#### S\u00e9rie B<\/p>\n<p>09h00 \u2013 Algarve-Set\u00fabal | 10h30 \u2013 Madeira-Porto | 15h00 \u2013 Set\u00fabal-Madeira | 16h30 \u2013 Porto-Algarve<\/p>\n<p>Local: Vale Pedras<\/p>\n<p>Divis\u00e3o B<\/p>\n<p>#### S\u00e9rie A<\/p>\n<p>12h00 \u2013 Vila Real-Guarda | 13h30 \u2013 Leiria-Braga | 18h00 \u2013 Guarda-Leiria | 19h30 \u2013 Braga-A\u00e7ores<\/p>\n<p>#### S\u00e9rie B<\/p>\n<p>09h00 \u2013 Alentejo-Bragan\u00e7a | 10h30 \u2013 Viseu-Viana do Castelo | 15h00 \u2013 Bragan\u00e7a-Viseu | 16h30 \u2013 Viana do Castelo-Castelo Branco<\/p>\n<p>Local: Guia<\/p>\n<p>5.\u00ba ao 8.\u00ba classificados<\/p>\n<p>18h30 \u2013 3.\u00ba S\u00e9rie A-4.\u00ba S\u00e9rie B | 20h15 \u2013 3.\u00ba S\u00e9rie B-4.\u00ba S\u00e9rie A<\/p>\n<p>Local: Vale Pedras<\/p>\n<h3>11 de abril de 2026<\/h3>\n<p>Divis\u00e3o B<\/p>\n<p>#### S\u00e9rie A<\/p>\n<p>12h00 \u2013 A\u00e7ores-Leiria | 13h30 \u2013 Braga-Vila Real<\/p>\n<p>#### S\u00e9rie B<\/p>\n<p>09h00 \u2013 Castelo Branco-Viseu | 10h30 \u2013 Viana do Castelo-Alentejo<\/p>\n<p>Local: Guia<\/p>\n<p>5.\u00ba ao 8.\u00ba classificados<\/p>\n<p>12h00 &#8211; Vencido do 3.\u00ba S\u00e9rie A\/4.\u00ba S\u00e9rie B-Vencido do 3.\u00ba S\u00e9rie B-4.\u00ba S\u00e9rie A (7.\u00ba ou 8.\u00ba lugares)<\/p>\n<p>16h30 &#8211; Vencedor do 3.\u00ba S\u00e9rie A\/4.\u00ba S\u00e9rie B-Vencedor do 3.\u00ba S\u00e9rie B-4.\u00ba S\u00e9rie A (5.\u00ba ou 6.\u00ba lugares)<\/p>\n<p>Local: Vale Pedras<\/p>\n<p>Meias-finais<\/p>\n<p>12h00 \u2013 1.\u00ba S\u00e9rie A-2.\u00ba S\u00e9rie B | 13h30 \u2013 1.\u00ba S\u00e9rie B-2.\u00ba S\u00e9rie A<\/p>\n<p>Local: Pavilh\u00e3o Desportivo de Albufeira<\/p>\n<p>3.\u00ba e 4.\u00ba classificados<\/p>\n<p>18h00 \u2013 Vencido 1.\u00baA\/2.\u00baB vs Vencido 1.\u00baB\/2.\u00baA<\/p>\n<p>Local: Vale Pedras<\/p>\n<p>Final Divis\u00e3o B<\/p>\n<p>20h15 \u2013 1.\u00ba S\u00e9rie A-S\u00e9rie B<\/p>\n<p>Local: Guia<\/p>\n<h3>12 de abril de 2026<\/h3>\n<p>Final<\/p>\n<p>10h30 \u2013 Vencedor 1.\u00ba S\u00e9rie A \/ 2.\u00ba S\u00e9rie B-Vencedor 1.\u00ba S\u00e9rie B \/ 2.\u00ba S\u00e9rie A<\/p>\n<p>Local: Pavilh\u00e3o Desportivo de Albufeira<\/p>\n","protected":false},"excerpt":{"rendered":"<ul>\n<li>A Festa do Basquetebol apresenta o calend\u00e1rio completo dos jogos dos sub-16 masculinos, entre 9, 11 e 12 de abril de 2026, com v\u00e1rias s\u00e9ries e divis\u00f5es.<\/li>\n<li>9 de abril, Divis\u00e3o A (S\u00e9ries A e B) arrancam em Vale Pedras, com hor\u00e1rios entre as 09h00 e as 19h30, incluindo encontros como Santar\u00e9m-Lisboa e Coimbra-Aveiro.<\/li>\n<li>9 de abril, Divis\u00e3o B (S\u00e9ries A e B) tamb\u00e9m em Vale Pedras, com partidas entre as 09h00 e as 19h30, incluindo Algarve-Set\u00fabal e Porto-Algarve.<\/li>\n<li>11 de abril, Divis\u00e3o B \u2014 S\u00e9rie A e S\u00e9rie B em Guia, com jogos desde as 12h00 e at\u00e9 \u00e0s 19h30, seguidos dos jogos 5.\u00ba ao 8.\u00ba classificados, meias-finais e finais da Divis\u00e3o B em Vale Pedras.<\/li>\n<li>12 de abril, final \u00fanica em Pavilh\u00e3o Desportivo de Albufeira, com a final entre os vencedores da 1.\u00aa S\u00e9rie A\/2.\u00aa S\u00e9rie B e 1.\u00aa S\u00e9rie B\/2.\u00aa S\u00e9rie A, \u00e0s 10h30.<\/li>\n<\/ul>\n","protected":false},"author":2,"featured_media":437503,"comment_status":"closed","ping_status":"closed","sticky":false,"template":"","format":"standard","meta":{"footnotes":""},"categories":[21,24],"tags":[1202,928,152,236,1014],"class_list":["post-437499","post","type-post","status-publish","format-standard","has-post-thumbnail","hentry","category-desporto","category-futebol","tag-albufeira","tag-algarve","tag-desporto","tag-desporto-escolar","tag-portugal"],"yoast_head":"<!-- This site is optimized with the Yoast SEO plugin v27.2 - https:\/\/yoast.com\/product\/yoast-seo-wordpress\/ -->\n<title>Calend\u00e1rio completo dos jogos dos sub-16 masculinos de basquetebol - Portal Tela Portugal<\/title>\n<meta name=\"robots\" content=\"index, follow, max-snippet:-1, max-image-preview:large, max-video-preview:-1\" \/>\n<meta property=\"og:locale\" content=\"pt_PT\" \/>\n<meta property=\"og:type\" content=\"article\" \/>\n<meta property=\"og:title\" content=\"Calend\u00e1rio completo dos jogos dos sub-16 masculinos de basquetebol - Portal Tela Portugal\" \/>\n<meta property=\"og:description\" content=\"A Festa do Basquetebol apresenta o calend\u00e1rio completo dos jogos dos sub-16 masculinos, entre 9, 11 e 12 de abril de 2026, com v\u00e1rias s\u00e9ries e divis\u00f5es. 9 de abril, Divis\u00e3o A (S\u00e9ries A e B) arrancam em Vale Pedras, com hor\u00e1rios entre as 09h00 e as 19h30, incluindo encontros como Santar\u00e9m-Lisboa e Coimbra-Aveiro. 9 de abril, Divis\u00e3o B (S\u00e9ries A e B) tamb\u00e9m em Vale Pedras, com partidas entre as 09h00 e as 19h30, incluindo Algarve-Set\u00fabal e Porto-Algarve. 11 de abril, Divis\u00e3o B \u2014 S\u00e9rie A e S\u00e9rie B em Guia, com jogos desde as 12h00 e at\u00e9 \u00e0s 19h30, seguidos dos jogos 5.\u00ba ao 8.\u00ba classificados, meias-finais e finais da Divis\u00e3o B em Vale Pedras. 12 de abril, final \u00fanica em Pavilh\u00e3o Desportivo de Albufeira, com a final entre os vencedores da 1.\u00aa S\u00e9rie A\/2.\u00aa S\u00e9rie B e 1.\u00aa S\u00e9rie B\/2.\u00aa S\u00e9rie A, \u00e0s 10h30.\" \/>\n<meta property=\"og:url\" content=\"https:\/\/portaltela.pt\/noticias\/2026\/04\/09\/calendario-completo-dos-jogos-dos-sub-16-masculinos-de-basquetebol\/\" \/>\n<meta property=\"og:site_name\" content=\"Portal Tela Portugal\" \/>\n<meta property=\"article:published_time\" content=\"2026-04-09T07:02:36+00:00\" \/>\n<meta name=\"author\" content=\"Telinha\" \/>\n<meta name=\"twitter:card\" content=\"summary_large_image\" \/>\n<meta name=\"twitter:label1\" content=\"Escrito por\" \/>\n\t<meta name=\"twitter:data1\" content=\"Telinha\" \/>\n\t<meta name=\"twitter:label2\" content=\"Tempo estimado de leitura\" \/>\n\t<meta name=\"twitter:data2\" content=\"2 minutos\" \/>\n<script type=\"application\/ld+json\" class=\"yoast-schema-graph\">{\"@context\":\"https:\/\/schema.org\",\"@graph\":[{\"@type\":\"Article\",\"@id\":\"https:\/\/portaltela.pt\/noticias\/2026\/04\/09\/calendario-completo-dos-jogos-dos-sub-16-masculinos-de-basquetebol\/#article\",\"isPartOf\":{\"@id\":\"https:\/\/portaltela.pt\/noticias\/2026\/04\/09\/calendario-completo-dos-jogos-dos-sub-16-masculinos-de-basquetebol\/\"},\"author\":{\"name\":\"Telinha\",\"@id\":\"https:\/\/portaltela.pt\/#\/schema\/person\/c4278d4a6028830caff9ee44b42d32ed\"},\"headline\":\"Calend\u00e1rio completo dos jogos dos sub-16 masculinos de basquetebol\",\"datePublished\":\"2026-04-09T07:02:36+00:00\",\"mainEntityOfPage\":{\"@id\":\"https:\/\/portaltela.pt\/noticias\/2026\/04\/09\/calendario-completo-dos-jogos-dos-sub-16-masculinos-de-basquetebol\/\"},\"wordCount\":405,\"image\":{\"@id\":\"https:\/\/portaltela.pt\/noticias\/2026\/04\/09\/calendario-completo-dos-jogos-dos-sub-16-masculinos-de-basquetebol\/#primaryimage\"},\"thumbnailUrl\":\"https:\/\/portaltela.pt\/s.01k8rhncp4jt1\/2026\/04\/img_920x518uu2025-04-15-00-07-53-2356351.jpg\",\"keywords\":[\"Albufeira\",\"Algarve\",\"desporto\",\"desporto escolar\",\"Portugal\"],\"articleSection\":[\"Desporto\",\"Futebol\"],\"inLanguage\":\"pt-PT\"},{\"@type\":\"WebPage\",\"@id\":\"https:\/\/portaltela.pt\/noticias\/2026\/04\/09\/calendario-completo-dos-jogos-dos-sub-16-masculinos-de-basquetebol\/\",\"url\":\"https:\/\/portaltela.pt\/noticias\/2026\/04\/09\/calendario-completo-dos-jogos-dos-sub-16-masculinos-de-basquetebol\/\",\"name\":\"Calend\u00e1rio completo dos jogos dos sub-16 masculinos de basquetebol - Portal Tela Portugal\",\"isPartOf\":{\"@id\":\"https:\/\/portaltela.pt\/#website\"},\"primaryImageOfPage\":{\"@id\":\"https:\/\/portaltela.pt\/noticias\/2026\/04\/09\/calendario-completo-dos-jogos-dos-sub-16-masculinos-de-basquetebol\/#primaryimage\"},\"image\":{\"@id\":\"https:\/\/portaltela.pt\/noticias\/2026\/04\/09\/calendario-completo-dos-jogos-dos-sub-16-masculinos-de-basquetebol\/#primaryimage\"},\"thumbnailUrl\":\"https:\/\/portaltela.pt\/s.01k8rhncp4jt1\/2026\/04\/img_920x518uu2025-04-15-00-07-53-2356351.jpg\",\"datePublished\":\"2026-04-09T07:02:36+00:00\",\"author\":{\"@id\":\"https:\/\/portaltela.pt\/#\/schema\/person\/c4278d4a6028830caff9ee44b42d32ed\"},\"breadcrumb\":{\"@id\":\"https:\/\/portaltela.pt\/noticias\/2026\/04\/09\/calendario-completo-dos-jogos-dos-sub-16-masculinos-de-basquetebol\/#breadcrumb\"},\"inLanguage\":\"pt-PT\",\"potentialAction\":[{\"@type\":\"ReadAction\",\"target\":[\"https:\/\/portaltela.pt\/noticias\/2026\/04\/09\/calendario-completo-dos-jogos-dos-sub-16-masculinos-de-basquetebol\/\"]}]},{\"@type\":\"ImageObject\",\"inLanguage\":\"pt-PT\",\"@id\":\"https:\/\/portaltela.pt\/noticias\/2026\/04\/09\/calendario-completo-dos-jogos-dos-sub-16-masculinos-de-basquetebol\/#primaryimage\",\"url\":\"https:\/\/portaltela.pt\/s.01k8rhncp4jt1\/2026\/04\/img_920x518uu2025-04-15-00-07-53-2356351.jpg\",\"contentUrl\":\"https:\/\/portaltela.pt\/s.01k8rhncp4jt1\/2026\/04\/img_920x518uu2025-04-15-00-07-53-2356351.jpg\",\"width\":796,\"height\":448,\"caption\":\"Jos\u00e9 Carlos Rolo (CM Albufeira) e Manuel Fernandes (FPB) entregam pr\u00e9mio aos sub-16 masculinos de Lisboa em 2025\"},{\"@type\":\"BreadcrumbList\",\"@id\":\"https:\/\/portaltela.pt\/noticias\/2026\/04\/09\/calendario-completo-dos-jogos-dos-sub-16-masculinos-de-basquetebol\/#breadcrumb\",\"itemListElement\":[{\"@type\":\"ListItem\",\"position\":1,\"name\":\"In\u00edcio\",\"item\":\"https:\/\/portaltela.pt\/\"},{\"@type\":\"ListItem\",\"position\":2,\"name\":\"Calend\u00e1rio completo dos jogos dos sub-16 masculinos de basquetebol\"}]},{\"@type\":\"WebSite\",\"@id\":\"https:\/\/portaltela.pt\/#website\",\"url\":\"https:\/\/portaltela.pt\/\",\"name\":\"Portal Tela Portugal\",\"description\":\"\",\"potentialAction\":[{\"@type\":\"SearchAction\",\"target\":{\"@type\":\"EntryPoint\",\"urlTemplate\":\"https:\/\/portaltela.pt\/?s={search_term_string}\"},\"query-input\":{\"@type\":\"PropertyValueSpecification\",\"valueRequired\":true,\"valueName\":\"search_term_string\"}}],\"inLanguage\":\"pt-PT\"},{\"@type\":\"Person\",\"@id\":\"https:\/\/portaltela.pt\/#\/schema\/person\/c4278d4a6028830caff9ee44b42d32ed\",\"name\":\"Telinha\",\"image\":{\"@type\":\"ImageObject\",\"inLanguage\":\"pt-PT\",\"@id\":\"https:\/\/portaltela.pt\/s.01k8rhncp4jt1\/2025\/11\/talking-bot-125x125.png\",\"url\":\"https:\/\/portaltela.pt\/s.01k8rhncp4jt1\/2025\/11\/talking-bot-125x125.png\",\"contentUrl\":\"https:\/\/portaltela.pt\/s.01k8rhncp4jt1\/2025\/11\/talking-bot-125x125.png\",\"caption\":\"Telinha\"},\"sameAs\":[\"https:\/\/portaltela.pt\/\"],\"url\":\"https:\/\/portaltela.pt\/por\/367410592786\/\"}]}<\/script>\n<!-- \/ Yoast SEO plugin. -->","yoast_head_json":{"title":"Calend\u00e1rio completo dos jogos dos sub-16 masculinos de basquetebol - Portal Tela Portugal","robots":{"index":"index","follow":"follow","max-snippet":"max-snippet:-1","max-image-preview":"max-image-preview:large","max-video-preview":"max-video-preview:-1"},"og_locale":"pt_PT","og_type":"article","og_title":"Calend\u00e1rio completo dos jogos dos sub-16 masculinos de basquetebol - Portal Tela Portugal","og_description":"A Festa do Basquetebol apresenta o calend\u00e1rio completo dos jogos dos sub-16 masculinos, entre 9, 11 e 12 de abril de 2026, com v\u00e1rias s\u00e9ries e divis\u00f5es. 9 de abril, Divis\u00e3o A (S\u00e9ries A e B) arrancam em Vale Pedras, com hor\u00e1rios entre as 09h00 e as 19h30, incluindo encontros como Santar\u00e9m-Lisboa e Coimbra-Aveiro. 9 de abril, Divis\u00e3o B (S\u00e9ries A e B) tamb\u00e9m em Vale Pedras, com partidas entre as 09h00 e as 19h30, incluindo Algarve-Set\u00fabal e Porto-Algarve. 11 de abril, Divis\u00e3o B \u2014 S\u00e9rie A e S\u00e9rie B em Guia, com jogos desde as 12h00 e at\u00e9 \u00e0s 19h30, seguidos dos jogos 5.\u00ba ao 8.\u00ba classificados, meias-finais e finais da Divis\u00e3o B em Vale Pedras. 12 de abril, final \u00fanica em Pavilh\u00e3o Desportivo de Albufeira, com a final entre os vencedores da 1.\u00aa S\u00e9rie A\/2.\u00aa S\u00e9rie B e 1.\u00aa S\u00e9rie B\/2.\u00aa S\u00e9rie A, \u00e0s 10h30.","og_url":"https:\/\/portaltela.pt\/noticias\/2026\/04\/09\/calendario-completo-dos-jogos-dos-sub-16-masculinos-de-basquetebol\/","og_site_name":"Portal Tela Portugal","article_published_time":"2026-04-09T07:02:36+00:00","author":"Telinha","twitter_card":"summary_large_image","twitter_misc":{"Escrito por":"Telinha","Tempo estimado de leitura":"2 minutos"},"schema":{"@context":"https:\/\/schema.org","@graph":[{"@type":"Article","@id":"https:\/\/portaltela.pt\/noticias\/2026\/04\/09\/calendario-completo-dos-jogos-dos-sub-16-masculinos-de-basquetebol\/#article","isPartOf":{"@id":"https:\/\/portaltela.pt\/noticias\/2026\/04\/09\/calendario-completo-dos-jogos-dos-sub-16-masculinos-de-basquetebol\/"},"author":{"name":"Telinha","@id":"https:\/\/portaltela.pt\/#\/schema\/person\/c4278d4a6028830caff9ee44b42d32ed"},"headline":"Calend\u00e1rio completo dos jogos dos sub-16 masculinos de basquetebol","datePublished":"2026-04-09T07:02:36+00:00","mainEntityOfPage":{"@id":"https:\/\/portaltela.pt\/noticias\/2026\/04\/09\/calendario-completo-dos-jogos-dos-sub-16-masculinos-de-basquetebol\/"},"wordCount":405,"image":{"@id":"https:\/\/portaltela.pt\/noticias\/2026\/04\/09\/calendario-completo-dos-jogos-dos-sub-16-masculinos-de-basquetebol\/#primaryimage"},"thumbnailUrl":"https:\/\/portaltela.pt\/s.01k8rhncp4jt1\/2026\/04\/img_920x518uu2025-04-15-00-07-53-2356351.jpg","keywords":["Albufeira","Algarve","desporto","desporto escolar","Portugal"],"articleSection":["Desporto","Futebol"],"inLanguage":"pt-PT"},{"@type":"WebPage","@id":"https:\/\/portaltela.pt\/noticias\/2026\/04\/09\/calendario-completo-dos-jogos-dos-sub-16-masculinos-de-basquetebol\/","url":"https:\/\/portaltela.pt\/noticias\/2026\/04\/09\/calendario-completo-dos-jogos-dos-sub-16-masculinos-de-basquetebol\/","name":"Calend\u00e1rio completo dos jogos dos sub-16 masculinos de basquetebol - Portal Tela Portugal","isPartOf":{"@id":"https:\/\/portaltela.pt\/#website"},"primaryImageOfPage":{"@id":"https:\/\/portaltela.pt\/noticias\/2026\/04\/09\/calendario-completo-dos-jogos-dos-sub-16-masculinos-de-basquetebol\/#primaryimage"},"image":{"@id":"https:\/\/portaltela.pt\/noticias\/2026\/04\/09\/calendario-completo-dos-jogos-dos-sub-16-masculinos-de-basquetebol\/#primaryimage"},"thumbnailUrl":"https:\/\/portaltela.pt\/s.01k8rhncp4jt1\/2026\/04\/img_920x518uu2025-04-15-00-07-53-2356351.jpg","datePublished":"2026-04-09T07:02:36+00:00","author":{"@id":"https:\/\/portaltela.pt\/#\/schema\/person\/c4278d4a6028830caff9ee44b42d32ed"},"breadcrumb":{"@id":"https:\/\/portaltela.pt\/noticias\/2026\/04\/09\/calendario-completo-dos-jogos-dos-sub-16-masculinos-de-basquetebol\/#breadcrumb"},"inLanguage":"pt-PT","potentialAction":[{"@type":"ReadAction","target":["https:\/\/portaltela.pt\/noticias\/2026\/04\/09\/calendario-completo-dos-jogos-dos-sub-16-masculinos-de-basquetebol\/"]}]},{"@type":"ImageObject","inLanguage":"pt-PT","@id":"https:\/\/portaltela.pt\/noticias\/2026\/04\/09\/calendario-completo-dos-jogos-dos-sub-16-masculinos-de-basquetebol\/#primaryimage","url":"https:\/\/portaltela.pt\/s.01k8rhncp4jt1\/2026\/04\/img_920x518uu2025-04-15-00-07-53-2356351.jpg","contentUrl":"https:\/\/portaltela.pt\/s.01k8rhncp4jt1\/2026\/04\/img_920x518uu2025-04-15-00-07-53-2356351.jpg","width":796,"height":448,"caption":"Jos\u00e9 Carlos Rolo (CM Albufeira) e Manuel Fernandes (FPB) entregam pr\u00e9mio aos sub-16 masculinos de Lisboa em 2025"},{"@type":"BreadcrumbList","@id":"https:\/\/portaltela.pt\/noticias\/2026\/04\/09\/calendario-completo-dos-jogos-dos-sub-16-masculinos-de-basquetebol\/#breadcrumb","itemListElement":[{"@type":"ListItem","position":1,"name":"In\u00edcio","item":"https:\/\/portaltela.pt\/"},{"@type":"ListItem","position":2,"name":"Calend\u00e1rio completo dos jogos dos sub-16 masculinos de basquetebol"}]},{"@type":"WebSite","@id":"https:\/\/portaltela.pt\/#website","url":"https:\/\/portaltela.pt\/","name":"Portal Tela Portugal","description":"","potentialAction":[{"@type":"SearchAction","target":{"@type":"EntryPoint","urlTemplate":"https:\/\/portaltela.pt\/?s={search_term_string}"},"query-input":{"@type":"PropertyValueSpecification","valueRequired":true,"valueName":"search_term_string"}}],"inLanguage":"pt-PT"},{"@type":"Person","@id":"https:\/\/portaltela.pt\/#\/schema\/person\/c4278d4a6028830caff9ee44b42d32ed","name":"Telinha","image":{"@type":"ImageObject","inLanguage":"pt-PT","@id":"https:\/\/portaltela.pt\/s.01k8rhncp4jt1\/2025\/11\/talking-bot-125x125.png","url":"https:\/\/portaltela.pt\/s.01k8rhncp4jt1\/2025\/11\/talking-bot-125x125.png","contentUrl":"https:\/\/portaltela.pt\/s.01k8rhncp4jt1\/2025\/11\/talking-bot-125x125.png","caption":"Telinha"},"sameAs":["https:\/\/portaltela.pt\/"],"url":"https:\/\/portaltela.pt\/por\/367410592786\/"}]}},"_links":{"self":[{"href":"https:\/\/portaltela.pt\/api\/wp\/v2\/posts\/437499","targetHints":{"allow":["GET"]}}],"collection":[{"href":"https:\/\/portaltela.pt\/api\/wp\/v2\/posts"}],"about":[{"href":"https:\/\/portaltela.pt\/api\/wp\/v2\/types\/post"}],"author":[{"embeddable":true,"href":"https:\/\/portaltela.pt\/api\/wp\/v2\/users\/2"}],"replies":[{"embeddable":true,"href":"https:\/\/portaltela.pt\/api\/wp\/v2\/comments?post=437499"}],"version-history":[{"count":0,"href":"https:\/\/portaltela.pt\/api\/wp\/v2\/posts\/437499\/revisions"}],"wp:featuredmedia":[{"embeddable":true,"href":"https:\/\/portaltela.pt\/api\/wp\/v2\/media\/437503"}],"wp:attachment":[{"href":"https:\/\/portaltela.pt\/api\/wp\/v2\/media?parent=437499"}],"wp:term":[{"taxonomy":"category","embeddable":true,"href":"https:\/\/portaltela.pt\/api\/wp\/v2\/categories?post=437499"},{"taxonomy":"post_tag","embeddable":true,"href":"https:\/\/portaltela.pt\/api\/wp\/v2\/tags?post=437499"}],"curies":[{"name":"wp","href":"https:\/\/api.w.org\/{rel}","templated":true}]}}