{"id":437498,"date":"2026-04-09T04:02:36","date_gmt":"2026-04-09T07:02:36","guid":{"rendered":"https:\/\/portaltela.pt\/noticias\/2026\/04\/09\/calendario-completo-de-jogos-sub-16-femininos-de-basquetebol\/"},"modified":"2026-04-09T04:02:36","modified_gmt":"2026-04-09T07:02:36","slug":"calendario-completo-de-jogos-sub-16-femininos-de-basquetebol","status":"publish","type":"post","link":"https:\/\/portaltela.pt\/desporto\/futebol\/2026\/04\/09\/calendario-completo-de-jogos-sub-16-femininos-de-basquetebol\/","title":{"rendered":"Calend\u00e1rio completo de jogos sub-16 femininos de basquetebol"},"content":{"rendered":"<p>A Festa do Basquetebol entra hoje no cap\u00edtulo dedicado \u00e0s competi\u00e7\u00f5es do escal\u00e3o Sub-16 feminino. O torneio decorre em Albufeira, no Algarve, na 18.\u00aa edi\u00e7\u00e3o, com 72 sele\u00e7\u00f5es de distrito a participar no \u00e2mbito dos escal\u00f5es Sub-14 e Sub-16. A jornada de hoje marca o in\u00edcio dos primeiros jogos para as jogadoras nesta categoria.<\/p>\n<p>O programa completo para o Sub-16 feminino est\u00e1 organizado em Divis\u00f5es A e B, com s\u00e9ries A e B a definir as partidas da manh\u00e3 e da tarde. O objetivo \u00e9 avan\u00e7ar rumo \u00e0s meias-finais, quartos de final e finais programadas para os dias seguintes. As partidas destacam-se pela diversidade geogr\u00e1fica das equipas participantes.<\/p>\n<p>Abertura da competi\u00e7\u00e3o ocorre no Pavilh\u00e3o Desportivo dos Olhos de \u00c1gua, com jogos da Divis\u00e3o A, S\u00e9rie A e S\u00e9rie B, entre as 9h00 e as 19h30. Ao longo do dia, seguem-se encontros entre equipas de Aveiro, Lisboa, Vila Real, Porto, Set\u00fabal, Algarve, Madeira, Santar\u00e9m e outras zonas, num fluxo cont\u00ednuo de partidas.<\/p>\n<p>No dia 10 de abril, o calend\u00e1rio prossegue com mais encontros da Divis\u00e3o A e da Divis\u00e3o B, distribu\u00eddos entre o Pavilh\u00e3o dos Olhos de \u00c1gua e o Pavilh\u00e3o Municipal Francisco Neves &#8211; Imortal. Destaque para os confrontos entre Lisboa, Porto, Algarve, Santar\u00e9m, Set\u00fabal, Viana do Castelo, Braga, Bragan\u00e7a e Leiria, entre outros.<\/p>\n<p>A fase de eliminat\u00f3rias tem continuidade com as meias-finais marcadas pela manh\u00e3, seguindo-se a disputa do 3.\u00ba e 4.\u00ba lugares e, finalmente, a final da Divis\u00e3o B, no Pavilh\u00e3o EBSA &#8211; Vale Pedras, em 12 de abril. O desfecho do evento est\u00e1 previsto para o mesmo dia com a grande final da Divis\u00e3o A.<\/p>\n<p>O conjunto de partidas de 12 a 14 de abril inscreve-se num ciclo de encontros que envolve v\u00e1rias instala\u00e7\u00f5es, entre pavil\u00f5es de Albufeira, Olhos de \u00c1gua e Imortal. As eliminat\u00f3rias e a distribui\u00e7\u00e3o de lugares asseguram a progress\u00e3o das equipas conforme o desempenho em campo.<\/p>\n<p>Fontes oficiais destacam que o objetivo central \u00e9 proporcionar competi\u00e7\u00e3o estruturada, com hor\u00e1rios fixos, organiza\u00e7\u00f5es de s\u00e9ries e uma log\u00edstica de jogos que permita acompanhar a evolu\u00e7\u00e3o de cada equipa ao longo do torneio.<\/p>\n<p>Programa\u00e7\u00e3o-chave (resumo)<\/p>\n<ul>\n<li>9 de abril: Divis\u00e3o A e Divis\u00e3o B, S\u00e9rie A e S\u00e9rie B no Pavilh\u00e3o Desportivo dos Olhos de \u00c1gua e no Pavilh\u00e3o Municipal Francisco Neves &#8211; Imortal.<\/li>\n<li>10 de abril: continuidade das s\u00e9ries, com jogos nos mesmos recintos e hor\u00e1rios ajustados.<\/li>\n<li>Meias-finais e 3.\u00ba\/4.\u00ba lugares: 11 de abril, no Pavilh\u00e3o Municipal Francisco Neves &#8211; Imortal e no Pavilh\u00e3o Desportivo dos Olhos de \u00c1gua.<\/li>\n<li>12 de abril: final da Divis\u00e3o B no Pavilh\u00e3o EBSA &#8211; Vale Pedras; final da Divis\u00e3o A prevista no Pavilh\u00e3o Desportivo de Albufeira.<\/li>\n<\/ul>\n<p>As informa\u00e7\u00f5es oficiais reiteram que o evento mant\u00e9m o foco na competi\u00e7\u00e3o desportiva, com organiza\u00e7\u00e3o clara das partidas, respetivas s\u00e9ries e locais. N\u00e3o foram divulgadas opini\u00f5es ou conclus\u00f5es.<\/p>\n","protected":false},"excerpt":{"rendered":"<ul>\n<li>O torneio Festa do Basquetebol decorre em Albufeira, Algarve, com o escal\u00e3o sub-16 feminino a entrar em campo a partir de 9 de abril de 2026.<\/li>\n<li>Est\u00e1 dispon\u00edvel o programa completo, com hor\u00e1rios, pavil\u00f5es e os confrontos das s\u00e9ries Divis\u00e3o A e Divis\u00e3o B para as sub-16 femininos.<\/li>\n<li>No 1.\u00ba dia, 9 de abril, jogam-se s\u00e9ries A e B em v\u00e1rios encontros entre equipas como Aveiro, Lisboa, Vila Real, Porto, Set\u00fabal, Algarve, Madeira, Santar\u00e9m, Bragan\u00e7a, Leiria e A\u00e7ores.<\/li>\n<li>As partidas da Divis\u00e3o B, bem como as fases de 5.\u00ba ao 8.\u00ba lugares e as meias-finais, realizam-se nos pavil\u00f5es de Olhos de \u00c1gua, Imortal e EBSA \u2013 Vale Pedras, ao longo de 9 e 10 de abril.<\/li>\n<li>A final da Divis\u00e3o A e a da Divis\u00e3o B est\u00e3o marcadas para 12 de abril de 2026, no Pavilh\u00e3o Desportivo de Albufeira.<\/li>\n<\/ul>\n","protected":false},"author":2,"featured_media":437502,"comment_status":"closed","ping_status":"closed","sticky":false,"template":"","format":"standard","meta":{"footnotes":""},"categories":[21,24],"tags":[1202,928,152,236,1242,2738],"class_list":["post-437498","post","type-post","status-publish","format-standard","has-post-thumbnail","hentry","category-desporto","category-futebol","tag-albufeira","tag-algarve","tag-desporto","tag-desporto-escolar","tag-feminino","tag-infantis"],"yoast_head":"<!-- This site is optimized with the Yoast SEO plugin v27.2 - https:\/\/yoast.com\/product\/yoast-seo-wordpress\/ -->\n<title>Calend\u00e1rio completo de jogos sub-16 femininos de basquetebol - Portal Tela Portugal<\/title>\n<meta name=\"robots\" content=\"index, follow, max-snippet:-1, max-image-preview:large, max-video-preview:-1\" \/>\n<meta property=\"og:locale\" content=\"pt_PT\" \/>\n<meta property=\"og:type\" content=\"article\" \/>\n<meta property=\"og:title\" content=\"Calend\u00e1rio completo de jogos sub-16 femininos de basquetebol - Portal Tela Portugal\" \/>\n<meta property=\"og:description\" content=\"O torneio Festa do Basquetebol decorre em Albufeira, Algarve, com o escal\u00e3o sub-16 feminino a entrar em campo a partir de 9 de abril de 2026. Est\u00e1 dispon\u00edvel o programa completo, com hor\u00e1rios, pavil\u00f5es e os confrontos das s\u00e9ries Divis\u00e3o A e Divis\u00e3o B para as sub-16 femininos. No 1.\u00ba dia, 9 de abril, jogam-se s\u00e9ries A e B em v\u00e1rios encontros entre equipas como Aveiro, Lisboa, Vila Real, Porto, Set\u00fabal, Algarve, Madeira, Santar\u00e9m, Bragan\u00e7a, Leiria e A\u00e7ores. As partidas da Divis\u00e3o B, bem como as fases de 5.\u00ba ao 8.\u00ba lugares e as meias-finais, realizam-se nos pavil\u00f5es de Olhos de \u00c1gua, Imortal e EBSA \u2013 Vale Pedras, ao longo de 9 e 10 de abril. A final da Divis\u00e3o A e a da Divis\u00e3o B est\u00e3o marcadas para 12 de abril de 2026, no Pavilh\u00e3o Desportivo de Albufeira.\" \/>\n<meta property=\"og:url\" content=\"https:\/\/portaltela.pt\/noticias\/2026\/04\/09\/calendario-completo-de-jogos-sub-16-femininos-de-basquetebol\/\" \/>\n<meta property=\"og:site_name\" content=\"Portal Tela Portugal\" \/>\n<meta property=\"article:published_time\" content=\"2026-04-09T07:02:36+00:00\" \/>\n<meta name=\"author\" content=\"Telinha\" \/>\n<meta name=\"twitter:card\" content=\"summary_large_image\" \/>\n<meta name=\"twitter:label1\" content=\"Escrito por\" \/>\n\t<meta name=\"twitter:data1\" content=\"Telinha\" \/>\n\t<meta name=\"twitter:label2\" content=\"Tempo estimado de leitura\" \/>\n\t<meta name=\"twitter:data2\" content=\"3 minutos\" \/>\n<script type=\"application\/ld+json\" class=\"yoast-schema-graph\">{\"@context\":\"https:\/\/schema.org\",\"@graph\":[{\"@type\":\"Article\",\"@id\":\"https:\/\/portaltela.pt\/noticias\/2026\/04\/09\/calendario-completo-de-jogos-sub-16-femininos-de-basquetebol\/#article\",\"isPartOf\":{\"@id\":\"https:\/\/portaltela.pt\/noticias\/2026\/04\/09\/calendario-completo-de-jogos-sub-16-femininos-de-basquetebol\/\"},\"author\":{\"name\":\"Telinha\",\"@id\":\"https:\/\/portaltela.pt\/#\/schema\/person\/c4278d4a6028830caff9ee44b42d32ed\"},\"headline\":\"Calend\u00e1rio completo de jogos sub-16 femininos de basquetebol\",\"datePublished\":\"2026-04-09T07:02:36+00:00\",\"mainEntityOfPage\":{\"@id\":\"https:\/\/portaltela.pt\/noticias\/2026\/04\/09\/calendario-completo-de-jogos-sub-16-femininos-de-basquetebol\/\"},\"wordCount\":525,\"image\":{\"@id\":\"https:\/\/portaltela.pt\/noticias\/2026\/04\/09\/calendario-completo-de-jogos-sub-16-femininos-de-basquetebol\/#primaryimage\"},\"thumbnailUrl\":\"https:\/\/portaltela.pt\/s.01k8rhncp4jt1\/2026\/04\/img_920x518uu2026-04-07-17-43-57-2431606-im-639111806575971297.jpg\",\"keywords\":[\"Albufeira\",\"Algarve\",\"desporto\",\"desporto escolar\",\"feminino\",\"infantis\"],\"articleSection\":[\"Desporto\",\"Futebol\"],\"inLanguage\":\"pt-PT\"},{\"@type\":\"WebPage\",\"@id\":\"https:\/\/portaltela.pt\/noticias\/2026\/04\/09\/calendario-completo-de-jogos-sub-16-femininos-de-basquetebol\/\",\"url\":\"https:\/\/portaltela.pt\/noticias\/2026\/04\/09\/calendario-completo-de-jogos-sub-16-femininos-de-basquetebol\/\",\"name\":\"Calend\u00e1rio completo de jogos sub-16 femininos de basquetebol - Portal Tela Portugal\",\"isPartOf\":{\"@id\":\"https:\/\/portaltela.pt\/#website\"},\"primaryImageOfPage\":{\"@id\":\"https:\/\/portaltela.pt\/noticias\/2026\/04\/09\/calendario-completo-de-jogos-sub-16-femininos-de-basquetebol\/#primaryimage\"},\"image\":{\"@id\":\"https:\/\/portaltela.pt\/noticias\/2026\/04\/09\/calendario-completo-de-jogos-sub-16-femininos-de-basquetebol\/#primaryimage\"},\"thumbnailUrl\":\"https:\/\/portaltela.pt\/s.01k8rhncp4jt1\/2026\/04\/img_920x518uu2026-04-07-17-43-57-2431606-im-639111806575971297.jpg\",\"datePublished\":\"2026-04-09T07:02:36+00:00\",\"author\":{\"@id\":\"https:\/\/portaltela.pt\/#\/schema\/person\/c4278d4a6028830caff9ee44b42d32ed\"},\"breadcrumb\":{\"@id\":\"https:\/\/portaltela.pt\/noticias\/2026\/04\/09\/calendario-completo-de-jogos-sub-16-femininos-de-basquetebol\/#breadcrumb\"},\"inLanguage\":\"pt-PT\",\"potentialAction\":[{\"@type\":\"ReadAction\",\"target\":[\"https:\/\/portaltela.pt\/noticias\/2026\/04\/09\/calendario-completo-de-jogos-sub-16-femininos-de-basquetebol\/\"]}]},{\"@type\":\"ImageObject\",\"inLanguage\":\"pt-PT\",\"@id\":\"https:\/\/portaltela.pt\/noticias\/2026\/04\/09\/calendario-completo-de-jogos-sub-16-femininos-de-basquetebol\/#primaryimage\",\"url\":\"https:\/\/portaltela.pt\/s.01k8rhncp4jt1\/2026\/04\/img_920x518uu2026-04-07-17-43-57-2431606-im-639111806575971297.jpg\",\"contentUrl\":\"https:\/\/portaltela.pt\/s.01k8rhncp4jt1\/2026\/04\/img_920x518uu2026-04-07-17-43-57-2431606-im-639111806575971297.jpg\",\"width\":796,\"height\":448,\"caption\":\"AB Porto ergueu o trof\u00e9u em sub-16 femininos em 2025 pelo terceiro ano consecutivo\"},{\"@type\":\"BreadcrumbList\",\"@id\":\"https:\/\/portaltela.pt\/noticias\/2026\/04\/09\/calendario-completo-de-jogos-sub-16-femininos-de-basquetebol\/#breadcrumb\",\"itemListElement\":[{\"@type\":\"ListItem\",\"position\":1,\"name\":\"In\u00edcio\",\"item\":\"https:\/\/portaltela.pt\/\"},{\"@type\":\"ListItem\",\"position\":2,\"name\":\"Calend\u00e1rio completo de jogos sub-16 femininos de basquetebol\"}]},{\"@type\":\"WebSite\",\"@id\":\"https:\/\/portaltela.pt\/#website\",\"url\":\"https:\/\/portaltela.pt\/\",\"name\":\"Portal Tela Portugal\",\"description\":\"\",\"potentialAction\":[{\"@type\":\"SearchAction\",\"target\":{\"@type\":\"EntryPoint\",\"urlTemplate\":\"https:\/\/portaltela.pt\/?s={search_term_string}\"},\"query-input\":{\"@type\":\"PropertyValueSpecification\",\"valueRequired\":true,\"valueName\":\"search_term_string\"}}],\"inLanguage\":\"pt-PT\"},{\"@type\":\"Person\",\"@id\":\"https:\/\/portaltela.pt\/#\/schema\/person\/c4278d4a6028830caff9ee44b42d32ed\",\"name\":\"Telinha\",\"image\":{\"@type\":\"ImageObject\",\"inLanguage\":\"pt-PT\",\"@id\":\"https:\/\/portaltela.pt\/s.01k8rhncp4jt1\/2025\/11\/talking-bot-125x125.png\",\"url\":\"https:\/\/portaltela.pt\/s.01k8rhncp4jt1\/2025\/11\/talking-bot-125x125.png\",\"contentUrl\":\"https:\/\/portaltela.pt\/s.01k8rhncp4jt1\/2025\/11\/talking-bot-125x125.png\",\"caption\":\"Telinha\"},\"sameAs\":[\"https:\/\/portaltela.pt\/\"],\"url\":\"https:\/\/portaltela.pt\/por\/367410592786\/\"}]}<\/script>\n<!-- \/ Yoast SEO plugin. -->","yoast_head_json":{"title":"Calend\u00e1rio completo de jogos sub-16 femininos de basquetebol - Portal Tela Portugal","robots":{"index":"index","follow":"follow","max-snippet":"max-snippet:-1","max-image-preview":"max-image-preview:large","max-video-preview":"max-video-preview:-1"},"og_locale":"pt_PT","og_type":"article","og_title":"Calend\u00e1rio completo de jogos sub-16 femininos de basquetebol - Portal Tela Portugal","og_description":"O torneio Festa do Basquetebol decorre em Albufeira, Algarve, com o escal\u00e3o sub-16 feminino a entrar em campo a partir de 9 de abril de 2026. Est\u00e1 dispon\u00edvel o programa completo, com hor\u00e1rios, pavil\u00f5es e os confrontos das s\u00e9ries Divis\u00e3o A e Divis\u00e3o B para as sub-16 femininos. No 1.\u00ba dia, 9 de abril, jogam-se s\u00e9ries A e B em v\u00e1rios encontros entre equipas como Aveiro, Lisboa, Vila Real, Porto, Set\u00fabal, Algarve, Madeira, Santar\u00e9m, Bragan\u00e7a, Leiria e A\u00e7ores. As partidas da Divis\u00e3o B, bem como as fases de 5.\u00ba ao 8.\u00ba lugares e as meias-finais, realizam-se nos pavil\u00f5es de Olhos de \u00c1gua, Imortal e EBSA \u2013 Vale Pedras, ao longo de 9 e 10 de abril. A final da Divis\u00e3o A e a da Divis\u00e3o B est\u00e3o marcadas para 12 de abril de 2026, no Pavilh\u00e3o Desportivo de Albufeira.","og_url":"https:\/\/portaltela.pt\/noticias\/2026\/04\/09\/calendario-completo-de-jogos-sub-16-femininos-de-basquetebol\/","og_site_name":"Portal Tela Portugal","article_published_time":"2026-04-09T07:02:36+00:00","author":"Telinha","twitter_card":"summary_large_image","twitter_misc":{"Escrito por":"Telinha","Tempo estimado de leitura":"3 minutos"},"schema":{"@context":"https:\/\/schema.org","@graph":[{"@type":"Article","@id":"https:\/\/portaltela.pt\/noticias\/2026\/04\/09\/calendario-completo-de-jogos-sub-16-femininos-de-basquetebol\/#article","isPartOf":{"@id":"https:\/\/portaltela.pt\/noticias\/2026\/04\/09\/calendario-completo-de-jogos-sub-16-femininos-de-basquetebol\/"},"author":{"name":"Telinha","@id":"https:\/\/portaltela.pt\/#\/schema\/person\/c4278d4a6028830caff9ee44b42d32ed"},"headline":"Calend\u00e1rio completo de jogos sub-16 femininos de basquetebol","datePublished":"2026-04-09T07:02:36+00:00","mainEntityOfPage":{"@id":"https:\/\/portaltela.pt\/noticias\/2026\/04\/09\/calendario-completo-de-jogos-sub-16-femininos-de-basquetebol\/"},"wordCount":525,"image":{"@id":"https:\/\/portaltela.pt\/noticias\/2026\/04\/09\/calendario-completo-de-jogos-sub-16-femininos-de-basquetebol\/#primaryimage"},"thumbnailUrl":"https:\/\/portaltela.pt\/s.01k8rhncp4jt1\/2026\/04\/img_920x518uu2026-04-07-17-43-57-2431606-im-639111806575971297.jpg","keywords":["Albufeira","Algarve","desporto","desporto escolar","feminino","infantis"],"articleSection":["Desporto","Futebol"],"inLanguage":"pt-PT"},{"@type":"WebPage","@id":"https:\/\/portaltela.pt\/noticias\/2026\/04\/09\/calendario-completo-de-jogos-sub-16-femininos-de-basquetebol\/","url":"https:\/\/portaltela.pt\/noticias\/2026\/04\/09\/calendario-completo-de-jogos-sub-16-femininos-de-basquetebol\/","name":"Calend\u00e1rio completo de jogos sub-16 femininos de basquetebol - Portal Tela Portugal","isPartOf":{"@id":"https:\/\/portaltela.pt\/#website"},"primaryImageOfPage":{"@id":"https:\/\/portaltela.pt\/noticias\/2026\/04\/09\/calendario-completo-de-jogos-sub-16-femininos-de-basquetebol\/#primaryimage"},"image":{"@id":"https:\/\/portaltela.pt\/noticias\/2026\/04\/09\/calendario-completo-de-jogos-sub-16-femininos-de-basquetebol\/#primaryimage"},"thumbnailUrl":"https:\/\/portaltela.pt\/s.01k8rhncp4jt1\/2026\/04\/img_920x518uu2026-04-07-17-43-57-2431606-im-639111806575971297.jpg","datePublished":"2026-04-09T07:02:36+00:00","author":{"@id":"https:\/\/portaltela.pt\/#\/schema\/person\/c4278d4a6028830caff9ee44b42d32ed"},"breadcrumb":{"@id":"https:\/\/portaltela.pt\/noticias\/2026\/04\/09\/calendario-completo-de-jogos-sub-16-femininos-de-basquetebol\/#breadcrumb"},"inLanguage":"pt-PT","potentialAction":[{"@type":"ReadAction","target":["https:\/\/portaltela.pt\/noticias\/2026\/04\/09\/calendario-completo-de-jogos-sub-16-femininos-de-basquetebol\/"]}]},{"@type":"ImageObject","inLanguage":"pt-PT","@id":"https:\/\/portaltela.pt\/noticias\/2026\/04\/09\/calendario-completo-de-jogos-sub-16-femininos-de-basquetebol\/#primaryimage","url":"https:\/\/portaltela.pt\/s.01k8rhncp4jt1\/2026\/04\/img_920x518uu2026-04-07-17-43-57-2431606-im-639111806575971297.jpg","contentUrl":"https:\/\/portaltela.pt\/s.01k8rhncp4jt1\/2026\/04\/img_920x518uu2026-04-07-17-43-57-2431606-im-639111806575971297.jpg","width":796,"height":448,"caption":"AB Porto ergueu o trof\u00e9u em sub-16 femininos em 2025 pelo terceiro ano consecutivo"},{"@type":"BreadcrumbList","@id":"https:\/\/portaltela.pt\/noticias\/2026\/04\/09\/calendario-completo-de-jogos-sub-16-femininos-de-basquetebol\/#breadcrumb","itemListElement":[{"@type":"ListItem","position":1,"name":"In\u00edcio","item":"https:\/\/portaltela.pt\/"},{"@type":"ListItem","position":2,"name":"Calend\u00e1rio completo de jogos sub-16 femininos de basquetebol"}]},{"@type":"WebSite","@id":"https:\/\/portaltela.pt\/#website","url":"https:\/\/portaltela.pt\/","name":"Portal Tela Portugal","description":"","potentialAction":[{"@type":"SearchAction","target":{"@type":"EntryPoint","urlTemplate":"https:\/\/portaltela.pt\/?s={search_term_string}"},"query-input":{"@type":"PropertyValueSpecification","valueRequired":true,"valueName":"search_term_string"}}],"inLanguage":"pt-PT"},{"@type":"Person","@id":"https:\/\/portaltela.pt\/#\/schema\/person\/c4278d4a6028830caff9ee44b42d32ed","name":"Telinha","image":{"@type":"ImageObject","inLanguage":"pt-PT","@id":"https:\/\/portaltela.pt\/s.01k8rhncp4jt1\/2025\/11\/talking-bot-125x125.png","url":"https:\/\/portaltela.pt\/s.01k8rhncp4jt1\/2025\/11\/talking-bot-125x125.png","contentUrl":"https:\/\/portaltela.pt\/s.01k8rhncp4jt1\/2025\/11\/talking-bot-125x125.png","caption":"Telinha"},"sameAs":["https:\/\/portaltela.pt\/"],"url":"https:\/\/portaltela.pt\/por\/367410592786\/"}]}},"_links":{"self":[{"href":"https:\/\/portaltela.pt\/api\/wp\/v2\/posts\/437498","targetHints":{"allow":["GET"]}}],"collection":[{"href":"https:\/\/portaltela.pt\/api\/wp\/v2\/posts"}],"about":[{"href":"https:\/\/portaltela.pt\/api\/wp\/v2\/types\/post"}],"author":[{"embeddable":true,"href":"https:\/\/portaltela.pt\/api\/wp\/v2\/users\/2"}],"replies":[{"embeddable":true,"href":"https:\/\/portaltela.pt\/api\/wp\/v2\/comments?post=437498"}],"version-history":[{"count":0,"href":"https:\/\/portaltela.pt\/api\/wp\/v2\/posts\/437498\/revisions"}],"wp:featuredmedia":[{"embeddable":true,"href":"https:\/\/portaltela.pt\/api\/wp\/v2\/media\/437502"}],"wp:attachment":[{"href":"https:\/\/portaltela.pt\/api\/wp\/v2\/media?parent=437498"}],"wp:term":[{"taxonomy":"category","embeddable":true,"href":"https:\/\/portaltela.pt\/api\/wp\/v2\/categories?post=437498"},{"taxonomy":"post_tag","embeddable":true,"href":"https:\/\/portaltela.pt\/api\/wp\/v2\/tags?post=437498"}],"curies":[{"name":"wp","href":"https:\/\/api.w.org\/{rel}","templated":true}]}}