{"id":437474,"date":"2026-04-09T03:00:00","date_gmt":"2026-04-09T06:00:00","guid":{"rendered":"https:\/\/portaltela.pt\/noticias\/2026\/04\/09\/quarto-dia-da-presidencia-aberta-leva-seguro-a-leiria-distrito-mais-afetado\/"},"modified":"2026-04-09T03:00:00","modified_gmt":"2026-04-09T06:00:00","slug":"quarto-dia-da-presidencia-aberta-leva-seguro-a-leiria-distrito-mais-afetado","status":"publish","type":"post","link":"https:\/\/portaltela.pt\/noticias\/politica\/2026\/04\/09\/quarto-dia-da-presidencia-aberta-leva-seguro-a-leiria-distrito-mais-afetado\/","title":{"rendered":"Quarto dia da Presid\u00eancia Aberta leva Seguro a Leiria, distrito mais afetado"},"content":{"rendered":"<p>No quarto dia de Presid\u00eancia Aberta, Ant\u00f3nio Jos\u00e9 Seguro chegou ao distrito de Leiria, o mais afetado pela tempestade Kristin. A desloca\u00e7\u00e3o enquadra-se na iniciativa para avaliar danos causados pelo temporal.<\/p>\n<p>A visita inclui as freguesias de Meirinhas, em Pombal, bem como Pedr\u00f3g\u00e3o Grande, Figueir\u00f3 dos Vinhos e Alvai\u00e1zere. O objetivo \u00e9 observar as consequ\u00eancias, ouvir moradores e recolher informa\u00e7\u00f5es junto das autoridades locais.<\/p>\n<h3>Locais de visita<\/h3>\n<p>Seguro ir\u00e1 auscultar as zonas mais afetadas e perceber as necessidades de apoio imediato, bem como as medidas j\u00e1 em curso para recupera\u00e7\u00e3o e assist\u00eancia \u00e0s fam\u00edlias afetadas. A agenda prev\u00ea reuni\u00f5es com entidades locais.<\/p>\n","protected":false},"excerpt":{"rendered":"<ul>\n<li>No quarto dia de Presid\u00eancia Aberta, Ant\u00f3nio Jos\u00e9 Seguro chega ao distrito de Leiria.<\/li>\n<li>Leiria \u00e9 o distrito mais afetado pela tempestade Kristin.<\/li>\n<li>Est\u00e3o previstas visitas a Meirinhas, em Pombal, Pedr\u00f3g\u00e3o Grande, Figueir\u00f3 dos Vinhos e Alvai\u00e1zere.<\/li>\n<li>A comitiva pretende avaliar os impactos do mau tempo e apoiar as comunidades locais.<\/li>\n<\/ul>\n","protected":false},"author":2,"featured_media":437475,"comment_status":"closed","ping_status":"closed","sticky":false,"template":"","format":"standard","meta":{"footnotes":""},"categories":[1,5],"tags":[4941,5215,1385,45,4860,2075],"class_list":["post-437474","post","type-post","status-publish","format-standard","has-post-thumbnail","hentry","category-noticias","category-politica","tag-alvaiazere","tag-catastrofes-naturais","tag-leiria","tag-meio-ambiente","tag-pedrogao-grande","tag-pombal"],"yoast_head":"<!-- This site is optimized with the Yoast SEO plugin v27.2 - https:\/\/yoast.com\/product\/yoast-seo-wordpress\/ -->\n<title>Quarto dia da Presid\u00eancia Aberta leva Seguro a Leiria, distrito mais afetado - Portal Tela Portugal<\/title>\n<meta name=\"robots\" content=\"index, follow, max-snippet:-1, max-image-preview:large, max-video-preview:-1\" \/>\n<meta property=\"og:locale\" content=\"pt_PT\" \/>\n<meta property=\"og:type\" content=\"article\" \/>\n<meta property=\"og:title\" content=\"Quarto dia da Presid\u00eancia Aberta leva Seguro a Leiria, distrito mais afetado - Portal Tela Portugal\" \/>\n<meta property=\"og:description\" content=\"No quarto dia de Presid\u00eancia Aberta, Ant\u00f3nio Jos\u00e9 Seguro chega ao distrito de Leiria. Leiria \u00e9 o distrito mais afetado pela tempestade Kristin. Est\u00e3o previstas visitas a Meirinhas, em Pombal, Pedr\u00f3g\u00e3o Grande, Figueir\u00f3 dos Vinhos e Alvai\u00e1zere. A comitiva pretende avaliar os impactos do mau tempo e apoiar as comunidades locais.\" \/>\n<meta property=\"og:url\" content=\"https:\/\/portaltela.pt\/noticias\/2026\/04\/09\/quarto-dia-da-presidencia-aberta-leva-seguro-a-leiria-distrito-mais-afetado\/\" \/>\n<meta property=\"og:site_name\" content=\"Portal Tela Portugal\" \/>\n<meta property=\"article:published_time\" content=\"2026-04-09T06:00:00+00:00\" \/>\n<meta name=\"author\" content=\"Telinha\" \/>\n<meta name=\"twitter:card\" content=\"summary_large_image\" \/>\n<meta name=\"twitter:label1\" content=\"Escrito por\" \/>\n\t<meta name=\"twitter:data1\" content=\"Telinha\" \/>\n\t<meta name=\"twitter:label2\" content=\"Tempo estimado de leitura\" \/>\n\t<meta name=\"twitter:data2\" content=\"1 minuto\" \/>\n<script type=\"application\/ld+json\" class=\"yoast-schema-graph\">{\"@context\":\"https:\/\/schema.org\",\"@graph\":[{\"@type\":\"Article\",\"@id\":\"https:\/\/portaltela.pt\/noticias\/2026\/04\/09\/quarto-dia-da-presidencia-aberta-leva-seguro-a-leiria-distrito-mais-afetado\/#article\",\"isPartOf\":{\"@id\":\"https:\/\/portaltela.pt\/noticias\/2026\/04\/09\/quarto-dia-da-presidencia-aberta-leva-seguro-a-leiria-distrito-mais-afetado\/\"},\"author\":{\"name\":\"Telinha\",\"@id\":\"https:\/\/portaltela.pt\/#\/schema\/person\/c4278d4a6028830caff9ee44b42d32ed\"},\"headline\":\"Quarto dia da Presid\u00eancia Aberta leva Seguro a Leiria, distrito mais afetado\",\"datePublished\":\"2026-04-09T06:00:00+00:00\",\"mainEntityOfPage\":{\"@id\":\"https:\/\/portaltela.pt\/noticias\/2026\/04\/09\/quarto-dia-da-presidencia-aberta-leva-seguro-a-leiria-distrito-mais-afetado\/\"},\"wordCount\":126,\"image\":{\"@id\":\"https:\/\/portaltela.pt\/noticias\/2026\/04\/09\/quarto-dia-da-presidencia-aberta-leva-seguro-a-leiria-distrito-mais-afetado\/#primaryimage\"},\"thumbnailUrl\":\"https:\/\/portaltela.pt\/s.01k8rhncp4jt1\/2026\/04\/CACHE_780X1200_ANALOG_WATERMARKED_46896262_4916320_08042026072216.jpg\",\"keywords\":[\"Alvai\u00e1zere\",\"cat\u00e1strofes naturais\",\"Leiria\",\"meio-ambiente\",\"Pedr\u00f3g\u00e3o Grande\",\"Pombal\"],\"articleSection\":[\"Not\u00edcias\",\"Pol\u00edtica\"],\"inLanguage\":\"pt-PT\"},{\"@type\":\"WebPage\",\"@id\":\"https:\/\/portaltela.pt\/noticias\/2026\/04\/09\/quarto-dia-da-presidencia-aberta-leva-seguro-a-leiria-distrito-mais-afetado\/\",\"url\":\"https:\/\/portaltela.pt\/noticias\/2026\/04\/09\/quarto-dia-da-presidencia-aberta-leva-seguro-a-leiria-distrito-mais-afetado\/\",\"name\":\"Quarto dia da Presid\u00eancia Aberta leva Seguro a Leiria, distrito mais afetado - Portal Tela Portugal\",\"isPartOf\":{\"@id\":\"https:\/\/portaltela.pt\/#website\"},\"primaryImageOfPage\":{\"@id\":\"https:\/\/portaltela.pt\/noticias\/2026\/04\/09\/quarto-dia-da-presidencia-aberta-leva-seguro-a-leiria-distrito-mais-afetado\/#primaryimage\"},\"image\":{\"@id\":\"https:\/\/portaltela.pt\/noticias\/2026\/04\/09\/quarto-dia-da-presidencia-aberta-leva-seguro-a-leiria-distrito-mais-afetado\/#primaryimage\"},\"thumbnailUrl\":\"https:\/\/portaltela.pt\/s.01k8rhncp4jt1\/2026\/04\/CACHE_780X1200_ANALOG_WATERMARKED_46896262_4916320_08042026072216.jpg\",\"datePublished\":\"2026-04-09T06:00:00+00:00\",\"author\":{\"@id\":\"https:\/\/portaltela.pt\/#\/schema\/person\/c4278d4a6028830caff9ee44b42d32ed\"},\"breadcrumb\":{\"@id\":\"https:\/\/portaltela.pt\/noticias\/2026\/04\/09\/quarto-dia-da-presidencia-aberta-leva-seguro-a-leiria-distrito-mais-afetado\/#breadcrumb\"},\"inLanguage\":\"pt-PT\",\"potentialAction\":[{\"@type\":\"ReadAction\",\"target\":[\"https:\/\/portaltela.pt\/noticias\/2026\/04\/09\/quarto-dia-da-presidencia-aberta-leva-seguro-a-leiria-distrito-mais-afetado\/\"]}]},{\"@type\":\"ImageObject\",\"inLanguage\":\"pt-PT\",\"@id\":\"https:\/\/portaltela.pt\/noticias\/2026\/04\/09\/quarto-dia-da-presidencia-aberta-leva-seguro-a-leiria-distrito-mais-afetado\/#primaryimage\",\"url\":\"https:\/\/portaltela.pt\/s.01k8rhncp4jt1\/2026\/04\/CACHE_780X1200_ANALOG_WATERMARKED_46896262_4916320_08042026072216.jpg\",\"contentUrl\":\"https:\/\/portaltela.pt\/s.01k8rhncp4jt1\/2026\/04\/CACHE_780X1200_ANALOG_WATERMARKED_46896262_4916320_08042026072216.jpg\",\"width\":768,\"height\":512,\"caption\":\"Quarto dia de Presid\u00eancia Aberta leva Seguro ao distrito de Leiria, o mais afetado pelo mau tempo\"},{\"@type\":\"BreadcrumbList\",\"@id\":\"https:\/\/portaltela.pt\/noticias\/2026\/04\/09\/quarto-dia-da-presidencia-aberta-leva-seguro-a-leiria-distrito-mais-afetado\/#breadcrumb\",\"itemListElement\":[{\"@type\":\"ListItem\",\"position\":1,\"name\":\"In\u00edcio\",\"item\":\"https:\/\/portaltela.pt\/\"},{\"@type\":\"ListItem\",\"position\":2,\"name\":\"Quarto dia da Presid\u00eancia Aberta leva Seguro a Leiria, distrito mais afetado\"}]},{\"@type\":\"WebSite\",\"@id\":\"https:\/\/portaltela.pt\/#website\",\"url\":\"https:\/\/portaltela.pt\/\",\"name\":\"Portal Tela Portugal\",\"description\":\"\",\"potentialAction\":[{\"@type\":\"SearchAction\",\"target\":{\"@type\":\"EntryPoint\",\"urlTemplate\":\"https:\/\/portaltela.pt\/?s={search_term_string}\"},\"query-input\":{\"@type\":\"PropertyValueSpecification\",\"valueRequired\":true,\"valueName\":\"search_term_string\"}}],\"inLanguage\":\"pt-PT\"},{\"@type\":\"Person\",\"@id\":\"https:\/\/portaltela.pt\/#\/schema\/person\/c4278d4a6028830caff9ee44b42d32ed\",\"name\":\"Telinha\",\"image\":{\"@type\":\"ImageObject\",\"inLanguage\":\"pt-PT\",\"@id\":\"https:\/\/portaltela.pt\/s.01k8rhncp4jt1\/2025\/11\/talking-bot-125x125.png\",\"url\":\"https:\/\/portaltela.pt\/s.01k8rhncp4jt1\/2025\/11\/talking-bot-125x125.png\",\"contentUrl\":\"https:\/\/portaltela.pt\/s.01k8rhncp4jt1\/2025\/11\/talking-bot-125x125.png\",\"caption\":\"Telinha\"},\"sameAs\":[\"https:\/\/portaltela.pt\/\"],\"url\":\"https:\/\/portaltela.pt\/por\/367410592786\/\"}]}<\/script>\n<!-- \/ Yoast SEO plugin. -->","yoast_head_json":{"title":"Quarto dia da Presid\u00eancia Aberta leva Seguro a Leiria, distrito mais afetado - Portal Tela Portugal","robots":{"index":"index","follow":"follow","max-snippet":"max-snippet:-1","max-image-preview":"max-image-preview:large","max-video-preview":"max-video-preview:-1"},"og_locale":"pt_PT","og_type":"article","og_title":"Quarto dia da Presid\u00eancia Aberta leva Seguro a Leiria, distrito mais afetado - Portal Tela Portugal","og_description":"No quarto dia de Presid\u00eancia Aberta, Ant\u00f3nio Jos\u00e9 Seguro chega ao distrito de Leiria. Leiria \u00e9 o distrito mais afetado pela tempestade Kristin. Est\u00e3o previstas visitas a Meirinhas, em Pombal, Pedr\u00f3g\u00e3o Grande, Figueir\u00f3 dos Vinhos e Alvai\u00e1zere. A comitiva pretende avaliar os impactos do mau tempo e apoiar as comunidades locais.","og_url":"https:\/\/portaltela.pt\/noticias\/2026\/04\/09\/quarto-dia-da-presidencia-aberta-leva-seguro-a-leiria-distrito-mais-afetado\/","og_site_name":"Portal Tela Portugal","article_published_time":"2026-04-09T06:00:00+00:00","author":"Telinha","twitter_card":"summary_large_image","twitter_misc":{"Escrito por":"Telinha","Tempo estimado de leitura":"1 minuto"},"schema":{"@context":"https:\/\/schema.org","@graph":[{"@type":"Article","@id":"https:\/\/portaltela.pt\/noticias\/2026\/04\/09\/quarto-dia-da-presidencia-aberta-leva-seguro-a-leiria-distrito-mais-afetado\/#article","isPartOf":{"@id":"https:\/\/portaltela.pt\/noticias\/2026\/04\/09\/quarto-dia-da-presidencia-aberta-leva-seguro-a-leiria-distrito-mais-afetado\/"},"author":{"name":"Telinha","@id":"https:\/\/portaltela.pt\/#\/schema\/person\/c4278d4a6028830caff9ee44b42d32ed"},"headline":"Quarto dia da Presid\u00eancia Aberta leva Seguro a Leiria, distrito mais afetado","datePublished":"2026-04-09T06:00:00+00:00","mainEntityOfPage":{"@id":"https:\/\/portaltela.pt\/noticias\/2026\/04\/09\/quarto-dia-da-presidencia-aberta-leva-seguro-a-leiria-distrito-mais-afetado\/"},"wordCount":126,"image":{"@id":"https:\/\/portaltela.pt\/noticias\/2026\/04\/09\/quarto-dia-da-presidencia-aberta-leva-seguro-a-leiria-distrito-mais-afetado\/#primaryimage"},"thumbnailUrl":"https:\/\/portaltela.pt\/s.01k8rhncp4jt1\/2026\/04\/CACHE_780X1200_ANALOG_WATERMARKED_46896262_4916320_08042026072216.jpg","keywords":["Alvai\u00e1zere","cat\u00e1strofes naturais","Leiria","meio-ambiente","Pedr\u00f3g\u00e3o Grande","Pombal"],"articleSection":["Not\u00edcias","Pol\u00edtica"],"inLanguage":"pt-PT"},{"@type":"WebPage","@id":"https:\/\/portaltela.pt\/noticias\/2026\/04\/09\/quarto-dia-da-presidencia-aberta-leva-seguro-a-leiria-distrito-mais-afetado\/","url":"https:\/\/portaltela.pt\/noticias\/2026\/04\/09\/quarto-dia-da-presidencia-aberta-leva-seguro-a-leiria-distrito-mais-afetado\/","name":"Quarto dia da Presid\u00eancia Aberta leva Seguro a Leiria, distrito mais afetado - Portal Tela Portugal","isPartOf":{"@id":"https:\/\/portaltela.pt\/#website"},"primaryImageOfPage":{"@id":"https:\/\/portaltela.pt\/noticias\/2026\/04\/09\/quarto-dia-da-presidencia-aberta-leva-seguro-a-leiria-distrito-mais-afetado\/#primaryimage"},"image":{"@id":"https:\/\/portaltela.pt\/noticias\/2026\/04\/09\/quarto-dia-da-presidencia-aberta-leva-seguro-a-leiria-distrito-mais-afetado\/#primaryimage"},"thumbnailUrl":"https:\/\/portaltela.pt\/s.01k8rhncp4jt1\/2026\/04\/CACHE_780X1200_ANALOG_WATERMARKED_46896262_4916320_08042026072216.jpg","datePublished":"2026-04-09T06:00:00+00:00","author":{"@id":"https:\/\/portaltela.pt\/#\/schema\/person\/c4278d4a6028830caff9ee44b42d32ed"},"breadcrumb":{"@id":"https:\/\/portaltela.pt\/noticias\/2026\/04\/09\/quarto-dia-da-presidencia-aberta-leva-seguro-a-leiria-distrito-mais-afetado\/#breadcrumb"},"inLanguage":"pt-PT","potentialAction":[{"@type":"ReadAction","target":["https:\/\/portaltela.pt\/noticias\/2026\/04\/09\/quarto-dia-da-presidencia-aberta-leva-seguro-a-leiria-distrito-mais-afetado\/"]}]},{"@type":"ImageObject","inLanguage":"pt-PT","@id":"https:\/\/portaltela.pt\/noticias\/2026\/04\/09\/quarto-dia-da-presidencia-aberta-leva-seguro-a-leiria-distrito-mais-afetado\/#primaryimage","url":"https:\/\/portaltela.pt\/s.01k8rhncp4jt1\/2026\/04\/CACHE_780X1200_ANALOG_WATERMARKED_46896262_4916320_08042026072216.jpg","contentUrl":"https:\/\/portaltela.pt\/s.01k8rhncp4jt1\/2026\/04\/CACHE_780X1200_ANALOG_WATERMARKED_46896262_4916320_08042026072216.jpg","width":768,"height":512,"caption":"Quarto dia de Presid\u00eancia Aberta leva Seguro ao distrito de Leiria, o mais afetado pelo mau tempo"},{"@type":"BreadcrumbList","@id":"https:\/\/portaltela.pt\/noticias\/2026\/04\/09\/quarto-dia-da-presidencia-aberta-leva-seguro-a-leiria-distrito-mais-afetado\/#breadcrumb","itemListElement":[{"@type":"ListItem","position":1,"name":"In\u00edcio","item":"https:\/\/portaltela.pt\/"},{"@type":"ListItem","position":2,"name":"Quarto dia da Presid\u00eancia Aberta leva Seguro a Leiria, distrito mais afetado"}]},{"@type":"WebSite","@id":"https:\/\/portaltela.pt\/#website","url":"https:\/\/portaltela.pt\/","name":"Portal Tela Portugal","description":"","potentialAction":[{"@type":"SearchAction","target":{"@type":"EntryPoint","urlTemplate":"https:\/\/portaltela.pt\/?s={search_term_string}"},"query-input":{"@type":"PropertyValueSpecification","valueRequired":true,"valueName":"search_term_string"}}],"inLanguage":"pt-PT"},{"@type":"Person","@id":"https:\/\/portaltela.pt\/#\/schema\/person\/c4278d4a6028830caff9ee44b42d32ed","name":"Telinha","image":{"@type":"ImageObject","inLanguage":"pt-PT","@id":"https:\/\/portaltela.pt\/s.01k8rhncp4jt1\/2025\/11\/talking-bot-125x125.png","url":"https:\/\/portaltela.pt\/s.01k8rhncp4jt1\/2025\/11\/talking-bot-125x125.png","contentUrl":"https:\/\/portaltela.pt\/s.01k8rhncp4jt1\/2025\/11\/talking-bot-125x125.png","caption":"Telinha"},"sameAs":["https:\/\/portaltela.pt\/"],"url":"https:\/\/portaltela.pt\/por\/367410592786\/"}]}},"_links":{"self":[{"href":"https:\/\/portaltela.pt\/api\/wp\/v2\/posts\/437474","targetHints":{"allow":["GET"]}}],"collection":[{"href":"https:\/\/portaltela.pt\/api\/wp\/v2\/posts"}],"about":[{"href":"https:\/\/portaltela.pt\/api\/wp\/v2\/types\/post"}],"author":[{"embeddable":true,"href":"https:\/\/portaltela.pt\/api\/wp\/v2\/users\/2"}],"replies":[{"embeddable":true,"href":"https:\/\/portaltela.pt\/api\/wp\/v2\/comments?post=437474"}],"version-history":[{"count":0,"href":"https:\/\/portaltela.pt\/api\/wp\/v2\/posts\/437474\/revisions"}],"wp:featuredmedia":[{"embeddable":true,"href":"https:\/\/portaltela.pt\/api\/wp\/v2\/media\/437475"}],"wp:attachment":[{"href":"https:\/\/portaltela.pt\/api\/wp\/v2\/media?parent=437474"}],"wp:term":[{"taxonomy":"category","embeddable":true,"href":"https:\/\/portaltela.pt\/api\/wp\/v2\/categories?post=437474"},{"taxonomy":"post_tag","embeddable":true,"href":"https:\/\/portaltela.pt\/api\/wp\/v2\/tags?post=437474"}],"curies":[{"name":"wp","href":"https:\/\/api.w.org\/{rel}","templated":true}]}}