{"id":437459,"date":"2026-04-09T03:32:22","date_gmt":"2026-04-09T06:32:22","guid":{"rendered":"https:\/\/portaltela.pt\/noticias\/2026\/04\/09\/manuel-jose-diz-ter-sido-convidado-pelo-fc-porto-duas-vezes\/"},"modified":"2026-04-09T03:32:22","modified_gmt":"2026-04-09T06:32:22","slug":"manuel-jose-diz-ter-sido-convidado-pelo-fc-porto-duas-vezes","status":"publish","type":"post","link":"https:\/\/portaltela.pt\/desporto\/futebol\/2026\/04\/09\/manuel-jose-diz-ter-sido-convidado-pelo-fc-porto-duas-vezes\/","title":{"rendered":"Manuel Jos\u00e9 diz ter sido convidado pelo FC Porto duas vezes"},"content":{"rendered":"<p>Manuel Jos\u00e9 revelou em entrevista que o FC Porto o convidou para treinar o clube em duas ocasi\u00f5es, mas ele nunca aceitou. O t\u00e9cnico recorda uma rela\u00e7\u00e3o tensa com Pinto da Costa, presidente do clube azul e branco, embora mantenha o respeito entre ambos.<\/p>\n<p>Ao longo da carreira, o treinador passou por v\u00e1rios clubes nacionais e internacionais, destacando-se pela passagem pelo Al Ahly, no Egipto, onde foi \u00eddolo e conquistou t\u00edtulos importantes. O apoio ao clube eg\u00edpcio foi um marco da sua trajet\u00f3ria.<\/p>\n<p>A ideia de tens\u00e3o entre Manuel Jos\u00e9 e Pinto da Costa coexistiu com momentos de entendimento, assegura o treinador. Apesar dos desentendimentos, sempre houve respeito m\u00fatuo, comenta.<\/p>\n<p>Hoje aos 70 anos, Manuel Jos\u00e9 mant\u00e9m-se ligado ao futebol. Assinala que, apesar de sentir o tempo, continua a ter lucidez e a acompanhar o desporto com interesse ativo. A sa\u00fade e a vida pessoal tamb\u00e9m ocupam o seu discurso p\u00fablico.<\/p>\n","protected":false},"excerpt":{"rendered":"<ul>\n<li>Manuel Jos\u00e9 revelou que o FC Porto o convidou duas vezes para treinar o clube, mas nunca aceitou.<\/li>\n<li>A pr\u00f3pria entrevista relata uma rela\u00e7\u00e3o de animosidade com Pinto da Costa, apesar de existir respeito m\u00fatuo.<\/li>\n<li>O t\u00e9cnico recorda ainda o tempo em que foi \u00eddolo do Al Ahly, destacando t\u00edtulos e momentos marcantes no clube eg\u00edpcio.<\/li>\n<li>Aos 70 anos, mant\u00e9m a liga\u00e7\u00e3o ao futebol, mencionando que ainda se sente l\u00facido e que pretende acompanhar o desporto enquanto puder.<\/li>\n<li>O discurso enfatiza que, mesmo com desentendimentos, o respeito entre as partes permaneceu, reflectindo a complexidade de rela\u00e7\u00f5es no mundo do futebol.<\/li>\n<\/ul>\n","protected":false},"author":2,"featured_media":437463,"comment_status":"closed","ping_status":"closed","sticky":false,"template":"","format":"standard","meta":{"footnotes":""},"categories":[21,24],"tags":[7755,3707,2028,3338,982,2477],"class_list":["post-437459","post","type-post","status-publish","format-standard","has-post-thumbnail","hentry","category-desporto","category-futebol","tag-_futebol","tag-egipto","tag-fc-porto","tag-futebol-internacional","tag-porto","tag-treinadores"],"yoast_head":"<!-- This site is optimized with the Yoast SEO plugin v27.2 - https:\/\/yoast.com\/product\/yoast-seo-wordpress\/ -->\n<title>Manuel Jos\u00e9 diz ter sido convidado pelo FC Porto duas vezes - Portal Tela Portugal<\/title>\n<meta name=\"robots\" content=\"index, follow, max-snippet:-1, max-image-preview:large, max-video-preview:-1\" \/>\n<meta property=\"og:locale\" content=\"pt_PT\" \/>\n<meta property=\"og:type\" content=\"article\" \/>\n<meta property=\"og:title\" content=\"Manuel Jos\u00e9 diz ter sido convidado pelo FC Porto duas vezes - Portal Tela Portugal\" \/>\n<meta property=\"og:description\" content=\"Manuel Jos\u00e9 revelou que o FC Porto o convidou duas vezes para treinar o clube, mas nunca aceitou. A pr\u00f3pria entrevista relata uma rela\u00e7\u00e3o de animosidade com Pinto da Costa, apesar de existir respeito m\u00fatuo. O t\u00e9cnico recorda ainda o tempo em que foi \u00eddolo do Al Ahly, destacando t\u00edtulos e momentos marcantes no clube eg\u00edpcio. Aos 70 anos, mant\u00e9m a liga\u00e7\u00e3o ao futebol, mencionando que ainda se sente l\u00facido e que pretende acompanhar o desporto enquanto puder. O discurso enfatiza que, mesmo com desentendimentos, o respeito entre as partes permaneceu, reflectindo a complexidade de rela\u00e7\u00f5es no mundo do futebol.\" \/>\n<meta property=\"og:url\" content=\"https:\/\/portaltela.pt\/noticias\/2026\/04\/09\/manuel-jose-diz-ter-sido-convidado-pelo-fc-porto-duas-vezes\/\" \/>\n<meta property=\"og:site_name\" content=\"Portal Tela Portugal\" \/>\n<meta property=\"article:published_time\" content=\"2026-04-09T06:32:22+00:00\" \/>\n<meta name=\"author\" content=\"Telinha\" \/>\n<meta name=\"twitter:card\" content=\"summary_large_image\" \/>\n<meta name=\"twitter:label1\" content=\"Escrito por\" \/>\n\t<meta name=\"twitter:data1\" content=\"Telinha\" \/>\n\t<meta name=\"twitter:label2\" content=\"Tempo estimado de leitura\" \/>\n\t<meta name=\"twitter:data2\" content=\"1 minuto\" \/>\n<script type=\"application\/ld+json\" class=\"yoast-schema-graph\">{\"@context\":\"https:\/\/schema.org\",\"@graph\":[{\"@type\":\"Article\",\"@id\":\"https:\/\/portaltela.pt\/noticias\/2026\/04\/09\/manuel-jose-diz-ter-sido-convidado-pelo-fc-porto-duas-vezes\/#article\",\"isPartOf\":{\"@id\":\"https:\/\/portaltela.pt\/noticias\/2026\/04\/09\/manuel-jose-diz-ter-sido-convidado-pelo-fc-porto-duas-vezes\/\"},\"author\":{\"name\":\"Telinha\",\"@id\":\"https:\/\/portaltela.pt\/#\/schema\/person\/c4278d4a6028830caff9ee44b42d32ed\"},\"headline\":\"Manuel Jos\u00e9 diz ter sido convidado pelo FC Porto duas vezes\",\"datePublished\":\"2026-04-09T06:32:22+00:00\",\"mainEntityOfPage\":{\"@id\":\"https:\/\/portaltela.pt\/noticias\/2026\/04\/09\/manuel-jose-diz-ter-sido-convidado-pelo-fc-porto-duas-vezes\/\"},\"wordCount\":174,\"image\":{\"@id\":\"https:\/\/portaltela.pt\/noticias\/2026\/04\/09\/manuel-jose-diz-ter-sido-convidado-pelo-fc-porto-duas-vezes\/#primaryimage\"},\"thumbnailUrl\":\"https:\/\/portaltela.pt\/s.01k8rhncp4jt1\/2026\/04\/img_920x518uu2026-04-08-23-48-35-2431913-im-639112889422262856.jpg\",\"keywords\":[\"_futebol\",\"Egipto\",\"FC Porto\",\"futebol internacional\",\"Porto\",\"treinadores\"],\"articleSection\":[\"Desporto\",\"Futebol\"],\"inLanguage\":\"pt-PT\"},{\"@type\":\"WebPage\",\"@id\":\"https:\/\/portaltela.pt\/noticias\/2026\/04\/09\/manuel-jose-diz-ter-sido-convidado-pelo-fc-porto-duas-vezes\/\",\"url\":\"https:\/\/portaltela.pt\/noticias\/2026\/04\/09\/manuel-jose-diz-ter-sido-convidado-pelo-fc-porto-duas-vezes\/\",\"name\":\"Manuel Jos\u00e9 diz ter sido convidado pelo FC Porto duas vezes - Portal Tela Portugal\",\"isPartOf\":{\"@id\":\"https:\/\/portaltela.pt\/#website\"},\"primaryImageOfPage\":{\"@id\":\"https:\/\/portaltela.pt\/noticias\/2026\/04\/09\/manuel-jose-diz-ter-sido-convidado-pelo-fc-porto-duas-vezes\/#primaryimage\"},\"image\":{\"@id\":\"https:\/\/portaltela.pt\/noticias\/2026\/04\/09\/manuel-jose-diz-ter-sido-convidado-pelo-fc-porto-duas-vezes\/#primaryimage\"},\"thumbnailUrl\":\"https:\/\/portaltela.pt\/s.01k8rhncp4jt1\/2026\/04\/img_920x518uu2026-04-08-23-48-35-2431913-im-639112889422262856.jpg\",\"datePublished\":\"2026-04-09T06:32:22+00:00\",\"author\":{\"@id\":\"https:\/\/portaltela.pt\/#\/schema\/person\/c4278d4a6028830caff9ee44b42d32ed\"},\"breadcrumb\":{\"@id\":\"https:\/\/portaltela.pt\/noticias\/2026\/04\/09\/manuel-jose-diz-ter-sido-convidado-pelo-fc-porto-duas-vezes\/#breadcrumb\"},\"inLanguage\":\"pt-PT\",\"potentialAction\":[{\"@type\":\"ReadAction\",\"target\":[\"https:\/\/portaltela.pt\/noticias\/2026\/04\/09\/manuel-jose-diz-ter-sido-convidado-pelo-fc-porto-duas-vezes\/\"]}]},{\"@type\":\"ImageObject\",\"inLanguage\":\"pt-PT\",\"@id\":\"https:\/\/portaltela.pt\/noticias\/2026\/04\/09\/manuel-jose-diz-ter-sido-convidado-pelo-fc-porto-duas-vezes\/#primaryimage\",\"url\":\"https:\/\/portaltela.pt\/s.01k8rhncp4jt1\/2026\/04\/img_920x518uu2026-04-08-23-48-35-2431913-im-639112889422262856.jpg\",\"contentUrl\":\"https:\/\/portaltela.pt\/s.01k8rhncp4jt1\/2026\/04\/img_920x518uu2026-04-08-23-48-35-2431913-im-639112889422262856.jpg\",\"width\":796,\"height\":448,\"caption\":\"Manuel Jos\u00e9 em entrevista a Record\"},{\"@type\":\"BreadcrumbList\",\"@id\":\"https:\/\/portaltela.pt\/noticias\/2026\/04\/09\/manuel-jose-diz-ter-sido-convidado-pelo-fc-porto-duas-vezes\/#breadcrumb\",\"itemListElement\":[{\"@type\":\"ListItem\",\"position\":1,\"name\":\"In\u00edcio\",\"item\":\"https:\/\/portaltela.pt\/\"},{\"@type\":\"ListItem\",\"position\":2,\"name\":\"Manuel Jos\u00e9 diz ter sido convidado pelo FC Porto duas vezes\"}]},{\"@type\":\"WebSite\",\"@id\":\"https:\/\/portaltela.pt\/#website\",\"url\":\"https:\/\/portaltela.pt\/\",\"name\":\"Portal Tela Portugal\",\"description\":\"\",\"potentialAction\":[{\"@type\":\"SearchAction\",\"target\":{\"@type\":\"EntryPoint\",\"urlTemplate\":\"https:\/\/portaltela.pt\/?s={search_term_string}\"},\"query-input\":{\"@type\":\"PropertyValueSpecification\",\"valueRequired\":true,\"valueName\":\"search_term_string\"}}],\"inLanguage\":\"pt-PT\"},{\"@type\":\"Person\",\"@id\":\"https:\/\/portaltela.pt\/#\/schema\/person\/c4278d4a6028830caff9ee44b42d32ed\",\"name\":\"Telinha\",\"image\":{\"@type\":\"ImageObject\",\"inLanguage\":\"pt-PT\",\"@id\":\"https:\/\/portaltela.pt\/s.01k8rhncp4jt1\/2025\/11\/talking-bot-125x125.png\",\"url\":\"https:\/\/portaltela.pt\/s.01k8rhncp4jt1\/2025\/11\/talking-bot-125x125.png\",\"contentUrl\":\"https:\/\/portaltela.pt\/s.01k8rhncp4jt1\/2025\/11\/talking-bot-125x125.png\",\"caption\":\"Telinha\"},\"sameAs\":[\"https:\/\/portaltela.pt\/\"],\"url\":\"https:\/\/portaltela.pt\/por\/367410592786\/\"}]}<\/script>\n<!-- \/ Yoast SEO plugin. -->","yoast_head_json":{"title":"Manuel Jos\u00e9 diz ter sido convidado pelo FC Porto duas vezes - Portal Tela Portugal","robots":{"index":"index","follow":"follow","max-snippet":"max-snippet:-1","max-image-preview":"max-image-preview:large","max-video-preview":"max-video-preview:-1"},"og_locale":"pt_PT","og_type":"article","og_title":"Manuel Jos\u00e9 diz ter sido convidado pelo FC Porto duas vezes - Portal Tela Portugal","og_description":"Manuel Jos\u00e9 revelou que o FC Porto o convidou duas vezes para treinar o clube, mas nunca aceitou. A pr\u00f3pria entrevista relata uma rela\u00e7\u00e3o de animosidade com Pinto da Costa, apesar de existir respeito m\u00fatuo. O t\u00e9cnico recorda ainda o tempo em que foi \u00eddolo do Al Ahly, destacando t\u00edtulos e momentos marcantes no clube eg\u00edpcio. Aos 70 anos, mant\u00e9m a liga\u00e7\u00e3o ao futebol, mencionando que ainda se sente l\u00facido e que pretende acompanhar o desporto enquanto puder. O discurso enfatiza que, mesmo com desentendimentos, o respeito entre as partes permaneceu, reflectindo a complexidade de rela\u00e7\u00f5es no mundo do futebol.","og_url":"https:\/\/portaltela.pt\/noticias\/2026\/04\/09\/manuel-jose-diz-ter-sido-convidado-pelo-fc-porto-duas-vezes\/","og_site_name":"Portal Tela Portugal","article_published_time":"2026-04-09T06:32:22+00:00","author":"Telinha","twitter_card":"summary_large_image","twitter_misc":{"Escrito por":"Telinha","Tempo estimado de leitura":"1 minuto"},"schema":{"@context":"https:\/\/schema.org","@graph":[{"@type":"Article","@id":"https:\/\/portaltela.pt\/noticias\/2026\/04\/09\/manuel-jose-diz-ter-sido-convidado-pelo-fc-porto-duas-vezes\/#article","isPartOf":{"@id":"https:\/\/portaltela.pt\/noticias\/2026\/04\/09\/manuel-jose-diz-ter-sido-convidado-pelo-fc-porto-duas-vezes\/"},"author":{"name":"Telinha","@id":"https:\/\/portaltela.pt\/#\/schema\/person\/c4278d4a6028830caff9ee44b42d32ed"},"headline":"Manuel Jos\u00e9 diz ter sido convidado pelo FC Porto duas vezes","datePublished":"2026-04-09T06:32:22+00:00","mainEntityOfPage":{"@id":"https:\/\/portaltela.pt\/noticias\/2026\/04\/09\/manuel-jose-diz-ter-sido-convidado-pelo-fc-porto-duas-vezes\/"},"wordCount":174,"image":{"@id":"https:\/\/portaltela.pt\/noticias\/2026\/04\/09\/manuel-jose-diz-ter-sido-convidado-pelo-fc-porto-duas-vezes\/#primaryimage"},"thumbnailUrl":"https:\/\/portaltela.pt\/s.01k8rhncp4jt1\/2026\/04\/img_920x518uu2026-04-08-23-48-35-2431913-im-639112889422262856.jpg","keywords":["_futebol","Egipto","FC Porto","futebol internacional","Porto","treinadores"],"articleSection":["Desporto","Futebol"],"inLanguage":"pt-PT"},{"@type":"WebPage","@id":"https:\/\/portaltela.pt\/noticias\/2026\/04\/09\/manuel-jose-diz-ter-sido-convidado-pelo-fc-porto-duas-vezes\/","url":"https:\/\/portaltela.pt\/noticias\/2026\/04\/09\/manuel-jose-diz-ter-sido-convidado-pelo-fc-porto-duas-vezes\/","name":"Manuel Jos\u00e9 diz ter sido convidado pelo FC Porto duas vezes - Portal Tela Portugal","isPartOf":{"@id":"https:\/\/portaltela.pt\/#website"},"primaryImageOfPage":{"@id":"https:\/\/portaltela.pt\/noticias\/2026\/04\/09\/manuel-jose-diz-ter-sido-convidado-pelo-fc-porto-duas-vezes\/#primaryimage"},"image":{"@id":"https:\/\/portaltela.pt\/noticias\/2026\/04\/09\/manuel-jose-diz-ter-sido-convidado-pelo-fc-porto-duas-vezes\/#primaryimage"},"thumbnailUrl":"https:\/\/portaltela.pt\/s.01k8rhncp4jt1\/2026\/04\/img_920x518uu2026-04-08-23-48-35-2431913-im-639112889422262856.jpg","datePublished":"2026-04-09T06:32:22+00:00","author":{"@id":"https:\/\/portaltela.pt\/#\/schema\/person\/c4278d4a6028830caff9ee44b42d32ed"},"breadcrumb":{"@id":"https:\/\/portaltela.pt\/noticias\/2026\/04\/09\/manuel-jose-diz-ter-sido-convidado-pelo-fc-porto-duas-vezes\/#breadcrumb"},"inLanguage":"pt-PT","potentialAction":[{"@type":"ReadAction","target":["https:\/\/portaltela.pt\/noticias\/2026\/04\/09\/manuel-jose-diz-ter-sido-convidado-pelo-fc-porto-duas-vezes\/"]}]},{"@type":"ImageObject","inLanguage":"pt-PT","@id":"https:\/\/portaltela.pt\/noticias\/2026\/04\/09\/manuel-jose-diz-ter-sido-convidado-pelo-fc-porto-duas-vezes\/#primaryimage","url":"https:\/\/portaltela.pt\/s.01k8rhncp4jt1\/2026\/04\/img_920x518uu2026-04-08-23-48-35-2431913-im-639112889422262856.jpg","contentUrl":"https:\/\/portaltela.pt\/s.01k8rhncp4jt1\/2026\/04\/img_920x518uu2026-04-08-23-48-35-2431913-im-639112889422262856.jpg","width":796,"height":448,"caption":"Manuel Jos\u00e9 em entrevista a Record"},{"@type":"BreadcrumbList","@id":"https:\/\/portaltela.pt\/noticias\/2026\/04\/09\/manuel-jose-diz-ter-sido-convidado-pelo-fc-porto-duas-vezes\/#breadcrumb","itemListElement":[{"@type":"ListItem","position":1,"name":"In\u00edcio","item":"https:\/\/portaltela.pt\/"},{"@type":"ListItem","position":2,"name":"Manuel Jos\u00e9 diz ter sido convidado pelo FC Porto duas vezes"}]},{"@type":"WebSite","@id":"https:\/\/portaltela.pt\/#website","url":"https:\/\/portaltela.pt\/","name":"Portal Tela Portugal","description":"","potentialAction":[{"@type":"SearchAction","target":{"@type":"EntryPoint","urlTemplate":"https:\/\/portaltela.pt\/?s={search_term_string}"},"query-input":{"@type":"PropertyValueSpecification","valueRequired":true,"valueName":"search_term_string"}}],"inLanguage":"pt-PT"},{"@type":"Person","@id":"https:\/\/portaltela.pt\/#\/schema\/person\/c4278d4a6028830caff9ee44b42d32ed","name":"Telinha","image":{"@type":"ImageObject","inLanguage":"pt-PT","@id":"https:\/\/portaltela.pt\/s.01k8rhncp4jt1\/2025\/11\/talking-bot-125x125.png","url":"https:\/\/portaltela.pt\/s.01k8rhncp4jt1\/2025\/11\/talking-bot-125x125.png","contentUrl":"https:\/\/portaltela.pt\/s.01k8rhncp4jt1\/2025\/11\/talking-bot-125x125.png","caption":"Telinha"},"sameAs":["https:\/\/portaltela.pt\/"],"url":"https:\/\/portaltela.pt\/por\/367410592786\/"}]}},"_links":{"self":[{"href":"https:\/\/portaltela.pt\/api\/wp\/v2\/posts\/437459","targetHints":{"allow":["GET"]}}],"collection":[{"href":"https:\/\/portaltela.pt\/api\/wp\/v2\/posts"}],"about":[{"href":"https:\/\/portaltela.pt\/api\/wp\/v2\/types\/post"}],"author":[{"embeddable":true,"href":"https:\/\/portaltela.pt\/api\/wp\/v2\/users\/2"}],"replies":[{"embeddable":true,"href":"https:\/\/portaltela.pt\/api\/wp\/v2\/comments?post=437459"}],"version-history":[{"count":0,"href":"https:\/\/portaltela.pt\/api\/wp\/v2\/posts\/437459\/revisions"}],"wp:featuredmedia":[{"embeddable":true,"href":"https:\/\/portaltela.pt\/api\/wp\/v2\/media\/437463"}],"wp:attachment":[{"href":"https:\/\/portaltela.pt\/api\/wp\/v2\/media?parent=437459"}],"wp:term":[{"taxonomy":"category","embeddable":true,"href":"https:\/\/portaltela.pt\/api\/wp\/v2\/categories?post=437459"},{"taxonomy":"post_tag","embeddable":true,"href":"https:\/\/portaltela.pt\/api\/wp\/v2\/tags?post=437459"}],"curies":[{"name":"wp","href":"https:\/\/api.w.org\/{rel}","templated":true}]}}