{"id":437453,"date":"2026-04-09T03:32:19","date_gmt":"2026-04-09T06:32:19","guid":{"rendered":"https:\/\/portaltela.pt\/noticias\/2026\/04\/09\/cliente-ferida-por-garrafa-que-caiu-de-prateleira-perde-acao-contra-o-continente\/"},"modified":"2026-04-09T03:32:19","modified_gmt":"2026-04-09T06:32:19","slug":"cliente-ferida-por-garrafa-que-caiu-de-prateleira-perde-acao-contra-o-continente","status":"publish","type":"post","link":"https:\/\/portaltela.pt\/noticias\/2026\/04\/09\/cliente-ferida-por-garrafa-que-caiu-de-prateleira-perde-acao-contra-o-continente\/","title":{"rendered":"Cliente ferida por garrafa que caiu de prateleira perde a\u00e7\u00e3o contra o Continente"},"content":{"rendered":"<p>Uma mulher ficou ferida por estilha\u00e7os de vidro de uma garrafa que caiu de um expositor na sec\u00e7\u00e3o de bebidas do hipermercado Continente, no Centro Comercial Colombo, em Lisboa, a 17 de setembro de 2018. A queda ocorreu num momento em que a v\u00edtima estava acompanhada por uma amiga.<\/p>\n<p>A mulher pediu indemniza\u00e7\u00e3o de cerca de 7500 euros ao Grupo Sonae, propriet\u00e1rio da cadeia Continente. O objetivo era compensar os ferimentos na perna causados pelo incidente. O processo correu nos tribunais nacionais.<\/p>\n<p>A senten\u00e7a foi confirmada pelo Tribunal da Rela\u00e7\u00e3o de Lisboa, mantendo a decis\u00e3o que rejeitou a indemniza\u00e7\u00e3o por n\u00e3o ficar comprovada a responsabilidade do estabelecimento. O veredito determina que n\u00e3o houve prova suficiente de nexo de causalidade com a gest\u00e3o do espa\u00e7o comercial.<\/p>\n<h3>Desdobramentos<\/h3>\n<p>Iv\u00e2nia N., ent\u00e3o com 29 anos, estava na sec\u00e7\u00e3o de bebidas quando ocorreu a queda. O incidente gerou per\u00edcia e alega\u00e7\u00f5es de falhas no acondicionamento de produtos em prateleiras. O caso permanece como refer\u00eancia sobre a necessidade de provas robustas para responsabiliza\u00e7\u00e3o de estabelecimentos.<\/p>\n","protected":false},"excerpt":{"rendered":"<ul>\n<li>Em Lisboa, uma mulher foi atingida por estilha\u00e7os de vidro de uma garrafa que caiu de um expositor na sec\u00e7\u00e3o de bebidas do Continente, no Centro Comercial Colombo, a 17 de setembro de 2018.<\/li>\n<li>A v\u00edtima, Iv\u00e2nia N., 29 anos, exigiu cerca de 7.500 euros de indemniza\u00e7\u00e3o ao Grupo Sonae, propriet\u00e1rio da cadeia Continente.<\/li>\n<li>N\u00e3o conseguiu provar a responsabilidade do supermercado pelo acidente, que resultou em ferimentos na perna direita.<\/li>\n<li>A senten\u00e7a foi confirmada pelo Tribunal da Rela\u00e7\u00e3o de Lisboa.<\/li>\n<\/ul>\n","protected":false},"author":2,"featured_media":437457,"comment_status":"closed","ping_status":"closed","sticky":false,"template":"","format":"standard","meta":{"footnotes":""},"categories":[6815,1],"tags":[5487,244,7806,2372,981,6208],"class_list":["post-437453","post","type-post","status-publish","format-standard","has-post-thumbnail","hentry","category-justica","category-noticias","tag-acidente","tag-comercio","tag-direitos-dos-consumidores","tag-indenizacao","tag-lisboa","tag-tribunais"],"yoast_head":"<!-- This site is optimized with the Yoast SEO plugin v27.2 - https:\/\/yoast.com\/product\/yoast-seo-wordpress\/ -->\n<title>Cliente ferida por garrafa que caiu de prateleira perde a\u00e7\u00e3o contra o Continente - Portal Tela Portugal<\/title>\n<meta name=\"robots\" content=\"index, follow, max-snippet:-1, max-image-preview:large, max-video-preview:-1\" \/>\n<meta property=\"og:locale\" content=\"pt_PT\" \/>\n<meta property=\"og:type\" content=\"article\" \/>\n<meta property=\"og:title\" content=\"Cliente ferida por garrafa que caiu de prateleira perde a\u00e7\u00e3o contra o Continente - Portal Tela Portugal\" \/>\n<meta property=\"og:description\" content=\"Em Lisboa, uma mulher foi atingida por estilha\u00e7os de vidro de uma garrafa que caiu de um expositor na sec\u00e7\u00e3o de bebidas do Continente, no Centro Comercial Colombo, a 17 de setembro de 2018. A v\u00edtima, Iv\u00e2nia N., 29 anos, exigiu cerca de 7.500 euros de indemniza\u00e7\u00e3o ao Grupo Sonae, propriet\u00e1rio da cadeia Continente. N\u00e3o conseguiu provar a responsabilidade do supermercado pelo acidente, que resultou em ferimentos na perna direita. A senten\u00e7a foi confirmada pelo Tribunal da Rela\u00e7\u00e3o de Lisboa.\" \/>\n<meta property=\"og:url\" content=\"https:\/\/portaltela.pt\/noticias\/2026\/04\/09\/cliente-ferida-por-garrafa-que-caiu-de-prateleira-perde-acao-contra-o-continente\/\" \/>\n<meta property=\"og:site_name\" content=\"Portal Tela Portugal\" \/>\n<meta property=\"article:published_time\" content=\"2026-04-09T06:32:19+00:00\" \/>\n<meta name=\"author\" content=\"Telinha\" \/>\n<meta name=\"twitter:card\" content=\"summary_large_image\" \/>\n<meta name=\"twitter:label1\" content=\"Escrito por\" \/>\n\t<meta name=\"twitter:data1\" content=\"Telinha\" \/>\n\t<meta name=\"twitter:label2\" content=\"Tempo estimado de leitura\" \/>\n\t<meta name=\"twitter:data2\" content=\"1 minuto\" \/>\n<script type=\"application\/ld+json\" class=\"yoast-schema-graph\">{\"@context\":\"https:\/\/schema.org\",\"@graph\":[{\"@type\":\"Article\",\"@id\":\"https:\/\/portaltela.pt\/noticias\/2026\/04\/09\/cliente-ferida-por-garrafa-que-caiu-de-prateleira-perde-acao-contra-o-continente\/#article\",\"isPartOf\":{\"@id\":\"https:\/\/portaltela.pt\/noticias\/2026\/04\/09\/cliente-ferida-por-garrafa-que-caiu-de-prateleira-perde-acao-contra-o-continente\/\"},\"author\":{\"name\":\"Telinha\",\"@id\":\"https:\/\/portaltela.pt\/#\/schema\/person\/c4278d4a6028830caff9ee44b42d32ed\"},\"headline\":\"Cliente ferida por garrafa que caiu de prateleira perde a\u00e7\u00e3o contra o Continente\",\"datePublished\":\"2026-04-09T06:32:19+00:00\",\"mainEntityOfPage\":{\"@id\":\"https:\/\/portaltela.pt\/noticias\/2026\/04\/09\/cliente-ferida-por-garrafa-que-caiu-de-prateleira-perde-acao-contra-o-continente\/\"},\"wordCount\":200,\"image\":{\"@id\":\"https:\/\/portaltela.pt\/noticias\/2026\/04\/09\/cliente-ferida-por-garrafa-que-caiu-de-prateleira-perde-acao-contra-o-continente\/#primaryimage\"},\"thumbnailUrl\":\"https:\/\/portaltela.pt\/s.01k8rhncp4jt1\/2026\/04\/f155e3ce-933a-4f6b-8b00-ec2125df69cb_1200x675.jpg\",\"keywords\":[\"acidente\",\"com\u00e9rcio\",\"direitos dos consumidores\",\"indeniza\u00e7\u00e3o\",\"Lisboa\",\"Tribunais\"],\"articleSection\":[\"Justi\u00e7a\",\"Not\u00edcias\"],\"inLanguage\":\"pt-PT\"},{\"@type\":\"WebPage\",\"@id\":\"https:\/\/portaltela.pt\/noticias\/2026\/04\/09\/cliente-ferida-por-garrafa-que-caiu-de-prateleira-perde-acao-contra-o-continente\/\",\"url\":\"https:\/\/portaltela.pt\/noticias\/2026\/04\/09\/cliente-ferida-por-garrafa-que-caiu-de-prateleira-perde-acao-contra-o-continente\/\",\"name\":\"Cliente ferida por garrafa que caiu de prateleira perde a\u00e7\u00e3o contra o Continente - Portal Tela Portugal\",\"isPartOf\":{\"@id\":\"https:\/\/portaltela.pt\/#website\"},\"primaryImageOfPage\":{\"@id\":\"https:\/\/portaltela.pt\/noticias\/2026\/04\/09\/cliente-ferida-por-garrafa-que-caiu-de-prateleira-perde-acao-contra-o-continente\/#primaryimage\"},\"image\":{\"@id\":\"https:\/\/portaltela.pt\/noticias\/2026\/04\/09\/cliente-ferida-por-garrafa-que-caiu-de-prateleira-perde-acao-contra-o-continente\/#primaryimage\"},\"thumbnailUrl\":\"https:\/\/portaltela.pt\/s.01k8rhncp4jt1\/2026\/04\/f155e3ce-933a-4f6b-8b00-ec2125df69cb_1200x675.jpg\",\"datePublished\":\"2026-04-09T06:32:19+00:00\",\"author\":{\"@id\":\"https:\/\/portaltela.pt\/#\/schema\/person\/c4278d4a6028830caff9ee44b42d32ed\"},\"breadcrumb\":{\"@id\":\"https:\/\/portaltela.pt\/noticias\/2026\/04\/09\/cliente-ferida-por-garrafa-que-caiu-de-prateleira-perde-acao-contra-o-continente\/#breadcrumb\"},\"inLanguage\":\"pt-PT\",\"potentialAction\":[{\"@type\":\"ReadAction\",\"target\":[\"https:\/\/portaltela.pt\/noticias\/2026\/04\/09\/cliente-ferida-por-garrafa-que-caiu-de-prateleira-perde-acao-contra-o-continente\/\"]}]},{\"@type\":\"ImageObject\",\"inLanguage\":\"pt-PT\",\"@id\":\"https:\/\/portaltela.pt\/noticias\/2026\/04\/09\/cliente-ferida-por-garrafa-que-caiu-de-prateleira-perde-acao-contra-o-continente\/#primaryimage\",\"url\":\"https:\/\/portaltela.pt\/s.01k8rhncp4jt1\/2026\/04\/f155e3ce-933a-4f6b-8b00-ec2125df69cb_1200x675.jpg\",\"contentUrl\":\"https:\/\/portaltela.pt\/s.01k8rhncp4jt1\/2026\/04\/f155e3ce-933a-4f6b-8b00-ec2125df69cb_1200x675.jpg\",\"width\":796,\"height\":448,\"caption\":\"Acidente ocorreu na sec\u00e7\u00e3o de bebidas de supermercado em Lisboa\"},{\"@type\":\"BreadcrumbList\",\"@id\":\"https:\/\/portaltela.pt\/noticias\/2026\/04\/09\/cliente-ferida-por-garrafa-que-caiu-de-prateleira-perde-acao-contra-o-continente\/#breadcrumb\",\"itemListElement\":[{\"@type\":\"ListItem\",\"position\":1,\"name\":\"In\u00edcio\",\"item\":\"https:\/\/portaltela.pt\/\"},{\"@type\":\"ListItem\",\"position\":2,\"name\":\"Cliente ferida por garrafa que caiu de prateleira perde a\u00e7\u00e3o contra o Continente\"}]},{\"@type\":\"WebSite\",\"@id\":\"https:\/\/portaltela.pt\/#website\",\"url\":\"https:\/\/portaltela.pt\/\",\"name\":\"Portal Tela Portugal\",\"description\":\"\",\"potentialAction\":[{\"@type\":\"SearchAction\",\"target\":{\"@type\":\"EntryPoint\",\"urlTemplate\":\"https:\/\/portaltela.pt\/?s={search_term_string}\"},\"query-input\":{\"@type\":\"PropertyValueSpecification\",\"valueRequired\":true,\"valueName\":\"search_term_string\"}}],\"inLanguage\":\"pt-PT\"},{\"@type\":\"Person\",\"@id\":\"https:\/\/portaltela.pt\/#\/schema\/person\/c4278d4a6028830caff9ee44b42d32ed\",\"name\":\"Telinha\",\"image\":{\"@type\":\"ImageObject\",\"inLanguage\":\"pt-PT\",\"@id\":\"https:\/\/portaltela.pt\/s.01k8rhncp4jt1\/2025\/11\/talking-bot-125x125.png\",\"url\":\"https:\/\/portaltela.pt\/s.01k8rhncp4jt1\/2025\/11\/talking-bot-125x125.png\",\"contentUrl\":\"https:\/\/portaltela.pt\/s.01k8rhncp4jt1\/2025\/11\/talking-bot-125x125.png\",\"caption\":\"Telinha\"},\"sameAs\":[\"https:\/\/portaltela.pt\/\"],\"url\":\"https:\/\/portaltela.pt\/por\/367410592786\/\"}]}<\/script>\n<!-- \/ Yoast SEO plugin. -->","yoast_head_json":{"title":"Cliente ferida por garrafa que caiu de prateleira perde a\u00e7\u00e3o contra o Continente - Portal Tela Portugal","robots":{"index":"index","follow":"follow","max-snippet":"max-snippet:-1","max-image-preview":"max-image-preview:large","max-video-preview":"max-video-preview:-1"},"og_locale":"pt_PT","og_type":"article","og_title":"Cliente ferida por garrafa que caiu de prateleira perde a\u00e7\u00e3o contra o Continente - Portal Tela Portugal","og_description":"Em Lisboa, uma mulher foi atingida por estilha\u00e7os de vidro de uma garrafa que caiu de um expositor na sec\u00e7\u00e3o de bebidas do Continente, no Centro Comercial Colombo, a 17 de setembro de 2018. A v\u00edtima, Iv\u00e2nia N., 29 anos, exigiu cerca de 7.500 euros de indemniza\u00e7\u00e3o ao Grupo Sonae, propriet\u00e1rio da cadeia Continente. N\u00e3o conseguiu provar a responsabilidade do supermercado pelo acidente, que resultou em ferimentos na perna direita. A senten\u00e7a foi confirmada pelo Tribunal da Rela\u00e7\u00e3o de Lisboa.","og_url":"https:\/\/portaltela.pt\/noticias\/2026\/04\/09\/cliente-ferida-por-garrafa-que-caiu-de-prateleira-perde-acao-contra-o-continente\/","og_site_name":"Portal Tela Portugal","article_published_time":"2026-04-09T06:32:19+00:00","author":"Telinha","twitter_card":"summary_large_image","twitter_misc":{"Escrito por":"Telinha","Tempo estimado de leitura":"1 minuto"},"schema":{"@context":"https:\/\/schema.org","@graph":[{"@type":"Article","@id":"https:\/\/portaltela.pt\/noticias\/2026\/04\/09\/cliente-ferida-por-garrafa-que-caiu-de-prateleira-perde-acao-contra-o-continente\/#article","isPartOf":{"@id":"https:\/\/portaltela.pt\/noticias\/2026\/04\/09\/cliente-ferida-por-garrafa-que-caiu-de-prateleira-perde-acao-contra-o-continente\/"},"author":{"name":"Telinha","@id":"https:\/\/portaltela.pt\/#\/schema\/person\/c4278d4a6028830caff9ee44b42d32ed"},"headline":"Cliente ferida por garrafa que caiu de prateleira perde a\u00e7\u00e3o contra o Continente","datePublished":"2026-04-09T06:32:19+00:00","mainEntityOfPage":{"@id":"https:\/\/portaltela.pt\/noticias\/2026\/04\/09\/cliente-ferida-por-garrafa-que-caiu-de-prateleira-perde-acao-contra-o-continente\/"},"wordCount":200,"image":{"@id":"https:\/\/portaltela.pt\/noticias\/2026\/04\/09\/cliente-ferida-por-garrafa-que-caiu-de-prateleira-perde-acao-contra-o-continente\/#primaryimage"},"thumbnailUrl":"https:\/\/portaltela.pt\/s.01k8rhncp4jt1\/2026\/04\/f155e3ce-933a-4f6b-8b00-ec2125df69cb_1200x675.jpg","keywords":["acidente","com\u00e9rcio","direitos dos consumidores","indeniza\u00e7\u00e3o","Lisboa","Tribunais"],"articleSection":["Justi\u00e7a","Not\u00edcias"],"inLanguage":"pt-PT"},{"@type":"WebPage","@id":"https:\/\/portaltela.pt\/noticias\/2026\/04\/09\/cliente-ferida-por-garrafa-que-caiu-de-prateleira-perde-acao-contra-o-continente\/","url":"https:\/\/portaltela.pt\/noticias\/2026\/04\/09\/cliente-ferida-por-garrafa-que-caiu-de-prateleira-perde-acao-contra-o-continente\/","name":"Cliente ferida por garrafa que caiu de prateleira perde a\u00e7\u00e3o contra o Continente - Portal Tela Portugal","isPartOf":{"@id":"https:\/\/portaltela.pt\/#website"},"primaryImageOfPage":{"@id":"https:\/\/portaltela.pt\/noticias\/2026\/04\/09\/cliente-ferida-por-garrafa-que-caiu-de-prateleira-perde-acao-contra-o-continente\/#primaryimage"},"image":{"@id":"https:\/\/portaltela.pt\/noticias\/2026\/04\/09\/cliente-ferida-por-garrafa-que-caiu-de-prateleira-perde-acao-contra-o-continente\/#primaryimage"},"thumbnailUrl":"https:\/\/portaltela.pt\/s.01k8rhncp4jt1\/2026\/04\/f155e3ce-933a-4f6b-8b00-ec2125df69cb_1200x675.jpg","datePublished":"2026-04-09T06:32:19+00:00","author":{"@id":"https:\/\/portaltela.pt\/#\/schema\/person\/c4278d4a6028830caff9ee44b42d32ed"},"breadcrumb":{"@id":"https:\/\/portaltela.pt\/noticias\/2026\/04\/09\/cliente-ferida-por-garrafa-que-caiu-de-prateleira-perde-acao-contra-o-continente\/#breadcrumb"},"inLanguage":"pt-PT","potentialAction":[{"@type":"ReadAction","target":["https:\/\/portaltela.pt\/noticias\/2026\/04\/09\/cliente-ferida-por-garrafa-que-caiu-de-prateleira-perde-acao-contra-o-continente\/"]}]},{"@type":"ImageObject","inLanguage":"pt-PT","@id":"https:\/\/portaltela.pt\/noticias\/2026\/04\/09\/cliente-ferida-por-garrafa-que-caiu-de-prateleira-perde-acao-contra-o-continente\/#primaryimage","url":"https:\/\/portaltela.pt\/s.01k8rhncp4jt1\/2026\/04\/f155e3ce-933a-4f6b-8b00-ec2125df69cb_1200x675.jpg","contentUrl":"https:\/\/portaltela.pt\/s.01k8rhncp4jt1\/2026\/04\/f155e3ce-933a-4f6b-8b00-ec2125df69cb_1200x675.jpg","width":796,"height":448,"caption":"Acidente ocorreu na sec\u00e7\u00e3o de bebidas de supermercado em Lisboa"},{"@type":"BreadcrumbList","@id":"https:\/\/portaltela.pt\/noticias\/2026\/04\/09\/cliente-ferida-por-garrafa-que-caiu-de-prateleira-perde-acao-contra-o-continente\/#breadcrumb","itemListElement":[{"@type":"ListItem","position":1,"name":"In\u00edcio","item":"https:\/\/portaltela.pt\/"},{"@type":"ListItem","position":2,"name":"Cliente ferida por garrafa que caiu de prateleira perde a\u00e7\u00e3o contra o Continente"}]},{"@type":"WebSite","@id":"https:\/\/portaltela.pt\/#website","url":"https:\/\/portaltela.pt\/","name":"Portal Tela Portugal","description":"","potentialAction":[{"@type":"SearchAction","target":{"@type":"EntryPoint","urlTemplate":"https:\/\/portaltela.pt\/?s={search_term_string}"},"query-input":{"@type":"PropertyValueSpecification","valueRequired":true,"valueName":"search_term_string"}}],"inLanguage":"pt-PT"},{"@type":"Person","@id":"https:\/\/portaltela.pt\/#\/schema\/person\/c4278d4a6028830caff9ee44b42d32ed","name":"Telinha","image":{"@type":"ImageObject","inLanguage":"pt-PT","@id":"https:\/\/portaltela.pt\/s.01k8rhncp4jt1\/2025\/11\/talking-bot-125x125.png","url":"https:\/\/portaltela.pt\/s.01k8rhncp4jt1\/2025\/11\/talking-bot-125x125.png","contentUrl":"https:\/\/portaltela.pt\/s.01k8rhncp4jt1\/2025\/11\/talking-bot-125x125.png","caption":"Telinha"},"sameAs":["https:\/\/portaltela.pt\/"],"url":"https:\/\/portaltela.pt\/por\/367410592786\/"}]}},"_links":{"self":[{"href":"https:\/\/portaltela.pt\/api\/wp\/v2\/posts\/437453","targetHints":{"allow":["GET"]}}],"collection":[{"href":"https:\/\/portaltela.pt\/api\/wp\/v2\/posts"}],"about":[{"href":"https:\/\/portaltela.pt\/api\/wp\/v2\/types\/post"}],"author":[{"embeddable":true,"href":"https:\/\/portaltela.pt\/api\/wp\/v2\/users\/2"}],"replies":[{"embeddable":true,"href":"https:\/\/portaltela.pt\/api\/wp\/v2\/comments?post=437453"}],"version-history":[{"count":0,"href":"https:\/\/portaltela.pt\/api\/wp\/v2\/posts\/437453\/revisions"}],"wp:featuredmedia":[{"embeddable":true,"href":"https:\/\/portaltela.pt\/api\/wp\/v2\/media\/437457"}],"wp:attachment":[{"href":"https:\/\/portaltela.pt\/api\/wp\/v2\/media?parent=437453"}],"wp:term":[{"taxonomy":"category","embeddable":true,"href":"https:\/\/portaltela.pt\/api\/wp\/v2\/categories?post=437453"},{"taxonomy":"post_tag","embeddable":true,"href":"https:\/\/portaltela.pt\/api\/wp\/v2\/tags?post=437453"}],"curies":[{"name":"wp","href":"https:\/\/api.w.org\/{rel}","templated":true}]}}