{"id":437448,"date":"2026-04-08T21:42:00","date_gmt":"2026-04-09T00:42:00","guid":{"rendered":"https:\/\/portaltela.pt\/noticias\/2026\/04\/08\/presidencia-aberta-cinto-de-seguranca-louros-e-a-relacao-governo-seguranca\/"},"modified":"2026-04-08T21:42:00","modified_gmt":"2026-04-09T00:42:00","slug":"presidencia-aberta-cinto-de-seguranca-louros-e-a-relacao-governo-seguranca","status":"publish","type":"post","link":"https:\/\/portaltela.pt\/noticias\/politica\/2026\/04\/08\/presidencia-aberta-cinto-de-seguranca-louros-e-a-relacao-governo-seguranca\/","title":{"rendered":"Presid\u00eancia Aberta: cinto de seguran\u00e7a, louros e a rela\u00e7\u00e3o Governo-Seguran\u00e7a"},"content":{"rendered":"<p>Na segunda-feira, durante a primeira Presid\u00eancia Aberta do novo Presidente Ant\u00f3nio Jos\u00e9 Seguro, Lu\u00eds Montenegro acompanhou as visitas \u00e0s zonas afetadas pelas tempestades. O encontro ocorreu em Tomar, com a desloca\u00e7\u00e3o da reuni\u00e3o semanal com o Primeiro-Ministro para o distrito de Santar\u00e9m.<\/p>\n<p>Em Santar\u00e9m, Seguro assinou um protocolo que serviu de pretexto para o Governo responder aos recados do Presidente, refor\u00e7ando a linha institucional da iniciativa.<\/p>\n<p>A a\u00e7\u00e3o foi apresentada como esfor\u00e7o conjunto para acelerar apoios e valorizar o turismo na regi\u00e3o, num movimento articulado entre o Presidente e o Governo.<\/p>\n<p>O Soundbite est\u00e1 dispon\u00edvel de segunda a sexta-feira em plataformas de podcast, incluindo Apple Podcasts e Spotify, bem como na \u00e1rea de podcasts do P\u00fablico.<\/p>\n<p>Fonte: P\u00fablico<\/p>\n","protected":false},"excerpt":{"rendered":"<ul>\n<li>No segundo dia da Presid\u00eancia Aberta, Ant\u00f3nio Jos\u00e9 Seguro levou Lu\u00eds Montenegro \u00e0s zonas afetadas pelas tempestades.<\/li>\n<li>Em Tomar, deslocou a reuni\u00e3o semanal com o primeiro-ministro para o distrito de Santar\u00e9m.<\/li>\n<li>Foi assinando um protocolo na ocasi\u00e3o, que serviu de pretexto para o l\u00edder do Governo responder aos recados do Presidente.<\/li>\n<li>O Soundbite analisa a primeira Presid\u00eancia Aberta do novo Presidente da Rep\u00fablica.<\/li>\n<li>O conte\u00fado est\u00e1 dispon\u00edvel de segunda a sexta-feira em apps de podcasts como Apple Podcasts e Spotify, e na \u00e1rea de podcasts do P\u00fablico.<\/li>\n<\/ul>\n","protected":false},"author":2,"featured_media":437449,"comment_status":"closed","ping_status":"closed","sticky":false,"template":"","format":"standard","meta":{"footnotes":""},"categories":[1,5],"tags":[34,2832,30,898,1088,169],"class_list":["post-437448","post","type-post","status-publish","format-standard","has-post-thumbnail","hentry","category-noticias","category-politica","tag-governo","tag-politica","tag-presidente","tag-santarem","tag-tomar","tag-turismo"],"yoast_head":"<!-- This site is optimized with the Yoast SEO plugin v27.2 - https:\/\/yoast.com\/product\/yoast-seo-wordpress\/ -->\n<title>Presid\u00eancia Aberta: cinto de seguran\u00e7a, louros e a rela\u00e7\u00e3o Governo-Seguran\u00e7a - Portal Tela Portugal<\/title>\n<meta name=\"robots\" content=\"index, follow, max-snippet:-1, max-image-preview:large, max-video-preview:-1\" \/>\n<meta property=\"og:locale\" content=\"pt_PT\" \/>\n<meta property=\"og:type\" content=\"article\" \/>\n<meta property=\"og:title\" content=\"Presid\u00eancia Aberta: cinto de seguran\u00e7a, louros e a rela\u00e7\u00e3o Governo-Seguran\u00e7a - Portal Tela Portugal\" \/>\n<meta property=\"og:description\" content=\"No segundo dia da Presid\u00eancia Aberta, Ant\u00f3nio Jos\u00e9 Seguro levou Lu\u00eds Montenegro \u00e0s zonas afetadas pelas tempestades. Em Tomar, deslocou a reuni\u00e3o semanal com o primeiro-ministro para o distrito de Santar\u00e9m. Foi assinando um protocolo na ocasi\u00e3o, que serviu de pretexto para o l\u00edder do Governo responder aos recados do Presidente. O Soundbite analisa a primeira Presid\u00eancia Aberta do novo Presidente da Rep\u00fablica. O conte\u00fado est\u00e1 dispon\u00edvel de segunda a sexta-feira em apps de podcasts como Apple Podcasts e Spotify, e na \u00e1rea de podcasts do P\u00fablico.\" \/>\n<meta property=\"og:url\" content=\"https:\/\/portaltela.pt\/noticias\/2026\/04\/08\/presidencia-aberta-cinto-de-seguranca-louros-e-a-relacao-governo-seguranca\/\" \/>\n<meta property=\"og:site_name\" content=\"Portal Tela Portugal\" \/>\n<meta property=\"article:published_time\" content=\"2026-04-09T00:42:00+00:00\" \/>\n<meta name=\"author\" content=\"Telinha\" \/>\n<meta name=\"twitter:card\" content=\"summary_large_image\" \/>\n<meta name=\"twitter:label1\" content=\"Escrito por\" \/>\n\t<meta name=\"twitter:data1\" content=\"Telinha\" \/>\n\t<meta name=\"twitter:label2\" content=\"Tempo estimado de leitura\" \/>\n\t<meta name=\"twitter:data2\" content=\"1 minuto\" \/>\n<script type=\"application\/ld+json\" class=\"yoast-schema-graph\">{\"@context\":\"https:\/\/schema.org\",\"@graph\":[{\"@type\":\"Article\",\"@id\":\"https:\/\/portaltela.pt\/noticias\/2026\/04\/08\/presidencia-aberta-cinto-de-seguranca-louros-e-a-relacao-governo-seguranca\/#article\",\"isPartOf\":{\"@id\":\"https:\/\/portaltela.pt\/noticias\/2026\/04\/08\/presidencia-aberta-cinto-de-seguranca-louros-e-a-relacao-governo-seguranca\/\"},\"author\":{\"name\":\"Telinha\",\"@id\":\"https:\/\/portaltela.pt\/#\/schema\/person\/c4278d4a6028830caff9ee44b42d32ed\"},\"headline\":\"Presid\u00eancia Aberta: cinto de seguran\u00e7a, louros e a rela\u00e7\u00e3o Governo-Seguran\u00e7a\",\"datePublished\":\"2026-04-09T00:42:00+00:00\",\"mainEntityOfPage\":{\"@id\":\"https:\/\/portaltela.pt\/noticias\/2026\/04\/08\/presidencia-aberta-cinto-de-seguranca-louros-e-a-relacao-governo-seguranca\/\"},\"wordCount\":146,\"image\":{\"@id\":\"https:\/\/portaltela.pt\/noticias\/2026\/04\/08\/presidencia-aberta-cinto-de-seguranca-louros-e-a-relacao-governo-seguranca\/#primaryimage\"},\"thumbnailUrl\":\"https:\/\/portaltela.pt\/s.01k8rhncp4jt1\/2026\/04\/2080074.jpg\",\"keywords\":[\"governo\",\"pol\u00edtica\",\"presidente\",\"Santar\u00e9m\",\"Tomar\",\"turismo\"],\"articleSection\":[\"Not\u00edcias\",\"Pol\u00edtica\"],\"inLanguage\":\"pt-PT\"},{\"@type\":\"WebPage\",\"@id\":\"https:\/\/portaltela.pt\/noticias\/2026\/04\/08\/presidencia-aberta-cinto-de-seguranca-louros-e-a-relacao-governo-seguranca\/\",\"url\":\"https:\/\/portaltela.pt\/noticias\/2026\/04\/08\/presidencia-aberta-cinto-de-seguranca-louros-e-a-relacao-governo-seguranca\/\",\"name\":\"Presid\u00eancia Aberta: cinto de seguran\u00e7a, louros e a rela\u00e7\u00e3o Governo-Seguran\u00e7a - Portal Tela Portugal\",\"isPartOf\":{\"@id\":\"https:\/\/portaltela.pt\/#website\"},\"primaryImageOfPage\":{\"@id\":\"https:\/\/portaltela.pt\/noticias\/2026\/04\/08\/presidencia-aberta-cinto-de-seguranca-louros-e-a-relacao-governo-seguranca\/#primaryimage\"},\"image\":{\"@id\":\"https:\/\/portaltela.pt\/noticias\/2026\/04\/08\/presidencia-aberta-cinto-de-seguranca-louros-e-a-relacao-governo-seguranca\/#primaryimage\"},\"thumbnailUrl\":\"https:\/\/portaltela.pt\/s.01k8rhncp4jt1\/2026\/04\/2080074.jpg\",\"datePublished\":\"2026-04-09T00:42:00+00:00\",\"author\":{\"@id\":\"https:\/\/portaltela.pt\/#\/schema\/person\/c4278d4a6028830caff9ee44b42d32ed\"},\"breadcrumb\":{\"@id\":\"https:\/\/portaltela.pt\/noticias\/2026\/04\/08\/presidencia-aberta-cinto-de-seguranca-louros-e-a-relacao-governo-seguranca\/#breadcrumb\"},\"inLanguage\":\"pt-PT\",\"potentialAction\":[{\"@type\":\"ReadAction\",\"target\":[\"https:\/\/portaltela.pt\/noticias\/2026\/04\/08\/presidencia-aberta-cinto-de-seguranca-louros-e-a-relacao-governo-seguranca\/\"]}]},{\"@type\":\"ImageObject\",\"inLanguage\":\"pt-PT\",\"@id\":\"https:\/\/portaltela.pt\/noticias\/2026\/04\/08\/presidencia-aberta-cinto-de-seguranca-louros-e-a-relacao-governo-seguranca\/#primaryimage\",\"url\":\"https:\/\/portaltela.pt\/s.01k8rhncp4jt1\/2026\/04\/2080074.jpg\",\"contentUrl\":\"https:\/\/portaltela.pt\/s.01k8rhncp4jt1\/2026\/04\/2080074.jpg\",\"width\":796,\"height\":448,\"caption\":\"Photo\"},{\"@type\":\"BreadcrumbList\",\"@id\":\"https:\/\/portaltela.pt\/noticias\/2026\/04\/08\/presidencia-aberta-cinto-de-seguranca-louros-e-a-relacao-governo-seguranca\/#breadcrumb\",\"itemListElement\":[{\"@type\":\"ListItem\",\"position\":1,\"name\":\"In\u00edcio\",\"item\":\"https:\/\/portaltela.pt\/\"},{\"@type\":\"ListItem\",\"position\":2,\"name\":\"Presid\u00eancia Aberta: cinto de seguran\u00e7a, louros e a rela\u00e7\u00e3o Governo-Seguran\u00e7a\"}]},{\"@type\":\"WebSite\",\"@id\":\"https:\/\/portaltela.pt\/#website\",\"url\":\"https:\/\/portaltela.pt\/\",\"name\":\"Portal Tela Portugal\",\"description\":\"\",\"potentialAction\":[{\"@type\":\"SearchAction\",\"target\":{\"@type\":\"EntryPoint\",\"urlTemplate\":\"https:\/\/portaltela.pt\/?s={search_term_string}\"},\"query-input\":{\"@type\":\"PropertyValueSpecification\",\"valueRequired\":true,\"valueName\":\"search_term_string\"}}],\"inLanguage\":\"pt-PT\"},{\"@type\":\"Person\",\"@id\":\"https:\/\/portaltela.pt\/#\/schema\/person\/c4278d4a6028830caff9ee44b42d32ed\",\"name\":\"Telinha\",\"image\":{\"@type\":\"ImageObject\",\"inLanguage\":\"pt-PT\",\"@id\":\"https:\/\/portaltela.pt\/s.01k8rhncp4jt1\/2025\/11\/talking-bot-125x125.png\",\"url\":\"https:\/\/portaltela.pt\/s.01k8rhncp4jt1\/2025\/11\/talking-bot-125x125.png\",\"contentUrl\":\"https:\/\/portaltela.pt\/s.01k8rhncp4jt1\/2025\/11\/talking-bot-125x125.png\",\"caption\":\"Telinha\"},\"sameAs\":[\"https:\/\/portaltela.pt\/\"],\"url\":\"https:\/\/portaltela.pt\/por\/367410592786\/\"}]}<\/script>\n<!-- \/ Yoast SEO plugin. -->","yoast_head_json":{"title":"Presid\u00eancia Aberta: cinto de seguran\u00e7a, louros e a rela\u00e7\u00e3o Governo-Seguran\u00e7a - Portal Tela Portugal","robots":{"index":"index","follow":"follow","max-snippet":"max-snippet:-1","max-image-preview":"max-image-preview:large","max-video-preview":"max-video-preview:-1"},"og_locale":"pt_PT","og_type":"article","og_title":"Presid\u00eancia Aberta: cinto de seguran\u00e7a, louros e a rela\u00e7\u00e3o Governo-Seguran\u00e7a - Portal Tela Portugal","og_description":"No segundo dia da Presid\u00eancia Aberta, Ant\u00f3nio Jos\u00e9 Seguro levou Lu\u00eds Montenegro \u00e0s zonas afetadas pelas tempestades. Em Tomar, deslocou a reuni\u00e3o semanal com o primeiro-ministro para o distrito de Santar\u00e9m. Foi assinando um protocolo na ocasi\u00e3o, que serviu de pretexto para o l\u00edder do Governo responder aos recados do Presidente. O Soundbite analisa a primeira Presid\u00eancia Aberta do novo Presidente da Rep\u00fablica. O conte\u00fado est\u00e1 dispon\u00edvel de segunda a sexta-feira em apps de podcasts como Apple Podcasts e Spotify, e na \u00e1rea de podcasts do P\u00fablico.","og_url":"https:\/\/portaltela.pt\/noticias\/2026\/04\/08\/presidencia-aberta-cinto-de-seguranca-louros-e-a-relacao-governo-seguranca\/","og_site_name":"Portal Tela Portugal","article_published_time":"2026-04-09T00:42:00+00:00","author":"Telinha","twitter_card":"summary_large_image","twitter_misc":{"Escrito por":"Telinha","Tempo estimado de leitura":"1 minuto"},"schema":{"@context":"https:\/\/schema.org","@graph":[{"@type":"Article","@id":"https:\/\/portaltela.pt\/noticias\/2026\/04\/08\/presidencia-aberta-cinto-de-seguranca-louros-e-a-relacao-governo-seguranca\/#article","isPartOf":{"@id":"https:\/\/portaltela.pt\/noticias\/2026\/04\/08\/presidencia-aberta-cinto-de-seguranca-louros-e-a-relacao-governo-seguranca\/"},"author":{"name":"Telinha","@id":"https:\/\/portaltela.pt\/#\/schema\/person\/c4278d4a6028830caff9ee44b42d32ed"},"headline":"Presid\u00eancia Aberta: cinto de seguran\u00e7a, louros e a rela\u00e7\u00e3o Governo-Seguran\u00e7a","datePublished":"2026-04-09T00:42:00+00:00","mainEntityOfPage":{"@id":"https:\/\/portaltela.pt\/noticias\/2026\/04\/08\/presidencia-aberta-cinto-de-seguranca-louros-e-a-relacao-governo-seguranca\/"},"wordCount":146,"image":{"@id":"https:\/\/portaltela.pt\/noticias\/2026\/04\/08\/presidencia-aberta-cinto-de-seguranca-louros-e-a-relacao-governo-seguranca\/#primaryimage"},"thumbnailUrl":"https:\/\/portaltela.pt\/s.01k8rhncp4jt1\/2026\/04\/2080074.jpg","keywords":["governo","pol\u00edtica","presidente","Santar\u00e9m","Tomar","turismo"],"articleSection":["Not\u00edcias","Pol\u00edtica"],"inLanguage":"pt-PT"},{"@type":"WebPage","@id":"https:\/\/portaltela.pt\/noticias\/2026\/04\/08\/presidencia-aberta-cinto-de-seguranca-louros-e-a-relacao-governo-seguranca\/","url":"https:\/\/portaltela.pt\/noticias\/2026\/04\/08\/presidencia-aberta-cinto-de-seguranca-louros-e-a-relacao-governo-seguranca\/","name":"Presid\u00eancia Aberta: cinto de seguran\u00e7a, louros e a rela\u00e7\u00e3o Governo-Seguran\u00e7a - Portal Tela Portugal","isPartOf":{"@id":"https:\/\/portaltela.pt\/#website"},"primaryImageOfPage":{"@id":"https:\/\/portaltela.pt\/noticias\/2026\/04\/08\/presidencia-aberta-cinto-de-seguranca-louros-e-a-relacao-governo-seguranca\/#primaryimage"},"image":{"@id":"https:\/\/portaltela.pt\/noticias\/2026\/04\/08\/presidencia-aberta-cinto-de-seguranca-louros-e-a-relacao-governo-seguranca\/#primaryimage"},"thumbnailUrl":"https:\/\/portaltela.pt\/s.01k8rhncp4jt1\/2026\/04\/2080074.jpg","datePublished":"2026-04-09T00:42:00+00:00","author":{"@id":"https:\/\/portaltela.pt\/#\/schema\/person\/c4278d4a6028830caff9ee44b42d32ed"},"breadcrumb":{"@id":"https:\/\/portaltela.pt\/noticias\/2026\/04\/08\/presidencia-aberta-cinto-de-seguranca-louros-e-a-relacao-governo-seguranca\/#breadcrumb"},"inLanguage":"pt-PT","potentialAction":[{"@type":"ReadAction","target":["https:\/\/portaltela.pt\/noticias\/2026\/04\/08\/presidencia-aberta-cinto-de-seguranca-louros-e-a-relacao-governo-seguranca\/"]}]},{"@type":"ImageObject","inLanguage":"pt-PT","@id":"https:\/\/portaltela.pt\/noticias\/2026\/04\/08\/presidencia-aberta-cinto-de-seguranca-louros-e-a-relacao-governo-seguranca\/#primaryimage","url":"https:\/\/portaltela.pt\/s.01k8rhncp4jt1\/2026\/04\/2080074.jpg","contentUrl":"https:\/\/portaltela.pt\/s.01k8rhncp4jt1\/2026\/04\/2080074.jpg","width":796,"height":448,"caption":"Photo"},{"@type":"BreadcrumbList","@id":"https:\/\/portaltela.pt\/noticias\/2026\/04\/08\/presidencia-aberta-cinto-de-seguranca-louros-e-a-relacao-governo-seguranca\/#breadcrumb","itemListElement":[{"@type":"ListItem","position":1,"name":"In\u00edcio","item":"https:\/\/portaltela.pt\/"},{"@type":"ListItem","position":2,"name":"Presid\u00eancia Aberta: cinto de seguran\u00e7a, louros e a rela\u00e7\u00e3o Governo-Seguran\u00e7a"}]},{"@type":"WebSite","@id":"https:\/\/portaltela.pt\/#website","url":"https:\/\/portaltela.pt\/","name":"Portal Tela Portugal","description":"","potentialAction":[{"@type":"SearchAction","target":{"@type":"EntryPoint","urlTemplate":"https:\/\/portaltela.pt\/?s={search_term_string}"},"query-input":{"@type":"PropertyValueSpecification","valueRequired":true,"valueName":"search_term_string"}}],"inLanguage":"pt-PT"},{"@type":"Person","@id":"https:\/\/portaltela.pt\/#\/schema\/person\/c4278d4a6028830caff9ee44b42d32ed","name":"Telinha","image":{"@type":"ImageObject","inLanguage":"pt-PT","@id":"https:\/\/portaltela.pt\/s.01k8rhncp4jt1\/2025\/11\/talking-bot-125x125.png","url":"https:\/\/portaltela.pt\/s.01k8rhncp4jt1\/2025\/11\/talking-bot-125x125.png","contentUrl":"https:\/\/portaltela.pt\/s.01k8rhncp4jt1\/2025\/11\/talking-bot-125x125.png","caption":"Telinha"},"sameAs":["https:\/\/portaltela.pt\/"],"url":"https:\/\/portaltela.pt\/por\/367410592786\/"}]}},"_links":{"self":[{"href":"https:\/\/portaltela.pt\/api\/wp\/v2\/posts\/437448","targetHints":{"allow":["GET"]}}],"collection":[{"href":"https:\/\/portaltela.pt\/api\/wp\/v2\/posts"}],"about":[{"href":"https:\/\/portaltela.pt\/api\/wp\/v2\/types\/post"}],"author":[{"embeddable":true,"href":"https:\/\/portaltela.pt\/api\/wp\/v2\/users\/2"}],"replies":[{"embeddable":true,"href":"https:\/\/portaltela.pt\/api\/wp\/v2\/comments?post=437448"}],"version-history":[{"count":0,"href":"https:\/\/portaltela.pt\/api\/wp\/v2\/posts\/437448\/revisions"}],"wp:featuredmedia":[{"embeddable":true,"href":"https:\/\/portaltela.pt\/api\/wp\/v2\/media\/437449"}],"wp:attachment":[{"href":"https:\/\/portaltela.pt\/api\/wp\/v2\/media?parent=437448"}],"wp:term":[{"taxonomy":"category","embeddable":true,"href":"https:\/\/portaltela.pt\/api\/wp\/v2\/categories?post=437448"},{"taxonomy":"post_tag","embeddable":true,"href":"https:\/\/portaltela.pt\/api\/wp\/v2\/tags?post=437448"}],"curies":[{"name":"wp","href":"https:\/\/api.w.org\/{rel}","templated":true}]}}