{"id":437440,"date":"2026-04-09T03:17:12","date_gmt":"2026-04-09T06:17:12","guid":{"rendered":"https:\/\/portaltela.pt\/noticias\/2026\/04\/09\/secretariado-nacional-da-ugt-reune-se-hoje-para-decidir-acordo-sobre-lei-laboral\/"},"modified":"2026-04-09T03:17:12","modified_gmt":"2026-04-09T06:17:12","slug":"secretariado-nacional-da-ugt-reune-se-hoje-para-decidir-acordo-sobre-lei-laboral","status":"publish","type":"post","link":"https:\/\/portaltela.pt\/sociedade\/2026\/04\/09\/secretariado-nacional-da-ugt-reune-se-hoje-para-decidir-acordo-sobre-lei-laboral\/","title":{"rendered":"Secretariado nacional da UGT re\u00fane-se hoje para decidir acordo sobre lei laboral"},"content":{"rendered":"<p>O secretariado nacional da UGT re\u00fane-se hoje para decidir se h\u00e1 luz verde \u00e0 proposta de altera\u00e7\u00f5es \u00e0 legisla\u00e7\u00e3o laboral apresentada em sede de Concerta\u00e7\u00e3o Social. A decis\u00e3o sobre um eventual acordo \u00e9 um dos pontos da ordem de trabalhos.<\/p>\n<p>A UGT \u00e9 chefiada por M\u00e1rio Mour\u00e3o, com a presidente Lucinda D\u00e2maso, e o \u00f3rg\u00e3o inclui 68 membros eleitos, mais membros por iner\u00eancia do secretariado executivo, presidentes de comiss\u00f5es e outras alas, segundo os estatutos.<\/p>\n<h3>Contexto da reuni\u00e3o<\/h3>\n<p>Na segunda-feira, a ministra do Trabalho indicou que, ap\u00f3s oito meses de negocia\u00e7\u00f5es, cada parceiro social deve consultar os seus \u00f3rg\u00e3os sobre a proposta e que haver\u00e1 uma reuni\u00e3o plen\u00e1ria de Concerta\u00e7\u00e3o Social em breve. O Governo afirma aguardar serenamente essa consulta, que considera definitiva.<\/p>\n<p>A decis\u00e3o sobre um acordo dever\u00e1 passar por essa reuni\u00e3o plen\u00e1ria de Concerta\u00e7\u00e3o Social, onde a CGTP tem assento. Nos \u00faltimos meses, o Governo tem reunido apenas com a UGT e as quatro confedera\u00e7\u00f5es empresariais, deixando a CGTP \u00e0 margem.<\/p>\n<h3>Conte\u00fado em debate<\/h3>\n<p>A UGT e o Governo mant\u00eam diverg\u00eancias sobre a proposta apresentada. A central liderada por Tiago Oliveira acusa o Governo de atitudes antidemocr\u00e1ticas ao convocar reuni\u00f5es paralelas \u00e0s plen\u00e1rias.<\/p>\n<p>H\u00e1 cerca de duas semanas, o Governo entregou um novo documento \u00e0 UGT e \u00e0s quatro confedera\u00e7\u00f5es empresariais. O texto insiste em ampliar o prazo de contrata\u00e7\u00f5es a termo certo e incerto, manter a n\u00e3o reintegra\u00e7\u00e3o em despedimentos il\u00edcitos e manter o banco de horas individual, com revoga\u00e7\u00e3o do banco de horas grupal.<\/p>\n<h3>Detalhes da proposta<\/h3>\n<p>O documento tamb\u00e9m prev\u00ea ajustes no outsourcing e nos setores abrangidos por servi\u00e7os m\u00ednimos em caso de greve. A simplifica\u00e7\u00e3o dos despedimentos por justa causa continua fora do package, segundo o anteprojeto.<\/p>\n<p>O anteprojeto de reforma da legisla\u00e7\u00e3o laboral, intitulado Trabalho XXI, foi apresentado a 24 de julho de 2025 como uma revis\u00e3o profunda, com mais de 100 altera\u00e7\u00f5es ao C\u00f3digo do Trabalho.<\/p>\n","protected":false},"excerpt":{"rendered":"<ul>\n<li>O secretariado nacional da UGT re\u00fane-se hoje para decidir se d\u00e1 luz verde \u00e0 proposta de altera\u00e7\u00f5es \u00e0 legisla\u00e7\u00e3o laboral em sede de Concerta\u00e7\u00e3o Social.<\/li>\n<li>A reuni\u00e3o envolve M\u00e1rio Mour\u00e3o (secret\u00e1rio-geral), Lucinda D\u00e2maso (presidente) e 68 membros eleitos em congresso, al\u00e9m de membros por iner\u00eancia.<\/li>\n<li>A decis\u00e3o sobre um eventual acordo exige uma reuni\u00e3o plen\u00e1ria de Concerta\u00e7\u00e3o Social, onde a CGTP tamb\u00e9m tem assento.<\/li>\n<li>O Governo tem procurado manter reuni\u00f5es com a UGT e as quatro confedera\u00e7\u00f5es empresariais, mantendo a CGTP \u00e0 margem das reuni\u00f5es paralelas.<\/li>\n<li>O anteprojeto Trabalho XXI prev\u00ea, entre outras mudan\u00e7as, alargar prazos de contratos a termo, n\u00e3o reintegrar trabalhadores em despedimento il\u00edcito, regressar ao banco de horas individual e revogar o banco de horas grupal, com ajustes no outsourcing e nos servi\u00e7os m\u00ednimos.<\/li>\n<\/ul>\n","protected":false},"author":2,"featured_media":437444,"comment_status":"closed","ping_status":"closed","sticky":false,"template":"","format":"standard","meta":{"footnotes":""},"categories":[1,6871],"tags":[2431,3020,1004,34,5463,2201],"class_list":["post-437440","post","type-post","status-publish","format-standard","has-post-thumbnail","hentry","category-noticias","category-sociedade","tag-concertacao-social","tag-despedimentos","tag-direitos-laborais","tag-governo","tag-outsourcing","tag-trabalho"],"yoast_head":"<!-- This site is optimized with the Yoast SEO plugin v27.2 - https:\/\/yoast.com\/product\/yoast-seo-wordpress\/ -->\n<title>Secretariado nacional da UGT re\u00fane-se hoje para decidir acordo sobre lei laboral - Portal Tela Portugal<\/title>\n<meta name=\"robots\" content=\"index, follow, max-snippet:-1, max-image-preview:large, max-video-preview:-1\" \/>\n<meta property=\"og:locale\" content=\"pt_PT\" \/>\n<meta property=\"og:type\" content=\"article\" \/>\n<meta property=\"og:title\" content=\"Secretariado nacional da UGT re\u00fane-se hoje para decidir acordo sobre lei laboral - Portal Tela Portugal\" \/>\n<meta property=\"og:description\" content=\"O secretariado nacional da UGT re\u00fane-se hoje para decidir se d\u00e1 luz verde \u00e0 proposta de altera\u00e7\u00f5es \u00e0 legisla\u00e7\u00e3o laboral em sede de Concerta\u00e7\u00e3o Social. A reuni\u00e3o envolve M\u00e1rio Mour\u00e3o (secret\u00e1rio-geral), Lucinda D\u00e2maso (presidente) e 68 membros eleitos em congresso, al\u00e9m de membros por iner\u00eancia. A decis\u00e3o sobre um eventual acordo exige uma reuni\u00e3o plen\u00e1ria de Concerta\u00e7\u00e3o Social, onde a CGTP tamb\u00e9m tem assento. O Governo tem procurado manter reuni\u00f5es com a UGT e as quatro confedera\u00e7\u00f5es empresariais, mantendo a CGTP \u00e0 margem das reuni\u00f5es paralelas. O anteprojeto Trabalho XXI prev\u00ea, entre outras mudan\u00e7as, alargar prazos de contratos a termo, n\u00e3o reintegrar trabalhadores em despedimento il\u00edcito, regressar ao banco de horas individual e revogar o banco de horas grupal, com ajustes no outsourcing e nos servi\u00e7os m\u00ednimos.\" \/>\n<meta property=\"og:url\" content=\"https:\/\/portaltela.pt\/noticias\/2026\/04\/09\/secretariado-nacional-da-ugt-reune-se-hoje-para-decidir-acordo-sobre-lei-laboral\/\" \/>\n<meta property=\"og:site_name\" content=\"Portal Tela Portugal\" \/>\n<meta property=\"article:published_time\" content=\"2026-04-09T06:17:12+00:00\" \/>\n<meta name=\"author\" content=\"Telinha\" \/>\n<meta name=\"twitter:card\" content=\"summary_large_image\" \/>\n<meta name=\"twitter:label1\" content=\"Escrito por\" \/>\n\t<meta name=\"twitter:data1\" content=\"Telinha\" \/>\n\t<meta name=\"twitter:label2\" content=\"Tempo estimado de leitura\" \/>\n\t<meta name=\"twitter:data2\" content=\"2 minutos\" \/>\n<script type=\"application\/ld+json\" class=\"yoast-schema-graph\">{\"@context\":\"https:\/\/schema.org\",\"@graph\":[{\"@type\":\"Article\",\"@id\":\"https:\/\/portaltela.pt\/noticias\/2026\/04\/09\/secretariado-nacional-da-ugt-reune-se-hoje-para-decidir-acordo-sobre-lei-laboral\/#article\",\"isPartOf\":{\"@id\":\"https:\/\/portaltela.pt\/noticias\/2026\/04\/09\/secretariado-nacional-da-ugt-reune-se-hoje-para-decidir-acordo-sobre-lei-laboral\/\"},\"author\":{\"name\":\"Telinha\",\"@id\":\"https:\/\/portaltela.pt\/#\/schema\/person\/c4278d4a6028830caff9ee44b42d32ed\"},\"headline\":\"Secretariado nacional da UGT re\u00fane-se hoje para decidir acordo sobre lei laboral\",\"datePublished\":\"2026-04-09T06:17:12+00:00\",\"mainEntityOfPage\":{\"@id\":\"https:\/\/portaltela.pt\/noticias\/2026\/04\/09\/secretariado-nacional-da-ugt-reune-se-hoje-para-decidir-acordo-sobre-lei-laboral\/\"},\"wordCount\":360,\"image\":{\"@id\":\"https:\/\/portaltela.pt\/noticias\/2026\/04\/09\/secretariado-nacional-da-ugt-reune-se-hoje-para-decidir-acordo-sobre-lei-laboral\/#primaryimage\"},\"thumbnailUrl\":\"https:\/\/portaltela.pt\/s.01k8rhncp4jt1\/2026\/04\/img_1280x721uu2014-12-18-14-06-00-425006.jpg\",\"keywords\":[\"Concerta\u00e7\u00e3o Social\",\"despedimentos\",\"direitos laborais\",\"governo\",\"outsourcing\",\"trabalho\"],\"articleSection\":[\"Not\u00edcias\",\"Sociedade\"],\"inLanguage\":\"pt-PT\"},{\"@type\":\"WebPage\",\"@id\":\"https:\/\/portaltela.pt\/noticias\/2026\/04\/09\/secretariado-nacional-da-ugt-reune-se-hoje-para-decidir-acordo-sobre-lei-laboral\/\",\"url\":\"https:\/\/portaltela.pt\/noticias\/2026\/04\/09\/secretariado-nacional-da-ugt-reune-se-hoje-para-decidir-acordo-sobre-lei-laboral\/\",\"name\":\"Secretariado nacional da UGT re\u00fane-se hoje para decidir acordo sobre lei laboral - Portal Tela Portugal\",\"isPartOf\":{\"@id\":\"https:\/\/portaltela.pt\/#website\"},\"primaryImageOfPage\":{\"@id\":\"https:\/\/portaltela.pt\/noticias\/2026\/04\/09\/secretariado-nacional-da-ugt-reune-se-hoje-para-decidir-acordo-sobre-lei-laboral\/#primaryimage\"},\"image\":{\"@id\":\"https:\/\/portaltela.pt\/noticias\/2026\/04\/09\/secretariado-nacional-da-ugt-reune-se-hoje-para-decidir-acordo-sobre-lei-laboral\/#primaryimage\"},\"thumbnailUrl\":\"https:\/\/portaltela.pt\/s.01k8rhncp4jt1\/2026\/04\/img_1280x721uu2014-12-18-14-06-00-425006.jpg\",\"datePublished\":\"2026-04-09T06:17:12+00:00\",\"author\":{\"@id\":\"https:\/\/portaltela.pt\/#\/schema\/person\/c4278d4a6028830caff9ee44b42d32ed\"},\"breadcrumb\":{\"@id\":\"https:\/\/portaltela.pt\/noticias\/2026\/04\/09\/secretariado-nacional-da-ugt-reune-se-hoje-para-decidir-acordo-sobre-lei-laboral\/#breadcrumb\"},\"inLanguage\":\"pt-PT\",\"potentialAction\":[{\"@type\":\"ReadAction\",\"target\":[\"https:\/\/portaltela.pt\/noticias\/2026\/04\/09\/secretariado-nacional-da-ugt-reune-se-hoje-para-decidir-acordo-sobre-lei-laboral\/\"]}]},{\"@type\":\"ImageObject\",\"inLanguage\":\"pt-PT\",\"@id\":\"https:\/\/portaltela.pt\/noticias\/2026\/04\/09\/secretariado-nacional-da-ugt-reune-se-hoje-para-decidir-acordo-sobre-lei-laboral\/#primaryimage\",\"url\":\"https:\/\/portaltela.pt\/s.01k8rhncp4jt1\/2026\/04\/img_1280x721uu2014-12-18-14-06-00-425006.jpg\",\"contentUrl\":\"https:\/\/portaltela.pt\/s.01k8rhncp4jt1\/2026\/04\/img_1280x721uu2014-12-18-14-06-00-425006.jpg\",\"width\":796,\"height\":448,\"caption\":\"UGT\"},{\"@type\":\"BreadcrumbList\",\"@id\":\"https:\/\/portaltela.pt\/noticias\/2026\/04\/09\/secretariado-nacional-da-ugt-reune-se-hoje-para-decidir-acordo-sobre-lei-laboral\/#breadcrumb\",\"itemListElement\":[{\"@type\":\"ListItem\",\"position\":1,\"name\":\"In\u00edcio\",\"item\":\"https:\/\/portaltela.pt\/\"},{\"@type\":\"ListItem\",\"position\":2,\"name\":\"Secretariado nacional da UGT re\u00fane-se hoje para decidir acordo sobre lei laboral\"}]},{\"@type\":\"WebSite\",\"@id\":\"https:\/\/portaltela.pt\/#website\",\"url\":\"https:\/\/portaltela.pt\/\",\"name\":\"Portal Tela Portugal\",\"description\":\"\",\"potentialAction\":[{\"@type\":\"SearchAction\",\"target\":{\"@type\":\"EntryPoint\",\"urlTemplate\":\"https:\/\/portaltela.pt\/?s={search_term_string}\"},\"query-input\":{\"@type\":\"PropertyValueSpecification\",\"valueRequired\":true,\"valueName\":\"search_term_string\"}}],\"inLanguage\":\"pt-PT\"},{\"@type\":\"Person\",\"@id\":\"https:\/\/portaltela.pt\/#\/schema\/person\/c4278d4a6028830caff9ee44b42d32ed\",\"name\":\"Telinha\",\"image\":{\"@type\":\"ImageObject\",\"inLanguage\":\"pt-PT\",\"@id\":\"https:\/\/portaltela.pt\/s.01k8rhncp4jt1\/2025\/11\/talking-bot-125x125.png\",\"url\":\"https:\/\/portaltela.pt\/s.01k8rhncp4jt1\/2025\/11\/talking-bot-125x125.png\",\"contentUrl\":\"https:\/\/portaltela.pt\/s.01k8rhncp4jt1\/2025\/11\/talking-bot-125x125.png\",\"caption\":\"Telinha\"},\"sameAs\":[\"https:\/\/portaltela.pt\/\"],\"url\":\"https:\/\/portaltela.pt\/por\/367410592786\/\"}]}<\/script>\n<!-- \/ Yoast SEO plugin. -->","yoast_head_json":{"title":"Secretariado nacional da UGT re\u00fane-se hoje para decidir acordo sobre lei laboral - Portal Tela Portugal","robots":{"index":"index","follow":"follow","max-snippet":"max-snippet:-1","max-image-preview":"max-image-preview:large","max-video-preview":"max-video-preview:-1"},"og_locale":"pt_PT","og_type":"article","og_title":"Secretariado nacional da UGT re\u00fane-se hoje para decidir acordo sobre lei laboral - Portal Tela Portugal","og_description":"O secretariado nacional da UGT re\u00fane-se hoje para decidir se d\u00e1 luz verde \u00e0 proposta de altera\u00e7\u00f5es \u00e0 legisla\u00e7\u00e3o laboral em sede de Concerta\u00e7\u00e3o Social. A reuni\u00e3o envolve M\u00e1rio Mour\u00e3o (secret\u00e1rio-geral), Lucinda D\u00e2maso (presidente) e 68 membros eleitos em congresso, al\u00e9m de membros por iner\u00eancia. A decis\u00e3o sobre um eventual acordo exige uma reuni\u00e3o plen\u00e1ria de Concerta\u00e7\u00e3o Social, onde a CGTP tamb\u00e9m tem assento. O Governo tem procurado manter reuni\u00f5es com a UGT e as quatro confedera\u00e7\u00f5es empresariais, mantendo a CGTP \u00e0 margem das reuni\u00f5es paralelas. O anteprojeto Trabalho XXI prev\u00ea, entre outras mudan\u00e7as, alargar prazos de contratos a termo, n\u00e3o reintegrar trabalhadores em despedimento il\u00edcito, regressar ao banco de horas individual e revogar o banco de horas grupal, com ajustes no outsourcing e nos servi\u00e7os m\u00ednimos.","og_url":"https:\/\/portaltela.pt\/noticias\/2026\/04\/09\/secretariado-nacional-da-ugt-reune-se-hoje-para-decidir-acordo-sobre-lei-laboral\/","og_site_name":"Portal Tela Portugal","article_published_time":"2026-04-09T06:17:12+00:00","author":"Telinha","twitter_card":"summary_large_image","twitter_misc":{"Escrito por":"Telinha","Tempo estimado de leitura":"2 minutos"},"schema":{"@context":"https:\/\/schema.org","@graph":[{"@type":"Article","@id":"https:\/\/portaltela.pt\/noticias\/2026\/04\/09\/secretariado-nacional-da-ugt-reune-se-hoje-para-decidir-acordo-sobre-lei-laboral\/#article","isPartOf":{"@id":"https:\/\/portaltela.pt\/noticias\/2026\/04\/09\/secretariado-nacional-da-ugt-reune-se-hoje-para-decidir-acordo-sobre-lei-laboral\/"},"author":{"name":"Telinha","@id":"https:\/\/portaltela.pt\/#\/schema\/person\/c4278d4a6028830caff9ee44b42d32ed"},"headline":"Secretariado nacional da UGT re\u00fane-se hoje para decidir acordo sobre lei laboral","datePublished":"2026-04-09T06:17:12+00:00","mainEntityOfPage":{"@id":"https:\/\/portaltela.pt\/noticias\/2026\/04\/09\/secretariado-nacional-da-ugt-reune-se-hoje-para-decidir-acordo-sobre-lei-laboral\/"},"wordCount":360,"image":{"@id":"https:\/\/portaltela.pt\/noticias\/2026\/04\/09\/secretariado-nacional-da-ugt-reune-se-hoje-para-decidir-acordo-sobre-lei-laboral\/#primaryimage"},"thumbnailUrl":"https:\/\/portaltela.pt\/s.01k8rhncp4jt1\/2026\/04\/img_1280x721uu2014-12-18-14-06-00-425006.jpg","keywords":["Concerta\u00e7\u00e3o Social","despedimentos","direitos laborais","governo","outsourcing","trabalho"],"articleSection":["Not\u00edcias","Sociedade"],"inLanguage":"pt-PT"},{"@type":"WebPage","@id":"https:\/\/portaltela.pt\/noticias\/2026\/04\/09\/secretariado-nacional-da-ugt-reune-se-hoje-para-decidir-acordo-sobre-lei-laboral\/","url":"https:\/\/portaltela.pt\/noticias\/2026\/04\/09\/secretariado-nacional-da-ugt-reune-se-hoje-para-decidir-acordo-sobre-lei-laboral\/","name":"Secretariado nacional da UGT re\u00fane-se hoje para decidir acordo sobre lei laboral - Portal Tela Portugal","isPartOf":{"@id":"https:\/\/portaltela.pt\/#website"},"primaryImageOfPage":{"@id":"https:\/\/portaltela.pt\/noticias\/2026\/04\/09\/secretariado-nacional-da-ugt-reune-se-hoje-para-decidir-acordo-sobre-lei-laboral\/#primaryimage"},"image":{"@id":"https:\/\/portaltela.pt\/noticias\/2026\/04\/09\/secretariado-nacional-da-ugt-reune-se-hoje-para-decidir-acordo-sobre-lei-laboral\/#primaryimage"},"thumbnailUrl":"https:\/\/portaltela.pt\/s.01k8rhncp4jt1\/2026\/04\/img_1280x721uu2014-12-18-14-06-00-425006.jpg","datePublished":"2026-04-09T06:17:12+00:00","author":{"@id":"https:\/\/portaltela.pt\/#\/schema\/person\/c4278d4a6028830caff9ee44b42d32ed"},"breadcrumb":{"@id":"https:\/\/portaltela.pt\/noticias\/2026\/04\/09\/secretariado-nacional-da-ugt-reune-se-hoje-para-decidir-acordo-sobre-lei-laboral\/#breadcrumb"},"inLanguage":"pt-PT","potentialAction":[{"@type":"ReadAction","target":["https:\/\/portaltela.pt\/noticias\/2026\/04\/09\/secretariado-nacional-da-ugt-reune-se-hoje-para-decidir-acordo-sobre-lei-laboral\/"]}]},{"@type":"ImageObject","inLanguage":"pt-PT","@id":"https:\/\/portaltela.pt\/noticias\/2026\/04\/09\/secretariado-nacional-da-ugt-reune-se-hoje-para-decidir-acordo-sobre-lei-laboral\/#primaryimage","url":"https:\/\/portaltela.pt\/s.01k8rhncp4jt1\/2026\/04\/img_1280x721uu2014-12-18-14-06-00-425006.jpg","contentUrl":"https:\/\/portaltela.pt\/s.01k8rhncp4jt1\/2026\/04\/img_1280x721uu2014-12-18-14-06-00-425006.jpg","width":796,"height":448,"caption":"UGT"},{"@type":"BreadcrumbList","@id":"https:\/\/portaltela.pt\/noticias\/2026\/04\/09\/secretariado-nacional-da-ugt-reune-se-hoje-para-decidir-acordo-sobre-lei-laboral\/#breadcrumb","itemListElement":[{"@type":"ListItem","position":1,"name":"In\u00edcio","item":"https:\/\/portaltela.pt\/"},{"@type":"ListItem","position":2,"name":"Secretariado nacional da UGT re\u00fane-se hoje para decidir acordo sobre lei laboral"}]},{"@type":"WebSite","@id":"https:\/\/portaltela.pt\/#website","url":"https:\/\/portaltela.pt\/","name":"Portal Tela Portugal","description":"","potentialAction":[{"@type":"SearchAction","target":{"@type":"EntryPoint","urlTemplate":"https:\/\/portaltela.pt\/?s={search_term_string}"},"query-input":{"@type":"PropertyValueSpecification","valueRequired":true,"valueName":"search_term_string"}}],"inLanguage":"pt-PT"},{"@type":"Person","@id":"https:\/\/portaltela.pt\/#\/schema\/person\/c4278d4a6028830caff9ee44b42d32ed","name":"Telinha","image":{"@type":"ImageObject","inLanguage":"pt-PT","@id":"https:\/\/portaltela.pt\/s.01k8rhncp4jt1\/2025\/11\/talking-bot-125x125.png","url":"https:\/\/portaltela.pt\/s.01k8rhncp4jt1\/2025\/11\/talking-bot-125x125.png","contentUrl":"https:\/\/portaltela.pt\/s.01k8rhncp4jt1\/2025\/11\/talking-bot-125x125.png","caption":"Telinha"},"sameAs":["https:\/\/portaltela.pt\/"],"url":"https:\/\/portaltela.pt\/por\/367410592786\/"}]}},"_links":{"self":[{"href":"https:\/\/portaltela.pt\/api\/wp\/v2\/posts\/437440","targetHints":{"allow":["GET"]}}],"collection":[{"href":"https:\/\/portaltela.pt\/api\/wp\/v2\/posts"}],"about":[{"href":"https:\/\/portaltela.pt\/api\/wp\/v2\/types\/post"}],"author":[{"embeddable":true,"href":"https:\/\/portaltela.pt\/api\/wp\/v2\/users\/2"}],"replies":[{"embeddable":true,"href":"https:\/\/portaltela.pt\/api\/wp\/v2\/comments?post=437440"}],"version-history":[{"count":0,"href":"https:\/\/portaltela.pt\/api\/wp\/v2\/posts\/437440\/revisions"}],"wp:featuredmedia":[{"embeddable":true,"href":"https:\/\/portaltela.pt\/api\/wp\/v2\/media\/437444"}],"wp:attachment":[{"href":"https:\/\/portaltela.pt\/api\/wp\/v2\/media?parent=437440"}],"wp:term":[{"taxonomy":"category","embeddable":true,"href":"https:\/\/portaltela.pt\/api\/wp\/v2\/categories?post=437440"},{"taxonomy":"post_tag","embeddable":true,"href":"https:\/\/portaltela.pt\/api\/wp\/v2\/tags?post=437440"}],"curies":[{"name":"wp","href":"https:\/\/api.w.org\/{rel}","templated":true}]}}