{"id":437439,"date":"2026-04-09T03:17:16","date_gmt":"2026-04-09T06:17:16","guid":{"rendered":"https:\/\/portaltela.pt\/noticias\/2026\/04\/09\/secretariado-da-ugt-reune-hoje-para-decidir-acordo-sobre-lei-laboral\/"},"modified":"2026-04-09T03:17:16","modified_gmt":"2026-04-09T06:17:16","slug":"secretariado-da-ugt-reune-hoje-para-decidir-acordo-sobre-lei-laboral","status":"publish","type":"post","link":"https:\/\/portaltela.pt\/noticias\/politica\/2026\/04\/09\/secretariado-da-ugt-reune-hoje-para-decidir-acordo-sobre-lei-laboral\/","title":{"rendered":"Secretariado da UGT re\u00fane hoje para decidir acordo sobre lei laboral"},"content":{"rendered":"<p>O Secretariado Nacional da UGT re\u00fane-se hoje para decidir se h\u00e1 acordo sobre a lei laboral. O encontro, que decorre em Portugal, centra-se na avalia\u00e7\u00e3o das propostas em negocia\u00e7\u00e3o e nos poss\u00edveis entendimentos entre as partes.<\/p>\n<p>Participam membros do secretariado e representantes da UGT, com a fun\u00e7\u00e3o de analisar o estado do processo e orientar a posi\u00e7\u00e3o do sindicato. O objetivo \u00e9 definir se h\u00e1 consenso suficiente para avan\u00e7ar.<\/p>\n<p>O conte\u00fado integral da reuni\u00e3o est\u00e1 dispon\u00edvel apenas para subscritores. A nota oficial ressalta que as decis\u00f5es \u2014 ainda n\u00e3o tomadas \u2014 dependem das delibera\u00e7\u00f5es do \u00f3rg\u00e3o, antes de qualquer an\u00fancio p\u00fablico.<\/p>\n","protected":false},"excerpt":{"rendered":"<ul>\n<li>O secretariado nacional da UGT re\u00fane-se hoje para decidir se h\u00e1 acordo sobre a lei laboral.<\/li>\n<li>A reuni\u00e3o centra-se na possibilidade de um entendimento sobre a legisla\u00e7\u00e3o trabalhista.<\/li>\n<li>O conte\u00fado completo da not\u00edcia est\u00e1 dispon\u00edvel apenas para subscritores.<\/li>\n<li>Para aceder \u00e9 necess\u00e1rio entrar no portal.<\/li>\n<\/ul>\n","protected":false},"author":2,"featured_media":437445,"comment_status":"closed","ping_status":"closed","sticky":false,"template":"","format":"standard","meta":{"footnotes":""},"categories":[5,6871],"tags":[6331,6094,1004,2832,966,2201],"class_list":["post-437439","post","type-post","status-publish","format-standard","has-post-thumbnail","hentry","category-politica","category-sociedade","tag-condicoes-de-trabalho","tag-direitos-dos-trabalhadores","tag-direitos-laborais","tag-politica","tag-sindicatos","tag-trabalho"],"yoast_head":"<!-- This site is optimized with the Yoast SEO plugin v27.2 - https:\/\/yoast.com\/product\/yoast-seo-wordpress\/ -->\n<title>Secretariado da UGT re\u00fane hoje para decidir acordo sobre lei laboral - Portal Tela Portugal<\/title>\n<meta name=\"robots\" content=\"index, follow, max-snippet:-1, max-image-preview:large, max-video-preview:-1\" \/>\n<meta property=\"og:locale\" content=\"pt_PT\" \/>\n<meta property=\"og:type\" content=\"article\" \/>\n<meta property=\"og:title\" content=\"Secretariado da UGT re\u00fane hoje para decidir acordo sobre lei laboral - Portal Tela Portugal\" \/>\n<meta property=\"og:description\" content=\"O secretariado nacional da UGT re\u00fane-se hoje para decidir se h\u00e1 acordo sobre a lei laboral. A reuni\u00e3o centra-se na possibilidade de um entendimento sobre a legisla\u00e7\u00e3o trabalhista. O conte\u00fado completo da not\u00edcia est\u00e1 dispon\u00edvel apenas para subscritores. Para aceder \u00e9 necess\u00e1rio entrar no portal.\" \/>\n<meta property=\"og:url\" content=\"https:\/\/portaltela.pt\/noticias\/2026\/04\/09\/secretariado-da-ugt-reune-hoje-para-decidir-acordo-sobre-lei-laboral\/\" \/>\n<meta property=\"og:site_name\" content=\"Portal Tela Portugal\" \/>\n<meta property=\"article:published_time\" content=\"2026-04-09T06:17:16+00:00\" \/>\n<meta name=\"author\" content=\"Telinha\" \/>\n<meta name=\"twitter:card\" content=\"summary_large_image\" \/>\n<meta name=\"twitter:label1\" content=\"Escrito por\" \/>\n\t<meta name=\"twitter:data1\" content=\"Telinha\" \/>\n\t<meta name=\"twitter:label2\" content=\"Tempo estimado de leitura\" \/>\n\t<meta name=\"twitter:data2\" content=\"1 minuto\" \/>\n<script type=\"application\/ld+json\" class=\"yoast-schema-graph\">{\"@context\":\"https:\/\/schema.org\",\"@graph\":[{\"@type\":\"Article\",\"@id\":\"https:\/\/portaltela.pt\/noticias\/2026\/04\/09\/secretariado-da-ugt-reune-hoje-para-decidir-acordo-sobre-lei-laboral\/#article\",\"isPartOf\":{\"@id\":\"https:\/\/portaltela.pt\/noticias\/2026\/04\/09\/secretariado-da-ugt-reune-hoje-para-decidir-acordo-sobre-lei-laboral\/\"},\"author\":{\"name\":\"Telinha\",\"@id\":\"https:\/\/portaltela.pt\/#\/schema\/person\/c4278d4a6028830caff9ee44b42d32ed\"},\"headline\":\"Secretariado da UGT re\u00fane hoje para decidir acordo sobre lei laboral\",\"datePublished\":\"2026-04-09T06:17:16+00:00\",\"mainEntityOfPage\":{\"@id\":\"https:\/\/portaltela.pt\/noticias\/2026\/04\/09\/secretariado-da-ugt-reune-hoje-para-decidir-acordo-sobre-lei-laboral\/\"},\"wordCount\":126,\"image\":{\"@id\":\"https:\/\/portaltela.pt\/noticias\/2026\/04\/09\/secretariado-da-ugt-reune-hoje-para-decidir-acordo-sobre-lei-laboral\/#primaryimage\"},\"thumbnailUrl\":\"https:\/\/portaltela.pt\/s.01k8rhncp4jt1\/2026\/04\/CACHE_780X1200_ANALOG_WATERMARKED_46148079_4653899_05122025093545.jpg\",\"keywords\":[\"condi\u00e7\u00f5es de trabalho\",\"direitos dos trabalhadores\",\"direitos laborais\",\"pol\u00edtica\",\"sindicatos\",\"trabalho\"],\"articleSection\":[\"Pol\u00edtica\",\"Sociedade\"],\"inLanguage\":\"pt-PT\"},{\"@type\":\"WebPage\",\"@id\":\"https:\/\/portaltela.pt\/noticias\/2026\/04\/09\/secretariado-da-ugt-reune-hoje-para-decidir-acordo-sobre-lei-laboral\/\",\"url\":\"https:\/\/portaltela.pt\/noticias\/2026\/04\/09\/secretariado-da-ugt-reune-hoje-para-decidir-acordo-sobre-lei-laboral\/\",\"name\":\"Secretariado da UGT re\u00fane hoje para decidir acordo sobre lei laboral - Portal Tela Portugal\",\"isPartOf\":{\"@id\":\"https:\/\/portaltela.pt\/#website\"},\"primaryImageOfPage\":{\"@id\":\"https:\/\/portaltela.pt\/noticias\/2026\/04\/09\/secretariado-da-ugt-reune-hoje-para-decidir-acordo-sobre-lei-laboral\/#primaryimage\"},\"image\":{\"@id\":\"https:\/\/portaltela.pt\/noticias\/2026\/04\/09\/secretariado-da-ugt-reune-hoje-para-decidir-acordo-sobre-lei-laboral\/#primaryimage\"},\"thumbnailUrl\":\"https:\/\/portaltela.pt\/s.01k8rhncp4jt1\/2026\/04\/CACHE_780X1200_ANALOG_WATERMARKED_46148079_4653899_05122025093545.jpg\",\"datePublished\":\"2026-04-09T06:17:16+00:00\",\"author\":{\"@id\":\"https:\/\/portaltela.pt\/#\/schema\/person\/c4278d4a6028830caff9ee44b42d32ed\"},\"breadcrumb\":{\"@id\":\"https:\/\/portaltela.pt\/noticias\/2026\/04\/09\/secretariado-da-ugt-reune-hoje-para-decidir-acordo-sobre-lei-laboral\/#breadcrumb\"},\"inLanguage\":\"pt-PT\",\"potentialAction\":[{\"@type\":\"ReadAction\",\"target\":[\"https:\/\/portaltela.pt\/noticias\/2026\/04\/09\/secretariado-da-ugt-reune-hoje-para-decidir-acordo-sobre-lei-laboral\/\"]}]},{\"@type\":\"ImageObject\",\"inLanguage\":\"pt-PT\",\"@id\":\"https:\/\/portaltela.pt\/noticias\/2026\/04\/09\/secretariado-da-ugt-reune-hoje-para-decidir-acordo-sobre-lei-laboral\/#primaryimage\",\"url\":\"https:\/\/portaltela.pt\/s.01k8rhncp4jt1\/2026\/04\/CACHE_780X1200_ANALOG_WATERMARKED_46148079_4653899_05122025093545.jpg\",\"contentUrl\":\"https:\/\/portaltela.pt\/s.01k8rhncp4jt1\/2026\/04\/CACHE_780X1200_ANALOG_WATERMARKED_46148079_4653899_05122025093545.jpg\",\"width\":768,\"height\":512,\"caption\":\"Secretariado nacional da UGT re\u00fane-se hoje para decidir se h\u00e1 acordo sobre lei laboral\"},{\"@type\":\"BreadcrumbList\",\"@id\":\"https:\/\/portaltela.pt\/noticias\/2026\/04\/09\/secretariado-da-ugt-reune-hoje-para-decidir-acordo-sobre-lei-laboral\/#breadcrumb\",\"itemListElement\":[{\"@type\":\"ListItem\",\"position\":1,\"name\":\"In\u00edcio\",\"item\":\"https:\/\/portaltela.pt\/\"},{\"@type\":\"ListItem\",\"position\":2,\"name\":\"Secretariado da UGT re\u00fane hoje para decidir acordo sobre lei laboral\"}]},{\"@type\":\"WebSite\",\"@id\":\"https:\/\/portaltela.pt\/#website\",\"url\":\"https:\/\/portaltela.pt\/\",\"name\":\"Portal Tela Portugal\",\"description\":\"\",\"potentialAction\":[{\"@type\":\"SearchAction\",\"target\":{\"@type\":\"EntryPoint\",\"urlTemplate\":\"https:\/\/portaltela.pt\/?s={search_term_string}\"},\"query-input\":{\"@type\":\"PropertyValueSpecification\",\"valueRequired\":true,\"valueName\":\"search_term_string\"}}],\"inLanguage\":\"pt-PT\"},{\"@type\":\"Person\",\"@id\":\"https:\/\/portaltela.pt\/#\/schema\/person\/c4278d4a6028830caff9ee44b42d32ed\",\"name\":\"Telinha\",\"image\":{\"@type\":\"ImageObject\",\"inLanguage\":\"pt-PT\",\"@id\":\"https:\/\/portaltela.pt\/s.01k8rhncp4jt1\/2025\/11\/talking-bot-125x125.png\",\"url\":\"https:\/\/portaltela.pt\/s.01k8rhncp4jt1\/2025\/11\/talking-bot-125x125.png\",\"contentUrl\":\"https:\/\/portaltela.pt\/s.01k8rhncp4jt1\/2025\/11\/talking-bot-125x125.png\",\"caption\":\"Telinha\"},\"sameAs\":[\"https:\/\/portaltela.pt\/\"],\"url\":\"https:\/\/portaltela.pt\/por\/367410592786\/\"}]}<\/script>\n<!-- \/ Yoast SEO plugin. -->","yoast_head_json":{"title":"Secretariado da UGT re\u00fane hoje para decidir acordo sobre lei laboral - Portal Tela Portugal","robots":{"index":"index","follow":"follow","max-snippet":"max-snippet:-1","max-image-preview":"max-image-preview:large","max-video-preview":"max-video-preview:-1"},"og_locale":"pt_PT","og_type":"article","og_title":"Secretariado da UGT re\u00fane hoje para decidir acordo sobre lei laboral - Portal Tela Portugal","og_description":"O secretariado nacional da UGT re\u00fane-se hoje para decidir se h\u00e1 acordo sobre a lei laboral. A reuni\u00e3o centra-se na possibilidade de um entendimento sobre a legisla\u00e7\u00e3o trabalhista. O conte\u00fado completo da not\u00edcia est\u00e1 dispon\u00edvel apenas para subscritores. Para aceder \u00e9 necess\u00e1rio entrar no portal.","og_url":"https:\/\/portaltela.pt\/noticias\/2026\/04\/09\/secretariado-da-ugt-reune-hoje-para-decidir-acordo-sobre-lei-laboral\/","og_site_name":"Portal Tela Portugal","article_published_time":"2026-04-09T06:17:16+00:00","author":"Telinha","twitter_card":"summary_large_image","twitter_misc":{"Escrito por":"Telinha","Tempo estimado de leitura":"1 minuto"},"schema":{"@context":"https:\/\/schema.org","@graph":[{"@type":"Article","@id":"https:\/\/portaltela.pt\/noticias\/2026\/04\/09\/secretariado-da-ugt-reune-hoje-para-decidir-acordo-sobre-lei-laboral\/#article","isPartOf":{"@id":"https:\/\/portaltela.pt\/noticias\/2026\/04\/09\/secretariado-da-ugt-reune-hoje-para-decidir-acordo-sobre-lei-laboral\/"},"author":{"name":"Telinha","@id":"https:\/\/portaltela.pt\/#\/schema\/person\/c4278d4a6028830caff9ee44b42d32ed"},"headline":"Secretariado da UGT re\u00fane hoje para decidir acordo sobre lei laboral","datePublished":"2026-04-09T06:17:16+00:00","mainEntityOfPage":{"@id":"https:\/\/portaltela.pt\/noticias\/2026\/04\/09\/secretariado-da-ugt-reune-hoje-para-decidir-acordo-sobre-lei-laboral\/"},"wordCount":126,"image":{"@id":"https:\/\/portaltela.pt\/noticias\/2026\/04\/09\/secretariado-da-ugt-reune-hoje-para-decidir-acordo-sobre-lei-laboral\/#primaryimage"},"thumbnailUrl":"https:\/\/portaltela.pt\/s.01k8rhncp4jt1\/2026\/04\/CACHE_780X1200_ANALOG_WATERMARKED_46148079_4653899_05122025093545.jpg","keywords":["condi\u00e7\u00f5es de trabalho","direitos dos trabalhadores","direitos laborais","pol\u00edtica","sindicatos","trabalho"],"articleSection":["Pol\u00edtica","Sociedade"],"inLanguage":"pt-PT"},{"@type":"WebPage","@id":"https:\/\/portaltela.pt\/noticias\/2026\/04\/09\/secretariado-da-ugt-reune-hoje-para-decidir-acordo-sobre-lei-laboral\/","url":"https:\/\/portaltela.pt\/noticias\/2026\/04\/09\/secretariado-da-ugt-reune-hoje-para-decidir-acordo-sobre-lei-laboral\/","name":"Secretariado da UGT re\u00fane hoje para decidir acordo sobre lei laboral - Portal Tela Portugal","isPartOf":{"@id":"https:\/\/portaltela.pt\/#website"},"primaryImageOfPage":{"@id":"https:\/\/portaltela.pt\/noticias\/2026\/04\/09\/secretariado-da-ugt-reune-hoje-para-decidir-acordo-sobre-lei-laboral\/#primaryimage"},"image":{"@id":"https:\/\/portaltela.pt\/noticias\/2026\/04\/09\/secretariado-da-ugt-reune-hoje-para-decidir-acordo-sobre-lei-laboral\/#primaryimage"},"thumbnailUrl":"https:\/\/portaltela.pt\/s.01k8rhncp4jt1\/2026\/04\/CACHE_780X1200_ANALOG_WATERMARKED_46148079_4653899_05122025093545.jpg","datePublished":"2026-04-09T06:17:16+00:00","author":{"@id":"https:\/\/portaltela.pt\/#\/schema\/person\/c4278d4a6028830caff9ee44b42d32ed"},"breadcrumb":{"@id":"https:\/\/portaltela.pt\/noticias\/2026\/04\/09\/secretariado-da-ugt-reune-hoje-para-decidir-acordo-sobre-lei-laboral\/#breadcrumb"},"inLanguage":"pt-PT","potentialAction":[{"@type":"ReadAction","target":["https:\/\/portaltela.pt\/noticias\/2026\/04\/09\/secretariado-da-ugt-reune-hoje-para-decidir-acordo-sobre-lei-laboral\/"]}]},{"@type":"ImageObject","inLanguage":"pt-PT","@id":"https:\/\/portaltela.pt\/noticias\/2026\/04\/09\/secretariado-da-ugt-reune-hoje-para-decidir-acordo-sobre-lei-laboral\/#primaryimage","url":"https:\/\/portaltela.pt\/s.01k8rhncp4jt1\/2026\/04\/CACHE_780X1200_ANALOG_WATERMARKED_46148079_4653899_05122025093545.jpg","contentUrl":"https:\/\/portaltela.pt\/s.01k8rhncp4jt1\/2026\/04\/CACHE_780X1200_ANALOG_WATERMARKED_46148079_4653899_05122025093545.jpg","width":768,"height":512,"caption":"Secretariado nacional da UGT re\u00fane-se hoje para decidir se h\u00e1 acordo sobre lei laboral"},{"@type":"BreadcrumbList","@id":"https:\/\/portaltela.pt\/noticias\/2026\/04\/09\/secretariado-da-ugt-reune-hoje-para-decidir-acordo-sobre-lei-laboral\/#breadcrumb","itemListElement":[{"@type":"ListItem","position":1,"name":"In\u00edcio","item":"https:\/\/portaltela.pt\/"},{"@type":"ListItem","position":2,"name":"Secretariado da UGT re\u00fane hoje para decidir acordo sobre lei laboral"}]},{"@type":"WebSite","@id":"https:\/\/portaltela.pt\/#website","url":"https:\/\/portaltela.pt\/","name":"Portal Tela Portugal","description":"","potentialAction":[{"@type":"SearchAction","target":{"@type":"EntryPoint","urlTemplate":"https:\/\/portaltela.pt\/?s={search_term_string}"},"query-input":{"@type":"PropertyValueSpecification","valueRequired":true,"valueName":"search_term_string"}}],"inLanguage":"pt-PT"},{"@type":"Person","@id":"https:\/\/portaltela.pt\/#\/schema\/person\/c4278d4a6028830caff9ee44b42d32ed","name":"Telinha","image":{"@type":"ImageObject","inLanguage":"pt-PT","@id":"https:\/\/portaltela.pt\/s.01k8rhncp4jt1\/2025\/11\/talking-bot-125x125.png","url":"https:\/\/portaltela.pt\/s.01k8rhncp4jt1\/2025\/11\/talking-bot-125x125.png","contentUrl":"https:\/\/portaltela.pt\/s.01k8rhncp4jt1\/2025\/11\/talking-bot-125x125.png","caption":"Telinha"},"sameAs":["https:\/\/portaltela.pt\/"],"url":"https:\/\/portaltela.pt\/por\/367410592786\/"}]}},"_links":{"self":[{"href":"https:\/\/portaltela.pt\/api\/wp\/v2\/posts\/437439","targetHints":{"allow":["GET"]}}],"collection":[{"href":"https:\/\/portaltela.pt\/api\/wp\/v2\/posts"}],"about":[{"href":"https:\/\/portaltela.pt\/api\/wp\/v2\/types\/post"}],"author":[{"embeddable":true,"href":"https:\/\/portaltela.pt\/api\/wp\/v2\/users\/2"}],"replies":[{"embeddable":true,"href":"https:\/\/portaltela.pt\/api\/wp\/v2\/comments?post=437439"}],"version-history":[{"count":0,"href":"https:\/\/portaltela.pt\/api\/wp\/v2\/posts\/437439\/revisions"}],"wp:featuredmedia":[{"embeddable":true,"href":"https:\/\/portaltela.pt\/api\/wp\/v2\/media\/437445"}],"wp:attachment":[{"href":"https:\/\/portaltela.pt\/api\/wp\/v2\/media?parent=437439"}],"wp:term":[{"taxonomy":"category","embeddable":true,"href":"https:\/\/portaltela.pt\/api\/wp\/v2\/categories?post=437439"},{"taxonomy":"post_tag","embeddable":true,"href":"https:\/\/portaltela.pt\/api\/wp\/v2\/tags?post=437439"}],"curies":[{"name":"wp","href":"https:\/\/api.w.org\/{rel}","templated":true}]}}