{"id":437434,"date":"2026-04-09T03:02:20","date_gmt":"2026-04-09T06:02:20","guid":{"rendered":"https:\/\/portaltela.pt\/noticias\/2026\/04\/09\/tempestades-marcam-litoral-portugues-com-recuo-de-praias-em-metros\/"},"modified":"2026-04-09T03:02:20","modified_gmt":"2026-04-09T06:02:20","slug":"tempestades-marcam-litoral-portugues-com-recuo-de-praias-em-metros","status":"publish","type":"post","link":"https:\/\/portaltela.pt\/meio-ambiente\/2026\/04\/09\/tempestades-marcam-litoral-portugues-com-recuo-de-praias-em-metros\/","title":{"rendered":"Tempestades marcam litoral portugu\u00eas com recuo de praias em metros"},"content":{"rendered":"<p>O oceano recuou v\u00e1rios metros em v\u00e1rias praias da costa portuguesa, ap\u00f3s tempestades no in\u00edcio do ano. A Ag\u00eancia Portuguesa do Ambiente (APA) revelou 749 ocorr\u00eancias na costa, entre as quais quedas significativas na linha de costa. O recuo chegou a dezenas de metros em alguns locais.<\/p>\n<p>Na Costa da Caparica, em Almada, o recuo registou at\u00e9 14 metros entre 20 de janeiro e 19 de fevereiro. A duna natural e o projeto de preserva\u00e7\u00e3o Reduna evitaram danos maiores, segundo a autarquia. Em Cova do Vapor, a prote\u00e7\u00e3o manteve-se est\u00e1vel por causa da duna.<\/p>\n<p>Na Fonte da Telha, o cen\u00e1rio foi semelhante, com zonas afetadas pela proximidade de concess\u00f5es tur\u00edsticas junto \u00e0 \u00e1gua. A autarca destacou que enchimentos de areia prometidos pelo governo s\u00e3o essenciais para proteger praias e \u00e1reas urbanas adjacentes.<\/p>\n<p>A APA revelou um conjunto de interven\u00e7\u00f5es para refor\u00e7ar o litoral, incluindo a reposi\u00e7\u00e3o de areia, refor\u00e7o de cord\u00f5es dunares e estabiliza\u00e7\u00e3o de arribas. O programa soma 111 milh\u00f5es de euros, com 15 milh\u00f5es previstos at\u00e9 maio e 12 milh\u00f5es at\u00e9 dezembro.<\/p>\n<p>O governo anunciou medidas para recuperar infraestruturas costeiras, refor\u00e7ar a prote\u00e7\u00e3o e manter o acesso \u00e0s praias. Entre as a\u00e7\u00f5es est\u00e3o a reconstru\u00e7\u00e3o de acessos, recupera\u00e7\u00e3o de passadi\u00e7os e alimenta\u00e7\u00e3o artificial de praias.<\/p>\n<p>O recuo das praias \u00e9 descrito por especialistas como um processo natural, agravado por fatores como subida do n\u00edvel do mar, fen\u00f3menos extremos e d\u00e9fice de sedimentos. Barragens hist\u00f3ricas ajudam a explicar parte do fen\u00f3meno.<\/p>\n<p>Para o futuro, as autoridades defendem ajustar o planeamento urbano e manter a\u00e7\u00f5es de prote\u00e7\u00e3o. N\u00e3o se colocam solu\u00e7\u00f5es \u00fanicas, mas um conjunto de medidas adaptadas \u00e0s caracter\u00edsticas de cada territ\u00f3rio e comunidade costeira.<\/p>\n<h3>Recuo costeiro e responsabilidades<\/h3>\n<p>Especialistas destacam que o problema resulta de uma conjuga\u00e7\u00e3o de fatores naturais e interven\u00e7\u00f5es humanas, com impactos mais vis\u00edveis em zonas urbanas e balneares. A manuten\u00e7\u00e3o da costa exige coordena\u00e7\u00e3o entre entidades locais e nacionais.<\/p>\n<h3>Perspetivas de gest\u00e3o e prote\u00e7\u00e3o<\/h3>\n<p>Autoridades apontam para refor\u00e7ar a resili\u00eancia natural, evitar ocupa\u00e7\u00e3o de \u00e1reas de alto risco e adaptar planos municipais. A gest\u00e3o costeira passa pela engenharia, planeamento e participa\u00e7\u00e3o comunit\u00e1ria, sem solu\u00e7\u00f5es universais.<\/p>\n","protected":false},"excerpt":{"rendered":"<ul>\n<li>A Ag\u00eancia Portuguesa do Ambiente registou 749 ocorr\u00eancias na costa portuguesa, incluindo o recuo da linha de costa entre 10 e 20 metros.<\/li>\n<li>Na praia de S\u00e3o Jo\u00e3o da Caparica, entre 20 de janeiro e 19 de fevereiro, o recuo m\u00e1ximo foi de 14 metros; a duna natural e o projeto Reduna evitaram males maiores.<\/li>\n<li>Em Fonte da Telha, uma duna criada por iniciativa municipal ajudou a impedir o avan\u00e7o do mar perto de \u00e1reas urbanas, com promessas de enchimentos de areia para proteger a zona costeira.<\/li>\n<li>O Governo anunciou um investimento total de 111 milh\u00f5es de euros para recuperar e refor\u00e7ar a costa, com 15 milh\u00f5es at\u00e9 final de maio e 12 milh\u00f5es at\u00e9 dezembro.<\/li>\n<li>Especialistas destacam que o recuo resulta de fatores naturais e de impactos humanos (subida do n\u00edvel do mar, sedimento retido por barragens e extra\u00e7\u00e3o de areia), exigindo planeamento adequado e medidas de prote\u00e7\u00e3o sem solu\u00e7\u00f5es \u00fanicas.<\/li>\n<\/ul>\n","protected":false},"author":2,"featured_media":437435,"comment_status":"closed","ping_status":"closed","sticky":false,"template":"","format":"standard","meta":{"footnotes":""},"categories":[6725],"tags":[6115,7767,1373,4880,5099,169],"class_list":["post-437434","post","type-post","status-publish","format-standard","has-post-thumbnail","hentry","category-meio-ambiente","tag-_economia","tag-_meio-ambiente","tag-almada","tag-conservacao-ambiental","tag-protecao-civil-municipal","tag-turismo"],"yoast_head":"<!-- This site is optimized with the Yoast SEO plugin v27.2 - https:\/\/yoast.com\/product\/yoast-seo-wordpress\/ -->\n<title>Tempestades marcam litoral portugu\u00eas com recuo de praias em metros - Portal Tela Portugal<\/title>\n<meta name=\"robots\" content=\"index, follow, max-snippet:-1, max-image-preview:large, max-video-preview:-1\" \/>\n<meta property=\"og:locale\" content=\"pt_PT\" \/>\n<meta property=\"og:type\" content=\"article\" \/>\n<meta property=\"og:title\" content=\"Tempestades marcam litoral portugu\u00eas com recuo de praias em metros - Portal Tela Portugal\" \/>\n<meta property=\"og:description\" content=\"A Ag\u00eancia Portuguesa do Ambiente registou 749 ocorr\u00eancias na costa portuguesa, incluindo o recuo da linha de costa entre 10 e 20 metros. Na praia de S\u00e3o Jo\u00e3o da Caparica, entre 20 de janeiro e 19 de fevereiro, o recuo m\u00e1ximo foi de 14 metros; a duna natural e o projeto Reduna evitaram males maiores. Em Fonte da Telha, uma duna criada por iniciativa municipal ajudou a impedir o avan\u00e7o do mar perto de \u00e1reas urbanas, com promessas de enchimentos de areia para proteger a zona costeira. O Governo anunciou um investimento total de 111 milh\u00f5es de euros para recuperar e refor\u00e7ar a costa, com 15 milh\u00f5es at\u00e9 final de maio e 12 milh\u00f5es at\u00e9 dezembro. Especialistas destacam que o recuo resulta de fatores naturais e de impactos humanos (subida do n\u00edvel do mar, sedimento retido por barragens e extra\u00e7\u00e3o de areia), exigindo planeamento adequado e medidas de prote\u00e7\u00e3o sem solu\u00e7\u00f5es \u00fanicas.\" \/>\n<meta property=\"og:url\" content=\"https:\/\/portaltela.pt\/noticias\/2026\/04\/09\/tempestades-marcam-litoral-portugues-com-recuo-de-praias-em-metros\/\" \/>\n<meta property=\"og:site_name\" content=\"Portal Tela Portugal\" \/>\n<meta property=\"article:published_time\" content=\"2026-04-09T06:02:20+00:00\" \/>\n<meta name=\"author\" content=\"Telinha\" \/>\n<meta name=\"twitter:card\" content=\"summary_large_image\" \/>\n<meta name=\"twitter:label1\" content=\"Escrito por\" \/>\n\t<meta name=\"twitter:data1\" content=\"Telinha\" \/>\n\t<meta name=\"twitter:label2\" content=\"Tempo estimado de leitura\" \/>\n\t<meta name=\"twitter:data2\" content=\"2 minutos\" \/>\n<script type=\"application\/ld+json\" class=\"yoast-schema-graph\">{\"@context\":\"https:\/\/schema.org\",\"@graph\":[{\"@type\":\"Article\",\"@id\":\"https:\/\/portaltela.pt\/noticias\/2026\/04\/09\/tempestades-marcam-litoral-portugues-com-recuo-de-praias-em-metros\/#article\",\"isPartOf\":{\"@id\":\"https:\/\/portaltela.pt\/noticias\/2026\/04\/09\/tempestades-marcam-litoral-portugues-com-recuo-de-praias-em-metros\/\"},\"author\":{\"name\":\"Telinha\",\"@id\":\"https:\/\/portaltela.pt\/#\/schema\/person\/c4278d4a6028830caff9ee44b42d32ed\"},\"headline\":\"Tempestades marcam litoral portugu\u00eas com recuo de praias em metros\",\"datePublished\":\"2026-04-09T06:02:20+00:00\",\"mainEntityOfPage\":{\"@id\":\"https:\/\/portaltela.pt\/noticias\/2026\/04\/09\/tempestades-marcam-litoral-portugues-com-recuo-de-praias-em-metros\/\"},\"wordCount\":408,\"image\":{\"@id\":\"https:\/\/portaltela.pt\/noticias\/2026\/04\/09\/tempestades-marcam-litoral-portugues-com-recuo-de-praias-em-metros\/#primaryimage\"},\"thumbnailUrl\":\"https:\/\/portaltela.pt\/s.01k8rhncp4jt1\/2026\/04\/1536x864_cmsv2_973fad95-bdbe-53b5-90da-f8ccf748c964-9701633.jpg\",\"keywords\":[\"_economia\",\"_meio-ambiente\",\"Almada\",\"conserva\u00e7\u00e3o ambiental\",\"Prote\u00e7\u00e3o Civil Municipal\",\"turismo\"],\"articleSection\":[\"Meio Ambiente\"],\"inLanguage\":\"pt-PT\"},{\"@type\":\"WebPage\",\"@id\":\"https:\/\/portaltela.pt\/noticias\/2026\/04\/09\/tempestades-marcam-litoral-portugues-com-recuo-de-praias-em-metros\/\",\"url\":\"https:\/\/portaltela.pt\/noticias\/2026\/04\/09\/tempestades-marcam-litoral-portugues-com-recuo-de-praias-em-metros\/\",\"name\":\"Tempestades marcam litoral portugu\u00eas com recuo de praias em metros - Portal Tela Portugal\",\"isPartOf\":{\"@id\":\"https:\/\/portaltela.pt\/#website\"},\"primaryImageOfPage\":{\"@id\":\"https:\/\/portaltela.pt\/noticias\/2026\/04\/09\/tempestades-marcam-litoral-portugues-com-recuo-de-praias-em-metros\/#primaryimage\"},\"image\":{\"@id\":\"https:\/\/portaltela.pt\/noticias\/2026\/04\/09\/tempestades-marcam-litoral-portugues-com-recuo-de-praias-em-metros\/#primaryimage\"},\"thumbnailUrl\":\"https:\/\/portaltela.pt\/s.01k8rhncp4jt1\/2026\/04\/1536x864_cmsv2_973fad95-bdbe-53b5-90da-f8ccf748c964-9701633.jpg\",\"datePublished\":\"2026-04-09T06:02:20+00:00\",\"author\":{\"@id\":\"https:\/\/portaltela.pt\/#\/schema\/person\/c4278d4a6028830caff9ee44b42d32ed\"},\"breadcrumb\":{\"@id\":\"https:\/\/portaltela.pt\/noticias\/2026\/04\/09\/tempestades-marcam-litoral-portugues-com-recuo-de-praias-em-metros\/#breadcrumb\"},\"inLanguage\":\"pt-PT\",\"potentialAction\":[{\"@type\":\"ReadAction\",\"target\":[\"https:\/\/portaltela.pt\/noticias\/2026\/04\/09\/tempestades-marcam-litoral-portugues-com-recuo-de-praias-em-metros\/\"]}]},{\"@type\":\"ImageObject\",\"inLanguage\":\"pt-PT\",\"@id\":\"https:\/\/portaltela.pt\/noticias\/2026\/04\/09\/tempestades-marcam-litoral-portugues-com-recuo-de-praias-em-metros\/#primaryimage\",\"url\":\"https:\/\/portaltela.pt\/s.01k8rhncp4jt1\/2026\/04\/1536x864_cmsv2_973fad95-bdbe-53b5-90da-f8ccf748c964-9701633.jpg\",\"contentUrl\":\"https:\/\/portaltela.pt\/s.01k8rhncp4jt1\/2026\/04\/1536x864_cmsv2_973fad95-bdbe-53b5-90da-f8ccf748c964-9701633.jpg\",\"width\":796,\"height\":448,\"caption\":\"Praia S\u00e3o Jo\u00e3o da Caparica\"},{\"@type\":\"BreadcrumbList\",\"@id\":\"https:\/\/portaltela.pt\/noticias\/2026\/04\/09\/tempestades-marcam-litoral-portugues-com-recuo-de-praias-em-metros\/#breadcrumb\",\"itemListElement\":[{\"@type\":\"ListItem\",\"position\":1,\"name\":\"In\u00edcio\",\"item\":\"https:\/\/portaltela.pt\/\"},{\"@type\":\"ListItem\",\"position\":2,\"name\":\"Tempestades marcam litoral portugu\u00eas com recuo de praias em metros\"}]},{\"@type\":\"WebSite\",\"@id\":\"https:\/\/portaltela.pt\/#website\",\"url\":\"https:\/\/portaltela.pt\/\",\"name\":\"Portal Tela Portugal\",\"description\":\"\",\"potentialAction\":[{\"@type\":\"SearchAction\",\"target\":{\"@type\":\"EntryPoint\",\"urlTemplate\":\"https:\/\/portaltela.pt\/?s={search_term_string}\"},\"query-input\":{\"@type\":\"PropertyValueSpecification\",\"valueRequired\":true,\"valueName\":\"search_term_string\"}}],\"inLanguage\":\"pt-PT\"},{\"@type\":\"Person\",\"@id\":\"https:\/\/portaltela.pt\/#\/schema\/person\/c4278d4a6028830caff9ee44b42d32ed\",\"name\":\"Telinha\",\"image\":{\"@type\":\"ImageObject\",\"inLanguage\":\"pt-PT\",\"@id\":\"https:\/\/portaltela.pt\/s.01k8rhncp4jt1\/2025\/11\/talking-bot-125x125.png\",\"url\":\"https:\/\/portaltela.pt\/s.01k8rhncp4jt1\/2025\/11\/talking-bot-125x125.png\",\"contentUrl\":\"https:\/\/portaltela.pt\/s.01k8rhncp4jt1\/2025\/11\/talking-bot-125x125.png\",\"caption\":\"Telinha\"},\"sameAs\":[\"https:\/\/portaltela.pt\/\"],\"url\":\"https:\/\/portaltela.pt\/por\/367410592786\/\"}]}<\/script>\n<!-- \/ Yoast SEO plugin. -->","yoast_head_json":{"title":"Tempestades marcam litoral portugu\u00eas com recuo de praias em metros - Portal Tela Portugal","robots":{"index":"index","follow":"follow","max-snippet":"max-snippet:-1","max-image-preview":"max-image-preview:large","max-video-preview":"max-video-preview:-1"},"og_locale":"pt_PT","og_type":"article","og_title":"Tempestades marcam litoral portugu\u00eas com recuo de praias em metros - Portal Tela Portugal","og_description":"A Ag\u00eancia Portuguesa do Ambiente registou 749 ocorr\u00eancias na costa portuguesa, incluindo o recuo da linha de costa entre 10 e 20 metros. Na praia de S\u00e3o Jo\u00e3o da Caparica, entre 20 de janeiro e 19 de fevereiro, o recuo m\u00e1ximo foi de 14 metros; a duna natural e o projeto Reduna evitaram males maiores. Em Fonte da Telha, uma duna criada por iniciativa municipal ajudou a impedir o avan\u00e7o do mar perto de \u00e1reas urbanas, com promessas de enchimentos de areia para proteger a zona costeira. O Governo anunciou um investimento total de 111 milh\u00f5es de euros para recuperar e refor\u00e7ar a costa, com 15 milh\u00f5es at\u00e9 final de maio e 12 milh\u00f5es at\u00e9 dezembro. Especialistas destacam que o recuo resulta de fatores naturais e de impactos humanos (subida do n\u00edvel do mar, sedimento retido por barragens e extra\u00e7\u00e3o de areia), exigindo planeamento adequado e medidas de prote\u00e7\u00e3o sem solu\u00e7\u00f5es \u00fanicas.","og_url":"https:\/\/portaltela.pt\/noticias\/2026\/04\/09\/tempestades-marcam-litoral-portugues-com-recuo-de-praias-em-metros\/","og_site_name":"Portal Tela Portugal","article_published_time":"2026-04-09T06:02:20+00:00","author":"Telinha","twitter_card":"summary_large_image","twitter_misc":{"Escrito por":"Telinha","Tempo estimado de leitura":"2 minutos"},"schema":{"@context":"https:\/\/schema.org","@graph":[{"@type":"Article","@id":"https:\/\/portaltela.pt\/noticias\/2026\/04\/09\/tempestades-marcam-litoral-portugues-com-recuo-de-praias-em-metros\/#article","isPartOf":{"@id":"https:\/\/portaltela.pt\/noticias\/2026\/04\/09\/tempestades-marcam-litoral-portugues-com-recuo-de-praias-em-metros\/"},"author":{"name":"Telinha","@id":"https:\/\/portaltela.pt\/#\/schema\/person\/c4278d4a6028830caff9ee44b42d32ed"},"headline":"Tempestades marcam litoral portugu\u00eas com recuo de praias em metros","datePublished":"2026-04-09T06:02:20+00:00","mainEntityOfPage":{"@id":"https:\/\/portaltela.pt\/noticias\/2026\/04\/09\/tempestades-marcam-litoral-portugues-com-recuo-de-praias-em-metros\/"},"wordCount":408,"image":{"@id":"https:\/\/portaltela.pt\/noticias\/2026\/04\/09\/tempestades-marcam-litoral-portugues-com-recuo-de-praias-em-metros\/#primaryimage"},"thumbnailUrl":"https:\/\/portaltela.pt\/s.01k8rhncp4jt1\/2026\/04\/1536x864_cmsv2_973fad95-bdbe-53b5-90da-f8ccf748c964-9701633.jpg","keywords":["_economia","_meio-ambiente","Almada","conserva\u00e7\u00e3o ambiental","Prote\u00e7\u00e3o Civil Municipal","turismo"],"articleSection":["Meio Ambiente"],"inLanguage":"pt-PT"},{"@type":"WebPage","@id":"https:\/\/portaltela.pt\/noticias\/2026\/04\/09\/tempestades-marcam-litoral-portugues-com-recuo-de-praias-em-metros\/","url":"https:\/\/portaltela.pt\/noticias\/2026\/04\/09\/tempestades-marcam-litoral-portugues-com-recuo-de-praias-em-metros\/","name":"Tempestades marcam litoral portugu\u00eas com recuo de praias em metros - Portal Tela Portugal","isPartOf":{"@id":"https:\/\/portaltela.pt\/#website"},"primaryImageOfPage":{"@id":"https:\/\/portaltela.pt\/noticias\/2026\/04\/09\/tempestades-marcam-litoral-portugues-com-recuo-de-praias-em-metros\/#primaryimage"},"image":{"@id":"https:\/\/portaltela.pt\/noticias\/2026\/04\/09\/tempestades-marcam-litoral-portugues-com-recuo-de-praias-em-metros\/#primaryimage"},"thumbnailUrl":"https:\/\/portaltela.pt\/s.01k8rhncp4jt1\/2026\/04\/1536x864_cmsv2_973fad95-bdbe-53b5-90da-f8ccf748c964-9701633.jpg","datePublished":"2026-04-09T06:02:20+00:00","author":{"@id":"https:\/\/portaltela.pt\/#\/schema\/person\/c4278d4a6028830caff9ee44b42d32ed"},"breadcrumb":{"@id":"https:\/\/portaltela.pt\/noticias\/2026\/04\/09\/tempestades-marcam-litoral-portugues-com-recuo-de-praias-em-metros\/#breadcrumb"},"inLanguage":"pt-PT","potentialAction":[{"@type":"ReadAction","target":["https:\/\/portaltela.pt\/noticias\/2026\/04\/09\/tempestades-marcam-litoral-portugues-com-recuo-de-praias-em-metros\/"]}]},{"@type":"ImageObject","inLanguage":"pt-PT","@id":"https:\/\/portaltela.pt\/noticias\/2026\/04\/09\/tempestades-marcam-litoral-portugues-com-recuo-de-praias-em-metros\/#primaryimage","url":"https:\/\/portaltela.pt\/s.01k8rhncp4jt1\/2026\/04\/1536x864_cmsv2_973fad95-bdbe-53b5-90da-f8ccf748c964-9701633.jpg","contentUrl":"https:\/\/portaltela.pt\/s.01k8rhncp4jt1\/2026\/04\/1536x864_cmsv2_973fad95-bdbe-53b5-90da-f8ccf748c964-9701633.jpg","width":796,"height":448,"caption":"Praia S\u00e3o Jo\u00e3o da Caparica"},{"@type":"BreadcrumbList","@id":"https:\/\/portaltela.pt\/noticias\/2026\/04\/09\/tempestades-marcam-litoral-portugues-com-recuo-de-praias-em-metros\/#breadcrumb","itemListElement":[{"@type":"ListItem","position":1,"name":"In\u00edcio","item":"https:\/\/portaltela.pt\/"},{"@type":"ListItem","position":2,"name":"Tempestades marcam litoral portugu\u00eas com recuo de praias em metros"}]},{"@type":"WebSite","@id":"https:\/\/portaltela.pt\/#website","url":"https:\/\/portaltela.pt\/","name":"Portal Tela Portugal","description":"","potentialAction":[{"@type":"SearchAction","target":{"@type":"EntryPoint","urlTemplate":"https:\/\/portaltela.pt\/?s={search_term_string}"},"query-input":{"@type":"PropertyValueSpecification","valueRequired":true,"valueName":"search_term_string"}}],"inLanguage":"pt-PT"},{"@type":"Person","@id":"https:\/\/portaltela.pt\/#\/schema\/person\/c4278d4a6028830caff9ee44b42d32ed","name":"Telinha","image":{"@type":"ImageObject","inLanguage":"pt-PT","@id":"https:\/\/portaltela.pt\/s.01k8rhncp4jt1\/2025\/11\/talking-bot-125x125.png","url":"https:\/\/portaltela.pt\/s.01k8rhncp4jt1\/2025\/11\/talking-bot-125x125.png","contentUrl":"https:\/\/portaltela.pt\/s.01k8rhncp4jt1\/2025\/11\/talking-bot-125x125.png","caption":"Telinha"},"sameAs":["https:\/\/portaltela.pt\/"],"url":"https:\/\/portaltela.pt\/por\/367410592786\/"}]}},"_links":{"self":[{"href":"https:\/\/portaltela.pt\/api\/wp\/v2\/posts\/437434","targetHints":{"allow":["GET"]}}],"collection":[{"href":"https:\/\/portaltela.pt\/api\/wp\/v2\/posts"}],"about":[{"href":"https:\/\/portaltela.pt\/api\/wp\/v2\/types\/post"}],"author":[{"embeddable":true,"href":"https:\/\/portaltela.pt\/api\/wp\/v2\/users\/2"}],"replies":[{"embeddable":true,"href":"https:\/\/portaltela.pt\/api\/wp\/v2\/comments?post=437434"}],"version-history":[{"count":0,"href":"https:\/\/portaltela.pt\/api\/wp\/v2\/posts\/437434\/revisions"}],"wp:featuredmedia":[{"embeddable":true,"href":"https:\/\/portaltela.pt\/api\/wp\/v2\/media\/437435"}],"wp:attachment":[{"href":"https:\/\/portaltela.pt\/api\/wp\/v2\/media?parent=437434"}],"wp:term":[{"taxonomy":"category","embeddable":true,"href":"https:\/\/portaltela.pt\/api\/wp\/v2\/categories?post=437434"},{"taxonomy":"post_tag","embeddable":true,"href":"https:\/\/portaltela.pt\/api\/wp\/v2\/tags?post=437434"}],"curies":[{"name":"wp","href":"https:\/\/api.w.org\/{rel}","templated":true}]}}