{"id":437387,"date":"2026-04-08T21:47:19","date_gmt":"2026-04-09T00:47:19","guid":{"rendered":"https:\/\/portaltela.pt\/noticias\/2026\/04\/08\/novos-atrasos-nas-faturas-da-galp-afetam-clientes\/"},"modified":"2026-04-08T21:47:19","modified_gmt":"2026-04-09T00:47:19","slug":"novos-atrasos-nas-faturas-da-galp-afetam-clientes","status":"publish","type":"post","link":"https:\/\/portaltela.pt\/energia\/2026\/04\/08\/novos-atrasos-nas-faturas-da-galp-afetam-clientes\/","title":{"rendered":"Novos atrasos nas faturas da Galp afetam clientes"},"content":{"rendered":"<p>A Galp voltou a alertar os clientes sobre atrasos na fatura\u00e7\u00e3o, apesar de ter regularizado a emiss\u00e3o no in\u00edcio deste ano. A informa\u00e7\u00e3o foi confirmada ao CM por uma fonte oficial da empresa. A comunica\u00e7\u00e3o surge ap\u00f3s a empresa ter celebrado a normaliza\u00e7\u00e3o do servi\u00e7o.<\/p>\n<p>Segundo a Galp, os sistemas est\u00e3o estabilizados e o servi\u00e7o decorre com normalidade. Acomete ainda o compromisso de melhoria cont\u00ednua e de manter a confian\u00e7a dos clientes, conforme o mesmo interlocutor do CM.<\/p>\n<p>V\u00e1rios clientes relataram receber mensagens indicando que o atraso na fatura\u00e7\u00e3o ocorreu e que a fatura ser\u00e1 emitida brevemente. O tempo de atraso n\u00e3o \u00e9 especificado, e o atendimento telef\u00f3nico n\u00e3o vem com respostas r\u00e1pidas.<\/p>\n<h3>Migra\u00e7\u00e3o de plataformas e impacto<\/h3>\n<p>A empresa explica que migrou para um sistema \u00fanico de gest\u00e3o de contrata\u00e7\u00e3o e fatura\u00e7\u00e3o, que integra v\u00e1rias energias e servi\u00e7os. No \u00e2mbito da transforma\u00e7\u00e3o digital, podem ocorrer \u201cincid\u00eancias pontuais\u201d na emiss\u00e3o de faturas.<\/p>\n<p>Recorda-se que a migra\u00e7\u00e3o motivou a suspens\u00e3o de faturas no \u00faltimo trimestre do ano passado. Em janeiro deste ano chegaram faturas com valores correspondentes aos meses em que o consumo n\u00e3o foi cobrado, com op\u00e7\u00e3o de pagamento faseado.<\/p>\n","protected":false},"excerpt":{"rendered":"<ul>\n<li>A Galp voltou a alertar para atrasos na emiss\u00e3o de faturas, ap\u00f3s ter regularizado o processo no in\u00edcio do ano.<\/li>\n<li>A empresa garante ao CM que os sistemas est\u00e3o est\u00e1veis e o servi\u00e7o funciona normalmente.<\/li>\n<li>Um cliente relata ter recebido uma fatura alta e, no final de mar\u00e7o, receber outra comunica\u00e7\u00e3o por e-mail a dizer que houve atraso e que a fatura ser\u00e1 emitida brevemente; o atendimento telef\u00f3nico tem dificuldades para responder.<\/li>\n<li>As comunica\u00e7\u00f5es referem a migra\u00e7\u00e3o para um sistema \u00fanico de gest\u00e3o de contrata\u00e7\u00f5es e fatura\u00e7\u00e3o, que pode causar \u201cincid\u00eancias pontuais\u201d na emiss\u00e3o de faturas.<\/li>\n<li>Lembra ainda que a migra\u00e7\u00e3o levou \u00e0 suspens\u00e3o de faturas nos \u00faltimos meses do ano passado, com faturas emitidas em janeiro referente aos meses em que o consumo n\u00e3o foi cobrado, e a op\u00e7\u00e3o de pagamento faseado foi disponibilizada.<\/li>\n<\/ul>\n","protected":false},"author":2,"featured_media":437389,"comment_status":"closed","ping_status":"closed","sticky":false,"template":"","format":"standard","meta":{"footnotes":""},"categories":[6806],"tags":[6115,7775,174,1456,759],"class_list":["post-437387","post","type-post","status-publish","format-standard","has-post-thumbnail","hentry","category-energia","tag-_economia","tag-_energia","tag-energia","tag-migracao","tag-transformacao-digital"],"yoast_head":"<!-- This site is optimized with the Yoast SEO plugin v27.2 - https:\/\/yoast.com\/product\/yoast-seo-wordpress\/ -->\n<title>Novos atrasos nas faturas da Galp afetam clientes - Portal Tela Portugal<\/title>\n<meta name=\"robots\" content=\"index, follow, max-snippet:-1, max-image-preview:large, max-video-preview:-1\" \/>\n<meta property=\"og:locale\" content=\"pt_PT\" \/>\n<meta property=\"og:type\" content=\"article\" \/>\n<meta property=\"og:title\" content=\"Novos atrasos nas faturas da Galp afetam clientes - Portal Tela Portugal\" \/>\n<meta property=\"og:description\" content=\"A Galp voltou a alertar para atrasos na emiss\u00e3o de faturas, ap\u00f3s ter regularizado o processo no in\u00edcio do ano. A empresa garante ao CM que os sistemas est\u00e3o est\u00e1veis e o servi\u00e7o funciona normalmente. Um cliente relata ter recebido uma fatura alta e, no final de mar\u00e7o, receber outra comunica\u00e7\u00e3o por e-mail a dizer que houve atraso e que a fatura ser\u00e1 emitida brevemente; o atendimento telef\u00f3nico tem dificuldades para responder. As comunica\u00e7\u00f5es referem a migra\u00e7\u00e3o para um sistema \u00fanico de gest\u00e3o de contrata\u00e7\u00f5es e fatura\u00e7\u00e3o, que pode causar \u201cincid\u00eancias pontuais\u201d na emiss\u00e3o de faturas. Lembra ainda que a migra\u00e7\u00e3o levou \u00e0 suspens\u00e3o de faturas nos \u00faltimos meses do ano passado, com faturas emitidas em janeiro referente aos meses em que o consumo n\u00e3o foi cobrado, e a op\u00e7\u00e3o de pagamento faseado foi disponibilizada.\" \/>\n<meta property=\"og:url\" content=\"https:\/\/portaltela.pt\/noticias\/2026\/04\/08\/novos-atrasos-nas-faturas-da-galp-afetam-clientes\/\" \/>\n<meta property=\"og:site_name\" content=\"Portal Tela Portugal\" \/>\n<meta property=\"article:published_time\" content=\"2026-04-09T00:47:19+00:00\" \/>\n<meta name=\"author\" content=\"Telinha\" \/>\n<meta name=\"twitter:card\" content=\"summary_large_image\" \/>\n<meta name=\"twitter:label1\" content=\"Escrito por\" \/>\n\t<meta name=\"twitter:data1\" content=\"Telinha\" \/>\n\t<meta name=\"twitter:label2\" content=\"Tempo estimado de leitura\" \/>\n\t<meta name=\"twitter:data2\" content=\"1 minuto\" \/>\n<script type=\"application\/ld+json\" class=\"yoast-schema-graph\">{\"@context\":\"https:\/\/schema.org\",\"@graph\":[{\"@type\":\"Article\",\"@id\":\"https:\/\/portaltela.pt\/noticias\/2026\/04\/08\/novos-atrasos-nas-faturas-da-galp-afetam-clientes\/#article\",\"isPartOf\":{\"@id\":\"https:\/\/portaltela.pt\/noticias\/2026\/04\/08\/novos-atrasos-nas-faturas-da-galp-afetam-clientes\/\"},\"author\":{\"name\":\"Telinha\",\"@id\":\"https:\/\/portaltela.pt\/#\/schema\/person\/c4278d4a6028830caff9ee44b42d32ed\"},\"headline\":\"Novos atrasos nas faturas da Galp afetam clientes\",\"datePublished\":\"2026-04-09T00:47:19+00:00\",\"mainEntityOfPage\":{\"@id\":\"https:\/\/portaltela.pt\/noticias\/2026\/04\/08\/novos-atrasos-nas-faturas-da-galp-afetam-clientes\/\"},\"wordCount\":228,\"image\":{\"@id\":\"https:\/\/portaltela.pt\/noticias\/2026\/04\/08\/novos-atrasos-nas-faturas-da-galp-afetam-clientes\/#primaryimage\"},\"thumbnailUrl\":\"https:\/\/portaltela.pt\/s.01k8rhncp4jt1\/2026\/04\/img_1500x1000uu2026-04-08-23-08-44-2277413.jpg\",\"keywords\":[\"_economia\",\"_energia\",\"energia\",\"migra\u00e7\u00e3o\",\"transforma\u00e7\u00e3o digital\"],\"articleSection\":[\"Energia\"],\"inLanguage\":\"pt-PT\"},{\"@type\":\"WebPage\",\"@id\":\"https:\/\/portaltela.pt\/noticias\/2026\/04\/08\/novos-atrasos-nas-faturas-da-galp-afetam-clientes\/\",\"url\":\"https:\/\/portaltela.pt\/noticias\/2026\/04\/08\/novos-atrasos-nas-faturas-da-galp-afetam-clientes\/\",\"name\":\"Novos atrasos nas faturas da Galp afetam clientes - Portal Tela Portugal\",\"isPartOf\":{\"@id\":\"https:\/\/portaltela.pt\/#website\"},\"primaryImageOfPage\":{\"@id\":\"https:\/\/portaltela.pt\/noticias\/2026\/04\/08\/novos-atrasos-nas-faturas-da-galp-afetam-clientes\/#primaryimage\"},\"image\":{\"@id\":\"https:\/\/portaltela.pt\/noticias\/2026\/04\/08\/novos-atrasos-nas-faturas-da-galp-afetam-clientes\/#primaryimage\"},\"thumbnailUrl\":\"https:\/\/portaltela.pt\/s.01k8rhncp4jt1\/2026\/04\/img_1500x1000uu2026-04-08-23-08-44-2277413.jpg\",\"datePublished\":\"2026-04-09T00:47:19+00:00\",\"author\":{\"@id\":\"https:\/\/portaltela.pt\/#\/schema\/person\/c4278d4a6028830caff9ee44b42d32ed\"},\"breadcrumb\":{\"@id\":\"https:\/\/portaltela.pt\/noticias\/2026\/04\/08\/novos-atrasos-nas-faturas-da-galp-afetam-clientes\/#breadcrumb\"},\"inLanguage\":\"pt-PT\",\"potentialAction\":[{\"@type\":\"ReadAction\",\"target\":[\"https:\/\/portaltela.pt\/noticias\/2026\/04\/08\/novos-atrasos-nas-faturas-da-galp-afetam-clientes\/\"]}]},{\"@type\":\"ImageObject\",\"inLanguage\":\"pt-PT\",\"@id\":\"https:\/\/portaltela.pt\/noticias\/2026\/04\/08\/novos-atrasos-nas-faturas-da-galp-afetam-clientes\/#primaryimage\",\"url\":\"https:\/\/portaltela.pt\/s.01k8rhncp4jt1\/2026\/04\/img_1500x1000uu2026-04-08-23-08-44-2277413.jpg\",\"contentUrl\":\"https:\/\/portaltela.pt\/s.01k8rhncp4jt1\/2026\/04\/img_1500x1000uu2026-04-08-23-08-44-2277413.jpg\",\"width\":1500,\"height\":1000,\"caption\":\"Galp promete aos clientes que faturas em atraso ser\u00e3o emitidas \u201cbrevemente\u201d\"},{\"@type\":\"BreadcrumbList\",\"@id\":\"https:\/\/portaltela.pt\/noticias\/2026\/04\/08\/novos-atrasos-nas-faturas-da-galp-afetam-clientes\/#breadcrumb\",\"itemListElement\":[{\"@type\":\"ListItem\",\"position\":1,\"name\":\"In\u00edcio\",\"item\":\"https:\/\/portaltela.pt\/\"},{\"@type\":\"ListItem\",\"position\":2,\"name\":\"Novos atrasos nas faturas da Galp afetam clientes\"}]},{\"@type\":\"WebSite\",\"@id\":\"https:\/\/portaltela.pt\/#website\",\"url\":\"https:\/\/portaltela.pt\/\",\"name\":\"Portal Tela Portugal\",\"description\":\"\",\"potentialAction\":[{\"@type\":\"SearchAction\",\"target\":{\"@type\":\"EntryPoint\",\"urlTemplate\":\"https:\/\/portaltela.pt\/?s={search_term_string}\"},\"query-input\":{\"@type\":\"PropertyValueSpecification\",\"valueRequired\":true,\"valueName\":\"search_term_string\"}}],\"inLanguage\":\"pt-PT\"},{\"@type\":\"Person\",\"@id\":\"https:\/\/portaltela.pt\/#\/schema\/person\/c4278d4a6028830caff9ee44b42d32ed\",\"name\":\"Telinha\",\"image\":{\"@type\":\"ImageObject\",\"inLanguage\":\"pt-PT\",\"@id\":\"https:\/\/portaltela.pt\/s.01k8rhncp4jt1\/2025\/11\/talking-bot-125x125.png\",\"url\":\"https:\/\/portaltela.pt\/s.01k8rhncp4jt1\/2025\/11\/talking-bot-125x125.png\",\"contentUrl\":\"https:\/\/portaltela.pt\/s.01k8rhncp4jt1\/2025\/11\/talking-bot-125x125.png\",\"caption\":\"Telinha\"},\"sameAs\":[\"https:\/\/portaltela.pt\/\"],\"url\":\"https:\/\/portaltela.pt\/por\/367410592786\/\"}]}<\/script>\n<!-- \/ Yoast SEO plugin. -->","yoast_head_json":{"title":"Novos atrasos nas faturas da Galp afetam clientes - Portal Tela Portugal","robots":{"index":"index","follow":"follow","max-snippet":"max-snippet:-1","max-image-preview":"max-image-preview:large","max-video-preview":"max-video-preview:-1"},"og_locale":"pt_PT","og_type":"article","og_title":"Novos atrasos nas faturas da Galp afetam clientes - Portal Tela Portugal","og_description":"A Galp voltou a alertar para atrasos na emiss\u00e3o de faturas, ap\u00f3s ter regularizado o processo no in\u00edcio do ano. A empresa garante ao CM que os sistemas est\u00e3o est\u00e1veis e o servi\u00e7o funciona normalmente. Um cliente relata ter recebido uma fatura alta e, no final de mar\u00e7o, receber outra comunica\u00e7\u00e3o por e-mail a dizer que houve atraso e que a fatura ser\u00e1 emitida brevemente; o atendimento telef\u00f3nico tem dificuldades para responder. As comunica\u00e7\u00f5es referem a migra\u00e7\u00e3o para um sistema \u00fanico de gest\u00e3o de contrata\u00e7\u00f5es e fatura\u00e7\u00e3o, que pode causar \u201cincid\u00eancias pontuais\u201d na emiss\u00e3o de faturas. Lembra ainda que a migra\u00e7\u00e3o levou \u00e0 suspens\u00e3o de faturas nos \u00faltimos meses do ano passado, com faturas emitidas em janeiro referente aos meses em que o consumo n\u00e3o foi cobrado, e a op\u00e7\u00e3o de pagamento faseado foi disponibilizada.","og_url":"https:\/\/portaltela.pt\/noticias\/2026\/04\/08\/novos-atrasos-nas-faturas-da-galp-afetam-clientes\/","og_site_name":"Portal Tela Portugal","article_published_time":"2026-04-09T00:47:19+00:00","author":"Telinha","twitter_card":"summary_large_image","twitter_misc":{"Escrito por":"Telinha","Tempo estimado de leitura":"1 minuto"},"schema":{"@context":"https:\/\/schema.org","@graph":[{"@type":"Article","@id":"https:\/\/portaltela.pt\/noticias\/2026\/04\/08\/novos-atrasos-nas-faturas-da-galp-afetam-clientes\/#article","isPartOf":{"@id":"https:\/\/portaltela.pt\/noticias\/2026\/04\/08\/novos-atrasos-nas-faturas-da-galp-afetam-clientes\/"},"author":{"name":"Telinha","@id":"https:\/\/portaltela.pt\/#\/schema\/person\/c4278d4a6028830caff9ee44b42d32ed"},"headline":"Novos atrasos nas faturas da Galp afetam clientes","datePublished":"2026-04-09T00:47:19+00:00","mainEntityOfPage":{"@id":"https:\/\/portaltela.pt\/noticias\/2026\/04\/08\/novos-atrasos-nas-faturas-da-galp-afetam-clientes\/"},"wordCount":228,"image":{"@id":"https:\/\/portaltela.pt\/noticias\/2026\/04\/08\/novos-atrasos-nas-faturas-da-galp-afetam-clientes\/#primaryimage"},"thumbnailUrl":"https:\/\/portaltela.pt\/s.01k8rhncp4jt1\/2026\/04\/img_1500x1000uu2026-04-08-23-08-44-2277413.jpg","keywords":["_economia","_energia","energia","migra\u00e7\u00e3o","transforma\u00e7\u00e3o digital"],"articleSection":["Energia"],"inLanguage":"pt-PT"},{"@type":"WebPage","@id":"https:\/\/portaltela.pt\/noticias\/2026\/04\/08\/novos-atrasos-nas-faturas-da-galp-afetam-clientes\/","url":"https:\/\/portaltela.pt\/noticias\/2026\/04\/08\/novos-atrasos-nas-faturas-da-galp-afetam-clientes\/","name":"Novos atrasos nas faturas da Galp afetam clientes - Portal Tela Portugal","isPartOf":{"@id":"https:\/\/portaltela.pt\/#website"},"primaryImageOfPage":{"@id":"https:\/\/portaltela.pt\/noticias\/2026\/04\/08\/novos-atrasos-nas-faturas-da-galp-afetam-clientes\/#primaryimage"},"image":{"@id":"https:\/\/portaltela.pt\/noticias\/2026\/04\/08\/novos-atrasos-nas-faturas-da-galp-afetam-clientes\/#primaryimage"},"thumbnailUrl":"https:\/\/portaltela.pt\/s.01k8rhncp4jt1\/2026\/04\/img_1500x1000uu2026-04-08-23-08-44-2277413.jpg","datePublished":"2026-04-09T00:47:19+00:00","author":{"@id":"https:\/\/portaltela.pt\/#\/schema\/person\/c4278d4a6028830caff9ee44b42d32ed"},"breadcrumb":{"@id":"https:\/\/portaltela.pt\/noticias\/2026\/04\/08\/novos-atrasos-nas-faturas-da-galp-afetam-clientes\/#breadcrumb"},"inLanguage":"pt-PT","potentialAction":[{"@type":"ReadAction","target":["https:\/\/portaltela.pt\/noticias\/2026\/04\/08\/novos-atrasos-nas-faturas-da-galp-afetam-clientes\/"]}]},{"@type":"ImageObject","inLanguage":"pt-PT","@id":"https:\/\/portaltela.pt\/noticias\/2026\/04\/08\/novos-atrasos-nas-faturas-da-galp-afetam-clientes\/#primaryimage","url":"https:\/\/portaltela.pt\/s.01k8rhncp4jt1\/2026\/04\/img_1500x1000uu2026-04-08-23-08-44-2277413.jpg","contentUrl":"https:\/\/portaltela.pt\/s.01k8rhncp4jt1\/2026\/04\/img_1500x1000uu2026-04-08-23-08-44-2277413.jpg","width":1500,"height":1000,"caption":"Galp promete aos clientes que faturas em atraso ser\u00e3o emitidas \u201cbrevemente\u201d"},{"@type":"BreadcrumbList","@id":"https:\/\/portaltela.pt\/noticias\/2026\/04\/08\/novos-atrasos-nas-faturas-da-galp-afetam-clientes\/#breadcrumb","itemListElement":[{"@type":"ListItem","position":1,"name":"In\u00edcio","item":"https:\/\/portaltela.pt\/"},{"@type":"ListItem","position":2,"name":"Novos atrasos nas faturas da Galp afetam clientes"}]},{"@type":"WebSite","@id":"https:\/\/portaltela.pt\/#website","url":"https:\/\/portaltela.pt\/","name":"Portal Tela Portugal","description":"","potentialAction":[{"@type":"SearchAction","target":{"@type":"EntryPoint","urlTemplate":"https:\/\/portaltela.pt\/?s={search_term_string}"},"query-input":{"@type":"PropertyValueSpecification","valueRequired":true,"valueName":"search_term_string"}}],"inLanguage":"pt-PT"},{"@type":"Person","@id":"https:\/\/portaltela.pt\/#\/schema\/person\/c4278d4a6028830caff9ee44b42d32ed","name":"Telinha","image":{"@type":"ImageObject","inLanguage":"pt-PT","@id":"https:\/\/portaltela.pt\/s.01k8rhncp4jt1\/2025\/11\/talking-bot-125x125.png","url":"https:\/\/portaltela.pt\/s.01k8rhncp4jt1\/2025\/11\/talking-bot-125x125.png","contentUrl":"https:\/\/portaltela.pt\/s.01k8rhncp4jt1\/2025\/11\/talking-bot-125x125.png","caption":"Telinha"},"sameAs":["https:\/\/portaltela.pt\/"],"url":"https:\/\/portaltela.pt\/por\/367410592786\/"}]}},"_links":{"self":[{"href":"https:\/\/portaltela.pt\/api\/wp\/v2\/posts\/437387","targetHints":{"allow":["GET"]}}],"collection":[{"href":"https:\/\/portaltela.pt\/api\/wp\/v2\/posts"}],"about":[{"href":"https:\/\/portaltela.pt\/api\/wp\/v2\/types\/post"}],"author":[{"embeddable":true,"href":"https:\/\/portaltela.pt\/api\/wp\/v2\/users\/2"}],"replies":[{"embeddable":true,"href":"https:\/\/portaltela.pt\/api\/wp\/v2\/comments?post=437387"}],"version-history":[{"count":0,"href":"https:\/\/portaltela.pt\/api\/wp\/v2\/posts\/437387\/revisions"}],"wp:featuredmedia":[{"embeddable":true,"href":"https:\/\/portaltela.pt\/api\/wp\/v2\/media\/437389"}],"wp:attachment":[{"href":"https:\/\/portaltela.pt\/api\/wp\/v2\/media?parent=437387"}],"wp:term":[{"taxonomy":"category","embeddable":true,"href":"https:\/\/portaltela.pt\/api\/wp\/v2\/categories?post=437387"},{"taxonomy":"post_tag","embeddable":true,"href":"https:\/\/portaltela.pt\/api\/wp\/v2\/tags?post=437387"}],"curies":[{"name":"wp","href":"https:\/\/api.w.org\/{rel}","templated":true}]}}