{"id":437368,"date":"2026-04-08T21:47:05","date_gmt":"2026-04-09T00:47:05","guid":{"rendered":"https:\/\/portaltela.pt\/noticias\/2026\/04\/08\/acidente-ferroviario-em-adamuz-detetada-rotura-na-linha-no-dia-anterior\/"},"modified":"2026-04-08T21:47:05","modified_gmt":"2026-04-09T00:47:05","slug":"acidente-ferroviario-em-adamuz-detetada-rotura-na-linha-no-dia-anterior","status":"publish","type":"post","link":"https:\/\/portaltela.pt\/acidentes\/2026\/04\/08\/acidente-ferroviario-em-adamuz-detetada-rotura-na-linha-no-dia-anterior\/","title":{"rendered":"Acidente ferrovi\u00e1rio em Adamuz: detetada rotura na linha no dia anterior"},"content":{"rendered":"<p>O sistema autom\u00e1tico de monitoriza\u00e7\u00e3o da linha de alta velocidade entre Madrid e Andaluzia detetou no dia anterior ao acidente de Adamuz uma rotura na via, que causou 46 mortos e centenas de feridos em janeiro. A falha de configura\u00e7\u00e3o impediu o disparo de um alarme que poderia ter evitado o descarrilamento do comboio Iryo, vindo de M\u00e1laga, e o choque com o Alvia, que seguia na dire\u00e7\u00e3o contr\u00e1ria.<\/p>\n<p>Segundo o relat\u00f3rio da investiga\u00e7\u00e3o, citado pelo jornal El Mundo, no dia 17 de janeiro houve uma \u201caltera\u00e7\u00e3o\u201d na corrente el\u00e9trica do carril compat\u00edvel com uma rotura. Contudo, o alarme n\u00e3o foi ativado, apesar da indica\u00e7\u00e3o de uma queda de tens\u00e3o que se mantinha por quase 22 horas antes do acidente.<\/p>\n<p>Os investigadores explicam que o sistema passa uma corrente cont\u00ednua de 2 volts nos carris; nesse dia, a corrente caiu para 1,5 volts, visto como compat\u00edvel com uma rotura. O limiar de disparo do alarme era de 0,780 volts, o que n\u00e3o foi atingido, levantando quest\u00f5es sobre a possibilidade de configurar o sistema para reagir a valores superiores e a dura\u00e7\u00e3o prolongada da queda de tens\u00e3o.<\/p>\n<h3>Detec\u00e7\u00e3o e falha de configura\u00e7\u00e3o<\/h3>\n<p>O relat\u00f3rio tamb\u00e9m afasta a hip\u00f3tese de sabotagem, terrorismo, excesso de velocidade, neglig\u00eancia ou erro humano como causas do descarrilamento. Mant\u00e9m o foco na falha de sistema e na eventual necessidade de ajustes t\u00e9cnicos para evitar futuros incidentes.<\/p>\n","protected":false},"excerpt":{"rendered":"<ul>\n<li>O sistema autom\u00e1tico de monitoriza\u00e7\u00e3o da linha de alta velocidade entre Madrid e a Andaluzia detetou no dia 17 de janeiro uma altera\u00e7\u00e3o na corrente el\u00e9trica dos carris, compat\u00edvel com uma rotura.<\/li>\n<li>O alerta n\u00e3o foi acionado, deixando o descarrilamento do comboio Iryo proveniente de M\u00e1laga e o choque com o Alvia sem os efeitos de preven\u00e7\u00e3o.<\/li>\n<li>A queda da corrente el\u00e9ctrica foi de 2 volts para 1,5 volts, o que os investigadores classificam como compat\u00edvel com uma rotura.<\/li>\n<li>O sistema estava configurado para disparar o alarme apenas quando a tens\u00e3o ca\u00edsse abaixo de 0,780 volts, levantando quest\u00f5es sobre poss\u00edveis ajustes t\u00e9cnicos.<\/li>\n<li>O relat\u00f3rio tamb\u00e9m rejeita sabotagem, terrorismo, excesso de velocidade, neglig\u00eancia ou erro humano como causas do acidente ocorrido em Adamuz.<\/li>\n<\/ul>\n","protected":false},"author":2,"featured_media":437371,"comment_status":"closed","ping_status":"closed","sticky":false,"template":"","format":"standard","meta":{"footnotes":""},"categories":[6849],"tags":[3447,3622,3465,174,4549,215],"class_list":["post-437368","post","type-post","status-publish","format-standard","has-post-thumbnail","hentry","category-acidentes","tag-acidente-ferroviario","tag-acidentes-ferroviarios","tag-adamuz","tag-energia","tag-energia-eletrica","tag-investigacao"],"yoast_head":"<!-- This site is optimized with the Yoast SEO plugin v27.2 - https:\/\/yoast.com\/product\/yoast-seo-wordpress\/ -->\n<title>Acidente ferrovi\u00e1rio em Adamuz: detetada rotura na linha no dia anterior - Portal Tela Portugal<\/title>\n<meta name=\"robots\" content=\"index, follow, max-snippet:-1, max-image-preview:large, max-video-preview:-1\" \/>\n<meta property=\"og:locale\" content=\"pt_PT\" \/>\n<meta property=\"og:type\" content=\"article\" \/>\n<meta property=\"og:title\" content=\"Acidente ferrovi\u00e1rio em Adamuz: detetada rotura na linha no dia anterior - Portal Tela Portugal\" \/>\n<meta property=\"og:description\" content=\"O sistema autom\u00e1tico de monitoriza\u00e7\u00e3o da linha de alta velocidade entre Madrid e a Andaluzia detetou no dia 17 de janeiro uma altera\u00e7\u00e3o na corrente el\u00e9trica dos carris, compat\u00edvel com uma rotura. O alerta n\u00e3o foi acionado, deixando o descarrilamento do comboio Iryo proveniente de M\u00e1laga e o choque com o Alvia sem os efeitos de preven\u00e7\u00e3o. A queda da corrente el\u00e9ctrica foi de 2 volts para 1,5 volts, o que os investigadores classificam como compat\u00edvel com uma rotura. O sistema estava configurado para disparar o alarme apenas quando a tens\u00e3o ca\u00edsse abaixo de 0,780 volts, levantando quest\u00f5es sobre poss\u00edveis ajustes t\u00e9cnicos. O relat\u00f3rio tamb\u00e9m rejeita sabotagem, terrorismo, excesso de velocidade, neglig\u00eancia ou erro humano como causas do acidente ocorrido em Adamuz.\" \/>\n<meta property=\"og:url\" content=\"https:\/\/portaltela.pt\/noticias\/2026\/04\/08\/acidente-ferroviario-em-adamuz-detetada-rotura-na-linha-no-dia-anterior\/\" \/>\n<meta property=\"og:site_name\" content=\"Portal Tela Portugal\" \/>\n<meta property=\"article:published_time\" content=\"2026-04-09T00:47:05+00:00\" \/>\n<meta name=\"author\" content=\"Telinha\" \/>\n<meta name=\"twitter:card\" content=\"summary_large_image\" \/>\n<meta name=\"twitter:label1\" content=\"Escrito por\" \/>\n\t<meta name=\"twitter:data1\" content=\"Telinha\" \/>\n\t<meta name=\"twitter:label2\" content=\"Tempo estimado de leitura\" \/>\n\t<meta name=\"twitter:data2\" content=\"1 minuto\" \/>\n<script type=\"application\/ld+json\" class=\"yoast-schema-graph\">{\"@context\":\"https:\/\/schema.org\",\"@graph\":[{\"@type\":\"Article\",\"@id\":\"https:\/\/portaltela.pt\/noticias\/2026\/04\/08\/acidente-ferroviario-em-adamuz-detetada-rotura-na-linha-no-dia-anterior\/#article\",\"isPartOf\":{\"@id\":\"https:\/\/portaltela.pt\/noticias\/2026\/04\/08\/acidente-ferroviario-em-adamuz-detetada-rotura-na-linha-no-dia-anterior\/\"},\"author\":{\"name\":\"Telinha\",\"@id\":\"https:\/\/portaltela.pt\/#\/schema\/person\/c4278d4a6028830caff9ee44b42d32ed\"},\"headline\":\"Acidente ferrovi\u00e1rio em Adamuz: detetada rotura na linha no dia anterior\",\"datePublished\":\"2026-04-09T00:47:05+00:00\",\"mainEntityOfPage\":{\"@id\":\"https:\/\/portaltela.pt\/noticias\/2026\/04\/08\/acidente-ferroviario-em-adamuz-detetada-rotura-na-linha-no-dia-anterior\/\"},\"wordCount\":263,\"image\":{\"@id\":\"https:\/\/portaltela.pt\/noticias\/2026\/04\/08\/acidente-ferroviario-em-adamuz-detetada-rotura-na-linha-no-dia-anterior\/#primaryimage\"},\"thumbnailUrl\":\"https:\/\/portaltela.pt\/s.01k8rhncp4jt1\/2026\/04\/img_1280x721uu2026-01-19-18-31-00-2261344.jpg\",\"keywords\":[\"acidente ferrovi\u00e1rio\",\"acidentes ferrovi\u00e1rios\",\"Adamuz\",\"energia\",\"energia el\u00e9trica\",\"investiga\u00e7\u00e3o\"],\"articleSection\":[\"Acidentes\"],\"inLanguage\":\"pt-PT\"},{\"@type\":\"WebPage\",\"@id\":\"https:\/\/portaltela.pt\/noticias\/2026\/04\/08\/acidente-ferroviario-em-adamuz-detetada-rotura-na-linha-no-dia-anterior\/\",\"url\":\"https:\/\/portaltela.pt\/noticias\/2026\/04\/08\/acidente-ferroviario-em-adamuz-detetada-rotura-na-linha-no-dia-anterior\/\",\"name\":\"Acidente ferrovi\u00e1rio em Adamuz: detetada rotura na linha no dia anterior - Portal Tela Portugal\",\"isPartOf\":{\"@id\":\"https:\/\/portaltela.pt\/#website\"},\"primaryImageOfPage\":{\"@id\":\"https:\/\/portaltela.pt\/noticias\/2026\/04\/08\/acidente-ferroviario-em-adamuz-detetada-rotura-na-linha-no-dia-anterior\/#primaryimage\"},\"image\":{\"@id\":\"https:\/\/portaltela.pt\/noticias\/2026\/04\/08\/acidente-ferroviario-em-adamuz-detetada-rotura-na-linha-no-dia-anterior\/#primaryimage\"},\"thumbnailUrl\":\"https:\/\/portaltela.pt\/s.01k8rhncp4jt1\/2026\/04\/img_1280x721uu2026-01-19-18-31-00-2261344.jpg\",\"datePublished\":\"2026-04-09T00:47:05+00:00\",\"author\":{\"@id\":\"https:\/\/portaltela.pt\/#\/schema\/person\/c4278d4a6028830caff9ee44b42d32ed\"},\"breadcrumb\":{\"@id\":\"https:\/\/portaltela.pt\/noticias\/2026\/04\/08\/acidente-ferroviario-em-adamuz-detetada-rotura-na-linha-no-dia-anterior\/#breadcrumb\"},\"inLanguage\":\"pt-PT\",\"potentialAction\":[{\"@type\":\"ReadAction\",\"target\":[\"https:\/\/portaltela.pt\/noticias\/2026\/04\/08\/acidente-ferroviario-em-adamuz-detetada-rotura-na-linha-no-dia-anterior\/\"]}]},{\"@type\":\"ImageObject\",\"inLanguage\":\"pt-PT\",\"@id\":\"https:\/\/portaltela.pt\/noticias\/2026\/04\/08\/acidente-ferroviario-em-adamuz-detetada-rotura-na-linha-no-dia-anterior\/#primaryimage\",\"url\":\"https:\/\/portaltela.pt\/s.01k8rhncp4jt1\/2026\/04\/img_1280x721uu2026-01-19-18-31-00-2261344.jpg\",\"contentUrl\":\"https:\/\/portaltela.pt\/s.01k8rhncp4jt1\/2026\/04\/img_1280x721uu2026-01-19-18-31-00-2261344.jpg\",\"width\":796,\"height\":448,\"caption\":\"Photo\"},{\"@type\":\"BreadcrumbList\",\"@id\":\"https:\/\/portaltela.pt\/noticias\/2026\/04\/08\/acidente-ferroviario-em-adamuz-detetada-rotura-na-linha-no-dia-anterior\/#breadcrumb\",\"itemListElement\":[{\"@type\":\"ListItem\",\"position\":1,\"name\":\"In\u00edcio\",\"item\":\"https:\/\/portaltela.pt\/\"},{\"@type\":\"ListItem\",\"position\":2,\"name\":\"Acidente ferrovi\u00e1rio em Adamuz: detetada rotura na linha no dia anterior\"}]},{\"@type\":\"WebSite\",\"@id\":\"https:\/\/portaltela.pt\/#website\",\"url\":\"https:\/\/portaltela.pt\/\",\"name\":\"Portal Tela Portugal\",\"description\":\"\",\"potentialAction\":[{\"@type\":\"SearchAction\",\"target\":{\"@type\":\"EntryPoint\",\"urlTemplate\":\"https:\/\/portaltela.pt\/?s={search_term_string}\"},\"query-input\":{\"@type\":\"PropertyValueSpecification\",\"valueRequired\":true,\"valueName\":\"search_term_string\"}}],\"inLanguage\":\"pt-PT\"},{\"@type\":\"Person\",\"@id\":\"https:\/\/portaltela.pt\/#\/schema\/person\/c4278d4a6028830caff9ee44b42d32ed\",\"name\":\"Telinha\",\"image\":{\"@type\":\"ImageObject\",\"inLanguage\":\"pt-PT\",\"@id\":\"https:\/\/portaltela.pt\/s.01k8rhncp4jt1\/2025\/11\/talking-bot-125x125.png\",\"url\":\"https:\/\/portaltela.pt\/s.01k8rhncp4jt1\/2025\/11\/talking-bot-125x125.png\",\"contentUrl\":\"https:\/\/portaltela.pt\/s.01k8rhncp4jt1\/2025\/11\/talking-bot-125x125.png\",\"caption\":\"Telinha\"},\"sameAs\":[\"https:\/\/portaltela.pt\/\"],\"url\":\"https:\/\/portaltela.pt\/por\/367410592786\/\"}]}<\/script>\n<!-- \/ Yoast SEO plugin. -->","yoast_head_json":{"title":"Acidente ferrovi\u00e1rio em Adamuz: detetada rotura na linha no dia anterior - Portal Tela Portugal","robots":{"index":"index","follow":"follow","max-snippet":"max-snippet:-1","max-image-preview":"max-image-preview:large","max-video-preview":"max-video-preview:-1"},"og_locale":"pt_PT","og_type":"article","og_title":"Acidente ferrovi\u00e1rio em Adamuz: detetada rotura na linha no dia anterior - Portal Tela Portugal","og_description":"O sistema autom\u00e1tico de monitoriza\u00e7\u00e3o da linha de alta velocidade entre Madrid e a Andaluzia detetou no dia 17 de janeiro uma altera\u00e7\u00e3o na corrente el\u00e9trica dos carris, compat\u00edvel com uma rotura. O alerta n\u00e3o foi acionado, deixando o descarrilamento do comboio Iryo proveniente de M\u00e1laga e o choque com o Alvia sem os efeitos de preven\u00e7\u00e3o. A queda da corrente el\u00e9ctrica foi de 2 volts para 1,5 volts, o que os investigadores classificam como compat\u00edvel com uma rotura. O sistema estava configurado para disparar o alarme apenas quando a tens\u00e3o ca\u00edsse abaixo de 0,780 volts, levantando quest\u00f5es sobre poss\u00edveis ajustes t\u00e9cnicos. O relat\u00f3rio tamb\u00e9m rejeita sabotagem, terrorismo, excesso de velocidade, neglig\u00eancia ou erro humano como causas do acidente ocorrido em Adamuz.","og_url":"https:\/\/portaltela.pt\/noticias\/2026\/04\/08\/acidente-ferroviario-em-adamuz-detetada-rotura-na-linha-no-dia-anterior\/","og_site_name":"Portal Tela Portugal","article_published_time":"2026-04-09T00:47:05+00:00","author":"Telinha","twitter_card":"summary_large_image","twitter_misc":{"Escrito por":"Telinha","Tempo estimado de leitura":"1 minuto"},"schema":{"@context":"https:\/\/schema.org","@graph":[{"@type":"Article","@id":"https:\/\/portaltela.pt\/noticias\/2026\/04\/08\/acidente-ferroviario-em-adamuz-detetada-rotura-na-linha-no-dia-anterior\/#article","isPartOf":{"@id":"https:\/\/portaltela.pt\/noticias\/2026\/04\/08\/acidente-ferroviario-em-adamuz-detetada-rotura-na-linha-no-dia-anterior\/"},"author":{"name":"Telinha","@id":"https:\/\/portaltela.pt\/#\/schema\/person\/c4278d4a6028830caff9ee44b42d32ed"},"headline":"Acidente ferrovi\u00e1rio em Adamuz: detetada rotura na linha no dia anterior","datePublished":"2026-04-09T00:47:05+00:00","mainEntityOfPage":{"@id":"https:\/\/portaltela.pt\/noticias\/2026\/04\/08\/acidente-ferroviario-em-adamuz-detetada-rotura-na-linha-no-dia-anterior\/"},"wordCount":263,"image":{"@id":"https:\/\/portaltela.pt\/noticias\/2026\/04\/08\/acidente-ferroviario-em-adamuz-detetada-rotura-na-linha-no-dia-anterior\/#primaryimage"},"thumbnailUrl":"https:\/\/portaltela.pt\/s.01k8rhncp4jt1\/2026\/04\/img_1280x721uu2026-01-19-18-31-00-2261344.jpg","keywords":["acidente ferrovi\u00e1rio","acidentes ferrovi\u00e1rios","Adamuz","energia","energia el\u00e9trica","investiga\u00e7\u00e3o"],"articleSection":["Acidentes"],"inLanguage":"pt-PT"},{"@type":"WebPage","@id":"https:\/\/portaltela.pt\/noticias\/2026\/04\/08\/acidente-ferroviario-em-adamuz-detetada-rotura-na-linha-no-dia-anterior\/","url":"https:\/\/portaltela.pt\/noticias\/2026\/04\/08\/acidente-ferroviario-em-adamuz-detetada-rotura-na-linha-no-dia-anterior\/","name":"Acidente ferrovi\u00e1rio em Adamuz: detetada rotura na linha no dia anterior - Portal Tela Portugal","isPartOf":{"@id":"https:\/\/portaltela.pt\/#website"},"primaryImageOfPage":{"@id":"https:\/\/portaltela.pt\/noticias\/2026\/04\/08\/acidente-ferroviario-em-adamuz-detetada-rotura-na-linha-no-dia-anterior\/#primaryimage"},"image":{"@id":"https:\/\/portaltela.pt\/noticias\/2026\/04\/08\/acidente-ferroviario-em-adamuz-detetada-rotura-na-linha-no-dia-anterior\/#primaryimage"},"thumbnailUrl":"https:\/\/portaltela.pt\/s.01k8rhncp4jt1\/2026\/04\/img_1280x721uu2026-01-19-18-31-00-2261344.jpg","datePublished":"2026-04-09T00:47:05+00:00","author":{"@id":"https:\/\/portaltela.pt\/#\/schema\/person\/c4278d4a6028830caff9ee44b42d32ed"},"breadcrumb":{"@id":"https:\/\/portaltela.pt\/noticias\/2026\/04\/08\/acidente-ferroviario-em-adamuz-detetada-rotura-na-linha-no-dia-anterior\/#breadcrumb"},"inLanguage":"pt-PT","potentialAction":[{"@type":"ReadAction","target":["https:\/\/portaltela.pt\/noticias\/2026\/04\/08\/acidente-ferroviario-em-adamuz-detetada-rotura-na-linha-no-dia-anterior\/"]}]},{"@type":"ImageObject","inLanguage":"pt-PT","@id":"https:\/\/portaltela.pt\/noticias\/2026\/04\/08\/acidente-ferroviario-em-adamuz-detetada-rotura-na-linha-no-dia-anterior\/#primaryimage","url":"https:\/\/portaltela.pt\/s.01k8rhncp4jt1\/2026\/04\/img_1280x721uu2026-01-19-18-31-00-2261344.jpg","contentUrl":"https:\/\/portaltela.pt\/s.01k8rhncp4jt1\/2026\/04\/img_1280x721uu2026-01-19-18-31-00-2261344.jpg","width":796,"height":448,"caption":"Photo"},{"@type":"BreadcrumbList","@id":"https:\/\/portaltela.pt\/noticias\/2026\/04\/08\/acidente-ferroviario-em-adamuz-detetada-rotura-na-linha-no-dia-anterior\/#breadcrumb","itemListElement":[{"@type":"ListItem","position":1,"name":"In\u00edcio","item":"https:\/\/portaltela.pt\/"},{"@type":"ListItem","position":2,"name":"Acidente ferrovi\u00e1rio em Adamuz: detetada rotura na linha no dia anterior"}]},{"@type":"WebSite","@id":"https:\/\/portaltela.pt\/#website","url":"https:\/\/portaltela.pt\/","name":"Portal Tela Portugal","description":"","potentialAction":[{"@type":"SearchAction","target":{"@type":"EntryPoint","urlTemplate":"https:\/\/portaltela.pt\/?s={search_term_string}"},"query-input":{"@type":"PropertyValueSpecification","valueRequired":true,"valueName":"search_term_string"}}],"inLanguage":"pt-PT"},{"@type":"Person","@id":"https:\/\/portaltela.pt\/#\/schema\/person\/c4278d4a6028830caff9ee44b42d32ed","name":"Telinha","image":{"@type":"ImageObject","inLanguage":"pt-PT","@id":"https:\/\/portaltela.pt\/s.01k8rhncp4jt1\/2025\/11\/talking-bot-125x125.png","url":"https:\/\/portaltela.pt\/s.01k8rhncp4jt1\/2025\/11\/talking-bot-125x125.png","contentUrl":"https:\/\/portaltela.pt\/s.01k8rhncp4jt1\/2025\/11\/talking-bot-125x125.png","caption":"Telinha"},"sameAs":["https:\/\/portaltela.pt\/"],"url":"https:\/\/portaltela.pt\/por\/367410592786\/"}]}},"_links":{"self":[{"href":"https:\/\/portaltela.pt\/api\/wp\/v2\/posts\/437368","targetHints":{"allow":["GET"]}}],"collection":[{"href":"https:\/\/portaltela.pt\/api\/wp\/v2\/posts"}],"about":[{"href":"https:\/\/portaltela.pt\/api\/wp\/v2\/types\/post"}],"author":[{"embeddable":true,"href":"https:\/\/portaltela.pt\/api\/wp\/v2\/users\/2"}],"replies":[{"embeddable":true,"href":"https:\/\/portaltela.pt\/api\/wp\/v2\/comments?post=437368"}],"version-history":[{"count":0,"href":"https:\/\/portaltela.pt\/api\/wp\/v2\/posts\/437368\/revisions"}],"wp:featuredmedia":[{"embeddable":true,"href":"https:\/\/portaltela.pt\/api\/wp\/v2\/media\/437371"}],"wp:attachment":[{"href":"https:\/\/portaltela.pt\/api\/wp\/v2\/media?parent=437368"}],"wp:term":[{"taxonomy":"category","embeddable":true,"href":"https:\/\/portaltela.pt\/api\/wp\/v2\/categories?post=437368"},{"taxonomy":"post_tag","embeddable":true,"href":"https:\/\/portaltela.pt\/api\/wp\/v2\/tags?post=437368"}],"curies":[{"name":"wp","href":"https:\/\/api.w.org\/{rel}","templated":true}]}}