{"id":437348,"date":"2026-04-08T20:53:00","date_gmt":"2026-04-08T23:53:00","guid":{"rendered":"https:\/\/portaltela.pt\/noticias\/2026\/04\/08\/pereira-afirma-que-liberdade-e-democracia-dependem-de-comunicacao-social-forte\/"},"modified":"2026-04-08T20:53:00","modified_gmt":"2026-04-08T23:53:00","slug":"pereira-afirma-que-liberdade-e-democracia-dependem-de-comunicacao-social-forte","status":"publish","type":"post","link":"https:\/\/portaltela.pt\/noticias\/politica\/2026\/04\/08\/pereira-afirma-que-liberdade-e-democracia-dependem-de-comunicacao-social-forte\/","title":{"rendered":"Pereira afirma que liberdade e democracia dependem de comunica\u00e7\u00e3o social forte"},"content":{"rendered":"<p>O segundo encontro do ciclo Entre Caf\u00e9s contou com a presen\u00e7a de Jos\u00e9 Ant\u00f3nio Pereira, rep\u00f3rter da RTP, a acompanhar o jornalista Francisco Porto Fernandes, presidente da Federa\u00e7\u00e3o Acad\u00e9mica do Porto (FAP). O debate decorreu no R\u00e1dio Clube de Agramonte, na manh\u00e3 de quarta-feira.<\/p>\n<p>O tema central foi Democracia e liberdade, abordando o papel da comunica\u00e7\u00e3o social na era das redes sociais e da IA. Pereira partilhou a sua experi\u00eancia de 15 anos na RTP, destacando o valor da imprensa local na constru\u00e7\u00e3o da informa\u00e7\u00e3o junto das comunidades.<\/p>\n<p>O jornalista reconheceu que o imediatismo das redes pode comprometer a qualidade jornal\u00edstica. Afirmou que a presta\u00e7\u00e3o informativa deve manter rigor, imparcialidade e veracidade, sobretudo em temas de grande relev\u00e2ncia como pandemias, conflitos e crises.<\/p>\n<h3>Imprensa local que resiste<\/h3>\n<p>Jos\u00e9 Ant\u00f3nio Pereira descreveu o jornalismo local como resistente e essencial \u00e0 fiscaliza\u00e7\u00e3o do poder local. A falta de visibilidade do interior pelas grandes emissoras \u00e9 uma preocupa\u00e7\u00e3o, bem como o risco do centralismo que pode boicotar a diversidade informativa.<\/p>\n<p>Na vis\u00e3o do jornalista, a imprensa regional precisa de assegurar recursos para cumprir o seu papel p\u00fablico sem interfer\u00eancia editorial. A sustentabilidade financeira \u00e9 vista como condi\u00e7\u00e3o-chave para manter a independ\u00eancia e a qualidade profissional.<\/p>\n<h3>Estado tem de ajudar<\/h3>\n<p>Sobre as dificuldades econ\u00f3micas dos meios tradicionais, Pereira defende apoio estatal, desde que n\u00e3o haja condicionantes editoriais. O objetivo \u00e9 salvaguardar o rigor, a imparcialidade e a confian\u00e7a do p\u00fablico na imprensa.<\/p>\n","protected":false},"excerpt":{"rendered":"<ul>\n<li>No segundo encontro &#8220;Entre Caf\u00e9s&#8221; da parceria entre a Federa\u00e7\u00e3o Acad\u00e9mica do Porto (FAP), o Jornal de Not\u00edcias (JN) e a TSF, Jos\u00e9 Ant\u00f3nio Pereira refletiu sobre democracia, liberdade e o papel da comunica\u00e7\u00e3o social.<\/li>\n<li>O jornalista afirmou que n\u00e3o h\u00e1 liberdade nem democracia sem uma imprensa forte e destacou a import\u00e2ncia da imprensa local e da literacia medi\u00e1tica.<\/li>\n<li>Alertou para o risco do imediatismo nas redes sociais, defendendo que, quando um \u00f3rg\u00e3o de comunica\u00e7\u00e3o quer dar primeiro e falha, perde rigor e imparcialidade.<\/li>\n<li>Observou que a l\u00f3gica de consumo alterou h\u00e1bitos, que as redes sociais favorecem mensagens sem contradit\u00f3rio, e que, em temas s\u00e9rios, as audi\u00eancias tendem a subir porque \u00e9 onde est\u00e1 informa\u00e7\u00e3o fi\u00e1vel.<\/li>\n<li>Pediu apoio do Estado aos meios tradicionais, desde que n\u00e3o haja interfer\u00eancia editorial, para preservar o rigor e a imparcialidade do jornalismo.<\/li>\n<\/ul>\n","protected":false},"author":2,"featured_media":437349,"comment_status":"closed","ping_status":"closed","sticky":false,"template":"","format":"standard","meta":{"footnotes":""},"categories":[1,5],"tags":[2607,2795,506,5707,3512,2832],"class_list":["post-437348","post","type-post","status-publish","format-standard","has-post-thumbnail","hentry","category-noticias","category-politica","tag-comunicacao","tag-democracia","tag-imprensa","tag-jornalistas","tag-liberdade-de-imprensa","tag-politica"],"yoast_head":"<!-- This site is optimized with the Yoast SEO plugin v27.2 - https:\/\/yoast.com\/product\/yoast-seo-wordpress\/ -->\n<title>Pereira afirma que liberdade e democracia dependem de comunica\u00e7\u00e3o social forte - Portal Tela Portugal<\/title>\n<meta name=\"robots\" content=\"index, follow, max-snippet:-1, max-image-preview:large, max-video-preview:-1\" \/>\n<meta property=\"og:locale\" content=\"pt_PT\" \/>\n<meta property=\"og:type\" content=\"article\" \/>\n<meta property=\"og:title\" content=\"Pereira afirma que liberdade e democracia dependem de comunica\u00e7\u00e3o social forte - Portal Tela Portugal\" \/>\n<meta property=\"og:description\" content=\"No segundo encontro &quot;Entre Caf\u00e9s&quot; da parceria entre a Federa\u00e7\u00e3o Acad\u00e9mica do Porto (FAP), o Jornal de Not\u00edcias (JN) e a TSF, Jos\u00e9 Ant\u00f3nio Pereira refletiu sobre democracia, liberdade e o papel da comunica\u00e7\u00e3o social. O jornalista afirmou que n\u00e3o h\u00e1 liberdade nem democracia sem uma imprensa forte e destacou a import\u00e2ncia da imprensa local e da literacia medi\u00e1tica. Alertou para o risco do imediatismo nas redes sociais, defendendo que, quando um \u00f3rg\u00e3o de comunica\u00e7\u00e3o quer dar primeiro e falha, perde rigor e imparcialidade. Observou que a l\u00f3gica de consumo alterou h\u00e1bitos, que as redes sociais favorecem mensagens sem contradit\u00f3rio, e que, em temas s\u00e9rios, as audi\u00eancias tendem a subir porque \u00e9 onde est\u00e1 informa\u00e7\u00e3o fi\u00e1vel. Pediu apoio do Estado aos meios tradicionais, desde que n\u00e3o haja interfer\u00eancia editorial, para preservar o rigor e a imparcialidade do jornalismo.\" \/>\n<meta property=\"og:url\" content=\"https:\/\/portaltela.pt\/noticias\/2026\/04\/08\/pereira-afirma-que-liberdade-e-democracia-dependem-de-comunicacao-social-forte\/\" \/>\n<meta property=\"og:site_name\" content=\"Portal Tela Portugal\" \/>\n<meta property=\"article:published_time\" content=\"2026-04-08T23:53:00+00:00\" \/>\n<meta name=\"author\" content=\"Telinha\" \/>\n<meta name=\"twitter:card\" content=\"summary_large_image\" \/>\n<meta name=\"twitter:label1\" content=\"Escrito por\" \/>\n\t<meta name=\"twitter:data1\" content=\"Telinha\" \/>\n\t<meta name=\"twitter:label2\" content=\"Tempo estimado de leitura\" \/>\n\t<meta name=\"twitter:data2\" content=\"1 minuto\" \/>\n<script type=\"application\/ld+json\" class=\"yoast-schema-graph\">{\"@context\":\"https:\/\/schema.org\",\"@graph\":[{\"@type\":\"Article\",\"@id\":\"https:\/\/portaltela.pt\/noticias\/2026\/04\/08\/pereira-afirma-que-liberdade-e-democracia-dependem-de-comunicacao-social-forte\/#article\",\"isPartOf\":{\"@id\":\"https:\/\/portaltela.pt\/noticias\/2026\/04\/08\/pereira-afirma-que-liberdade-e-democracia-dependem-de-comunicacao-social-forte\/\"},\"author\":{\"name\":\"Telinha\",\"@id\":\"https:\/\/portaltela.pt\/#\/schema\/person\/c4278d4a6028830caff9ee44b42d32ed\"},\"headline\":\"Pereira afirma que liberdade e democracia dependem de comunica\u00e7\u00e3o social forte\",\"datePublished\":\"2026-04-08T23:53:00+00:00\",\"mainEntityOfPage\":{\"@id\":\"https:\/\/portaltela.pt\/noticias\/2026\/04\/08\/pereira-afirma-que-liberdade-e-democracia-dependem-de-comunicacao-social-forte\/\"},\"wordCount\":271,\"image\":{\"@id\":\"https:\/\/portaltela.pt\/noticias\/2026\/04\/08\/pereira-afirma-que-liberdade-e-democracia-dependem-de-comunicacao-social-forte\/#primaryimage\"},\"thumbnailUrl\":\"https:\/\/portaltela.pt\/s.01k8rhncp4jt1\/2026\/04\/e58f0f41-1890-451f-b5ed-c5ad7f412a5d_1200x675.jpg\",\"keywords\":[\"comunica\u00e7\u00e3o\",\"democracia\",\"imprensa\",\"jornalistas\",\"liberdade de imprensa\",\"pol\u00edtica\"],\"articleSection\":[\"Not\u00edcias\",\"Pol\u00edtica\"],\"inLanguage\":\"pt-PT\"},{\"@type\":\"WebPage\",\"@id\":\"https:\/\/portaltela.pt\/noticias\/2026\/04\/08\/pereira-afirma-que-liberdade-e-democracia-dependem-de-comunicacao-social-forte\/\",\"url\":\"https:\/\/portaltela.pt\/noticias\/2026\/04\/08\/pereira-afirma-que-liberdade-e-democracia-dependem-de-comunicacao-social-forte\/\",\"name\":\"Pereira afirma que liberdade e democracia dependem de comunica\u00e7\u00e3o social forte - Portal Tela Portugal\",\"isPartOf\":{\"@id\":\"https:\/\/portaltela.pt\/#website\"},\"primaryImageOfPage\":{\"@id\":\"https:\/\/portaltela.pt\/noticias\/2026\/04\/08\/pereira-afirma-que-liberdade-e-democracia-dependem-de-comunicacao-social-forte\/#primaryimage\"},\"image\":{\"@id\":\"https:\/\/portaltela.pt\/noticias\/2026\/04\/08\/pereira-afirma-que-liberdade-e-democracia-dependem-de-comunicacao-social-forte\/#primaryimage\"},\"thumbnailUrl\":\"https:\/\/portaltela.pt\/s.01k8rhncp4jt1\/2026\/04\/e58f0f41-1890-451f-b5ed-c5ad7f412a5d_1200x675.jpg\",\"datePublished\":\"2026-04-08T23:53:00+00:00\",\"author\":{\"@id\":\"https:\/\/portaltela.pt\/#\/schema\/person\/c4278d4a6028830caff9ee44b42d32ed\"},\"breadcrumb\":{\"@id\":\"https:\/\/portaltela.pt\/noticias\/2026\/04\/08\/pereira-afirma-que-liberdade-e-democracia-dependem-de-comunicacao-social-forte\/#breadcrumb\"},\"inLanguage\":\"pt-PT\",\"potentialAction\":[{\"@type\":\"ReadAction\",\"target\":[\"https:\/\/portaltela.pt\/noticias\/2026\/04\/08\/pereira-afirma-que-liberdade-e-democracia-dependem-de-comunicacao-social-forte\/\"]}]},{\"@type\":\"ImageObject\",\"inLanguage\":\"pt-PT\",\"@id\":\"https:\/\/portaltela.pt\/noticias\/2026\/04\/08\/pereira-afirma-que-liberdade-e-democracia-dependem-de-comunicacao-social-forte\/#primaryimage\",\"url\":\"https:\/\/portaltela.pt\/s.01k8rhncp4jt1\/2026\/04\/e58f0f41-1890-451f-b5ed-c5ad7f412a5d_1200x675.jpg\",\"contentUrl\":\"https:\/\/portaltela.pt\/s.01k8rhncp4jt1\/2026\/04\/e58f0f41-1890-451f-b5ed-c5ad7f412a5d_1200x675.jpg\",\"width\":796,\"height\":448,\"caption\":\"O jornalista Jos\u00e9 Ant\u00f3nio Pereira esteve \u00e0 conversa com o presidente da Federa\u00e7\u00e3o Acad\u00e9mica do Porto (FAP), Francisco Porto Fernandes, no R\u00e1dio Clube de Agramonte\"},{\"@type\":\"BreadcrumbList\",\"@id\":\"https:\/\/portaltela.pt\/noticias\/2026\/04\/08\/pereira-afirma-que-liberdade-e-democracia-dependem-de-comunicacao-social-forte\/#breadcrumb\",\"itemListElement\":[{\"@type\":\"ListItem\",\"position\":1,\"name\":\"In\u00edcio\",\"item\":\"https:\/\/portaltela.pt\/\"},{\"@type\":\"ListItem\",\"position\":2,\"name\":\"Pereira afirma que liberdade e democracia dependem de comunica\u00e7\u00e3o social forte\"}]},{\"@type\":\"WebSite\",\"@id\":\"https:\/\/portaltela.pt\/#website\",\"url\":\"https:\/\/portaltela.pt\/\",\"name\":\"Portal Tela Portugal\",\"description\":\"\",\"potentialAction\":[{\"@type\":\"SearchAction\",\"target\":{\"@type\":\"EntryPoint\",\"urlTemplate\":\"https:\/\/portaltela.pt\/?s={search_term_string}\"},\"query-input\":{\"@type\":\"PropertyValueSpecification\",\"valueRequired\":true,\"valueName\":\"search_term_string\"}}],\"inLanguage\":\"pt-PT\"},{\"@type\":\"Person\",\"@id\":\"https:\/\/portaltela.pt\/#\/schema\/person\/c4278d4a6028830caff9ee44b42d32ed\",\"name\":\"Telinha\",\"image\":{\"@type\":\"ImageObject\",\"inLanguage\":\"pt-PT\",\"@id\":\"https:\/\/portaltela.pt\/s.01k8rhncp4jt1\/2025\/11\/talking-bot-125x125.png\",\"url\":\"https:\/\/portaltela.pt\/s.01k8rhncp4jt1\/2025\/11\/talking-bot-125x125.png\",\"contentUrl\":\"https:\/\/portaltela.pt\/s.01k8rhncp4jt1\/2025\/11\/talking-bot-125x125.png\",\"caption\":\"Telinha\"},\"sameAs\":[\"https:\/\/portaltela.pt\/\"],\"url\":\"https:\/\/portaltela.pt\/por\/367410592786\/\"}]}<\/script>\n<!-- \/ Yoast SEO plugin. -->","yoast_head_json":{"title":"Pereira afirma que liberdade e democracia dependem de comunica\u00e7\u00e3o social forte - Portal Tela Portugal","robots":{"index":"index","follow":"follow","max-snippet":"max-snippet:-1","max-image-preview":"max-image-preview:large","max-video-preview":"max-video-preview:-1"},"og_locale":"pt_PT","og_type":"article","og_title":"Pereira afirma que liberdade e democracia dependem de comunica\u00e7\u00e3o social forte - Portal Tela Portugal","og_description":"No segundo encontro \"Entre Caf\u00e9s\" da parceria entre a Federa\u00e7\u00e3o Acad\u00e9mica do Porto (FAP), o Jornal de Not\u00edcias (JN) e a TSF, Jos\u00e9 Ant\u00f3nio Pereira refletiu sobre democracia, liberdade e o papel da comunica\u00e7\u00e3o social. O jornalista afirmou que n\u00e3o h\u00e1 liberdade nem democracia sem uma imprensa forte e destacou a import\u00e2ncia da imprensa local e da literacia medi\u00e1tica. Alertou para o risco do imediatismo nas redes sociais, defendendo que, quando um \u00f3rg\u00e3o de comunica\u00e7\u00e3o quer dar primeiro e falha, perde rigor e imparcialidade. Observou que a l\u00f3gica de consumo alterou h\u00e1bitos, que as redes sociais favorecem mensagens sem contradit\u00f3rio, e que, em temas s\u00e9rios, as audi\u00eancias tendem a subir porque \u00e9 onde est\u00e1 informa\u00e7\u00e3o fi\u00e1vel. Pediu apoio do Estado aos meios tradicionais, desde que n\u00e3o haja interfer\u00eancia editorial, para preservar o rigor e a imparcialidade do jornalismo.","og_url":"https:\/\/portaltela.pt\/noticias\/2026\/04\/08\/pereira-afirma-que-liberdade-e-democracia-dependem-de-comunicacao-social-forte\/","og_site_name":"Portal Tela Portugal","article_published_time":"2026-04-08T23:53:00+00:00","author":"Telinha","twitter_card":"summary_large_image","twitter_misc":{"Escrito por":"Telinha","Tempo estimado de leitura":"1 minuto"},"schema":{"@context":"https:\/\/schema.org","@graph":[{"@type":"Article","@id":"https:\/\/portaltela.pt\/noticias\/2026\/04\/08\/pereira-afirma-que-liberdade-e-democracia-dependem-de-comunicacao-social-forte\/#article","isPartOf":{"@id":"https:\/\/portaltela.pt\/noticias\/2026\/04\/08\/pereira-afirma-que-liberdade-e-democracia-dependem-de-comunicacao-social-forte\/"},"author":{"name":"Telinha","@id":"https:\/\/portaltela.pt\/#\/schema\/person\/c4278d4a6028830caff9ee44b42d32ed"},"headline":"Pereira afirma que liberdade e democracia dependem de comunica\u00e7\u00e3o social forte","datePublished":"2026-04-08T23:53:00+00:00","mainEntityOfPage":{"@id":"https:\/\/portaltela.pt\/noticias\/2026\/04\/08\/pereira-afirma-que-liberdade-e-democracia-dependem-de-comunicacao-social-forte\/"},"wordCount":271,"image":{"@id":"https:\/\/portaltela.pt\/noticias\/2026\/04\/08\/pereira-afirma-que-liberdade-e-democracia-dependem-de-comunicacao-social-forte\/#primaryimage"},"thumbnailUrl":"https:\/\/portaltela.pt\/s.01k8rhncp4jt1\/2026\/04\/e58f0f41-1890-451f-b5ed-c5ad7f412a5d_1200x675.jpg","keywords":["comunica\u00e7\u00e3o","democracia","imprensa","jornalistas","liberdade de imprensa","pol\u00edtica"],"articleSection":["Not\u00edcias","Pol\u00edtica"],"inLanguage":"pt-PT"},{"@type":"WebPage","@id":"https:\/\/portaltela.pt\/noticias\/2026\/04\/08\/pereira-afirma-que-liberdade-e-democracia-dependem-de-comunicacao-social-forte\/","url":"https:\/\/portaltela.pt\/noticias\/2026\/04\/08\/pereira-afirma-que-liberdade-e-democracia-dependem-de-comunicacao-social-forte\/","name":"Pereira afirma que liberdade e democracia dependem de comunica\u00e7\u00e3o social forte - Portal Tela Portugal","isPartOf":{"@id":"https:\/\/portaltela.pt\/#website"},"primaryImageOfPage":{"@id":"https:\/\/portaltela.pt\/noticias\/2026\/04\/08\/pereira-afirma-que-liberdade-e-democracia-dependem-de-comunicacao-social-forte\/#primaryimage"},"image":{"@id":"https:\/\/portaltela.pt\/noticias\/2026\/04\/08\/pereira-afirma-que-liberdade-e-democracia-dependem-de-comunicacao-social-forte\/#primaryimage"},"thumbnailUrl":"https:\/\/portaltela.pt\/s.01k8rhncp4jt1\/2026\/04\/e58f0f41-1890-451f-b5ed-c5ad7f412a5d_1200x675.jpg","datePublished":"2026-04-08T23:53:00+00:00","author":{"@id":"https:\/\/portaltela.pt\/#\/schema\/person\/c4278d4a6028830caff9ee44b42d32ed"},"breadcrumb":{"@id":"https:\/\/portaltela.pt\/noticias\/2026\/04\/08\/pereira-afirma-que-liberdade-e-democracia-dependem-de-comunicacao-social-forte\/#breadcrumb"},"inLanguage":"pt-PT","potentialAction":[{"@type":"ReadAction","target":["https:\/\/portaltela.pt\/noticias\/2026\/04\/08\/pereira-afirma-que-liberdade-e-democracia-dependem-de-comunicacao-social-forte\/"]}]},{"@type":"ImageObject","inLanguage":"pt-PT","@id":"https:\/\/portaltela.pt\/noticias\/2026\/04\/08\/pereira-afirma-que-liberdade-e-democracia-dependem-de-comunicacao-social-forte\/#primaryimage","url":"https:\/\/portaltela.pt\/s.01k8rhncp4jt1\/2026\/04\/e58f0f41-1890-451f-b5ed-c5ad7f412a5d_1200x675.jpg","contentUrl":"https:\/\/portaltela.pt\/s.01k8rhncp4jt1\/2026\/04\/e58f0f41-1890-451f-b5ed-c5ad7f412a5d_1200x675.jpg","width":796,"height":448,"caption":"O jornalista Jos\u00e9 Ant\u00f3nio Pereira esteve \u00e0 conversa com o presidente da Federa\u00e7\u00e3o Acad\u00e9mica do Porto (FAP), Francisco Porto Fernandes, no R\u00e1dio Clube de Agramonte"},{"@type":"BreadcrumbList","@id":"https:\/\/portaltela.pt\/noticias\/2026\/04\/08\/pereira-afirma-que-liberdade-e-democracia-dependem-de-comunicacao-social-forte\/#breadcrumb","itemListElement":[{"@type":"ListItem","position":1,"name":"In\u00edcio","item":"https:\/\/portaltela.pt\/"},{"@type":"ListItem","position":2,"name":"Pereira afirma que liberdade e democracia dependem de comunica\u00e7\u00e3o social forte"}]},{"@type":"WebSite","@id":"https:\/\/portaltela.pt\/#website","url":"https:\/\/portaltela.pt\/","name":"Portal Tela Portugal","description":"","potentialAction":[{"@type":"SearchAction","target":{"@type":"EntryPoint","urlTemplate":"https:\/\/portaltela.pt\/?s={search_term_string}"},"query-input":{"@type":"PropertyValueSpecification","valueRequired":true,"valueName":"search_term_string"}}],"inLanguage":"pt-PT"},{"@type":"Person","@id":"https:\/\/portaltela.pt\/#\/schema\/person\/c4278d4a6028830caff9ee44b42d32ed","name":"Telinha","image":{"@type":"ImageObject","inLanguage":"pt-PT","@id":"https:\/\/portaltela.pt\/s.01k8rhncp4jt1\/2025\/11\/talking-bot-125x125.png","url":"https:\/\/portaltela.pt\/s.01k8rhncp4jt1\/2025\/11\/talking-bot-125x125.png","contentUrl":"https:\/\/portaltela.pt\/s.01k8rhncp4jt1\/2025\/11\/talking-bot-125x125.png","caption":"Telinha"},"sameAs":["https:\/\/portaltela.pt\/"],"url":"https:\/\/portaltela.pt\/por\/367410592786\/"}]}},"_links":{"self":[{"href":"https:\/\/portaltela.pt\/api\/wp\/v2\/posts\/437348","targetHints":{"allow":["GET"]}}],"collection":[{"href":"https:\/\/portaltela.pt\/api\/wp\/v2\/posts"}],"about":[{"href":"https:\/\/portaltela.pt\/api\/wp\/v2\/types\/post"}],"author":[{"embeddable":true,"href":"https:\/\/portaltela.pt\/api\/wp\/v2\/users\/2"}],"replies":[{"embeddable":true,"href":"https:\/\/portaltela.pt\/api\/wp\/v2\/comments?post=437348"}],"version-history":[{"count":0,"href":"https:\/\/portaltela.pt\/api\/wp\/v2\/posts\/437348\/revisions"}],"wp:featuredmedia":[{"embeddable":true,"href":"https:\/\/portaltela.pt\/api\/wp\/v2\/media\/437349"}],"wp:attachment":[{"href":"https:\/\/portaltela.pt\/api\/wp\/v2\/media?parent=437348"}],"wp:term":[{"taxonomy":"category","embeddable":true,"href":"https:\/\/portaltela.pt\/api\/wp\/v2\/categories?post=437348"},{"taxonomy":"post_tag","embeddable":true,"href":"https:\/\/portaltela.pt\/api\/wp\/v2\/tags?post=437348"}],"curies":[{"name":"wp","href":"https:\/\/api.w.org\/{rel}","templated":true}]}}