{"id":437301,"date":"2026-04-08T16:27:00","date_gmt":"2026-04-08T19:27:00","guid":{"rendered":"https:\/\/portaltela.pt\/noticias\/2026\/04\/08\/primeiro-ministro-subscreve-declaracao-da-ue-e-canada-pelo-fim-rapido-da-guerra\/"},"modified":"2026-04-08T16:27:00","modified_gmt":"2026-04-08T19:27:00","slug":"primeiro-ministro-subscreve-declaracao-da-ue-e-canada-pelo-fim-rapido-da-guerra","status":"publish","type":"post","link":"https:\/\/portaltela.pt\/geopolitica\/2026\/04\/08\/primeiro-ministro-subscreve-declaracao-da-ue-e-canada-pelo-fim-rapido-da-guerra\/","title":{"rendered":"Primeiro-ministro subscreve declara\u00e7\u00e3o da UE e Canad\u00e1 pelo fim r\u00e1pido da guerra"},"content":{"rendered":"<p>O Primeiro-Ministro subscreveu uma declara\u00e7\u00e3o conjunta da Uni\u00e3o Europeia e do Canad\u00e1 que pede o fim r\u00e1pido da guerra. A posi\u00e7\u00e3o foi tornada p\u00fablica em comunicado divulgado pelas institui\u00e7\u00f5es parceiras, sem indicar prazos espec\u00edficos.<\/p>\n<p>O objetivo central \u00e9 a cessa\u00e7\u00e3o das hostilidades e o in\u00edcio de negocia\u00e7\u00f5es entre as partes envolvidas no conflito. A medida conta com o apoio dos dois blocos e evidencia uma press\u00e3o diplom\u00e1tica para uma solu\u00e7\u00e3o r\u00e1pida.<\/p>\n<p>Quem assinou\/participa: o Primeiro-Ministro, a Uni\u00e3o Europeia e o Canad\u00e1. Quando foi tornado p\u00fablico n\u00e3o \u00e9 informado de forma detalhada no texto de base. O local exato do ato n\u00e3o \u00e9 especificado, mantendo o an\u00fancio em termos diplom\u00e1ticos gerais.<\/p>\n<p>Porqu\u00ea: o objetivo \u00e9 reduzir sofrimento humanit\u00e1rio e restaurar vias de negocia\u00e7\u00e3o. A declara\u00e7\u00e3o refor\u00e7a a necessidade de uma solu\u00e7\u00e3o pac\u00edfica e de respeito ao direito internacional, sem sinalizar condi\u00e7\u00f5es ou etapas futuras.<\/p>\n","protected":false},"excerpt":{"rendered":"<ul>\n<li>O primeiro-ministro subscreveu uma declara\u00e7\u00e3o conjunta da Uni\u00e3o Europeia e do Canad\u00e1.<\/li>\n<li>A declara\u00e7\u00e3o pede o fim r\u00e1pido da guerra em curso.<\/li>\n<li>A posi\u00e7\u00e3o representa uma linha de coopera\u00e7\u00e3o entre a UE e o Canad\u00e1.<\/li>\n<li>O conte\u00fado completo est\u00e1 dispon\u00edvel apenas para subscritores.<\/li>\n<\/ul>\n","protected":false},"author":2,"featured_media":437302,"comment_status":"closed","ping_status":"closed","sticky":false,"template":"","format":"standard","meta":{"footnotes":""},"categories":[6814],"tags":[2015,2198,29,5547,7439,2055],"class_list":["post-437301","post","type-post","status-publish","format-standard","has-post-thumbnail","hentry","category-geopolitica","tag-canada","tag-conflitos-internacionais","tag-diplomacia","tag-informacao-internacional","tag-politica-externa","tag-uniao-europeia"],"yoast_head":"<!-- This site is optimized with the Yoast SEO plugin v27.2 - https:\/\/yoast.com\/product\/yoast-seo-wordpress\/ -->\n<title>Primeiro-ministro subscreve declara\u00e7\u00e3o da UE e Canad\u00e1 pelo fim r\u00e1pido da guerra - Portal Tela Portugal<\/title>\n<meta name=\"robots\" content=\"index, follow, max-snippet:-1, max-image-preview:large, max-video-preview:-1\" \/>\n<meta property=\"og:locale\" content=\"pt_PT\" \/>\n<meta property=\"og:type\" content=\"article\" \/>\n<meta property=\"og:title\" content=\"Primeiro-ministro subscreve declara\u00e7\u00e3o da UE e Canad\u00e1 pelo fim r\u00e1pido da guerra - Portal Tela Portugal\" \/>\n<meta property=\"og:description\" content=\"O primeiro-ministro subscreveu uma declara\u00e7\u00e3o conjunta da Uni\u00e3o Europeia e do Canad\u00e1. A declara\u00e7\u00e3o pede o fim r\u00e1pido da guerra em curso. A posi\u00e7\u00e3o representa uma linha de coopera\u00e7\u00e3o entre a UE e o Canad\u00e1. O conte\u00fado completo est\u00e1 dispon\u00edvel apenas para subscritores.\" \/>\n<meta property=\"og:url\" content=\"https:\/\/portaltela.pt\/noticias\/2026\/04\/08\/primeiro-ministro-subscreve-declaracao-da-ue-e-canada-pelo-fim-rapido-da-guerra\/\" \/>\n<meta property=\"og:site_name\" content=\"Portal Tela Portugal\" \/>\n<meta property=\"article:published_time\" content=\"2026-04-08T19:27:00+00:00\" \/>\n<meta name=\"author\" content=\"Telinha\" \/>\n<meta name=\"twitter:card\" content=\"summary_large_image\" \/>\n<meta name=\"twitter:label1\" content=\"Escrito por\" \/>\n\t<meta name=\"twitter:data1\" content=\"Telinha\" \/>\n\t<meta name=\"twitter:label2\" content=\"Tempo estimado de leitura\" \/>\n\t<meta name=\"twitter:data2\" content=\"1 minuto\" \/>\n<script type=\"application\/ld+json\" class=\"yoast-schema-graph\">{\"@context\":\"https:\/\/schema.org\",\"@graph\":[{\"@type\":\"Article\",\"@id\":\"https:\/\/portaltela.pt\/noticias\/2026\/04\/08\/primeiro-ministro-subscreve-declaracao-da-ue-e-canada-pelo-fim-rapido-da-guerra\/#article\",\"isPartOf\":{\"@id\":\"https:\/\/portaltela.pt\/noticias\/2026\/04\/08\/primeiro-ministro-subscreve-declaracao-da-ue-e-canada-pelo-fim-rapido-da-guerra\/\"},\"author\":{\"name\":\"Telinha\",\"@id\":\"https:\/\/portaltela.pt\/#\/schema\/person\/c4278d4a6028830caff9ee44b42d32ed\"},\"headline\":\"Primeiro-ministro subscreve declara\u00e7\u00e3o da UE e Canad\u00e1 pelo fim r\u00e1pido da guerra\",\"datePublished\":\"2026-04-08T19:27:00+00:00\",\"mainEntityOfPage\":{\"@id\":\"https:\/\/portaltela.pt\/noticias\/2026\/04\/08\/primeiro-ministro-subscreve-declaracao-da-ue-e-canada-pelo-fim-rapido-da-guerra\/\"},\"wordCount\":181,\"image\":{\"@id\":\"https:\/\/portaltela.pt\/noticias\/2026\/04\/08\/primeiro-ministro-subscreve-declaracao-da-ue-e-canada-pelo-fim-rapido-da-guerra\/#primaryimage\"},\"thumbnailUrl\":\"https:\/\/portaltela.pt\/s.01k8rhncp4jt1\/2026\/04\/CACHE_780X1200_ANALOG_WATERMARKED_46889278_4991655_07042026060429.jpg\",\"keywords\":[\"Canad\u00e1\",\"conflitos internacionais\",\"diplomacia\",\"informa\u00e7\u00e3o internacional\",\"pol\u00edtica externa\",\"Uni\u00e3o Europeia\"],\"articleSection\":[\"Geopol\u00edtica\"],\"inLanguage\":\"pt-PT\"},{\"@type\":\"WebPage\",\"@id\":\"https:\/\/portaltela.pt\/noticias\/2026\/04\/08\/primeiro-ministro-subscreve-declaracao-da-ue-e-canada-pelo-fim-rapido-da-guerra\/\",\"url\":\"https:\/\/portaltela.pt\/noticias\/2026\/04\/08\/primeiro-ministro-subscreve-declaracao-da-ue-e-canada-pelo-fim-rapido-da-guerra\/\",\"name\":\"Primeiro-ministro subscreve declara\u00e7\u00e3o da UE e Canad\u00e1 pelo fim r\u00e1pido da guerra - Portal Tela Portugal\",\"isPartOf\":{\"@id\":\"https:\/\/portaltela.pt\/#website\"},\"primaryImageOfPage\":{\"@id\":\"https:\/\/portaltela.pt\/noticias\/2026\/04\/08\/primeiro-ministro-subscreve-declaracao-da-ue-e-canada-pelo-fim-rapido-da-guerra\/#primaryimage\"},\"image\":{\"@id\":\"https:\/\/portaltela.pt\/noticias\/2026\/04\/08\/primeiro-ministro-subscreve-declaracao-da-ue-e-canada-pelo-fim-rapido-da-guerra\/#primaryimage\"},\"thumbnailUrl\":\"https:\/\/portaltela.pt\/s.01k8rhncp4jt1\/2026\/04\/CACHE_780X1200_ANALOG_WATERMARKED_46889278_4991655_07042026060429.jpg\",\"datePublished\":\"2026-04-08T19:27:00+00:00\",\"author\":{\"@id\":\"https:\/\/portaltela.pt\/#\/schema\/person\/c4278d4a6028830caff9ee44b42d32ed\"},\"breadcrumb\":{\"@id\":\"https:\/\/portaltela.pt\/noticias\/2026\/04\/08\/primeiro-ministro-subscreve-declaracao-da-ue-e-canada-pelo-fim-rapido-da-guerra\/#breadcrumb\"},\"inLanguage\":\"pt-PT\",\"potentialAction\":[{\"@type\":\"ReadAction\",\"target\":[\"https:\/\/portaltela.pt\/noticias\/2026\/04\/08\/primeiro-ministro-subscreve-declaracao-da-ue-e-canada-pelo-fim-rapido-da-guerra\/\"]}]},{\"@type\":\"ImageObject\",\"inLanguage\":\"pt-PT\",\"@id\":\"https:\/\/portaltela.pt\/noticias\/2026\/04\/08\/primeiro-ministro-subscreve-declaracao-da-ue-e-canada-pelo-fim-rapido-da-guerra\/#primaryimage\",\"url\":\"https:\/\/portaltela.pt\/s.01k8rhncp4jt1\/2026\/04\/CACHE_780X1200_ANALOG_WATERMARKED_46889278_4991655_07042026060429.jpg\",\"contentUrl\":\"https:\/\/portaltela.pt\/s.01k8rhncp4jt1\/2026\/04\/CACHE_780X1200_ANALOG_WATERMARKED_46889278_4991655_07042026060429.jpg\",\"width\":768,\"height\":512,\"caption\":\"Primeiro-ministro subscreve declara\u00e7\u00e3o da UE e Canad\u00e1 que pede \u201cfim r\u00e1pido\u201d da guerra\"},{\"@type\":\"BreadcrumbList\",\"@id\":\"https:\/\/portaltela.pt\/noticias\/2026\/04\/08\/primeiro-ministro-subscreve-declaracao-da-ue-e-canada-pelo-fim-rapido-da-guerra\/#breadcrumb\",\"itemListElement\":[{\"@type\":\"ListItem\",\"position\":1,\"name\":\"In\u00edcio\",\"item\":\"https:\/\/portaltela.pt\/\"},{\"@type\":\"ListItem\",\"position\":2,\"name\":\"Primeiro-ministro subscreve declara\u00e7\u00e3o da UE e Canad\u00e1 pelo fim r\u00e1pido da guerra\"}]},{\"@type\":\"WebSite\",\"@id\":\"https:\/\/portaltela.pt\/#website\",\"url\":\"https:\/\/portaltela.pt\/\",\"name\":\"Portal Tela Portugal\",\"description\":\"\",\"potentialAction\":[{\"@type\":\"SearchAction\",\"target\":{\"@type\":\"EntryPoint\",\"urlTemplate\":\"https:\/\/portaltela.pt\/?s={search_term_string}\"},\"query-input\":{\"@type\":\"PropertyValueSpecification\",\"valueRequired\":true,\"valueName\":\"search_term_string\"}}],\"inLanguage\":\"pt-PT\"},{\"@type\":\"Person\",\"@id\":\"https:\/\/portaltela.pt\/#\/schema\/person\/c4278d4a6028830caff9ee44b42d32ed\",\"name\":\"Telinha\",\"image\":{\"@type\":\"ImageObject\",\"inLanguage\":\"pt-PT\",\"@id\":\"https:\/\/portaltela.pt\/s.01k8rhncp4jt1\/2025\/11\/talking-bot-125x125.png\",\"url\":\"https:\/\/portaltela.pt\/s.01k8rhncp4jt1\/2025\/11\/talking-bot-125x125.png\",\"contentUrl\":\"https:\/\/portaltela.pt\/s.01k8rhncp4jt1\/2025\/11\/talking-bot-125x125.png\",\"caption\":\"Telinha\"},\"sameAs\":[\"https:\/\/portaltela.pt\/\"],\"url\":\"https:\/\/portaltela.pt\/por\/367410592786\/\"}]}<\/script>\n<!-- \/ Yoast SEO plugin. -->","yoast_head_json":{"title":"Primeiro-ministro subscreve declara\u00e7\u00e3o da UE e Canad\u00e1 pelo fim r\u00e1pido da guerra - Portal Tela Portugal","robots":{"index":"index","follow":"follow","max-snippet":"max-snippet:-1","max-image-preview":"max-image-preview:large","max-video-preview":"max-video-preview:-1"},"og_locale":"pt_PT","og_type":"article","og_title":"Primeiro-ministro subscreve declara\u00e7\u00e3o da UE e Canad\u00e1 pelo fim r\u00e1pido da guerra - Portal Tela Portugal","og_description":"O primeiro-ministro subscreveu uma declara\u00e7\u00e3o conjunta da Uni\u00e3o Europeia e do Canad\u00e1. A declara\u00e7\u00e3o pede o fim r\u00e1pido da guerra em curso. A posi\u00e7\u00e3o representa uma linha de coopera\u00e7\u00e3o entre a UE e o Canad\u00e1. O conte\u00fado completo est\u00e1 dispon\u00edvel apenas para subscritores.","og_url":"https:\/\/portaltela.pt\/noticias\/2026\/04\/08\/primeiro-ministro-subscreve-declaracao-da-ue-e-canada-pelo-fim-rapido-da-guerra\/","og_site_name":"Portal Tela Portugal","article_published_time":"2026-04-08T19:27:00+00:00","author":"Telinha","twitter_card":"summary_large_image","twitter_misc":{"Escrito por":"Telinha","Tempo estimado de leitura":"1 minuto"},"schema":{"@context":"https:\/\/schema.org","@graph":[{"@type":"Article","@id":"https:\/\/portaltela.pt\/noticias\/2026\/04\/08\/primeiro-ministro-subscreve-declaracao-da-ue-e-canada-pelo-fim-rapido-da-guerra\/#article","isPartOf":{"@id":"https:\/\/portaltela.pt\/noticias\/2026\/04\/08\/primeiro-ministro-subscreve-declaracao-da-ue-e-canada-pelo-fim-rapido-da-guerra\/"},"author":{"name":"Telinha","@id":"https:\/\/portaltela.pt\/#\/schema\/person\/c4278d4a6028830caff9ee44b42d32ed"},"headline":"Primeiro-ministro subscreve declara\u00e7\u00e3o da UE e Canad\u00e1 pelo fim r\u00e1pido da guerra","datePublished":"2026-04-08T19:27:00+00:00","mainEntityOfPage":{"@id":"https:\/\/portaltela.pt\/noticias\/2026\/04\/08\/primeiro-ministro-subscreve-declaracao-da-ue-e-canada-pelo-fim-rapido-da-guerra\/"},"wordCount":181,"image":{"@id":"https:\/\/portaltela.pt\/noticias\/2026\/04\/08\/primeiro-ministro-subscreve-declaracao-da-ue-e-canada-pelo-fim-rapido-da-guerra\/#primaryimage"},"thumbnailUrl":"https:\/\/portaltela.pt\/s.01k8rhncp4jt1\/2026\/04\/CACHE_780X1200_ANALOG_WATERMARKED_46889278_4991655_07042026060429.jpg","keywords":["Canad\u00e1","conflitos internacionais","diplomacia","informa\u00e7\u00e3o internacional","pol\u00edtica externa","Uni\u00e3o Europeia"],"articleSection":["Geopol\u00edtica"],"inLanguage":"pt-PT"},{"@type":"WebPage","@id":"https:\/\/portaltela.pt\/noticias\/2026\/04\/08\/primeiro-ministro-subscreve-declaracao-da-ue-e-canada-pelo-fim-rapido-da-guerra\/","url":"https:\/\/portaltela.pt\/noticias\/2026\/04\/08\/primeiro-ministro-subscreve-declaracao-da-ue-e-canada-pelo-fim-rapido-da-guerra\/","name":"Primeiro-ministro subscreve declara\u00e7\u00e3o da UE e Canad\u00e1 pelo fim r\u00e1pido da guerra - Portal Tela Portugal","isPartOf":{"@id":"https:\/\/portaltela.pt\/#website"},"primaryImageOfPage":{"@id":"https:\/\/portaltela.pt\/noticias\/2026\/04\/08\/primeiro-ministro-subscreve-declaracao-da-ue-e-canada-pelo-fim-rapido-da-guerra\/#primaryimage"},"image":{"@id":"https:\/\/portaltela.pt\/noticias\/2026\/04\/08\/primeiro-ministro-subscreve-declaracao-da-ue-e-canada-pelo-fim-rapido-da-guerra\/#primaryimage"},"thumbnailUrl":"https:\/\/portaltela.pt\/s.01k8rhncp4jt1\/2026\/04\/CACHE_780X1200_ANALOG_WATERMARKED_46889278_4991655_07042026060429.jpg","datePublished":"2026-04-08T19:27:00+00:00","author":{"@id":"https:\/\/portaltela.pt\/#\/schema\/person\/c4278d4a6028830caff9ee44b42d32ed"},"breadcrumb":{"@id":"https:\/\/portaltela.pt\/noticias\/2026\/04\/08\/primeiro-ministro-subscreve-declaracao-da-ue-e-canada-pelo-fim-rapido-da-guerra\/#breadcrumb"},"inLanguage":"pt-PT","potentialAction":[{"@type":"ReadAction","target":["https:\/\/portaltela.pt\/noticias\/2026\/04\/08\/primeiro-ministro-subscreve-declaracao-da-ue-e-canada-pelo-fim-rapido-da-guerra\/"]}]},{"@type":"ImageObject","inLanguage":"pt-PT","@id":"https:\/\/portaltela.pt\/noticias\/2026\/04\/08\/primeiro-ministro-subscreve-declaracao-da-ue-e-canada-pelo-fim-rapido-da-guerra\/#primaryimage","url":"https:\/\/portaltela.pt\/s.01k8rhncp4jt1\/2026\/04\/CACHE_780X1200_ANALOG_WATERMARKED_46889278_4991655_07042026060429.jpg","contentUrl":"https:\/\/portaltela.pt\/s.01k8rhncp4jt1\/2026\/04\/CACHE_780X1200_ANALOG_WATERMARKED_46889278_4991655_07042026060429.jpg","width":768,"height":512,"caption":"Primeiro-ministro subscreve declara\u00e7\u00e3o da UE e Canad\u00e1 que pede \u201cfim r\u00e1pido\u201d da guerra"},{"@type":"BreadcrumbList","@id":"https:\/\/portaltela.pt\/noticias\/2026\/04\/08\/primeiro-ministro-subscreve-declaracao-da-ue-e-canada-pelo-fim-rapido-da-guerra\/#breadcrumb","itemListElement":[{"@type":"ListItem","position":1,"name":"In\u00edcio","item":"https:\/\/portaltela.pt\/"},{"@type":"ListItem","position":2,"name":"Primeiro-ministro subscreve declara\u00e7\u00e3o da UE e Canad\u00e1 pelo fim r\u00e1pido da guerra"}]},{"@type":"WebSite","@id":"https:\/\/portaltela.pt\/#website","url":"https:\/\/portaltela.pt\/","name":"Portal Tela Portugal","description":"","potentialAction":[{"@type":"SearchAction","target":{"@type":"EntryPoint","urlTemplate":"https:\/\/portaltela.pt\/?s={search_term_string}"},"query-input":{"@type":"PropertyValueSpecification","valueRequired":true,"valueName":"search_term_string"}}],"inLanguage":"pt-PT"},{"@type":"Person","@id":"https:\/\/portaltela.pt\/#\/schema\/person\/c4278d4a6028830caff9ee44b42d32ed","name":"Telinha","image":{"@type":"ImageObject","inLanguage":"pt-PT","@id":"https:\/\/portaltela.pt\/s.01k8rhncp4jt1\/2025\/11\/talking-bot-125x125.png","url":"https:\/\/portaltela.pt\/s.01k8rhncp4jt1\/2025\/11\/talking-bot-125x125.png","contentUrl":"https:\/\/portaltela.pt\/s.01k8rhncp4jt1\/2025\/11\/talking-bot-125x125.png","caption":"Telinha"},"sameAs":["https:\/\/portaltela.pt\/"],"url":"https:\/\/portaltela.pt\/por\/367410592786\/"}]}},"_links":{"self":[{"href":"https:\/\/portaltela.pt\/api\/wp\/v2\/posts\/437301","targetHints":{"allow":["GET"]}}],"collection":[{"href":"https:\/\/portaltela.pt\/api\/wp\/v2\/posts"}],"about":[{"href":"https:\/\/portaltela.pt\/api\/wp\/v2\/types\/post"}],"author":[{"embeddable":true,"href":"https:\/\/portaltela.pt\/api\/wp\/v2\/users\/2"}],"replies":[{"embeddable":true,"href":"https:\/\/portaltela.pt\/api\/wp\/v2\/comments?post=437301"}],"version-history":[{"count":0,"href":"https:\/\/portaltela.pt\/api\/wp\/v2\/posts\/437301\/revisions"}],"wp:featuredmedia":[{"embeddable":true,"href":"https:\/\/portaltela.pt\/api\/wp\/v2\/media\/437302"}],"wp:attachment":[{"href":"https:\/\/portaltela.pt\/api\/wp\/v2\/media?parent=437301"}],"wp:term":[{"taxonomy":"category","embeddable":true,"href":"https:\/\/portaltela.pt\/api\/wp\/v2\/categories?post=437301"},{"taxonomy":"post_tag","embeddable":true,"href":"https:\/\/portaltela.pt\/api\/wp\/v2\/tags?post=437301"}],"curies":[{"name":"wp","href":"https:\/\/api.w.org\/{rel}","templated":true}]}}