{"id":437287,"date":"2026-04-08T18:17:30","date_gmt":"2026-04-08T21:17:30","guid":{"rendered":"https:\/\/portaltela.pt\/noticias\/2026\/04\/08\/vitor-pereira-elogia-villas-boas-e-aprova-lucho-e-castro-para-ajudar-farioli\/"},"modified":"2026-04-08T18:17:30","modified_gmt":"2026-04-08T21:17:30","slug":"vitor-pereira-elogia-villas-boas-e-aprova-lucho-e-castro-para-ajudar-farioli","status":"publish","type":"post","link":"https:\/\/portaltela.pt\/desporto\/futebol\/2026\/04\/08\/vitor-pereira-elogia-villas-boas-e-aprova-lucho-e-castro-para-ajudar-farioli\/","title":{"rendered":"V\u00edtor Pereira elogia Villas-Boas e aprova Lucho e Castro para ajudar Farioli"},"content":{"rendered":"<p>V\u00edtor Pereira, treinador do Nottingham Forest, est\u00e1 de volta ao FC Porto para um encontro marcado para esta quinta-feira, no Drag\u00e3o. O duelo vale como fase de prepara\u00e7\u00e3o entre os dois clubes, com o t\u00e9cnico a destacar a evolu\u00e7\u00e3o da equipa portista sob a dire\u00e7\u00e3o de Andr\u00e9 Villas-Boas.<\/p>\n<p>A confer\u00eancia de antevis\u00e3o ao jogo serviu para o antigo treinador dos azuis e brancos comentar a passagem de Lucho Gonz\u00e1lez e de Andr\u00e9 Castro pela equipa t\u00e9cnica de Farioli. Pereira elogiou os dois ex-jogadores, agora adjuntos no corpo t\u00e9cnico do FC Porto.<\/p>\n<p>Sobre o FC Porto, o antigo treinador descreveu-o como um clube de grande historial que vive per\u00edodos de transi\u00e7\u00e3o. Reconheceu a tentativa de recolocar o clube no topo e manteve uma leitura emotiva sobre a recente perda do antigo presidente Pinto da Costa.<\/p>\n<p>Em rela\u00e7\u00e3o a Castro e Lucho, Pereira lembrou que j\u00e1 previa que os dois passariam a ser treinadores, dadas as suas caracter\u00edsticas de lideran\u00e7a. Definiu Castro como motivador, com energia contagiante, e destacou a capacidade de Lucho de orientar equipas com intelig\u00eancia e lideran\u00e7a.<\/p>\n<p>O t\u00e9cnico explicou que o FC Porto gestou bem a integra\u00e7\u00e3o dos dois no plantel principal, contribuindo para a cria\u00e7\u00e3o de uma m\u00edstica no balne\u00e1rio. Acrescentou que ambos t\u00eam muito a acrescentar e que tendem a ajudar significativamente o Farioli no futuro pr\u00f3ximo.<\/p>\n<p>A edi\u00e7\u00e3o da partida entre FC Porto e Nottingham Forest est\u00e1 a suscitar aten\u00e7\u00e3o pela presen\u00e7a de velhos conhecidos no plantel advers\u00e1rio. O encontro promete revelar como os la\u00e7os entre antigos jogadores e a nova gera\u00e7\u00e3o podem influenciar a din\u00e2mica do jogo.<\/p>\n","protected":false},"excerpt":{"rendered":"<ul>\n<li>V\u00edtor Pereira, de regresso ao Drag\u00e3o, elogiou Andr\u00e9 Villas-Boas e a forma como tem conduzido o FC Porto.<\/li>\n<li>O t\u00e9cnico reconheceu que o Porto vive uma fase de transi\u00e7\u00e3o, a recriar m\u00edstica e a competir para vencer, ap\u00f3s a morte do presidente Pinto da Costa.<\/li>\n<li>Pereira destacou o novo presidente, inteligente e com ideias, e a sua tentativa de colocar o clube de novo no topo.<\/li>\n<li>O ex-treinador do FC Porto comentou a evolu\u00e7\u00e3o de carreira de Lucho Gonz\u00e1lez e de Andr\u00e9 Castro, que trabalham agora com Farioli no Nottingham Forest.<\/li>\n<li>Afirmou que Castro e Lucho, j\u00e1 jogadores de equipa com perfil de motivadores, t\u00eam contribu\u00eddo e v\u00e3o continuar a ajudar o FC Porto.<\/li>\n<\/ul>\n","protected":false},"author":2,"featured_media":437288,"comment_status":"closed","ping_status":"closed","sticky":false,"template":"","format":"standard","meta":{"footnotes":""},"categories":[21,24],"tags":[7841,2456,2028,32,6929,4761],"class_list":["post-437287","post","type-post","status-publish","format-standard","has-post-thumbnail","hentry","category-desporto","category-futebol","tag-andre-castro","tag-andre-villas-boas","tag-fc-porto","tag-futebol","tag-lucho-gonzalez","tag-nottingham-forest"],"yoast_head":"<!-- This site is optimized with the Yoast SEO plugin v27.2 - https:\/\/yoast.com\/product\/yoast-seo-wordpress\/ -->\n<title>V\u00edtor Pereira elogia Villas-Boas e aprova Lucho e Castro para ajudar Farioli - Portal Tela Portugal<\/title>\n<meta name=\"robots\" content=\"index, follow, max-snippet:-1, max-image-preview:large, max-video-preview:-1\" \/>\n<meta property=\"og:locale\" content=\"pt_PT\" \/>\n<meta property=\"og:type\" content=\"article\" \/>\n<meta property=\"og:title\" content=\"V\u00edtor Pereira elogia Villas-Boas e aprova Lucho e Castro para ajudar Farioli - Portal Tela Portugal\" \/>\n<meta property=\"og:description\" content=\"V\u00edtor Pereira, de regresso ao Drag\u00e3o, elogiou Andr\u00e9 Villas-Boas e a forma como tem conduzido o FC Porto. O t\u00e9cnico reconheceu que o Porto vive uma fase de transi\u00e7\u00e3o, a recriar m\u00edstica e a competir para vencer, ap\u00f3s a morte do presidente Pinto da Costa. Pereira destacou o novo presidente, inteligente e com ideias, e a sua tentativa de colocar o clube de novo no topo. O ex-treinador do FC Porto comentou a evolu\u00e7\u00e3o de carreira de Lucho Gonz\u00e1lez e de Andr\u00e9 Castro, que trabalham agora com Farioli no Nottingham Forest. Afirmou que Castro e Lucho, j\u00e1 jogadores de equipa com perfil de motivadores, t\u00eam contribu\u00eddo e v\u00e3o continuar a ajudar o FC Porto.\" \/>\n<meta property=\"og:url\" content=\"https:\/\/portaltela.pt\/noticias\/2026\/04\/08\/vitor-pereira-elogia-villas-boas-e-aprova-lucho-e-castro-para-ajudar-farioli\/\" \/>\n<meta property=\"og:site_name\" content=\"Portal Tela Portugal\" \/>\n<meta property=\"article:published_time\" content=\"2026-04-08T21:17:30+00:00\" \/>\n<meta name=\"author\" content=\"Telinha\" \/>\n<meta name=\"twitter:card\" content=\"summary_large_image\" \/>\n<meta name=\"twitter:label1\" content=\"Escrito por\" \/>\n\t<meta name=\"twitter:data1\" content=\"Telinha\" \/>\n\t<meta name=\"twitter:label2\" content=\"Tempo estimado de leitura\" \/>\n\t<meta name=\"twitter:data2\" content=\"1 minuto\" \/>\n<script type=\"application\/ld+json\" class=\"yoast-schema-graph\">{\"@context\":\"https:\/\/schema.org\",\"@graph\":[{\"@type\":\"Article\",\"@id\":\"https:\/\/portaltela.pt\/noticias\/2026\/04\/08\/vitor-pereira-elogia-villas-boas-e-aprova-lucho-e-castro-para-ajudar-farioli\/#article\",\"isPartOf\":{\"@id\":\"https:\/\/portaltela.pt\/noticias\/2026\/04\/08\/vitor-pereira-elogia-villas-boas-e-aprova-lucho-e-castro-para-ajudar-farioli\/\"},\"author\":{\"name\":\"Telinha\",\"@id\":\"https:\/\/portaltela.pt\/#\/schema\/person\/c4278d4a6028830caff9ee44b42d32ed\"},\"headline\":\"V\u00edtor Pereira elogia Villas-Boas e aprova Lucho e Castro para ajudar Farioli\",\"datePublished\":\"2026-04-08T21:17:30+00:00\",\"mainEntityOfPage\":{\"@id\":\"https:\/\/portaltela.pt\/noticias\/2026\/04\/08\/vitor-pereira-elogia-villas-boas-e-aprova-lucho-e-castro-para-ajudar-farioli\/\"},\"wordCount\":308,\"image\":{\"@id\":\"https:\/\/portaltela.pt\/noticias\/2026\/04\/08\/vitor-pereira-elogia-villas-boas-e-aprova-lucho-e-castro-para-ajudar-farioli\/#primaryimage\"},\"thumbnailUrl\":\"https:\/\/portaltela.pt\/s.01k8rhncp4jt1\/2026\/04\/img_920x518uu2026-04-08-22-09-17-2431896.jpg\",\"keywords\":[\"Andr\u00e9 Castro\",\"Andr\u00e9 Villas-Boas\",\"FC Porto\",\"futebol\",\"Lucho Gonz\u00e1lez\",\"Nottingham Forest\"],\"articleSection\":[\"Desporto\",\"Futebol\"],\"inLanguage\":\"pt-PT\"},{\"@type\":\"WebPage\",\"@id\":\"https:\/\/portaltela.pt\/noticias\/2026\/04\/08\/vitor-pereira-elogia-villas-boas-e-aprova-lucho-e-castro-para-ajudar-farioli\/\",\"url\":\"https:\/\/portaltela.pt\/noticias\/2026\/04\/08\/vitor-pereira-elogia-villas-boas-e-aprova-lucho-e-castro-para-ajudar-farioli\/\",\"name\":\"V\u00edtor Pereira elogia Villas-Boas e aprova Lucho e Castro para ajudar Farioli - Portal Tela Portugal\",\"isPartOf\":{\"@id\":\"https:\/\/portaltela.pt\/#website\"},\"primaryImageOfPage\":{\"@id\":\"https:\/\/portaltela.pt\/noticias\/2026\/04\/08\/vitor-pereira-elogia-villas-boas-e-aprova-lucho-e-castro-para-ajudar-farioli\/#primaryimage\"},\"image\":{\"@id\":\"https:\/\/portaltela.pt\/noticias\/2026\/04\/08\/vitor-pereira-elogia-villas-boas-e-aprova-lucho-e-castro-para-ajudar-farioli\/#primaryimage\"},\"thumbnailUrl\":\"https:\/\/portaltela.pt\/s.01k8rhncp4jt1\/2026\/04\/img_920x518uu2026-04-08-22-09-17-2431896.jpg\",\"datePublished\":\"2026-04-08T21:17:30+00:00\",\"author\":{\"@id\":\"https:\/\/portaltela.pt\/#\/schema\/person\/c4278d4a6028830caff9ee44b42d32ed\"},\"breadcrumb\":{\"@id\":\"https:\/\/portaltela.pt\/noticias\/2026\/04\/08\/vitor-pereira-elogia-villas-boas-e-aprova-lucho-e-castro-para-ajudar-farioli\/#breadcrumb\"},\"inLanguage\":\"pt-PT\",\"potentialAction\":[{\"@type\":\"ReadAction\",\"target\":[\"https:\/\/portaltela.pt\/noticias\/2026\/04\/08\/vitor-pereira-elogia-villas-boas-e-aprova-lucho-e-castro-para-ajudar-farioli\/\"]}]},{\"@type\":\"ImageObject\",\"inLanguage\":\"pt-PT\",\"@id\":\"https:\/\/portaltela.pt\/noticias\/2026\/04\/08\/vitor-pereira-elogia-villas-boas-e-aprova-lucho-e-castro-para-ajudar-farioli\/#primaryimage\",\"url\":\"https:\/\/portaltela.pt\/s.01k8rhncp4jt1\/2026\/04\/img_920x518uu2026-04-08-22-09-17-2431896.jpg\",\"contentUrl\":\"https:\/\/portaltela.pt\/s.01k8rhncp4jt1\/2026\/04\/img_920x518uu2026-04-08-22-09-17-2431896.jpg\",\"width\":796,\"height\":448,\"caption\":\"V\u00edtor Pereira venceu dois campeonatos ao servi\u00e7o do FC Porto\"},{\"@type\":\"BreadcrumbList\",\"@id\":\"https:\/\/portaltela.pt\/noticias\/2026\/04\/08\/vitor-pereira-elogia-villas-boas-e-aprova-lucho-e-castro-para-ajudar-farioli\/#breadcrumb\",\"itemListElement\":[{\"@type\":\"ListItem\",\"position\":1,\"name\":\"In\u00edcio\",\"item\":\"https:\/\/portaltela.pt\/\"},{\"@type\":\"ListItem\",\"position\":2,\"name\":\"V\u00edtor Pereira elogia Villas-Boas e aprova Lucho e Castro para ajudar Farioli\"}]},{\"@type\":\"WebSite\",\"@id\":\"https:\/\/portaltela.pt\/#website\",\"url\":\"https:\/\/portaltela.pt\/\",\"name\":\"Portal Tela Portugal\",\"description\":\"\",\"potentialAction\":[{\"@type\":\"SearchAction\",\"target\":{\"@type\":\"EntryPoint\",\"urlTemplate\":\"https:\/\/portaltela.pt\/?s={search_term_string}\"},\"query-input\":{\"@type\":\"PropertyValueSpecification\",\"valueRequired\":true,\"valueName\":\"search_term_string\"}}],\"inLanguage\":\"pt-PT\"},{\"@type\":\"Person\",\"@id\":\"https:\/\/portaltela.pt\/#\/schema\/person\/c4278d4a6028830caff9ee44b42d32ed\",\"name\":\"Telinha\",\"image\":{\"@type\":\"ImageObject\",\"inLanguage\":\"pt-PT\",\"@id\":\"https:\/\/portaltela.pt\/s.01k8rhncp4jt1\/2025\/11\/talking-bot-125x125.png\",\"url\":\"https:\/\/portaltela.pt\/s.01k8rhncp4jt1\/2025\/11\/talking-bot-125x125.png\",\"contentUrl\":\"https:\/\/portaltela.pt\/s.01k8rhncp4jt1\/2025\/11\/talking-bot-125x125.png\",\"caption\":\"Telinha\"},\"sameAs\":[\"https:\/\/portaltela.pt\/\"],\"url\":\"https:\/\/portaltela.pt\/por\/367410592786\/\"}]}<\/script>\n<!-- \/ Yoast SEO plugin. -->","yoast_head_json":{"title":"V\u00edtor Pereira elogia Villas-Boas e aprova Lucho e Castro para ajudar Farioli - Portal Tela Portugal","robots":{"index":"index","follow":"follow","max-snippet":"max-snippet:-1","max-image-preview":"max-image-preview:large","max-video-preview":"max-video-preview:-1"},"og_locale":"pt_PT","og_type":"article","og_title":"V\u00edtor Pereira elogia Villas-Boas e aprova Lucho e Castro para ajudar Farioli - Portal Tela Portugal","og_description":"V\u00edtor Pereira, de regresso ao Drag\u00e3o, elogiou Andr\u00e9 Villas-Boas e a forma como tem conduzido o FC Porto. O t\u00e9cnico reconheceu que o Porto vive uma fase de transi\u00e7\u00e3o, a recriar m\u00edstica e a competir para vencer, ap\u00f3s a morte do presidente Pinto da Costa. Pereira destacou o novo presidente, inteligente e com ideias, e a sua tentativa de colocar o clube de novo no topo. O ex-treinador do FC Porto comentou a evolu\u00e7\u00e3o de carreira de Lucho Gonz\u00e1lez e de Andr\u00e9 Castro, que trabalham agora com Farioli no Nottingham Forest. Afirmou que Castro e Lucho, j\u00e1 jogadores de equipa com perfil de motivadores, t\u00eam contribu\u00eddo e v\u00e3o continuar a ajudar o FC Porto.","og_url":"https:\/\/portaltela.pt\/noticias\/2026\/04\/08\/vitor-pereira-elogia-villas-boas-e-aprova-lucho-e-castro-para-ajudar-farioli\/","og_site_name":"Portal Tela Portugal","article_published_time":"2026-04-08T21:17:30+00:00","author":"Telinha","twitter_card":"summary_large_image","twitter_misc":{"Escrito por":"Telinha","Tempo estimado de leitura":"1 minuto"},"schema":{"@context":"https:\/\/schema.org","@graph":[{"@type":"Article","@id":"https:\/\/portaltela.pt\/noticias\/2026\/04\/08\/vitor-pereira-elogia-villas-boas-e-aprova-lucho-e-castro-para-ajudar-farioli\/#article","isPartOf":{"@id":"https:\/\/portaltela.pt\/noticias\/2026\/04\/08\/vitor-pereira-elogia-villas-boas-e-aprova-lucho-e-castro-para-ajudar-farioli\/"},"author":{"name":"Telinha","@id":"https:\/\/portaltela.pt\/#\/schema\/person\/c4278d4a6028830caff9ee44b42d32ed"},"headline":"V\u00edtor Pereira elogia Villas-Boas e aprova Lucho e Castro para ajudar Farioli","datePublished":"2026-04-08T21:17:30+00:00","mainEntityOfPage":{"@id":"https:\/\/portaltela.pt\/noticias\/2026\/04\/08\/vitor-pereira-elogia-villas-boas-e-aprova-lucho-e-castro-para-ajudar-farioli\/"},"wordCount":308,"image":{"@id":"https:\/\/portaltela.pt\/noticias\/2026\/04\/08\/vitor-pereira-elogia-villas-boas-e-aprova-lucho-e-castro-para-ajudar-farioli\/#primaryimage"},"thumbnailUrl":"https:\/\/portaltela.pt\/s.01k8rhncp4jt1\/2026\/04\/img_920x518uu2026-04-08-22-09-17-2431896.jpg","keywords":["Andr\u00e9 Castro","Andr\u00e9 Villas-Boas","FC Porto","futebol","Lucho Gonz\u00e1lez","Nottingham Forest"],"articleSection":["Desporto","Futebol"],"inLanguage":"pt-PT"},{"@type":"WebPage","@id":"https:\/\/portaltela.pt\/noticias\/2026\/04\/08\/vitor-pereira-elogia-villas-boas-e-aprova-lucho-e-castro-para-ajudar-farioli\/","url":"https:\/\/portaltela.pt\/noticias\/2026\/04\/08\/vitor-pereira-elogia-villas-boas-e-aprova-lucho-e-castro-para-ajudar-farioli\/","name":"V\u00edtor Pereira elogia Villas-Boas e aprova Lucho e Castro para ajudar Farioli - Portal Tela Portugal","isPartOf":{"@id":"https:\/\/portaltela.pt\/#website"},"primaryImageOfPage":{"@id":"https:\/\/portaltela.pt\/noticias\/2026\/04\/08\/vitor-pereira-elogia-villas-boas-e-aprova-lucho-e-castro-para-ajudar-farioli\/#primaryimage"},"image":{"@id":"https:\/\/portaltela.pt\/noticias\/2026\/04\/08\/vitor-pereira-elogia-villas-boas-e-aprova-lucho-e-castro-para-ajudar-farioli\/#primaryimage"},"thumbnailUrl":"https:\/\/portaltela.pt\/s.01k8rhncp4jt1\/2026\/04\/img_920x518uu2026-04-08-22-09-17-2431896.jpg","datePublished":"2026-04-08T21:17:30+00:00","author":{"@id":"https:\/\/portaltela.pt\/#\/schema\/person\/c4278d4a6028830caff9ee44b42d32ed"},"breadcrumb":{"@id":"https:\/\/portaltela.pt\/noticias\/2026\/04\/08\/vitor-pereira-elogia-villas-boas-e-aprova-lucho-e-castro-para-ajudar-farioli\/#breadcrumb"},"inLanguage":"pt-PT","potentialAction":[{"@type":"ReadAction","target":["https:\/\/portaltela.pt\/noticias\/2026\/04\/08\/vitor-pereira-elogia-villas-boas-e-aprova-lucho-e-castro-para-ajudar-farioli\/"]}]},{"@type":"ImageObject","inLanguage":"pt-PT","@id":"https:\/\/portaltela.pt\/noticias\/2026\/04\/08\/vitor-pereira-elogia-villas-boas-e-aprova-lucho-e-castro-para-ajudar-farioli\/#primaryimage","url":"https:\/\/portaltela.pt\/s.01k8rhncp4jt1\/2026\/04\/img_920x518uu2026-04-08-22-09-17-2431896.jpg","contentUrl":"https:\/\/portaltela.pt\/s.01k8rhncp4jt1\/2026\/04\/img_920x518uu2026-04-08-22-09-17-2431896.jpg","width":796,"height":448,"caption":"V\u00edtor Pereira venceu dois campeonatos ao servi\u00e7o do FC Porto"},{"@type":"BreadcrumbList","@id":"https:\/\/portaltela.pt\/noticias\/2026\/04\/08\/vitor-pereira-elogia-villas-boas-e-aprova-lucho-e-castro-para-ajudar-farioli\/#breadcrumb","itemListElement":[{"@type":"ListItem","position":1,"name":"In\u00edcio","item":"https:\/\/portaltela.pt\/"},{"@type":"ListItem","position":2,"name":"V\u00edtor Pereira elogia Villas-Boas e aprova Lucho e Castro para ajudar Farioli"}]},{"@type":"WebSite","@id":"https:\/\/portaltela.pt\/#website","url":"https:\/\/portaltela.pt\/","name":"Portal Tela Portugal","description":"","potentialAction":[{"@type":"SearchAction","target":{"@type":"EntryPoint","urlTemplate":"https:\/\/portaltela.pt\/?s={search_term_string}"},"query-input":{"@type":"PropertyValueSpecification","valueRequired":true,"valueName":"search_term_string"}}],"inLanguage":"pt-PT"},{"@type":"Person","@id":"https:\/\/portaltela.pt\/#\/schema\/person\/c4278d4a6028830caff9ee44b42d32ed","name":"Telinha","image":{"@type":"ImageObject","inLanguage":"pt-PT","@id":"https:\/\/portaltela.pt\/s.01k8rhncp4jt1\/2025\/11\/talking-bot-125x125.png","url":"https:\/\/portaltela.pt\/s.01k8rhncp4jt1\/2025\/11\/talking-bot-125x125.png","contentUrl":"https:\/\/portaltela.pt\/s.01k8rhncp4jt1\/2025\/11\/talking-bot-125x125.png","caption":"Telinha"},"sameAs":["https:\/\/portaltela.pt\/"],"url":"https:\/\/portaltela.pt\/por\/367410592786\/"}]}},"_links":{"self":[{"href":"https:\/\/portaltela.pt\/api\/wp\/v2\/posts\/437287","targetHints":{"allow":["GET"]}}],"collection":[{"href":"https:\/\/portaltela.pt\/api\/wp\/v2\/posts"}],"about":[{"href":"https:\/\/portaltela.pt\/api\/wp\/v2\/types\/post"}],"author":[{"embeddable":true,"href":"https:\/\/portaltela.pt\/api\/wp\/v2\/users\/2"}],"replies":[{"embeddable":true,"href":"https:\/\/portaltela.pt\/api\/wp\/v2\/comments?post=437287"}],"version-history":[{"count":0,"href":"https:\/\/portaltela.pt\/api\/wp\/v2\/posts\/437287\/revisions"}],"wp:featuredmedia":[{"embeddable":true,"href":"https:\/\/portaltela.pt\/api\/wp\/v2\/media\/437288"}],"wp:attachment":[{"href":"https:\/\/portaltela.pt\/api\/wp\/v2\/media?parent=437287"}],"wp:term":[{"taxonomy":"category","embeddable":true,"href":"https:\/\/portaltela.pt\/api\/wp\/v2\/categories?post=437287"},{"taxonomy":"post_tag","embeddable":true,"href":"https:\/\/portaltela.pt\/api\/wp\/v2\/tags?post=437287"}],"curies":[{"name":"wp","href":"https:\/\/api.w.org\/{rel}","templated":true}]}}