{"id":437269,"date":"2026-04-08T18:03:23","date_gmt":"2026-04-08T21:03:23","guid":{"rendered":"https:\/\/portaltela.pt\/noticias\/2026\/04\/08\/seguro-busca-dar-voz-a-quem-so-a-tem-nas-tragedias\/"},"modified":"2026-04-08T18:03:23","modified_gmt":"2026-04-08T21:03:23","slug":"seguro-busca-dar-voz-a-quem-so-a-tem-nas-tragedias","status":"publish","type":"post","link":"https:\/\/portaltela.pt\/tempo\/2026\/04\/08\/seguro-busca-dar-voz-a-quem-so-a-tem-nas-tragedias\/","title":{"rendered":"Seguro busca dar voz a quem s\u00f3 a tem nas trag\u00e9dias"},"content":{"rendered":"<p>Na manh\u00e3 desta quarta-feira, o chefe de Estado visitou o Quartel dos Bombeiros Sapadores de Penela, que ficou com danos significativos ap\u00f3s as tempestades de fevereiro. Registaram-se estragos nas infraestruturas, bem como derrocadas e movimenta\u00e7\u00e3o de solos no terreno onde a estrutura est\u00e1 implantada.<\/p>\n<p>A visita teve como objetivo avaliar os danos e as necessidades de apoio \u00e0s instala\u00e7\u00f5es. O encontro reuniu representantes locais e agentes do corpo de bombeiros, que expuseram as prioridades para a estabiliza\u00e7\u00e3o do espa\u00e7o.<\/p>\n<p>O quartel situa-se em Penela, no distrito de Coimbra, e foi afetado pela sequ\u00eancia de tempestades que ocorreram em fevereiro. As autoridades apontam para a necessidade de medidas de apoio t\u00e9cnico e financeiro para a recupera\u00e7\u00e3o.<\/p>\n<h3>Estado da interven\u00e7\u00e3o e pr\u00f3ximos passos<\/h3>\n<p>Entre as a\u00e7\u00f5es priorit\u00e1rias, est\u00e3o a avalia\u00e7\u00e3o t\u00e9cnica das condi\u00e7\u00f5es do terreno e a defini\u00e7\u00e3o de um cronograma para obras de reabilita\u00e7\u00e3o. A atua\u00e7\u00e3o visa assegurar a seguran\u00e7a das opera\u00e7\u00f5es e a continuidade do servi\u00e7o p\u00fablico.<\/p>\n<p>As autoridades n\u00e3o divulgaram uma data para o in\u00edcio das obras, mas confirmararam que as avalia\u00e7\u00f5es v\u00e3o orienter o financiamento e as medidas de apoio a curto prazo. A situa\u00e7\u00e3o permanece sob monitoriza\u00e7\u00e3o das autoridades competentes.<\/p>\n","protected":false},"excerpt":{"rendered":"<ul>\n<li>Na manh\u00e3 desta quarta-feira, o chefe de Estado visitou o Quartel dos Bombeiros Sapadores de Penela.<\/li>\n<li>O quartel sofreu danos significativos com a sequ\u00eancia de tempestades em fevereiro.<\/li>\n<li>Registaram-se estragos nas infraestruturas, bem como derrocadas e movimenta\u00e7\u00e3o de solos no terreno onde assenta a estrutura.<\/li>\n<li>A visita enquadra-se na avalia\u00e7\u00e3o dos danos provocados pelas tempestades e na resposta a170 \u00e0s suas consequ\u00eancias.<\/li>\n<\/ul>\n","protected":false},"author":2,"featured_media":437272,"comment_status":"closed","ping_status":"closed","sticky":false,"template":"","format":"standard","meta":{"footnotes":""},"categories":[7365],"tags":[3741,5215,1070,258,6145,320],"class_list":["post-437269","post","type-post","status-publish","format-standard","has-post-thumbnail","hentry","category-tempo","tag-bombeiros-sapadores","tag-catastrofes-naturais","tag-coimbra","tag-infraestruturas","tag-penela","tag-protecao-civil"],"yoast_head":"<!-- This site is optimized with the Yoast SEO plugin v27.2 - https:\/\/yoast.com\/product\/yoast-seo-wordpress\/ -->\n<title>Seguro busca dar voz a quem s\u00f3 a tem nas trag\u00e9dias - Portal Tela Portugal<\/title>\n<meta name=\"robots\" content=\"index, follow, max-snippet:-1, max-image-preview:large, max-video-preview:-1\" \/>\n<meta property=\"og:locale\" content=\"pt_PT\" \/>\n<meta property=\"og:type\" content=\"article\" \/>\n<meta property=\"og:title\" content=\"Seguro busca dar voz a quem s\u00f3 a tem nas trag\u00e9dias - Portal Tela Portugal\" \/>\n<meta property=\"og:description\" content=\"Na manh\u00e3 desta quarta-feira, o chefe de Estado visitou o Quartel dos Bombeiros Sapadores de Penela. O quartel sofreu danos significativos com a sequ\u00eancia de tempestades em fevereiro. Registaram-se estragos nas infraestruturas, bem como derrocadas e movimenta\u00e7\u00e3o de solos no terreno onde assenta a estrutura. A visita enquadra-se na avalia\u00e7\u00e3o dos danos provocados pelas tempestades e na resposta a170 \u00e0s suas consequ\u00eancias.\" \/>\n<meta property=\"og:url\" content=\"https:\/\/portaltela.pt\/noticias\/2026\/04\/08\/seguro-busca-dar-voz-a-quem-so-a-tem-nas-tragedias\/\" \/>\n<meta property=\"og:site_name\" content=\"Portal Tela Portugal\" \/>\n<meta property=\"article:published_time\" content=\"2026-04-08T21:03:23+00:00\" \/>\n<meta name=\"author\" content=\"Telinha\" \/>\n<meta name=\"twitter:card\" content=\"summary_large_image\" \/>\n<meta name=\"twitter:label1\" content=\"Escrito por\" \/>\n\t<meta name=\"twitter:data1\" content=\"Telinha\" \/>\n\t<meta name=\"twitter:label2\" content=\"Tempo estimado de leitura\" \/>\n\t<meta name=\"twitter:data2\" content=\"1 minuto\" \/>\n<script type=\"application\/ld+json\" class=\"yoast-schema-graph\">{\"@context\":\"https:\/\/schema.org\",\"@graph\":[{\"@type\":\"Article\",\"@id\":\"https:\/\/portaltela.pt\/noticias\/2026\/04\/08\/seguro-busca-dar-voz-a-quem-so-a-tem-nas-tragedias\/#article\",\"isPartOf\":{\"@id\":\"https:\/\/portaltela.pt\/noticias\/2026\/04\/08\/seguro-busca-dar-voz-a-quem-so-a-tem-nas-tragedias\/\"},\"author\":{\"name\":\"Telinha\",\"@id\":\"https:\/\/portaltela.pt\/#\/schema\/person\/c4278d4a6028830caff9ee44b42d32ed\"},\"headline\":\"Seguro busca dar voz a quem s\u00f3 a tem nas trag\u00e9dias\",\"datePublished\":\"2026-04-08T21:03:23+00:00\",\"mainEntityOfPage\":{\"@id\":\"https:\/\/portaltela.pt\/noticias\/2026\/04\/08\/seguro-busca-dar-voz-a-quem-so-a-tem-nas-tragedias\/\"},\"wordCount\":234,\"image\":{\"@id\":\"https:\/\/portaltela.pt\/noticias\/2026\/04\/08\/seguro-busca-dar-voz-a-quem-so-a-tem-nas-tragedias\/#primaryimage\"},\"thumbnailUrl\":\"https:\/\/portaltela.pt\/s.01k8rhncp4jt1\/2026\/04\/2adbec9b-e055-4fcb-a390-53d57ea301ba_1200x675.jpg\",\"keywords\":[\"Bombeiros Sapadores\",\"cat\u00e1strofes naturais\",\"Coimbra\",\"infraestruturas\",\"Penela\",\"prote\u00e7\u00e3o civil\"],\"articleSection\":[\"Tempo\"],\"inLanguage\":\"pt-PT\"},{\"@type\":\"WebPage\",\"@id\":\"https:\/\/portaltela.pt\/noticias\/2026\/04\/08\/seguro-busca-dar-voz-a-quem-so-a-tem-nas-tragedias\/\",\"url\":\"https:\/\/portaltela.pt\/noticias\/2026\/04\/08\/seguro-busca-dar-voz-a-quem-so-a-tem-nas-tragedias\/\",\"name\":\"Seguro busca dar voz a quem s\u00f3 a tem nas trag\u00e9dias - Portal Tela Portugal\",\"isPartOf\":{\"@id\":\"https:\/\/portaltela.pt\/#website\"},\"primaryImageOfPage\":{\"@id\":\"https:\/\/portaltela.pt\/noticias\/2026\/04\/08\/seguro-busca-dar-voz-a-quem-so-a-tem-nas-tragedias\/#primaryimage\"},\"image\":{\"@id\":\"https:\/\/portaltela.pt\/noticias\/2026\/04\/08\/seguro-busca-dar-voz-a-quem-so-a-tem-nas-tragedias\/#primaryimage\"},\"thumbnailUrl\":\"https:\/\/portaltela.pt\/s.01k8rhncp4jt1\/2026\/04\/2adbec9b-e055-4fcb-a390-53d57ea301ba_1200x675.jpg\",\"datePublished\":\"2026-04-08T21:03:23+00:00\",\"author\":{\"@id\":\"https:\/\/portaltela.pt\/#\/schema\/person\/c4278d4a6028830caff9ee44b42d32ed\"},\"breadcrumb\":{\"@id\":\"https:\/\/portaltela.pt\/noticias\/2026\/04\/08\/seguro-busca-dar-voz-a-quem-so-a-tem-nas-tragedias\/#breadcrumb\"},\"inLanguage\":\"pt-PT\",\"potentialAction\":[{\"@type\":\"ReadAction\",\"target\":[\"https:\/\/portaltela.pt\/noticias\/2026\/04\/08\/seguro-busca-dar-voz-a-quem-so-a-tem-nas-tragedias\/\"]}]},{\"@type\":\"ImageObject\",\"inLanguage\":\"pt-PT\",\"@id\":\"https:\/\/portaltela.pt\/noticias\/2026\/04\/08\/seguro-busca-dar-voz-a-quem-so-a-tem-nas-tragedias\/#primaryimage\",\"url\":\"https:\/\/portaltela.pt\/s.01k8rhncp4jt1\/2026\/04\/2adbec9b-e055-4fcb-a390-53d57ea301ba_1200x675.jpg\",\"contentUrl\":\"https:\/\/portaltela.pt\/s.01k8rhncp4jt1\/2026\/04\/2adbec9b-e055-4fcb-a390-53d57ea301ba_1200x675.jpg\",\"width\":796,\"height\":448,\"caption\":\"Photo\"},{\"@type\":\"BreadcrumbList\",\"@id\":\"https:\/\/portaltela.pt\/noticias\/2026\/04\/08\/seguro-busca-dar-voz-a-quem-so-a-tem-nas-tragedias\/#breadcrumb\",\"itemListElement\":[{\"@type\":\"ListItem\",\"position\":1,\"name\":\"In\u00edcio\",\"item\":\"https:\/\/portaltela.pt\/\"},{\"@type\":\"ListItem\",\"position\":2,\"name\":\"Seguro busca dar voz a quem s\u00f3 a tem nas trag\u00e9dias\"}]},{\"@type\":\"WebSite\",\"@id\":\"https:\/\/portaltela.pt\/#website\",\"url\":\"https:\/\/portaltela.pt\/\",\"name\":\"Portal Tela Portugal\",\"description\":\"\",\"potentialAction\":[{\"@type\":\"SearchAction\",\"target\":{\"@type\":\"EntryPoint\",\"urlTemplate\":\"https:\/\/portaltela.pt\/?s={search_term_string}\"},\"query-input\":{\"@type\":\"PropertyValueSpecification\",\"valueRequired\":true,\"valueName\":\"search_term_string\"}}],\"inLanguage\":\"pt-PT\"},{\"@type\":\"Person\",\"@id\":\"https:\/\/portaltela.pt\/#\/schema\/person\/c4278d4a6028830caff9ee44b42d32ed\",\"name\":\"Telinha\",\"image\":{\"@type\":\"ImageObject\",\"inLanguage\":\"pt-PT\",\"@id\":\"https:\/\/portaltela.pt\/s.01k8rhncp4jt1\/2025\/11\/talking-bot-125x125.png\",\"url\":\"https:\/\/portaltela.pt\/s.01k8rhncp4jt1\/2025\/11\/talking-bot-125x125.png\",\"contentUrl\":\"https:\/\/portaltela.pt\/s.01k8rhncp4jt1\/2025\/11\/talking-bot-125x125.png\",\"caption\":\"Telinha\"},\"sameAs\":[\"https:\/\/portaltela.pt\/\"],\"url\":\"https:\/\/portaltela.pt\/por\/367410592786\/\"}]}<\/script>\n<!-- \/ Yoast SEO plugin. -->","yoast_head_json":{"title":"Seguro busca dar voz a quem s\u00f3 a tem nas trag\u00e9dias - Portal Tela Portugal","robots":{"index":"index","follow":"follow","max-snippet":"max-snippet:-1","max-image-preview":"max-image-preview:large","max-video-preview":"max-video-preview:-1"},"og_locale":"pt_PT","og_type":"article","og_title":"Seguro busca dar voz a quem s\u00f3 a tem nas trag\u00e9dias - Portal Tela Portugal","og_description":"Na manh\u00e3 desta quarta-feira, o chefe de Estado visitou o Quartel dos Bombeiros Sapadores de Penela. O quartel sofreu danos significativos com a sequ\u00eancia de tempestades em fevereiro. Registaram-se estragos nas infraestruturas, bem como derrocadas e movimenta\u00e7\u00e3o de solos no terreno onde assenta a estrutura. A visita enquadra-se na avalia\u00e7\u00e3o dos danos provocados pelas tempestades e na resposta a170 \u00e0s suas consequ\u00eancias.","og_url":"https:\/\/portaltela.pt\/noticias\/2026\/04\/08\/seguro-busca-dar-voz-a-quem-so-a-tem-nas-tragedias\/","og_site_name":"Portal Tela Portugal","article_published_time":"2026-04-08T21:03:23+00:00","author":"Telinha","twitter_card":"summary_large_image","twitter_misc":{"Escrito por":"Telinha","Tempo estimado de leitura":"1 minuto"},"schema":{"@context":"https:\/\/schema.org","@graph":[{"@type":"Article","@id":"https:\/\/portaltela.pt\/noticias\/2026\/04\/08\/seguro-busca-dar-voz-a-quem-so-a-tem-nas-tragedias\/#article","isPartOf":{"@id":"https:\/\/portaltela.pt\/noticias\/2026\/04\/08\/seguro-busca-dar-voz-a-quem-so-a-tem-nas-tragedias\/"},"author":{"name":"Telinha","@id":"https:\/\/portaltela.pt\/#\/schema\/person\/c4278d4a6028830caff9ee44b42d32ed"},"headline":"Seguro busca dar voz a quem s\u00f3 a tem nas trag\u00e9dias","datePublished":"2026-04-08T21:03:23+00:00","mainEntityOfPage":{"@id":"https:\/\/portaltela.pt\/noticias\/2026\/04\/08\/seguro-busca-dar-voz-a-quem-so-a-tem-nas-tragedias\/"},"wordCount":234,"image":{"@id":"https:\/\/portaltela.pt\/noticias\/2026\/04\/08\/seguro-busca-dar-voz-a-quem-so-a-tem-nas-tragedias\/#primaryimage"},"thumbnailUrl":"https:\/\/portaltela.pt\/s.01k8rhncp4jt1\/2026\/04\/2adbec9b-e055-4fcb-a390-53d57ea301ba_1200x675.jpg","keywords":["Bombeiros Sapadores","cat\u00e1strofes naturais","Coimbra","infraestruturas","Penela","prote\u00e7\u00e3o civil"],"articleSection":["Tempo"],"inLanguage":"pt-PT"},{"@type":"WebPage","@id":"https:\/\/portaltela.pt\/noticias\/2026\/04\/08\/seguro-busca-dar-voz-a-quem-so-a-tem-nas-tragedias\/","url":"https:\/\/portaltela.pt\/noticias\/2026\/04\/08\/seguro-busca-dar-voz-a-quem-so-a-tem-nas-tragedias\/","name":"Seguro busca dar voz a quem s\u00f3 a tem nas trag\u00e9dias - Portal Tela Portugal","isPartOf":{"@id":"https:\/\/portaltela.pt\/#website"},"primaryImageOfPage":{"@id":"https:\/\/portaltela.pt\/noticias\/2026\/04\/08\/seguro-busca-dar-voz-a-quem-so-a-tem-nas-tragedias\/#primaryimage"},"image":{"@id":"https:\/\/portaltela.pt\/noticias\/2026\/04\/08\/seguro-busca-dar-voz-a-quem-so-a-tem-nas-tragedias\/#primaryimage"},"thumbnailUrl":"https:\/\/portaltela.pt\/s.01k8rhncp4jt1\/2026\/04\/2adbec9b-e055-4fcb-a390-53d57ea301ba_1200x675.jpg","datePublished":"2026-04-08T21:03:23+00:00","author":{"@id":"https:\/\/portaltela.pt\/#\/schema\/person\/c4278d4a6028830caff9ee44b42d32ed"},"breadcrumb":{"@id":"https:\/\/portaltela.pt\/noticias\/2026\/04\/08\/seguro-busca-dar-voz-a-quem-so-a-tem-nas-tragedias\/#breadcrumb"},"inLanguage":"pt-PT","potentialAction":[{"@type":"ReadAction","target":["https:\/\/portaltela.pt\/noticias\/2026\/04\/08\/seguro-busca-dar-voz-a-quem-so-a-tem-nas-tragedias\/"]}]},{"@type":"ImageObject","inLanguage":"pt-PT","@id":"https:\/\/portaltela.pt\/noticias\/2026\/04\/08\/seguro-busca-dar-voz-a-quem-so-a-tem-nas-tragedias\/#primaryimage","url":"https:\/\/portaltela.pt\/s.01k8rhncp4jt1\/2026\/04\/2adbec9b-e055-4fcb-a390-53d57ea301ba_1200x675.jpg","contentUrl":"https:\/\/portaltela.pt\/s.01k8rhncp4jt1\/2026\/04\/2adbec9b-e055-4fcb-a390-53d57ea301ba_1200x675.jpg","width":796,"height":448,"caption":"Photo"},{"@type":"BreadcrumbList","@id":"https:\/\/portaltela.pt\/noticias\/2026\/04\/08\/seguro-busca-dar-voz-a-quem-so-a-tem-nas-tragedias\/#breadcrumb","itemListElement":[{"@type":"ListItem","position":1,"name":"In\u00edcio","item":"https:\/\/portaltela.pt\/"},{"@type":"ListItem","position":2,"name":"Seguro busca dar voz a quem s\u00f3 a tem nas trag\u00e9dias"}]},{"@type":"WebSite","@id":"https:\/\/portaltela.pt\/#website","url":"https:\/\/portaltela.pt\/","name":"Portal Tela Portugal","description":"","potentialAction":[{"@type":"SearchAction","target":{"@type":"EntryPoint","urlTemplate":"https:\/\/portaltela.pt\/?s={search_term_string}"},"query-input":{"@type":"PropertyValueSpecification","valueRequired":true,"valueName":"search_term_string"}}],"inLanguage":"pt-PT"},{"@type":"Person","@id":"https:\/\/portaltela.pt\/#\/schema\/person\/c4278d4a6028830caff9ee44b42d32ed","name":"Telinha","image":{"@type":"ImageObject","inLanguage":"pt-PT","@id":"https:\/\/portaltela.pt\/s.01k8rhncp4jt1\/2025\/11\/talking-bot-125x125.png","url":"https:\/\/portaltela.pt\/s.01k8rhncp4jt1\/2025\/11\/talking-bot-125x125.png","contentUrl":"https:\/\/portaltela.pt\/s.01k8rhncp4jt1\/2025\/11\/talking-bot-125x125.png","caption":"Telinha"},"sameAs":["https:\/\/portaltela.pt\/"],"url":"https:\/\/portaltela.pt\/por\/367410592786\/"}]}},"_links":{"self":[{"href":"https:\/\/portaltela.pt\/api\/wp\/v2\/posts\/437269","targetHints":{"allow":["GET"]}}],"collection":[{"href":"https:\/\/portaltela.pt\/api\/wp\/v2\/posts"}],"about":[{"href":"https:\/\/portaltela.pt\/api\/wp\/v2\/types\/post"}],"author":[{"embeddable":true,"href":"https:\/\/portaltela.pt\/api\/wp\/v2\/users\/2"}],"replies":[{"embeddable":true,"href":"https:\/\/portaltela.pt\/api\/wp\/v2\/comments?post=437269"}],"version-history":[{"count":0,"href":"https:\/\/portaltela.pt\/api\/wp\/v2\/posts\/437269\/revisions"}],"wp:featuredmedia":[{"embeddable":true,"href":"https:\/\/portaltela.pt\/api\/wp\/v2\/media\/437272"}],"wp:attachment":[{"href":"https:\/\/portaltela.pt\/api\/wp\/v2\/media?parent=437269"}],"wp:term":[{"taxonomy":"category","embeddable":true,"href":"https:\/\/portaltela.pt\/api\/wp\/v2\/categories?post=437269"},{"taxonomy":"post_tag","embeddable":true,"href":"https:\/\/portaltela.pt\/api\/wp\/v2\/tags?post=437269"}],"curies":[{"name":"wp","href":"https:\/\/api.w.org\/{rel}","templated":true}]}}