{"id":437257,"date":"2026-04-08T18:03:13","date_gmt":"2026-04-08T21:03:13","guid":{"rendered":"https:\/\/portaltela.pt\/noticias\/2026\/04\/08\/treinador-a-imagem-de-mourinho-teme-o-fantasma-de-ruben-amorim\/"},"modified":"2026-04-08T18:03:13","modified_gmt":"2026-04-08T21:03:13","slug":"treinador-a-imagem-de-mourinho-teme-o-fantasma-de-ruben-amorim","status":"publish","type":"post","link":"https:\/\/portaltela.pt\/desporto\/futebol\/2026\/04\/08\/treinador-a-imagem-de-mourinho-teme-o-fantasma-de-ruben-amorim\/","title":{"rendered":"Treinador \u00e0 imagem de Mourinho teme o fantasma de R\u00faben Amorim"},"content":{"rendered":"<p>S\u00e9rgio Krithinas, diretor executivo da Record, Lu\u00eds Pedro Sousa, chefe de reda\u00e7\u00e3o da Record, e Pedro Sousa, diretor executivo da CM R\u00e1dio, debateram hoje o futuro de Jos\u00e9 Mourinho. O tema central foi a eventual sa\u00edda de Mourinho do Benfica e o nome que surge como hip\u00f3tese: Ruben Amorim.<\/p>\n<p>O trio participou no programa Record na Hora, emitido no Now, para apresentar uma an\u00e1lise sobre cen\u00e1rios poss\u00edveis para o treinador portugu\u00eas. A discuss\u00e3o centrou-se nas implica\u00e7\u00f5es desportivas e medi\u00e1ticas de uma eventual mudan\u00e7a.<\/p>\n<p>S\u00e9rgio Krithinas afirmou que o mercado de treinador \u00e9 din\u00e2mico e que decis\u00f5es deste tipo dependem de fatores desportivos, contratuais e de imagem. Lu\u00eds Pedro Sousa enfatizou o papel do clube na continuidade de projectos de sucesso.<\/p>\n<p>Pedro Sousa, por sua vez, destacou que Ruben Amorim \u00e9 uma figura com relev\u00e2ncia no panorama nacional e internacional, o que alimenta rumores sobre futuras oportunidades. O debate manteve-se centrado em informa\u00e7\u00f5es dispon\u00edveis e cen\u00e1rios prov\u00e1veis.<\/p>\n<p>A conversa procurou esclarecer quais seriam os impactos de uma poss\u00edvel transfer\u00eancia de Mourinho para o Benfica, bem como o porqu\u00ea de Ruben Amorim surgir como op\u00e7\u00e3o, segundo a perspetiva dos analistas.<\/p>\n","protected":false},"excerpt":{"rendered":"<ul>\n<li>O programa Record na Hora, no Now, contou com a an\u00e1lise de S\u00e9rgio Krithinas, Lu\u00eds Pedro Sousa e Pedro Sousa.<\/li>\n<li>Discutiram o futuro de Jos\u00e9 Mourinho no Benfica.<\/li>\n<li>O nome que surge como hip\u00f3tese para o cargo \u00e9 Ruben Amorim.<\/li>\n<li>A discuss\u00e3o envolve as perspetivas de an\u00e1lise da Record e da CM R\u00e1dio sobre o tema.<\/li>\n<\/ul>\n","protected":false},"author":2,"featured_media":437262,"comment_status":"closed","ping_status":"closed","sticky":false,"template":"","format":"standard","meta":{"footnotes":""},"categories":[21,24],"tags":[1946,32,2138,50,1643,2050],"class_list":["post-437257","post","type-post","status-publish","format-standard","has-post-thumbnail","hentry","category-desporto","category-futebol","tag-benfica","tag-futebol","tag-jose-mourinho","tag-mercado-da-bola","tag-ruben-amorim","tag-transferencias"],"yoast_head":"<!-- This site is optimized with the Yoast SEO plugin v27.2 - https:\/\/yoast.com\/product\/yoast-seo-wordpress\/ -->\n<title>Treinador \u00e0 imagem de Mourinho teme o fantasma de R\u00faben Amorim - Portal Tela Portugal<\/title>\n<meta name=\"robots\" content=\"index, follow, max-snippet:-1, max-image-preview:large, max-video-preview:-1\" \/>\n<meta property=\"og:locale\" content=\"pt_PT\" \/>\n<meta property=\"og:type\" content=\"article\" \/>\n<meta property=\"og:title\" content=\"Treinador \u00e0 imagem de Mourinho teme o fantasma de R\u00faben Amorim - Portal Tela Portugal\" \/>\n<meta property=\"og:description\" content=\"O programa Record na Hora, no Now, contou com a an\u00e1lise de S\u00e9rgio Krithinas, Lu\u00eds Pedro Sousa e Pedro Sousa. Discutiram o futuro de Jos\u00e9 Mourinho no Benfica. O nome que surge como hip\u00f3tese para o cargo \u00e9 Ruben Amorim. A discuss\u00e3o envolve as perspetivas de an\u00e1lise da Record e da CM R\u00e1dio sobre o tema.\" \/>\n<meta property=\"og:url\" content=\"https:\/\/portaltela.pt\/noticias\/2026\/04\/08\/treinador-a-imagem-de-mourinho-teme-o-fantasma-de-ruben-amorim\/\" \/>\n<meta property=\"og:site_name\" content=\"Portal Tela Portugal\" \/>\n<meta property=\"article:published_time\" content=\"2026-04-08T21:03:13+00:00\" \/>\n<meta name=\"author\" content=\"Telinha\" \/>\n<meta name=\"twitter:card\" content=\"summary_large_image\" \/>\n<meta name=\"twitter:label1\" content=\"Escrito por\" \/>\n\t<meta name=\"twitter:data1\" content=\"Telinha\" \/>\n\t<meta name=\"twitter:label2\" content=\"Tempo estimado de leitura\" \/>\n\t<meta name=\"twitter:data2\" content=\"1 minuto\" \/>\n<script type=\"application\/ld+json\" class=\"yoast-schema-graph\">{\"@context\":\"https:\/\/schema.org\",\"@graph\":[{\"@type\":\"Article\",\"@id\":\"https:\/\/portaltela.pt\/noticias\/2026\/04\/08\/treinador-a-imagem-de-mourinho-teme-o-fantasma-de-ruben-amorim\/#article\",\"isPartOf\":{\"@id\":\"https:\/\/portaltela.pt\/noticias\/2026\/04\/08\/treinador-a-imagem-de-mourinho-teme-o-fantasma-de-ruben-amorim\/\"},\"author\":{\"name\":\"Telinha\",\"@id\":\"https:\/\/portaltela.pt\/#\/schema\/person\/c4278d4a6028830caff9ee44b42d32ed\"},\"headline\":\"Treinador \u00e0 imagem de Mourinho teme o fantasma de R\u00faben Amorim\",\"datePublished\":\"2026-04-08T21:03:13+00:00\",\"mainEntityOfPage\":{\"@id\":\"https:\/\/portaltela.pt\/noticias\/2026\/04\/08\/treinador-a-imagem-de-mourinho-teme-o-fantasma-de-ruben-amorim\/\"},\"wordCount\":223,\"image\":{\"@id\":\"https:\/\/portaltela.pt\/noticias\/2026\/04\/08\/treinador-a-imagem-de-mourinho-teme-o-fantasma-de-ruben-amorim\/#primaryimage\"},\"thumbnailUrl\":\"https:\/\/portaltela.pt\/s.01k8rhncp4jt1\/2026\/04\/img_1200x721uu2026-04-08-20-59-36-2431868.jpg\",\"keywords\":[\"Benfica\",\"futebol\",\"Jos\u00e9 Mourinho\",\"mercado da bola\",\"Ruben Amorim\",\"transfer\u00eancias\"],\"articleSection\":[\"Desporto\",\"Futebol\"],\"inLanguage\":\"pt-PT\"},{\"@type\":\"WebPage\",\"@id\":\"https:\/\/portaltela.pt\/noticias\/2026\/04\/08\/treinador-a-imagem-de-mourinho-teme-o-fantasma-de-ruben-amorim\/\",\"url\":\"https:\/\/portaltela.pt\/noticias\/2026\/04\/08\/treinador-a-imagem-de-mourinho-teme-o-fantasma-de-ruben-amorim\/\",\"name\":\"Treinador \u00e0 imagem de Mourinho teme o fantasma de R\u00faben Amorim - Portal Tela Portugal\",\"isPartOf\":{\"@id\":\"https:\/\/portaltela.pt\/#website\"},\"primaryImageOfPage\":{\"@id\":\"https:\/\/portaltela.pt\/noticias\/2026\/04\/08\/treinador-a-imagem-de-mourinho-teme-o-fantasma-de-ruben-amorim\/#primaryimage\"},\"image\":{\"@id\":\"https:\/\/portaltela.pt\/noticias\/2026\/04\/08\/treinador-a-imagem-de-mourinho-teme-o-fantasma-de-ruben-amorim\/#primaryimage\"},\"thumbnailUrl\":\"https:\/\/portaltela.pt\/s.01k8rhncp4jt1\/2026\/04\/img_1200x721uu2026-04-08-20-59-36-2431868.jpg\",\"datePublished\":\"2026-04-08T21:03:13+00:00\",\"author\":{\"@id\":\"https:\/\/portaltela.pt\/#\/schema\/person\/c4278d4a6028830caff9ee44b42d32ed\"},\"breadcrumb\":{\"@id\":\"https:\/\/portaltela.pt\/noticias\/2026\/04\/08\/treinador-a-imagem-de-mourinho-teme-o-fantasma-de-ruben-amorim\/#breadcrumb\"},\"inLanguage\":\"pt-PT\",\"potentialAction\":[{\"@type\":\"ReadAction\",\"target\":[\"https:\/\/portaltela.pt\/noticias\/2026\/04\/08\/treinador-a-imagem-de-mourinho-teme-o-fantasma-de-ruben-amorim\/\"]}]},{\"@type\":\"ImageObject\",\"inLanguage\":\"pt-PT\",\"@id\":\"https:\/\/portaltela.pt\/noticias\/2026\/04\/08\/treinador-a-imagem-de-mourinho-teme-o-fantasma-de-ruben-amorim\/#primaryimage\",\"url\":\"https:\/\/portaltela.pt\/s.01k8rhncp4jt1\/2026\/04\/img_1200x721uu2026-04-08-20-59-36-2431868.jpg\",\"contentUrl\":\"https:\/\/portaltela.pt\/s.01k8rhncp4jt1\/2026\/04\/img_1200x721uu2026-04-08-20-59-36-2431868.jpg\",\"width\":796,\"height\":448,\"caption\":\"An\u00e1lise de S\u00e9rgio Krithinas, Lu\u00eds Pedro Sousa e Pedro Sousa no programa 'Record na Hora' no Now\"},{\"@type\":\"BreadcrumbList\",\"@id\":\"https:\/\/portaltela.pt\/noticias\/2026\/04\/08\/treinador-a-imagem-de-mourinho-teme-o-fantasma-de-ruben-amorim\/#breadcrumb\",\"itemListElement\":[{\"@type\":\"ListItem\",\"position\":1,\"name\":\"In\u00edcio\",\"item\":\"https:\/\/portaltela.pt\/\"},{\"@type\":\"ListItem\",\"position\":2,\"name\":\"Treinador \u00e0 imagem de Mourinho teme o fantasma de R\u00faben Amorim\"}]},{\"@type\":\"WebSite\",\"@id\":\"https:\/\/portaltela.pt\/#website\",\"url\":\"https:\/\/portaltela.pt\/\",\"name\":\"Portal Tela Portugal\",\"description\":\"\",\"potentialAction\":[{\"@type\":\"SearchAction\",\"target\":{\"@type\":\"EntryPoint\",\"urlTemplate\":\"https:\/\/portaltela.pt\/?s={search_term_string}\"},\"query-input\":{\"@type\":\"PropertyValueSpecification\",\"valueRequired\":true,\"valueName\":\"search_term_string\"}}],\"inLanguage\":\"pt-PT\"},{\"@type\":\"Person\",\"@id\":\"https:\/\/portaltela.pt\/#\/schema\/person\/c4278d4a6028830caff9ee44b42d32ed\",\"name\":\"Telinha\",\"image\":{\"@type\":\"ImageObject\",\"inLanguage\":\"pt-PT\",\"@id\":\"https:\/\/portaltela.pt\/s.01k8rhncp4jt1\/2025\/11\/talking-bot-125x125.png\",\"url\":\"https:\/\/portaltela.pt\/s.01k8rhncp4jt1\/2025\/11\/talking-bot-125x125.png\",\"contentUrl\":\"https:\/\/portaltela.pt\/s.01k8rhncp4jt1\/2025\/11\/talking-bot-125x125.png\",\"caption\":\"Telinha\"},\"sameAs\":[\"https:\/\/portaltela.pt\/\"],\"url\":\"https:\/\/portaltela.pt\/por\/367410592786\/\"}]}<\/script>\n<!-- \/ Yoast SEO plugin. -->","yoast_head_json":{"title":"Treinador \u00e0 imagem de Mourinho teme o fantasma de R\u00faben Amorim - Portal Tela Portugal","robots":{"index":"index","follow":"follow","max-snippet":"max-snippet:-1","max-image-preview":"max-image-preview:large","max-video-preview":"max-video-preview:-1"},"og_locale":"pt_PT","og_type":"article","og_title":"Treinador \u00e0 imagem de Mourinho teme o fantasma de R\u00faben Amorim - Portal Tela Portugal","og_description":"O programa Record na Hora, no Now, contou com a an\u00e1lise de S\u00e9rgio Krithinas, Lu\u00eds Pedro Sousa e Pedro Sousa. Discutiram o futuro de Jos\u00e9 Mourinho no Benfica. O nome que surge como hip\u00f3tese para o cargo \u00e9 Ruben Amorim. A discuss\u00e3o envolve as perspetivas de an\u00e1lise da Record e da CM R\u00e1dio sobre o tema.","og_url":"https:\/\/portaltela.pt\/noticias\/2026\/04\/08\/treinador-a-imagem-de-mourinho-teme-o-fantasma-de-ruben-amorim\/","og_site_name":"Portal Tela Portugal","article_published_time":"2026-04-08T21:03:13+00:00","author":"Telinha","twitter_card":"summary_large_image","twitter_misc":{"Escrito por":"Telinha","Tempo estimado de leitura":"1 minuto"},"schema":{"@context":"https:\/\/schema.org","@graph":[{"@type":"Article","@id":"https:\/\/portaltela.pt\/noticias\/2026\/04\/08\/treinador-a-imagem-de-mourinho-teme-o-fantasma-de-ruben-amorim\/#article","isPartOf":{"@id":"https:\/\/portaltela.pt\/noticias\/2026\/04\/08\/treinador-a-imagem-de-mourinho-teme-o-fantasma-de-ruben-amorim\/"},"author":{"name":"Telinha","@id":"https:\/\/portaltela.pt\/#\/schema\/person\/c4278d4a6028830caff9ee44b42d32ed"},"headline":"Treinador \u00e0 imagem de Mourinho teme o fantasma de R\u00faben Amorim","datePublished":"2026-04-08T21:03:13+00:00","mainEntityOfPage":{"@id":"https:\/\/portaltela.pt\/noticias\/2026\/04\/08\/treinador-a-imagem-de-mourinho-teme-o-fantasma-de-ruben-amorim\/"},"wordCount":223,"image":{"@id":"https:\/\/portaltela.pt\/noticias\/2026\/04\/08\/treinador-a-imagem-de-mourinho-teme-o-fantasma-de-ruben-amorim\/#primaryimage"},"thumbnailUrl":"https:\/\/portaltela.pt\/s.01k8rhncp4jt1\/2026\/04\/img_1200x721uu2026-04-08-20-59-36-2431868.jpg","keywords":["Benfica","futebol","Jos\u00e9 Mourinho","mercado da bola","Ruben Amorim","transfer\u00eancias"],"articleSection":["Desporto","Futebol"],"inLanguage":"pt-PT"},{"@type":"WebPage","@id":"https:\/\/portaltela.pt\/noticias\/2026\/04\/08\/treinador-a-imagem-de-mourinho-teme-o-fantasma-de-ruben-amorim\/","url":"https:\/\/portaltela.pt\/noticias\/2026\/04\/08\/treinador-a-imagem-de-mourinho-teme-o-fantasma-de-ruben-amorim\/","name":"Treinador \u00e0 imagem de Mourinho teme o fantasma de R\u00faben Amorim - Portal Tela Portugal","isPartOf":{"@id":"https:\/\/portaltela.pt\/#website"},"primaryImageOfPage":{"@id":"https:\/\/portaltela.pt\/noticias\/2026\/04\/08\/treinador-a-imagem-de-mourinho-teme-o-fantasma-de-ruben-amorim\/#primaryimage"},"image":{"@id":"https:\/\/portaltela.pt\/noticias\/2026\/04\/08\/treinador-a-imagem-de-mourinho-teme-o-fantasma-de-ruben-amorim\/#primaryimage"},"thumbnailUrl":"https:\/\/portaltela.pt\/s.01k8rhncp4jt1\/2026\/04\/img_1200x721uu2026-04-08-20-59-36-2431868.jpg","datePublished":"2026-04-08T21:03:13+00:00","author":{"@id":"https:\/\/portaltela.pt\/#\/schema\/person\/c4278d4a6028830caff9ee44b42d32ed"},"breadcrumb":{"@id":"https:\/\/portaltela.pt\/noticias\/2026\/04\/08\/treinador-a-imagem-de-mourinho-teme-o-fantasma-de-ruben-amorim\/#breadcrumb"},"inLanguage":"pt-PT","potentialAction":[{"@type":"ReadAction","target":["https:\/\/portaltela.pt\/noticias\/2026\/04\/08\/treinador-a-imagem-de-mourinho-teme-o-fantasma-de-ruben-amorim\/"]}]},{"@type":"ImageObject","inLanguage":"pt-PT","@id":"https:\/\/portaltela.pt\/noticias\/2026\/04\/08\/treinador-a-imagem-de-mourinho-teme-o-fantasma-de-ruben-amorim\/#primaryimage","url":"https:\/\/portaltela.pt\/s.01k8rhncp4jt1\/2026\/04\/img_1200x721uu2026-04-08-20-59-36-2431868.jpg","contentUrl":"https:\/\/portaltela.pt\/s.01k8rhncp4jt1\/2026\/04\/img_1200x721uu2026-04-08-20-59-36-2431868.jpg","width":796,"height":448,"caption":"An\u00e1lise de S\u00e9rgio Krithinas, Lu\u00eds Pedro Sousa e Pedro Sousa no programa 'Record na Hora' no Now"},{"@type":"BreadcrumbList","@id":"https:\/\/portaltela.pt\/noticias\/2026\/04\/08\/treinador-a-imagem-de-mourinho-teme-o-fantasma-de-ruben-amorim\/#breadcrumb","itemListElement":[{"@type":"ListItem","position":1,"name":"In\u00edcio","item":"https:\/\/portaltela.pt\/"},{"@type":"ListItem","position":2,"name":"Treinador \u00e0 imagem de Mourinho teme o fantasma de R\u00faben Amorim"}]},{"@type":"WebSite","@id":"https:\/\/portaltela.pt\/#website","url":"https:\/\/portaltela.pt\/","name":"Portal Tela Portugal","description":"","potentialAction":[{"@type":"SearchAction","target":{"@type":"EntryPoint","urlTemplate":"https:\/\/portaltela.pt\/?s={search_term_string}"},"query-input":{"@type":"PropertyValueSpecification","valueRequired":true,"valueName":"search_term_string"}}],"inLanguage":"pt-PT"},{"@type":"Person","@id":"https:\/\/portaltela.pt\/#\/schema\/person\/c4278d4a6028830caff9ee44b42d32ed","name":"Telinha","image":{"@type":"ImageObject","inLanguage":"pt-PT","@id":"https:\/\/portaltela.pt\/s.01k8rhncp4jt1\/2025\/11\/talking-bot-125x125.png","url":"https:\/\/portaltela.pt\/s.01k8rhncp4jt1\/2025\/11\/talking-bot-125x125.png","contentUrl":"https:\/\/portaltela.pt\/s.01k8rhncp4jt1\/2025\/11\/talking-bot-125x125.png","caption":"Telinha"},"sameAs":["https:\/\/portaltela.pt\/"],"url":"https:\/\/portaltela.pt\/por\/367410592786\/"}]}},"_links":{"self":[{"href":"https:\/\/portaltela.pt\/api\/wp\/v2\/posts\/437257","targetHints":{"allow":["GET"]}}],"collection":[{"href":"https:\/\/portaltela.pt\/api\/wp\/v2\/posts"}],"about":[{"href":"https:\/\/portaltela.pt\/api\/wp\/v2\/types\/post"}],"author":[{"embeddable":true,"href":"https:\/\/portaltela.pt\/api\/wp\/v2\/users\/2"}],"replies":[{"embeddable":true,"href":"https:\/\/portaltela.pt\/api\/wp\/v2\/comments?post=437257"}],"version-history":[{"count":0,"href":"https:\/\/portaltela.pt\/api\/wp\/v2\/posts\/437257\/revisions"}],"wp:featuredmedia":[{"embeddable":true,"href":"https:\/\/portaltela.pt\/api\/wp\/v2\/media\/437262"}],"wp:attachment":[{"href":"https:\/\/portaltela.pt\/api\/wp\/v2\/media?parent=437257"}],"wp:term":[{"taxonomy":"category","embeddable":true,"href":"https:\/\/portaltela.pt\/api\/wp\/v2\/categories?post=437257"},{"taxonomy":"post_tag","embeddable":true,"href":"https:\/\/portaltela.pt\/api\/wp\/v2\/tags?post=437257"}],"curies":[{"name":"wp","href":"https:\/\/api.w.org\/{rel}","templated":true}]}}