{"id":437247,"date":"2026-04-08T18:03:00","date_gmt":"2026-04-08T21:03:00","guid":{"rendered":"https:\/\/portaltela.pt\/noticias\/2026\/04\/08\/carlos-vicens-afirma-que-e-preciso-aprender-com-os-erros-e-seguir-em-frente\/"},"modified":"2026-04-08T18:03:00","modified_gmt":"2026-04-08T21:03:00","slug":"carlos-vicens-afirma-que-e-preciso-aprender-com-os-erros-e-seguir-em-frente","status":"publish","type":"post","link":"https:\/\/portaltela.pt\/desporto\/futebol\/2026\/04\/08\/carlos-vicens-afirma-que-e-preciso-aprender-com-os-erros-e-seguir-em-frente\/","title":{"rendered":"Carlos Vicens afirma que \u00e9 preciso aprender com os erros e seguir em frente"},"content":{"rendered":"<p>O Sp. Braga empatou 1-1 com o Betis na primeira m\u00e3o dos quartos de final da Liga Europa, triunfo de 1-0 convertido pelo conjunto minhoto antes de o espanhol igualar j\u00e1 na segunda parte. O jogo realizou-se no estreito equil\u00edbrio entre o objetivo de avan\u00e7ar e o desgaste de uma eliminat\u00f3ria de alto n\u00edvel.<\/p>\n<p>O t\u00e9cnico Carlos Vicens analisou o encontro destacando a identidade da equipa, o esfor\u00e7o dos jogadores e a necessidade de maior tranquilidade nos momentos-chave. A equipa reconheceu ter tido momentos de intranquilidade no in\u00edcio, condicionando alguns passes, especialmente antes do intervalo. No final, admitiu que o empate surgiu a partir de dois passes r\u00e1pidos do Betis e que \u00e9 essencial aprender com erros para seguir em frente.<\/p>\n<p>Al\u00e9m disso, Vicens elogiou o crescimento de Hornicek, descrevendo-o como humilde e motivado para evoluir numa temporada que tem apresentado etapas positivas. Em termos m\u00e9dios, o t\u00e9cnico confirmou que Niakat\u00e9 e Diego podem recuperar para a segunda m\u00e3o, mantendo a esperan\u00e7a de presen\u00e7a de ambos.<\/p>\n<h3>Perspetivas para a segunda m\u00e3o e pr\u00f3ximos passos<\/h3>\n<p>O Braga segue em vantagem num\u00e9rica para a eliminat\u00f3ria ap\u00f3s o empate em casa, mas o objetivo \u00e9 competir bem no jogo em Sevilha e avan\u00e7ar. A equipa planeia manter a identidade competitiva, com foco em um desempenho s\u00f3lido e sem facilitar lances ao advers\u00e1rio. A segunda m\u00e3o ante o Betis est\u00e1 agendada para Sevilha, ap\u00f3s o confronto no Trras do Braga, com o Arouca pela frente antes do regresso europeu.<\/p>\n","protected":false},"excerpt":{"rendered":"<ul>\n<li>O Sp. Braga empatou frente ao Betis (1-1) na primeira m\u00e3o dos quartos de final da Liga Europa, com o jogo a seguir para Sevilha na segunda m\u00e3o.<\/li>\n<li>Carlos Vicens elogiou o esfor\u00e7o da equipa, mencionou intranquilidade no primeiro tempo e disse que os detalhes podem decidir o jogo.<\/li>\n<li>O Braga adiantou-se no marcador cedo, mas sofreu o empate aos dois passes r\u00e1pidos do Betis na segunda parte.<\/li>\n<li>O t\u00e9cnico destacou o crescimento de Hornicek e indicou ainda d\u00favidas sobre a recupera\u00e7\u00e3o de Niakat\u00e9 e Diego para o pr\u00f3ximo encontro.<\/li>\n<li>Vicens refor\u00e7ou a identidade da equipa, garantiu que v\u00e3o manter o n\u00edvel competitivo e apontou o pr\u00f3ximo passo para o duelo com o Arouca antes da segunda m\u00e3o.<\/li>\n<\/ul>\n","protected":false},"author":2,"featured_media":437248,"comment_status":"closed","ping_status":"closed","sticky":false,"template":"","format":"standard","meta":{"footnotes":""},"categories":[21,24],"tags":[7550,1207,6330,32,3338,3505],"class_list":["post-437247","post","type-post","status-publish","format-standard","has-post-thumbnail","hentry","category-desporto","category-futebol","tag-betis","tag-braga","tag-eliminacoes","tag-futebol","tag-futebol-internacional","tag-ligas-internacionais"],"yoast_head":"<!-- This site is optimized with the Yoast SEO plugin v27.2 - https:\/\/yoast.com\/product\/yoast-seo-wordpress\/ -->\n<title>Carlos Vicens afirma que \u00e9 preciso aprender com os erros e seguir em frente - Portal Tela Portugal<\/title>\n<meta name=\"robots\" content=\"index, follow, max-snippet:-1, max-image-preview:large, max-video-preview:-1\" \/>\n<meta property=\"og:locale\" content=\"pt_PT\" \/>\n<meta property=\"og:type\" content=\"article\" \/>\n<meta property=\"og:title\" content=\"Carlos Vicens afirma que \u00e9 preciso aprender com os erros e seguir em frente - Portal Tela Portugal\" \/>\n<meta property=\"og:description\" content=\"O Sp. Braga empatou frente ao Betis (1-1) na primeira m\u00e3o dos quartos de final da Liga Europa, com o jogo a seguir para Sevilha na segunda m\u00e3o. Carlos Vicens elogiou o esfor\u00e7o da equipa, mencionou intranquilidade no primeiro tempo e disse que os detalhes podem decidir o jogo. O Braga adiantou-se no marcador cedo, mas sofreu o empate aos dois passes r\u00e1pidos do Betis na segunda parte. O t\u00e9cnico destacou o crescimento de Hornicek e indicou ainda d\u00favidas sobre a recupera\u00e7\u00e3o de Niakat\u00e9 e Diego para o pr\u00f3ximo encontro. Vicens refor\u00e7ou a identidade da equipa, garantiu que v\u00e3o manter o n\u00edvel competitivo e apontou o pr\u00f3ximo passo para o duelo com o Arouca antes da segunda m\u00e3o.\" \/>\n<meta property=\"og:url\" content=\"https:\/\/portaltela.pt\/noticias\/2026\/04\/08\/carlos-vicens-afirma-que-e-preciso-aprender-com-os-erros-e-seguir-em-frente\/\" \/>\n<meta property=\"og:site_name\" content=\"Portal Tela Portugal\" \/>\n<meta property=\"article:published_time\" content=\"2026-04-08T21:03:00+00:00\" \/>\n<meta name=\"author\" content=\"Telinha\" \/>\n<meta name=\"twitter:card\" content=\"summary_large_image\" \/>\n<meta name=\"twitter:label1\" content=\"Escrito por\" \/>\n\t<meta name=\"twitter:data1\" content=\"Telinha\" \/>\n\t<meta name=\"twitter:label2\" content=\"Tempo estimado de leitura\" \/>\n\t<meta name=\"twitter:data2\" content=\"1 minuto\" \/>\n<script type=\"application\/ld+json\" class=\"yoast-schema-graph\">{\"@context\":\"https:\/\/schema.org\",\"@graph\":[{\"@type\":\"Article\",\"@id\":\"https:\/\/portaltela.pt\/noticias\/2026\/04\/08\/carlos-vicens-afirma-que-e-preciso-aprender-com-os-erros-e-seguir-em-frente\/#article\",\"isPartOf\":{\"@id\":\"https:\/\/portaltela.pt\/noticias\/2026\/04\/08\/carlos-vicens-afirma-que-e-preciso-aprender-com-os-erros-e-seguir-em-frente\/\"},\"author\":{\"name\":\"Telinha\",\"@id\":\"https:\/\/portaltela.pt\/#\/schema\/person\/c4278d4a6028830caff9ee44b42d32ed\"},\"headline\":\"Carlos Vicens afirma que \u00e9 preciso aprender com os erros e seguir em frente\",\"datePublished\":\"2026-04-08T21:03:00+00:00\",\"mainEntityOfPage\":{\"@id\":\"https:\/\/portaltela.pt\/noticias\/2026\/04\/08\/carlos-vicens-afirma-que-e-preciso-aprender-com-os-erros-e-seguir-em-frente\/\"},\"wordCount\":281,\"image\":{\"@id\":\"https:\/\/portaltela.pt\/noticias\/2026\/04\/08\/carlos-vicens-afirma-que-e-preciso-aprender-com-os-erros-e-seguir-em-frente\/#primaryimage\"},\"thumbnailUrl\":\"https:\/\/portaltela.pt\/s.01k8rhncp4jt1\/2026\/04\/img_920x518uu2026-04-08-21-26-11-2431877-im-639112803894827539.jpg\",\"keywords\":[\"Betis\",\"Braga\",\"elimina\u00e7\u00f5es\",\"futebol\",\"futebol internacional\",\"ligas internacionais\"],\"articleSection\":[\"Desporto\",\"Futebol\"],\"inLanguage\":\"pt-PT\"},{\"@type\":\"WebPage\",\"@id\":\"https:\/\/portaltela.pt\/noticias\/2026\/04\/08\/carlos-vicens-afirma-que-e-preciso-aprender-com-os-erros-e-seguir-em-frente\/\",\"url\":\"https:\/\/portaltela.pt\/noticias\/2026\/04\/08\/carlos-vicens-afirma-que-e-preciso-aprender-com-os-erros-e-seguir-em-frente\/\",\"name\":\"Carlos Vicens afirma que \u00e9 preciso aprender com os erros e seguir em frente - Portal Tela Portugal\",\"isPartOf\":{\"@id\":\"https:\/\/portaltela.pt\/#website\"},\"primaryImageOfPage\":{\"@id\":\"https:\/\/portaltela.pt\/noticias\/2026\/04\/08\/carlos-vicens-afirma-que-e-preciso-aprender-com-os-erros-e-seguir-em-frente\/#primaryimage\"},\"image\":{\"@id\":\"https:\/\/portaltela.pt\/noticias\/2026\/04\/08\/carlos-vicens-afirma-que-e-preciso-aprender-com-os-erros-e-seguir-em-frente\/#primaryimage\"},\"thumbnailUrl\":\"https:\/\/portaltela.pt\/s.01k8rhncp4jt1\/2026\/04\/img_920x518uu2026-04-08-21-26-11-2431877-im-639112803894827539.jpg\",\"datePublished\":\"2026-04-08T21:03:00+00:00\",\"author\":{\"@id\":\"https:\/\/portaltela.pt\/#\/schema\/person\/c4278d4a6028830caff9ee44b42d32ed\"},\"breadcrumb\":{\"@id\":\"https:\/\/portaltela.pt\/noticias\/2026\/04\/08\/carlos-vicens-afirma-que-e-preciso-aprender-com-os-erros-e-seguir-em-frente\/#breadcrumb\"},\"inLanguage\":\"pt-PT\",\"potentialAction\":[{\"@type\":\"ReadAction\",\"target\":[\"https:\/\/portaltela.pt\/noticias\/2026\/04\/08\/carlos-vicens-afirma-que-e-preciso-aprender-com-os-erros-e-seguir-em-frente\/\"]}]},{\"@type\":\"ImageObject\",\"inLanguage\":\"pt-PT\",\"@id\":\"https:\/\/portaltela.pt\/noticias\/2026\/04\/08\/carlos-vicens-afirma-que-e-preciso-aprender-com-os-erros-e-seguir-em-frente\/#primaryimage\",\"url\":\"https:\/\/portaltela.pt\/s.01k8rhncp4jt1\/2026\/04\/img_920x518uu2026-04-08-21-26-11-2431877-im-639112803894827539.jpg\",\"contentUrl\":\"https:\/\/portaltela.pt\/s.01k8rhncp4jt1\/2026\/04\/img_920x518uu2026-04-08-21-26-11-2431877-im-639112803894827539.jpg\",\"width\":796,\"height\":448,\"caption\":\"Carlos Vicens durante o Sp. Braga-Betis\"},{\"@type\":\"BreadcrumbList\",\"@id\":\"https:\/\/portaltela.pt\/noticias\/2026\/04\/08\/carlos-vicens-afirma-que-e-preciso-aprender-com-os-erros-e-seguir-em-frente\/#breadcrumb\",\"itemListElement\":[{\"@type\":\"ListItem\",\"position\":1,\"name\":\"In\u00edcio\",\"item\":\"https:\/\/portaltela.pt\/\"},{\"@type\":\"ListItem\",\"position\":2,\"name\":\"Carlos Vicens afirma que \u00e9 preciso aprender com os erros e seguir em frente\"}]},{\"@type\":\"WebSite\",\"@id\":\"https:\/\/portaltela.pt\/#website\",\"url\":\"https:\/\/portaltela.pt\/\",\"name\":\"Portal Tela Portugal\",\"description\":\"\",\"potentialAction\":[{\"@type\":\"SearchAction\",\"target\":{\"@type\":\"EntryPoint\",\"urlTemplate\":\"https:\/\/portaltela.pt\/?s={search_term_string}\"},\"query-input\":{\"@type\":\"PropertyValueSpecification\",\"valueRequired\":true,\"valueName\":\"search_term_string\"}}],\"inLanguage\":\"pt-PT\"},{\"@type\":\"Person\",\"@id\":\"https:\/\/portaltela.pt\/#\/schema\/person\/c4278d4a6028830caff9ee44b42d32ed\",\"name\":\"Telinha\",\"image\":{\"@type\":\"ImageObject\",\"inLanguage\":\"pt-PT\",\"@id\":\"https:\/\/portaltela.pt\/s.01k8rhncp4jt1\/2025\/11\/talking-bot-125x125.png\",\"url\":\"https:\/\/portaltela.pt\/s.01k8rhncp4jt1\/2025\/11\/talking-bot-125x125.png\",\"contentUrl\":\"https:\/\/portaltela.pt\/s.01k8rhncp4jt1\/2025\/11\/talking-bot-125x125.png\",\"caption\":\"Telinha\"},\"sameAs\":[\"https:\/\/portaltela.pt\/\"],\"url\":\"https:\/\/portaltela.pt\/por\/367410592786\/\"}]}<\/script>\n<!-- \/ Yoast SEO plugin. -->","yoast_head_json":{"title":"Carlos Vicens afirma que \u00e9 preciso aprender com os erros e seguir em frente - Portal Tela Portugal","robots":{"index":"index","follow":"follow","max-snippet":"max-snippet:-1","max-image-preview":"max-image-preview:large","max-video-preview":"max-video-preview:-1"},"og_locale":"pt_PT","og_type":"article","og_title":"Carlos Vicens afirma que \u00e9 preciso aprender com os erros e seguir em frente - Portal Tela Portugal","og_description":"O Sp. Braga empatou frente ao Betis (1-1) na primeira m\u00e3o dos quartos de final da Liga Europa, com o jogo a seguir para Sevilha na segunda m\u00e3o. Carlos Vicens elogiou o esfor\u00e7o da equipa, mencionou intranquilidade no primeiro tempo e disse que os detalhes podem decidir o jogo. O Braga adiantou-se no marcador cedo, mas sofreu o empate aos dois passes r\u00e1pidos do Betis na segunda parte. O t\u00e9cnico destacou o crescimento de Hornicek e indicou ainda d\u00favidas sobre a recupera\u00e7\u00e3o de Niakat\u00e9 e Diego para o pr\u00f3ximo encontro. Vicens refor\u00e7ou a identidade da equipa, garantiu que v\u00e3o manter o n\u00edvel competitivo e apontou o pr\u00f3ximo passo para o duelo com o Arouca antes da segunda m\u00e3o.","og_url":"https:\/\/portaltela.pt\/noticias\/2026\/04\/08\/carlos-vicens-afirma-que-e-preciso-aprender-com-os-erros-e-seguir-em-frente\/","og_site_name":"Portal Tela Portugal","article_published_time":"2026-04-08T21:03:00+00:00","author":"Telinha","twitter_card":"summary_large_image","twitter_misc":{"Escrito por":"Telinha","Tempo estimado de leitura":"1 minuto"},"schema":{"@context":"https:\/\/schema.org","@graph":[{"@type":"Article","@id":"https:\/\/portaltela.pt\/noticias\/2026\/04\/08\/carlos-vicens-afirma-que-e-preciso-aprender-com-os-erros-e-seguir-em-frente\/#article","isPartOf":{"@id":"https:\/\/portaltela.pt\/noticias\/2026\/04\/08\/carlos-vicens-afirma-que-e-preciso-aprender-com-os-erros-e-seguir-em-frente\/"},"author":{"name":"Telinha","@id":"https:\/\/portaltela.pt\/#\/schema\/person\/c4278d4a6028830caff9ee44b42d32ed"},"headline":"Carlos Vicens afirma que \u00e9 preciso aprender com os erros e seguir em frente","datePublished":"2026-04-08T21:03:00+00:00","mainEntityOfPage":{"@id":"https:\/\/portaltela.pt\/noticias\/2026\/04\/08\/carlos-vicens-afirma-que-e-preciso-aprender-com-os-erros-e-seguir-em-frente\/"},"wordCount":281,"image":{"@id":"https:\/\/portaltela.pt\/noticias\/2026\/04\/08\/carlos-vicens-afirma-que-e-preciso-aprender-com-os-erros-e-seguir-em-frente\/#primaryimage"},"thumbnailUrl":"https:\/\/portaltela.pt\/s.01k8rhncp4jt1\/2026\/04\/img_920x518uu2026-04-08-21-26-11-2431877-im-639112803894827539.jpg","keywords":["Betis","Braga","elimina\u00e7\u00f5es","futebol","futebol internacional","ligas internacionais"],"articleSection":["Desporto","Futebol"],"inLanguage":"pt-PT"},{"@type":"WebPage","@id":"https:\/\/portaltela.pt\/noticias\/2026\/04\/08\/carlos-vicens-afirma-que-e-preciso-aprender-com-os-erros-e-seguir-em-frente\/","url":"https:\/\/portaltela.pt\/noticias\/2026\/04\/08\/carlos-vicens-afirma-que-e-preciso-aprender-com-os-erros-e-seguir-em-frente\/","name":"Carlos Vicens afirma que \u00e9 preciso aprender com os erros e seguir em frente - Portal Tela Portugal","isPartOf":{"@id":"https:\/\/portaltela.pt\/#website"},"primaryImageOfPage":{"@id":"https:\/\/portaltela.pt\/noticias\/2026\/04\/08\/carlos-vicens-afirma-que-e-preciso-aprender-com-os-erros-e-seguir-em-frente\/#primaryimage"},"image":{"@id":"https:\/\/portaltela.pt\/noticias\/2026\/04\/08\/carlos-vicens-afirma-que-e-preciso-aprender-com-os-erros-e-seguir-em-frente\/#primaryimage"},"thumbnailUrl":"https:\/\/portaltela.pt\/s.01k8rhncp4jt1\/2026\/04\/img_920x518uu2026-04-08-21-26-11-2431877-im-639112803894827539.jpg","datePublished":"2026-04-08T21:03:00+00:00","author":{"@id":"https:\/\/portaltela.pt\/#\/schema\/person\/c4278d4a6028830caff9ee44b42d32ed"},"breadcrumb":{"@id":"https:\/\/portaltela.pt\/noticias\/2026\/04\/08\/carlos-vicens-afirma-que-e-preciso-aprender-com-os-erros-e-seguir-em-frente\/#breadcrumb"},"inLanguage":"pt-PT","potentialAction":[{"@type":"ReadAction","target":["https:\/\/portaltela.pt\/noticias\/2026\/04\/08\/carlos-vicens-afirma-que-e-preciso-aprender-com-os-erros-e-seguir-em-frente\/"]}]},{"@type":"ImageObject","inLanguage":"pt-PT","@id":"https:\/\/portaltela.pt\/noticias\/2026\/04\/08\/carlos-vicens-afirma-que-e-preciso-aprender-com-os-erros-e-seguir-em-frente\/#primaryimage","url":"https:\/\/portaltela.pt\/s.01k8rhncp4jt1\/2026\/04\/img_920x518uu2026-04-08-21-26-11-2431877-im-639112803894827539.jpg","contentUrl":"https:\/\/portaltela.pt\/s.01k8rhncp4jt1\/2026\/04\/img_920x518uu2026-04-08-21-26-11-2431877-im-639112803894827539.jpg","width":796,"height":448,"caption":"Carlos Vicens durante o Sp. Braga-Betis"},{"@type":"BreadcrumbList","@id":"https:\/\/portaltela.pt\/noticias\/2026\/04\/08\/carlos-vicens-afirma-que-e-preciso-aprender-com-os-erros-e-seguir-em-frente\/#breadcrumb","itemListElement":[{"@type":"ListItem","position":1,"name":"In\u00edcio","item":"https:\/\/portaltela.pt\/"},{"@type":"ListItem","position":2,"name":"Carlos Vicens afirma que \u00e9 preciso aprender com os erros e seguir em frente"}]},{"@type":"WebSite","@id":"https:\/\/portaltela.pt\/#website","url":"https:\/\/portaltela.pt\/","name":"Portal Tela Portugal","description":"","potentialAction":[{"@type":"SearchAction","target":{"@type":"EntryPoint","urlTemplate":"https:\/\/portaltela.pt\/?s={search_term_string}"},"query-input":{"@type":"PropertyValueSpecification","valueRequired":true,"valueName":"search_term_string"}}],"inLanguage":"pt-PT"},{"@type":"Person","@id":"https:\/\/portaltela.pt\/#\/schema\/person\/c4278d4a6028830caff9ee44b42d32ed","name":"Telinha","image":{"@type":"ImageObject","inLanguage":"pt-PT","@id":"https:\/\/portaltela.pt\/s.01k8rhncp4jt1\/2025\/11\/talking-bot-125x125.png","url":"https:\/\/portaltela.pt\/s.01k8rhncp4jt1\/2025\/11\/talking-bot-125x125.png","contentUrl":"https:\/\/portaltela.pt\/s.01k8rhncp4jt1\/2025\/11\/talking-bot-125x125.png","caption":"Telinha"},"sameAs":["https:\/\/portaltela.pt\/"],"url":"https:\/\/portaltela.pt\/por\/367410592786\/"}]}},"_links":{"self":[{"href":"https:\/\/portaltela.pt\/api\/wp\/v2\/posts\/437247","targetHints":{"allow":["GET"]}}],"collection":[{"href":"https:\/\/portaltela.pt\/api\/wp\/v2\/posts"}],"about":[{"href":"https:\/\/portaltela.pt\/api\/wp\/v2\/types\/post"}],"author":[{"embeddable":true,"href":"https:\/\/portaltela.pt\/api\/wp\/v2\/users\/2"}],"replies":[{"embeddable":true,"href":"https:\/\/portaltela.pt\/api\/wp\/v2\/comments?post=437247"}],"version-history":[{"count":0,"href":"https:\/\/portaltela.pt\/api\/wp\/v2\/posts\/437247\/revisions"}],"wp:featuredmedia":[{"embeddable":true,"href":"https:\/\/portaltela.pt\/api\/wp\/v2\/media\/437248"}],"wp:attachment":[{"href":"https:\/\/portaltela.pt\/api\/wp\/v2\/media?parent=437247"}],"wp:term":[{"taxonomy":"category","embeddable":true,"href":"https:\/\/portaltela.pt\/api\/wp\/v2\/categories?post=437247"},{"taxonomy":"post_tag","embeddable":true,"href":"https:\/\/portaltela.pt\/api\/wp\/v2\/tags?post=437247"}],"curies":[{"name":"wp","href":"https:\/\/api.w.org\/{rel}","templated":true}]}}