{"id":437211,"date":"2026-04-08T17:03:08","date_gmt":"2026-04-08T20:03:08","guid":{"rendered":"https:\/\/portaltela.pt\/noticias\/2026\/04\/08\/caso-mourinho-seja-despedido-em-setembro-benfica-pode-exigir-demissoes-na-direcao\/"},"modified":"2026-04-08T17:03:08","modified_gmt":"2026-04-08T20:03:08","slug":"caso-mourinho-seja-despedido-em-setembro-benfica-pode-exigir-demissoes-na-direcao","status":"publish","type":"post","link":"https:\/\/portaltela.pt\/desporto\/futebol\/2026\/04\/08\/caso-mourinho-seja-despedido-em-setembro-benfica-pode-exigir-demissoes-na-direcao\/","title":{"rendered":"Caso Mourinho seja despedido em setembro, Benfica pode exigir demiss\u00f5es na dire\u00e7\u00e3o"},"content":{"rendered":"<p>S\u00e9rgio Krithinas, diretor-executivo da Record, afirma que Rui Costa pode optar pela renova\u00e7\u00e3o com Jos\u00e9 Mourinho para evitar repetir o cen\u00e1rio vivido com Roger Schmidt.<\/p>\n<p>Segundo o analista, se Mourinho for despedido em setembro, n\u00e3o ser\u00e1 apenas o treinador a cair, sugerindo repercuss\u00f5es para outras \u00e1reas do Benfica.<\/p>\n<p>O coment\u00e1rio insere-se no contexto da continuidade do t\u00e9cnico na Luz e das din\u00e2micas internas do clube, acompanhadas de perto pela imprensa desportiva.<\/p>\n","protected":false},"excerpt":{"rendered":"<ul>\n<li>S\u00e9rgio Krithinas, diretor-executivo de Record, comenta a continuidade de Jos\u00e9 Mourinho no Benfica.<\/li>\n<li>Diz que Rui Costa n\u00e3o quer repetir o caso de Roger Schmidt, o que o leva a ponderar uma renova\u00e7\u00e3o do t\u00e9cnico.<\/li>\n<li>Afirma que, se Mourinho for despedido em setembro, n\u00e3o ser\u00e1 apenas o treinador a cair.<\/li>\n<\/ul>\n","protected":false},"author":2,"featured_media":437214,"comment_status":"closed","ping_status":"closed","sticky":false,"template":"","format":"standard","meta":{"footnotes":""},"categories":[21,24],"tags":[1946,5682,152,32,2138,2139],"class_list":["post-437211","post","type-post","status-publish","format-standard","has-post-thumbnail","hentry","category-desporto","category-futebol","tag-benfica","tag-demissoes","tag-desporto","tag-futebol","tag-jose-mourinho","tag-rui-costa"],"yoast_head":"<!-- This site is optimized with the Yoast SEO plugin v27.2 - https:\/\/yoast.com\/product\/yoast-seo-wordpress\/ -->\n<title>Caso Mourinho seja despedido em setembro, Benfica pode exigir demiss\u00f5es na dire\u00e7\u00e3o - Portal Tela Portugal<\/title>\n<meta name=\"robots\" content=\"index, follow, max-snippet:-1, max-image-preview:large, max-video-preview:-1\" \/>\n<meta property=\"og:locale\" content=\"pt_PT\" \/>\n<meta property=\"og:type\" content=\"article\" \/>\n<meta property=\"og:title\" content=\"Caso Mourinho seja despedido em setembro, Benfica pode exigir demiss\u00f5es na dire\u00e7\u00e3o - Portal Tela Portugal\" \/>\n<meta property=\"og:description\" content=\"S\u00e9rgio Krithinas, diretor-executivo de Record, comenta a continuidade de Jos\u00e9 Mourinho no Benfica. Diz que Rui Costa n\u00e3o quer repetir o caso de Roger Schmidt, o que o leva a ponderar uma renova\u00e7\u00e3o do t\u00e9cnico. Afirma que, se Mourinho for despedido em setembro, n\u00e3o ser\u00e1 apenas o treinador a cair.\" \/>\n<meta property=\"og:url\" content=\"https:\/\/portaltela.pt\/noticias\/2026\/04\/08\/caso-mourinho-seja-despedido-em-setembro-benfica-pode-exigir-demissoes-na-direcao\/\" \/>\n<meta property=\"og:site_name\" content=\"Portal Tela Portugal\" \/>\n<meta property=\"article:published_time\" content=\"2026-04-08T20:03:08+00:00\" \/>\n<meta name=\"author\" content=\"Telinha\" \/>\n<meta name=\"twitter:card\" content=\"summary_large_image\" \/>\n<meta name=\"twitter:label1\" content=\"Escrito por\" \/>\n\t<meta name=\"twitter:data1\" content=\"Telinha\" \/>\n<script type=\"application\/ld+json\" class=\"yoast-schema-graph\">{\"@context\":\"https:\/\/schema.org\",\"@graph\":[{\"@type\":\"Article\",\"@id\":\"https:\/\/portaltela.pt\/noticias\/2026\/04\/08\/caso-mourinho-seja-despedido-em-setembro-benfica-pode-exigir-demissoes-na-direcao\/#article\",\"isPartOf\":{\"@id\":\"https:\/\/portaltela.pt\/noticias\/2026\/04\/08\/caso-mourinho-seja-despedido-em-setembro-benfica-pode-exigir-demissoes-na-direcao\/\"},\"author\":{\"name\":\"Telinha\",\"@id\":\"https:\/\/portaltela.pt\/#\/schema\/person\/c4278d4a6028830caff9ee44b42d32ed\"},\"headline\":\"Caso Mourinho seja despedido em setembro, Benfica pode exigir demiss\u00f5es na dire\u00e7\u00e3o\",\"datePublished\":\"2026-04-08T20:03:08+00:00\",\"mainEntityOfPage\":{\"@id\":\"https:\/\/portaltela.pt\/noticias\/2026\/04\/08\/caso-mourinho-seja-despedido-em-setembro-benfica-pode-exigir-demissoes-na-direcao\/\"},\"wordCount\":93,\"image\":{\"@id\":\"https:\/\/portaltela.pt\/noticias\/2026\/04\/08\/caso-mourinho-seja-despedido-em-setembro-benfica-pode-exigir-demissoes-na-direcao\/#primaryimage\"},\"thumbnailUrl\":\"https:\/\/portaltela.pt\/s.01k8rhncp4jt1\/2026\/04\/img_1200x721uu2026-04-08-20-57-39-2431867.jpg\",\"keywords\":[\"Benfica\",\"demiss\u00f5es\",\"desporto\",\"futebol\",\"Jos\u00e9 Mourinho\",\"Rui Costa\"],\"articleSection\":[\"Desporto\",\"Futebol\"],\"inLanguage\":\"pt-PT\"},{\"@type\":\"WebPage\",\"@id\":\"https:\/\/portaltela.pt\/noticias\/2026\/04\/08\/caso-mourinho-seja-despedido-em-setembro-benfica-pode-exigir-demissoes-na-direcao\/\",\"url\":\"https:\/\/portaltela.pt\/noticias\/2026\/04\/08\/caso-mourinho-seja-despedido-em-setembro-benfica-pode-exigir-demissoes-na-direcao\/\",\"name\":\"Caso Mourinho seja despedido em setembro, Benfica pode exigir demiss\u00f5es na dire\u00e7\u00e3o - Portal Tela Portugal\",\"isPartOf\":{\"@id\":\"https:\/\/portaltela.pt\/#website\"},\"primaryImageOfPage\":{\"@id\":\"https:\/\/portaltela.pt\/noticias\/2026\/04\/08\/caso-mourinho-seja-despedido-em-setembro-benfica-pode-exigir-demissoes-na-direcao\/#primaryimage\"},\"image\":{\"@id\":\"https:\/\/portaltela.pt\/noticias\/2026\/04\/08\/caso-mourinho-seja-despedido-em-setembro-benfica-pode-exigir-demissoes-na-direcao\/#primaryimage\"},\"thumbnailUrl\":\"https:\/\/portaltela.pt\/s.01k8rhncp4jt1\/2026\/04\/img_1200x721uu2026-04-08-20-57-39-2431867.jpg\",\"datePublished\":\"2026-04-08T20:03:08+00:00\",\"author\":{\"@id\":\"https:\/\/portaltela.pt\/#\/schema\/person\/c4278d4a6028830caff9ee44b42d32ed\"},\"breadcrumb\":{\"@id\":\"https:\/\/portaltela.pt\/noticias\/2026\/04\/08\/caso-mourinho-seja-despedido-em-setembro-benfica-pode-exigir-demissoes-na-direcao\/#breadcrumb\"},\"inLanguage\":\"pt-PT\",\"potentialAction\":[{\"@type\":\"ReadAction\",\"target\":[\"https:\/\/portaltela.pt\/noticias\/2026\/04\/08\/caso-mourinho-seja-despedido-em-setembro-benfica-pode-exigir-demissoes-na-direcao\/\"]}]},{\"@type\":\"ImageObject\",\"inLanguage\":\"pt-PT\",\"@id\":\"https:\/\/portaltela.pt\/noticias\/2026\/04\/08\/caso-mourinho-seja-despedido-em-setembro-benfica-pode-exigir-demissoes-na-direcao\/#primaryimage\",\"url\":\"https:\/\/portaltela.pt\/s.01k8rhncp4jt1\/2026\/04\/img_1200x721uu2026-04-08-20-57-39-2431867.jpg\",\"contentUrl\":\"https:\/\/portaltela.pt\/s.01k8rhncp4jt1\/2026\/04\/img_1200x721uu2026-04-08-20-57-39-2431867.jpg\",\"width\":796,\"height\":448,\"caption\":\"Photo\"},{\"@type\":\"BreadcrumbList\",\"@id\":\"https:\/\/portaltela.pt\/noticias\/2026\/04\/08\/caso-mourinho-seja-despedido-em-setembro-benfica-pode-exigir-demissoes-na-direcao\/#breadcrumb\",\"itemListElement\":[{\"@type\":\"ListItem\",\"position\":1,\"name\":\"In\u00edcio\",\"item\":\"https:\/\/portaltela.pt\/\"},{\"@type\":\"ListItem\",\"position\":2,\"name\":\"Caso Mourinho seja despedido em setembro, Benfica pode exigir demiss\u00f5es na dire\u00e7\u00e3o\"}]},{\"@type\":\"WebSite\",\"@id\":\"https:\/\/portaltela.pt\/#website\",\"url\":\"https:\/\/portaltela.pt\/\",\"name\":\"Portal Tela Portugal\",\"description\":\"\",\"potentialAction\":[{\"@type\":\"SearchAction\",\"target\":{\"@type\":\"EntryPoint\",\"urlTemplate\":\"https:\/\/portaltela.pt\/?s={search_term_string}\"},\"query-input\":{\"@type\":\"PropertyValueSpecification\",\"valueRequired\":true,\"valueName\":\"search_term_string\"}}],\"inLanguage\":\"pt-PT\"},{\"@type\":\"Person\",\"@id\":\"https:\/\/portaltela.pt\/#\/schema\/person\/c4278d4a6028830caff9ee44b42d32ed\",\"name\":\"Telinha\",\"image\":{\"@type\":\"ImageObject\",\"inLanguage\":\"pt-PT\",\"@id\":\"https:\/\/portaltela.pt\/s.01k8rhncp4jt1\/2025\/11\/talking-bot-125x125.png\",\"url\":\"https:\/\/portaltela.pt\/s.01k8rhncp4jt1\/2025\/11\/talking-bot-125x125.png\",\"contentUrl\":\"https:\/\/portaltela.pt\/s.01k8rhncp4jt1\/2025\/11\/talking-bot-125x125.png\",\"caption\":\"Telinha\"},\"sameAs\":[\"https:\/\/portaltela.pt\/\"],\"url\":\"https:\/\/portaltela.pt\/por\/367410592786\/\"}]}<\/script>\n<!-- \/ Yoast SEO plugin. -->","yoast_head_json":{"title":"Caso Mourinho seja despedido em setembro, Benfica pode exigir demiss\u00f5es na dire\u00e7\u00e3o - Portal Tela Portugal","robots":{"index":"index","follow":"follow","max-snippet":"max-snippet:-1","max-image-preview":"max-image-preview:large","max-video-preview":"max-video-preview:-1"},"og_locale":"pt_PT","og_type":"article","og_title":"Caso Mourinho seja despedido em setembro, Benfica pode exigir demiss\u00f5es na dire\u00e7\u00e3o - Portal Tela Portugal","og_description":"S\u00e9rgio Krithinas, diretor-executivo de Record, comenta a continuidade de Jos\u00e9 Mourinho no Benfica. Diz que Rui Costa n\u00e3o quer repetir o caso de Roger Schmidt, o que o leva a ponderar uma renova\u00e7\u00e3o do t\u00e9cnico. Afirma que, se Mourinho for despedido em setembro, n\u00e3o ser\u00e1 apenas o treinador a cair.","og_url":"https:\/\/portaltela.pt\/noticias\/2026\/04\/08\/caso-mourinho-seja-despedido-em-setembro-benfica-pode-exigir-demissoes-na-direcao\/","og_site_name":"Portal Tela Portugal","article_published_time":"2026-04-08T20:03:08+00:00","author":"Telinha","twitter_card":"summary_large_image","twitter_misc":{"Escrito por":"Telinha"},"schema":{"@context":"https:\/\/schema.org","@graph":[{"@type":"Article","@id":"https:\/\/portaltela.pt\/noticias\/2026\/04\/08\/caso-mourinho-seja-despedido-em-setembro-benfica-pode-exigir-demissoes-na-direcao\/#article","isPartOf":{"@id":"https:\/\/portaltela.pt\/noticias\/2026\/04\/08\/caso-mourinho-seja-despedido-em-setembro-benfica-pode-exigir-demissoes-na-direcao\/"},"author":{"name":"Telinha","@id":"https:\/\/portaltela.pt\/#\/schema\/person\/c4278d4a6028830caff9ee44b42d32ed"},"headline":"Caso Mourinho seja despedido em setembro, Benfica pode exigir demiss\u00f5es na dire\u00e7\u00e3o","datePublished":"2026-04-08T20:03:08+00:00","mainEntityOfPage":{"@id":"https:\/\/portaltela.pt\/noticias\/2026\/04\/08\/caso-mourinho-seja-despedido-em-setembro-benfica-pode-exigir-demissoes-na-direcao\/"},"wordCount":93,"image":{"@id":"https:\/\/portaltela.pt\/noticias\/2026\/04\/08\/caso-mourinho-seja-despedido-em-setembro-benfica-pode-exigir-demissoes-na-direcao\/#primaryimage"},"thumbnailUrl":"https:\/\/portaltela.pt\/s.01k8rhncp4jt1\/2026\/04\/img_1200x721uu2026-04-08-20-57-39-2431867.jpg","keywords":["Benfica","demiss\u00f5es","desporto","futebol","Jos\u00e9 Mourinho","Rui Costa"],"articleSection":["Desporto","Futebol"],"inLanguage":"pt-PT"},{"@type":"WebPage","@id":"https:\/\/portaltela.pt\/noticias\/2026\/04\/08\/caso-mourinho-seja-despedido-em-setembro-benfica-pode-exigir-demissoes-na-direcao\/","url":"https:\/\/portaltela.pt\/noticias\/2026\/04\/08\/caso-mourinho-seja-despedido-em-setembro-benfica-pode-exigir-demissoes-na-direcao\/","name":"Caso Mourinho seja despedido em setembro, Benfica pode exigir demiss\u00f5es na dire\u00e7\u00e3o - Portal Tela Portugal","isPartOf":{"@id":"https:\/\/portaltela.pt\/#website"},"primaryImageOfPage":{"@id":"https:\/\/portaltela.pt\/noticias\/2026\/04\/08\/caso-mourinho-seja-despedido-em-setembro-benfica-pode-exigir-demissoes-na-direcao\/#primaryimage"},"image":{"@id":"https:\/\/portaltela.pt\/noticias\/2026\/04\/08\/caso-mourinho-seja-despedido-em-setembro-benfica-pode-exigir-demissoes-na-direcao\/#primaryimage"},"thumbnailUrl":"https:\/\/portaltela.pt\/s.01k8rhncp4jt1\/2026\/04\/img_1200x721uu2026-04-08-20-57-39-2431867.jpg","datePublished":"2026-04-08T20:03:08+00:00","author":{"@id":"https:\/\/portaltela.pt\/#\/schema\/person\/c4278d4a6028830caff9ee44b42d32ed"},"breadcrumb":{"@id":"https:\/\/portaltela.pt\/noticias\/2026\/04\/08\/caso-mourinho-seja-despedido-em-setembro-benfica-pode-exigir-demissoes-na-direcao\/#breadcrumb"},"inLanguage":"pt-PT","potentialAction":[{"@type":"ReadAction","target":["https:\/\/portaltela.pt\/noticias\/2026\/04\/08\/caso-mourinho-seja-despedido-em-setembro-benfica-pode-exigir-demissoes-na-direcao\/"]}]},{"@type":"ImageObject","inLanguage":"pt-PT","@id":"https:\/\/portaltela.pt\/noticias\/2026\/04\/08\/caso-mourinho-seja-despedido-em-setembro-benfica-pode-exigir-demissoes-na-direcao\/#primaryimage","url":"https:\/\/portaltela.pt\/s.01k8rhncp4jt1\/2026\/04\/img_1200x721uu2026-04-08-20-57-39-2431867.jpg","contentUrl":"https:\/\/portaltela.pt\/s.01k8rhncp4jt1\/2026\/04\/img_1200x721uu2026-04-08-20-57-39-2431867.jpg","width":796,"height":448,"caption":"Photo"},{"@type":"BreadcrumbList","@id":"https:\/\/portaltela.pt\/noticias\/2026\/04\/08\/caso-mourinho-seja-despedido-em-setembro-benfica-pode-exigir-demissoes-na-direcao\/#breadcrumb","itemListElement":[{"@type":"ListItem","position":1,"name":"In\u00edcio","item":"https:\/\/portaltela.pt\/"},{"@type":"ListItem","position":2,"name":"Caso Mourinho seja despedido em setembro, Benfica pode exigir demiss\u00f5es na dire\u00e7\u00e3o"}]},{"@type":"WebSite","@id":"https:\/\/portaltela.pt\/#website","url":"https:\/\/portaltela.pt\/","name":"Portal Tela Portugal","description":"","potentialAction":[{"@type":"SearchAction","target":{"@type":"EntryPoint","urlTemplate":"https:\/\/portaltela.pt\/?s={search_term_string}"},"query-input":{"@type":"PropertyValueSpecification","valueRequired":true,"valueName":"search_term_string"}}],"inLanguage":"pt-PT"},{"@type":"Person","@id":"https:\/\/portaltela.pt\/#\/schema\/person\/c4278d4a6028830caff9ee44b42d32ed","name":"Telinha","image":{"@type":"ImageObject","inLanguage":"pt-PT","@id":"https:\/\/portaltela.pt\/s.01k8rhncp4jt1\/2025\/11\/talking-bot-125x125.png","url":"https:\/\/portaltela.pt\/s.01k8rhncp4jt1\/2025\/11\/talking-bot-125x125.png","contentUrl":"https:\/\/portaltela.pt\/s.01k8rhncp4jt1\/2025\/11\/talking-bot-125x125.png","caption":"Telinha"},"sameAs":["https:\/\/portaltela.pt\/"],"url":"https:\/\/portaltela.pt\/por\/367410592786\/"}]}},"_links":{"self":[{"href":"https:\/\/portaltela.pt\/api\/wp\/v2\/posts\/437211","targetHints":{"allow":["GET"]}}],"collection":[{"href":"https:\/\/portaltela.pt\/api\/wp\/v2\/posts"}],"about":[{"href":"https:\/\/portaltela.pt\/api\/wp\/v2\/types\/post"}],"author":[{"embeddable":true,"href":"https:\/\/portaltela.pt\/api\/wp\/v2\/users\/2"}],"replies":[{"embeddable":true,"href":"https:\/\/portaltela.pt\/api\/wp\/v2\/comments?post=437211"}],"version-history":[{"count":0,"href":"https:\/\/portaltela.pt\/api\/wp\/v2\/posts\/437211\/revisions"}],"wp:featuredmedia":[{"embeddable":true,"href":"https:\/\/portaltela.pt\/api\/wp\/v2\/media\/437214"}],"wp:attachment":[{"href":"https:\/\/portaltela.pt\/api\/wp\/v2\/media?parent=437211"}],"wp:term":[{"taxonomy":"category","embeddable":true,"href":"https:\/\/portaltela.pt\/api\/wp\/v2\/categories?post=437211"},{"taxonomy":"post_tag","embeddable":true,"href":"https:\/\/portaltela.pt\/api\/wp\/v2\/tags?post=437211"}],"curies":[{"name":"wp","href":"https:\/\/api.w.org\/{rel}","templated":true}]}}