{"id":437165,"date":"2026-04-08T16:32:11","date_gmt":"2026-04-08T19:32:11","guid":{"rendered":"https:\/\/portaltela.pt\/noticias\/2026\/04\/08\/autoridades-turcas-detem-198-apos-ataque-ao-consulado-israelita\/"},"modified":"2026-04-08T16:32:11","modified_gmt":"2026-04-08T19:32:11","slug":"autoridades-turcas-detem-198-apos-ataque-ao-consulado-israelita","status":"publish","type":"post","link":"https:\/\/portaltela.pt\/conflitos\/2026\/04\/08\/autoridades-turcas-detem-198-apos-ataque-ao-consulado-israelita\/","title":{"rendered":"Autoridades turcas det\u00eam 198 ap\u00f3s ataque ao consulado israelita"},"content":{"rendered":"<p>As autoridades turcas anunciaram a deten\u00e7\u00e3o de 198 pessoas no seguimento de um ataque ao consulado israelita, ocorrido recentemente no territ\u00f3rio turco. A a\u00e7\u00e3o policial visa esclarecer responsabilidades e tentar identificar eventuais suspeitos ligados ao incidente.<\/p>\n<p>For\u00e7as de seguran\u00e7a envolvidas na opera\u00e7\u00e3o n\u00e3o divulgaram, at\u00e9 ao momento, detalhes sobre as identidades dos detidos ou os motivos que poder\u00e3o ter motivado o ataque. As dilig\u00eancias devem, ainda, explicar a origem dos fatos e os indiv\u00edduos implicados.<\/p>\n<p>As deten\u00e7\u00f5es surgem no \u00e2mbito das investiga\u00e7\u00f5es em curso, com as autoridades a assegurar que os pr\u00f3ximos passos ser\u00e3o comunicados conforme houver novos elementos. A not\u00edcia original foi publicada pela ag\u00eancia Lusa; o conte\u00fado completo est\u00e1 dispon\u00edvel apenas para subscritores.<\/p>\n<p>Fonte: Lusa.<\/p>\n","protected":false},"excerpt":{"rendered":"<ul>\n<li>Autoridades na Turquia detiveram 198 pessoas ap\u00f3s o ataque ao consulado israelita.<\/li>\n<li>As deten\u00e7\u00f5es foram efetuadas no \u00e2mbito de investiga\u00e7\u00f5es em curso.<\/li>\n<li>O ataque aconteceu junto ao consulado de Israel na Turquia; o texto n\u00e3o fornece novos detalhes.<\/li>\n<li>O conte\u00fado completo da not\u00edcia est\u00e1 dispon\u00edvel apenas para subscritores.<\/li>\n<\/ul>\n","protected":false},"author":2,"featured_media":437173,"comment_status":"closed","ping_status":"closed","sticky":false,"template":"","format":"standard","meta":{"footnotes":""},"categories":[6790],"tags":[7343,5550,4139,3708,250,2126],"class_list":["post-437165","post","type-post","status-publish","format-standard","has-post-thumbnail","hentry","category-conflitos","tag-ataque","tag-crime-internacional","tag-detencao","tag-israel","tag-seguranca-publica","tag-turquia"],"yoast_head":"<!-- This site is optimized with the Yoast SEO plugin v27.2 - https:\/\/yoast.com\/product\/yoast-seo-wordpress\/ -->\n<title>Autoridades turcas det\u00eam 198 ap\u00f3s ataque ao consulado israelita - Portal Tela Portugal<\/title>\n<meta name=\"robots\" content=\"index, follow, max-snippet:-1, max-image-preview:large, max-video-preview:-1\" \/>\n<meta property=\"og:locale\" content=\"pt_PT\" \/>\n<meta property=\"og:type\" content=\"article\" \/>\n<meta property=\"og:title\" content=\"Autoridades turcas det\u00eam 198 ap\u00f3s ataque ao consulado israelita - Portal Tela Portugal\" \/>\n<meta property=\"og:description\" content=\"Autoridades na Turquia detiveram 198 pessoas ap\u00f3s o ataque ao consulado israelita. As deten\u00e7\u00f5es foram efetuadas no \u00e2mbito de investiga\u00e7\u00f5es em curso. O ataque aconteceu junto ao consulado de Israel na Turquia; o texto n\u00e3o fornece novos detalhes. O conte\u00fado completo da not\u00edcia est\u00e1 dispon\u00edvel apenas para subscritores.\" \/>\n<meta property=\"og:url\" content=\"https:\/\/portaltela.pt\/noticias\/2026\/04\/08\/autoridades-turcas-detem-198-apos-ataque-ao-consulado-israelita\/\" \/>\n<meta property=\"og:site_name\" content=\"Portal Tela Portugal\" \/>\n<meta property=\"article:published_time\" content=\"2026-04-08T19:32:11+00:00\" \/>\n<meta name=\"author\" content=\"Telinha\" \/>\n<meta name=\"twitter:card\" content=\"summary_large_image\" \/>\n<meta name=\"twitter:label1\" content=\"Escrito por\" \/>\n\t<meta name=\"twitter:data1\" content=\"Telinha\" \/>\n\t<meta name=\"twitter:label2\" content=\"Tempo estimado de leitura\" \/>\n\t<meta name=\"twitter:data2\" content=\"1 minuto\" \/>\n<script type=\"application\/ld+json\" class=\"yoast-schema-graph\">{\"@context\":\"https:\/\/schema.org\",\"@graph\":[{\"@type\":\"Article\",\"@id\":\"https:\/\/portaltela.pt\/noticias\/2026\/04\/08\/autoridades-turcas-detem-198-apos-ataque-ao-consulado-israelita\/#article\",\"isPartOf\":{\"@id\":\"https:\/\/portaltela.pt\/noticias\/2026\/04\/08\/autoridades-turcas-detem-198-apos-ataque-ao-consulado-israelita\/\"},\"author\":{\"name\":\"Telinha\",\"@id\":\"https:\/\/portaltela.pt\/#\/schema\/person\/c4278d4a6028830caff9ee44b42d32ed\"},\"headline\":\"Autoridades turcas det\u00eam 198 ap\u00f3s ataque ao consulado israelita\",\"datePublished\":\"2026-04-08T19:32:11+00:00\",\"mainEntityOfPage\":{\"@id\":\"https:\/\/portaltela.pt\/noticias\/2026\/04\/08\/autoridades-turcas-detem-198-apos-ataque-ao-consulado-israelita\/\"},\"wordCount\":144,\"image\":{\"@id\":\"https:\/\/portaltela.pt\/noticias\/2026\/04\/08\/autoridades-turcas-detem-198-apos-ataque-ao-consulado-israelita\/#primaryimage\"},\"thumbnailUrl\":\"https:\/\/portaltela.pt\/s.01k8rhncp4jt1\/2026\/04\/CACHE_780X1200_ANALOG_WATERMARKED_46887200_374228912192845.jpg\",\"keywords\":[\"ataque\",\"crime internacional\",\"deten\u00e7\u00e3o\",\"Israel\",\"seguran\u00e7a p\u00fablica\",\"Turquia\"],\"articleSection\":[\"Conflitos\"],\"inLanguage\":\"pt-PT\"},{\"@type\":\"WebPage\",\"@id\":\"https:\/\/portaltela.pt\/noticias\/2026\/04\/08\/autoridades-turcas-detem-198-apos-ataque-ao-consulado-israelita\/\",\"url\":\"https:\/\/portaltela.pt\/noticias\/2026\/04\/08\/autoridades-turcas-detem-198-apos-ataque-ao-consulado-israelita\/\",\"name\":\"Autoridades turcas det\u00eam 198 ap\u00f3s ataque ao consulado israelita - Portal Tela Portugal\",\"isPartOf\":{\"@id\":\"https:\/\/portaltela.pt\/#website\"},\"primaryImageOfPage\":{\"@id\":\"https:\/\/portaltela.pt\/noticias\/2026\/04\/08\/autoridades-turcas-detem-198-apos-ataque-ao-consulado-israelita\/#primaryimage\"},\"image\":{\"@id\":\"https:\/\/portaltela.pt\/noticias\/2026\/04\/08\/autoridades-turcas-detem-198-apos-ataque-ao-consulado-israelita\/#primaryimage\"},\"thumbnailUrl\":\"https:\/\/portaltela.pt\/s.01k8rhncp4jt1\/2026\/04\/CACHE_780X1200_ANALOG_WATERMARKED_46887200_374228912192845.jpg\",\"datePublished\":\"2026-04-08T19:32:11+00:00\",\"author\":{\"@id\":\"https:\/\/portaltela.pt\/#\/schema\/person\/c4278d4a6028830caff9ee44b42d32ed\"},\"breadcrumb\":{\"@id\":\"https:\/\/portaltela.pt\/noticias\/2026\/04\/08\/autoridades-turcas-detem-198-apos-ataque-ao-consulado-israelita\/#breadcrumb\"},\"inLanguage\":\"pt-PT\",\"potentialAction\":[{\"@type\":\"ReadAction\",\"target\":[\"https:\/\/portaltela.pt\/noticias\/2026\/04\/08\/autoridades-turcas-detem-198-apos-ataque-ao-consulado-israelita\/\"]}]},{\"@type\":\"ImageObject\",\"inLanguage\":\"pt-PT\",\"@id\":\"https:\/\/portaltela.pt\/noticias\/2026\/04\/08\/autoridades-turcas-detem-198-apos-ataque-ao-consulado-israelita\/#primaryimage\",\"url\":\"https:\/\/portaltela.pt\/s.01k8rhncp4jt1\/2026\/04\/CACHE_780X1200_ANALOG_WATERMARKED_46887200_374228912192845.jpg\",\"contentUrl\":\"https:\/\/portaltela.pt\/s.01k8rhncp4jt1\/2026\/04\/CACHE_780X1200_ANALOG_WATERMARKED_46887200_374228912192845.jpg\",\"width\":796,\"height\":448,\"caption\":\"Autoridades turcas fazem 198 deten\u00e7\u00f5es ap\u00f3s ataque a consulado israelita\"},{\"@type\":\"BreadcrumbList\",\"@id\":\"https:\/\/portaltela.pt\/noticias\/2026\/04\/08\/autoridades-turcas-detem-198-apos-ataque-ao-consulado-israelita\/#breadcrumb\",\"itemListElement\":[{\"@type\":\"ListItem\",\"position\":1,\"name\":\"In\u00edcio\",\"item\":\"https:\/\/portaltela.pt\/\"},{\"@type\":\"ListItem\",\"position\":2,\"name\":\"Autoridades turcas det\u00eam 198 ap\u00f3s ataque ao consulado israelita\"}]},{\"@type\":\"WebSite\",\"@id\":\"https:\/\/portaltela.pt\/#website\",\"url\":\"https:\/\/portaltela.pt\/\",\"name\":\"Portal Tela Portugal\",\"description\":\"\",\"potentialAction\":[{\"@type\":\"SearchAction\",\"target\":{\"@type\":\"EntryPoint\",\"urlTemplate\":\"https:\/\/portaltela.pt\/?s={search_term_string}\"},\"query-input\":{\"@type\":\"PropertyValueSpecification\",\"valueRequired\":true,\"valueName\":\"search_term_string\"}}],\"inLanguage\":\"pt-PT\"},{\"@type\":\"Person\",\"@id\":\"https:\/\/portaltela.pt\/#\/schema\/person\/c4278d4a6028830caff9ee44b42d32ed\",\"name\":\"Telinha\",\"image\":{\"@type\":\"ImageObject\",\"inLanguage\":\"pt-PT\",\"@id\":\"https:\/\/portaltela.pt\/s.01k8rhncp4jt1\/2025\/11\/talking-bot-125x125.png\",\"url\":\"https:\/\/portaltela.pt\/s.01k8rhncp4jt1\/2025\/11\/talking-bot-125x125.png\",\"contentUrl\":\"https:\/\/portaltela.pt\/s.01k8rhncp4jt1\/2025\/11\/talking-bot-125x125.png\",\"caption\":\"Telinha\"},\"sameAs\":[\"https:\/\/portaltela.pt\/\"],\"url\":\"https:\/\/portaltela.pt\/por\/367410592786\/\"}]}<\/script>\n<!-- \/ Yoast SEO plugin. -->","yoast_head_json":{"title":"Autoridades turcas det\u00eam 198 ap\u00f3s ataque ao consulado israelita - Portal Tela Portugal","robots":{"index":"index","follow":"follow","max-snippet":"max-snippet:-1","max-image-preview":"max-image-preview:large","max-video-preview":"max-video-preview:-1"},"og_locale":"pt_PT","og_type":"article","og_title":"Autoridades turcas det\u00eam 198 ap\u00f3s ataque ao consulado israelita - Portal Tela Portugal","og_description":"Autoridades na Turquia detiveram 198 pessoas ap\u00f3s o ataque ao consulado israelita. As deten\u00e7\u00f5es foram efetuadas no \u00e2mbito de investiga\u00e7\u00f5es em curso. O ataque aconteceu junto ao consulado de Israel na Turquia; o texto n\u00e3o fornece novos detalhes. O conte\u00fado completo da not\u00edcia est\u00e1 dispon\u00edvel apenas para subscritores.","og_url":"https:\/\/portaltela.pt\/noticias\/2026\/04\/08\/autoridades-turcas-detem-198-apos-ataque-ao-consulado-israelita\/","og_site_name":"Portal Tela Portugal","article_published_time":"2026-04-08T19:32:11+00:00","author":"Telinha","twitter_card":"summary_large_image","twitter_misc":{"Escrito por":"Telinha","Tempo estimado de leitura":"1 minuto"},"schema":{"@context":"https:\/\/schema.org","@graph":[{"@type":"Article","@id":"https:\/\/portaltela.pt\/noticias\/2026\/04\/08\/autoridades-turcas-detem-198-apos-ataque-ao-consulado-israelita\/#article","isPartOf":{"@id":"https:\/\/portaltela.pt\/noticias\/2026\/04\/08\/autoridades-turcas-detem-198-apos-ataque-ao-consulado-israelita\/"},"author":{"name":"Telinha","@id":"https:\/\/portaltela.pt\/#\/schema\/person\/c4278d4a6028830caff9ee44b42d32ed"},"headline":"Autoridades turcas det\u00eam 198 ap\u00f3s ataque ao consulado israelita","datePublished":"2026-04-08T19:32:11+00:00","mainEntityOfPage":{"@id":"https:\/\/portaltela.pt\/noticias\/2026\/04\/08\/autoridades-turcas-detem-198-apos-ataque-ao-consulado-israelita\/"},"wordCount":144,"image":{"@id":"https:\/\/portaltela.pt\/noticias\/2026\/04\/08\/autoridades-turcas-detem-198-apos-ataque-ao-consulado-israelita\/#primaryimage"},"thumbnailUrl":"https:\/\/portaltela.pt\/s.01k8rhncp4jt1\/2026\/04\/CACHE_780X1200_ANALOG_WATERMARKED_46887200_374228912192845.jpg","keywords":["ataque","crime internacional","deten\u00e7\u00e3o","Israel","seguran\u00e7a p\u00fablica","Turquia"],"articleSection":["Conflitos"],"inLanguage":"pt-PT"},{"@type":"WebPage","@id":"https:\/\/portaltela.pt\/noticias\/2026\/04\/08\/autoridades-turcas-detem-198-apos-ataque-ao-consulado-israelita\/","url":"https:\/\/portaltela.pt\/noticias\/2026\/04\/08\/autoridades-turcas-detem-198-apos-ataque-ao-consulado-israelita\/","name":"Autoridades turcas det\u00eam 198 ap\u00f3s ataque ao consulado israelita - Portal Tela Portugal","isPartOf":{"@id":"https:\/\/portaltela.pt\/#website"},"primaryImageOfPage":{"@id":"https:\/\/portaltela.pt\/noticias\/2026\/04\/08\/autoridades-turcas-detem-198-apos-ataque-ao-consulado-israelita\/#primaryimage"},"image":{"@id":"https:\/\/portaltela.pt\/noticias\/2026\/04\/08\/autoridades-turcas-detem-198-apos-ataque-ao-consulado-israelita\/#primaryimage"},"thumbnailUrl":"https:\/\/portaltela.pt\/s.01k8rhncp4jt1\/2026\/04\/CACHE_780X1200_ANALOG_WATERMARKED_46887200_374228912192845.jpg","datePublished":"2026-04-08T19:32:11+00:00","author":{"@id":"https:\/\/portaltela.pt\/#\/schema\/person\/c4278d4a6028830caff9ee44b42d32ed"},"breadcrumb":{"@id":"https:\/\/portaltela.pt\/noticias\/2026\/04\/08\/autoridades-turcas-detem-198-apos-ataque-ao-consulado-israelita\/#breadcrumb"},"inLanguage":"pt-PT","potentialAction":[{"@type":"ReadAction","target":["https:\/\/portaltela.pt\/noticias\/2026\/04\/08\/autoridades-turcas-detem-198-apos-ataque-ao-consulado-israelita\/"]}]},{"@type":"ImageObject","inLanguage":"pt-PT","@id":"https:\/\/portaltela.pt\/noticias\/2026\/04\/08\/autoridades-turcas-detem-198-apos-ataque-ao-consulado-israelita\/#primaryimage","url":"https:\/\/portaltela.pt\/s.01k8rhncp4jt1\/2026\/04\/CACHE_780X1200_ANALOG_WATERMARKED_46887200_374228912192845.jpg","contentUrl":"https:\/\/portaltela.pt\/s.01k8rhncp4jt1\/2026\/04\/CACHE_780X1200_ANALOG_WATERMARKED_46887200_374228912192845.jpg","width":796,"height":448,"caption":"Autoridades turcas fazem 198 deten\u00e7\u00f5es ap\u00f3s ataque a consulado israelita"},{"@type":"BreadcrumbList","@id":"https:\/\/portaltela.pt\/noticias\/2026\/04\/08\/autoridades-turcas-detem-198-apos-ataque-ao-consulado-israelita\/#breadcrumb","itemListElement":[{"@type":"ListItem","position":1,"name":"In\u00edcio","item":"https:\/\/portaltela.pt\/"},{"@type":"ListItem","position":2,"name":"Autoridades turcas det\u00eam 198 ap\u00f3s ataque ao consulado israelita"}]},{"@type":"WebSite","@id":"https:\/\/portaltela.pt\/#website","url":"https:\/\/portaltela.pt\/","name":"Portal Tela Portugal","description":"","potentialAction":[{"@type":"SearchAction","target":{"@type":"EntryPoint","urlTemplate":"https:\/\/portaltela.pt\/?s={search_term_string}"},"query-input":{"@type":"PropertyValueSpecification","valueRequired":true,"valueName":"search_term_string"}}],"inLanguage":"pt-PT"},{"@type":"Person","@id":"https:\/\/portaltela.pt\/#\/schema\/person\/c4278d4a6028830caff9ee44b42d32ed","name":"Telinha","image":{"@type":"ImageObject","inLanguage":"pt-PT","@id":"https:\/\/portaltela.pt\/s.01k8rhncp4jt1\/2025\/11\/talking-bot-125x125.png","url":"https:\/\/portaltela.pt\/s.01k8rhncp4jt1\/2025\/11\/talking-bot-125x125.png","contentUrl":"https:\/\/portaltela.pt\/s.01k8rhncp4jt1\/2025\/11\/talking-bot-125x125.png","caption":"Telinha"},"sameAs":["https:\/\/portaltela.pt\/"],"url":"https:\/\/portaltela.pt\/por\/367410592786\/"}]}},"_links":{"self":[{"href":"https:\/\/portaltela.pt\/api\/wp\/v2\/posts\/437165","targetHints":{"allow":["GET"]}}],"collection":[{"href":"https:\/\/portaltela.pt\/api\/wp\/v2\/posts"}],"about":[{"href":"https:\/\/portaltela.pt\/api\/wp\/v2\/types\/post"}],"author":[{"embeddable":true,"href":"https:\/\/portaltela.pt\/api\/wp\/v2\/users\/2"}],"replies":[{"embeddable":true,"href":"https:\/\/portaltela.pt\/api\/wp\/v2\/comments?post=437165"}],"version-history":[{"count":0,"href":"https:\/\/portaltela.pt\/api\/wp\/v2\/posts\/437165\/revisions"}],"wp:featuredmedia":[{"embeddable":true,"href":"https:\/\/portaltela.pt\/api\/wp\/v2\/media\/437173"}],"wp:attachment":[{"href":"https:\/\/portaltela.pt\/api\/wp\/v2\/media?parent=437165"}],"wp:term":[{"taxonomy":"category","embeddable":true,"href":"https:\/\/portaltela.pt\/api\/wp\/v2\/categories?post=437165"},{"taxonomy":"post_tag","embeddable":true,"href":"https:\/\/portaltela.pt\/api\/wp\/v2\/tags?post=437165"}],"curies":[{"name":"wp","href":"https:\/\/api.w.org\/{rel}","templated":true}]}}