{"id":437127,"date":"2026-04-08T15:47:33","date_gmt":"2026-04-08T18:47:33","guid":{"rendered":"https:\/\/portaltela.pt\/noticias\/2026\/04\/08\/fragata-portuguesa-parte-para-vigiar-os-russos-no-baltico\/"},"modified":"2026-04-08T15:47:33","modified_gmt":"2026-04-08T18:47:33","slug":"fragata-portuguesa-parte-para-vigiar-os-russos-no-baltico","status":"publish","type":"post","link":"https:\/\/portaltela.pt\/internacionais\/2026\/04\/08\/fragata-portuguesa-parte-para-vigiar-os-russos-no-baltico\/","title":{"rendered":"Fragata portuguesa parte para vigiar os russos no B\u00e1ltico"},"content":{"rendered":"<p>A fragata D. Francisco de Almeida, da Marinha Portuguesa, partiu na quarta-feira para uma miss\u00e3o da NATO no mar B\u00e1ltico, com a monitoriza\u00e7\u00e3o de navios e avi\u00f5es da R\u00fassia, incluindo a chamada frota fantasma. A partida ocorreu na Base Naval de Lisboa, em Almada.<\/p>\n<p>A cerim\u00f3nia de despedida foi presidida pelo Chefe do Estado-Maior da Armada, almirante Jorge Nobre de Sousa, e contou com o Comandante Naval, vice-almirante Jos\u00e9 Salvado de Figueiredo, e com o subchefe do Estado-Mor do Comando Conjunto para as Opera\u00e7\u00f5es Militares, brigadeiro-general Jo\u00e3o Ribeiro Conde.<\/p>\n<p>A opera\u00e7\u00e3o Brilliant Shield ter\u00e1 a D. Francisco de Almeida integrada em dois per\u00edodos: 8 de abril a 2 de junho, e 8 de setembro a 20 de outubro, no \u00e2mbito do Standing NATO Maritime Group One (SNMG1). A miss\u00e3o visa contribuir para a dissuas\u00e3o e refor\u00e7ar meios nos espa\u00e7os mar\u00edtimos da Alian\u00e7a.<\/p>\n<p>A fragata \u00e9 comandada pelo capit\u00e3o-de-fragata Nuno Figueiredo Agreiro e conta com uma guarni\u00e7\u00e3o de 165 militares, segundo a Marinha Portuguesa.<\/p>\n","protected":false},"excerpt":{"rendered":"<ul>\n<li>A fragata D. Francisco de Almeida partiu de Lisboa para uma miss\u00e3o da NATO no mar B\u00e1ltico, com monitoriza\u00e7\u00e3o de navios e avi\u00f5es russos.<\/li>\n<li>A opera\u00e7\u00e3o Brilliant Shield integra o Standing NATO Maritime Group One (SNMG1) e decorre em dois per\u00edodos este ano: de 8 de abril a 2 de junho e entre 8 de setembro e 20 de outubro.<\/li>\n<li>O acto de partida realizou-se na Base Naval de Lisboa, com o Chefe do Estado-Maior da Armada, almirante Jorge Nobre de Sousa, a presidir.<\/li>\n<li>O objetivo \u00e9 refor\u00e7ar a dissuas\u00e3o e o refor\u00e7o de meios nos espa\u00e7os mar\u00edtimos relevantes da Alian\u00e7a Atl\u00e2ntica.<\/li>\n<li>A guarni\u00e7\u00e3o \u00e9 de 165 militares, comandada pelo capit\u00e3o-de-fragata Nuno Figueiredo Agreiro.<\/li>\n<\/ul>\n","protected":false},"author":2,"featured_media":437130,"comment_status":"closed","ping_status":"closed","sticky":false,"template":"","format":"standard","meta":{"footnotes":""},"categories":[6790,6912],"tags":[5618,256,2336,6169,1779,1014],"class_list":["post-437127","post","type-post","status-publish","format-standard","has-post-thumbnail","hentry","category-conflitos","category-internacionais","tag-a-marinha","tag-cooperacao-internacional","tag-defesa-nacional","tag-forca-aerea-portuguesa","tag-forcas-armadas","tag-portugal"],"yoast_head":"<!-- This site is optimized with the Yoast SEO plugin v27.2 - https:\/\/yoast.com\/product\/yoast-seo-wordpress\/ -->\n<title>Fragata portuguesa parte para vigiar os russos no B\u00e1ltico - Portal Tela Portugal<\/title>\n<meta name=\"robots\" content=\"index, follow, max-snippet:-1, max-image-preview:large, max-video-preview:-1\" \/>\n<meta property=\"og:locale\" content=\"pt_PT\" \/>\n<meta property=\"og:type\" content=\"article\" \/>\n<meta property=\"og:title\" content=\"Fragata portuguesa parte para vigiar os russos no B\u00e1ltico - Portal Tela Portugal\" \/>\n<meta property=\"og:description\" content=\"A fragata D. Francisco de Almeida partiu de Lisboa para uma miss\u00e3o da NATO no mar B\u00e1ltico, com monitoriza\u00e7\u00e3o de navios e avi\u00f5es russos. A opera\u00e7\u00e3o Brilliant Shield integra o Standing NATO Maritime Group One (SNMG1) e decorre em dois per\u00edodos este ano: de 8 de abril a 2 de junho e entre 8 de setembro e 20 de outubro. O acto de partida realizou-se na Base Naval de Lisboa, com o Chefe do Estado-Maior da Armada, almirante Jorge Nobre de Sousa, a presidir. O objetivo \u00e9 refor\u00e7ar a dissuas\u00e3o e o refor\u00e7o de meios nos espa\u00e7os mar\u00edtimos relevantes da Alian\u00e7a Atl\u00e2ntica. A guarni\u00e7\u00e3o \u00e9 de 165 militares, comandada pelo capit\u00e3o-de-fragata Nuno Figueiredo Agreiro.\" \/>\n<meta property=\"og:url\" content=\"https:\/\/portaltela.pt\/noticias\/2026\/04\/08\/fragata-portuguesa-parte-para-vigiar-os-russos-no-baltico\/\" \/>\n<meta property=\"og:site_name\" content=\"Portal Tela Portugal\" \/>\n<meta property=\"article:published_time\" content=\"2026-04-08T18:47:33+00:00\" \/>\n<meta name=\"author\" content=\"Telinha\" \/>\n<meta name=\"twitter:card\" content=\"summary_large_image\" \/>\n<meta name=\"twitter:label1\" content=\"Escrito por\" \/>\n\t<meta name=\"twitter:data1\" content=\"Telinha\" \/>\n\t<meta name=\"twitter:label2\" content=\"Tempo estimado de leitura\" \/>\n\t<meta name=\"twitter:data2\" content=\"1 minuto\" \/>\n<script type=\"application\/ld+json\" class=\"yoast-schema-graph\">{\"@context\":\"https:\/\/schema.org\",\"@graph\":[{\"@type\":\"Article\",\"@id\":\"https:\/\/portaltela.pt\/noticias\/2026\/04\/08\/fragata-portuguesa-parte-para-vigiar-os-russos-no-baltico\/#article\",\"isPartOf\":{\"@id\":\"https:\/\/portaltela.pt\/noticias\/2026\/04\/08\/fragata-portuguesa-parte-para-vigiar-os-russos-no-baltico\/\"},\"author\":{\"name\":\"Telinha\",\"@id\":\"https:\/\/portaltela.pt\/#\/schema\/person\/c4278d4a6028830caff9ee44b42d32ed\"},\"headline\":\"Fragata portuguesa parte para vigiar os russos no B\u00e1ltico\",\"datePublished\":\"2026-04-08T18:47:33+00:00\",\"mainEntityOfPage\":{\"@id\":\"https:\/\/portaltela.pt\/noticias\/2026\/04\/08\/fragata-portuguesa-parte-para-vigiar-os-russos-no-baltico\/\"},\"wordCount\":185,\"image\":{\"@id\":\"https:\/\/portaltela.pt\/noticias\/2026\/04\/08\/fragata-portuguesa-parte-para-vigiar-os-russos-no-baltico\/#primaryimage\"},\"thumbnailUrl\":\"https:\/\/portaltela.pt\/s.01k8rhncp4jt1\/2026\/04\/img_1280x721uu2026-04-08-19-34-33-2277367.jpg\",\"keywords\":[\"A Marinha\",\"coopera\u00e7\u00e3o internacional\",\"Defesa Nacional\",\"For\u00e7a A\u00e9rea Portuguesa\",\"For\u00e7as Armadas\",\"Portugal\"],\"articleSection\":[\"Conflitos\",\"Internacionais\"],\"inLanguage\":\"pt-PT\"},{\"@type\":\"WebPage\",\"@id\":\"https:\/\/portaltela.pt\/noticias\/2026\/04\/08\/fragata-portuguesa-parte-para-vigiar-os-russos-no-baltico\/\",\"url\":\"https:\/\/portaltela.pt\/noticias\/2026\/04\/08\/fragata-portuguesa-parte-para-vigiar-os-russos-no-baltico\/\",\"name\":\"Fragata portuguesa parte para vigiar os russos no B\u00e1ltico - Portal Tela Portugal\",\"isPartOf\":{\"@id\":\"https:\/\/portaltela.pt\/#website\"},\"primaryImageOfPage\":{\"@id\":\"https:\/\/portaltela.pt\/noticias\/2026\/04\/08\/fragata-portuguesa-parte-para-vigiar-os-russos-no-baltico\/#primaryimage\"},\"image\":{\"@id\":\"https:\/\/portaltela.pt\/noticias\/2026\/04\/08\/fragata-portuguesa-parte-para-vigiar-os-russos-no-baltico\/#primaryimage\"},\"thumbnailUrl\":\"https:\/\/portaltela.pt\/s.01k8rhncp4jt1\/2026\/04\/img_1280x721uu2026-04-08-19-34-33-2277367.jpg\",\"datePublished\":\"2026-04-08T18:47:33+00:00\",\"author\":{\"@id\":\"https:\/\/portaltela.pt\/#\/schema\/person\/c4278d4a6028830caff9ee44b42d32ed\"},\"breadcrumb\":{\"@id\":\"https:\/\/portaltela.pt\/noticias\/2026\/04\/08\/fragata-portuguesa-parte-para-vigiar-os-russos-no-baltico\/#breadcrumb\"},\"inLanguage\":\"pt-PT\",\"potentialAction\":[{\"@type\":\"ReadAction\",\"target\":[\"https:\/\/portaltela.pt\/noticias\/2026\/04\/08\/fragata-portuguesa-parte-para-vigiar-os-russos-no-baltico\/\"]}]},{\"@type\":\"ImageObject\",\"inLanguage\":\"pt-PT\",\"@id\":\"https:\/\/portaltela.pt\/noticias\/2026\/04\/08\/fragata-portuguesa-parte-para-vigiar-os-russos-no-baltico\/#primaryimage\",\"url\":\"https:\/\/portaltela.pt\/s.01k8rhncp4jt1\/2026\/04\/img_1280x721uu2026-04-08-19-34-33-2277367.jpg\",\"contentUrl\":\"https:\/\/portaltela.pt\/s.01k8rhncp4jt1\/2026\/04\/img_1280x721uu2026-04-08-19-34-33-2277367.jpg\",\"width\":796,\"height\":448,\"caption\":\"A guarni\u00e3o de 165 elementos\"},{\"@type\":\"BreadcrumbList\",\"@id\":\"https:\/\/portaltela.pt\/noticias\/2026\/04\/08\/fragata-portuguesa-parte-para-vigiar-os-russos-no-baltico\/#breadcrumb\",\"itemListElement\":[{\"@type\":\"ListItem\",\"position\":1,\"name\":\"In\u00edcio\",\"item\":\"https:\/\/portaltela.pt\/\"},{\"@type\":\"ListItem\",\"position\":2,\"name\":\"Fragata portuguesa parte para vigiar os russos no B\u00e1ltico\"}]},{\"@type\":\"WebSite\",\"@id\":\"https:\/\/portaltela.pt\/#website\",\"url\":\"https:\/\/portaltela.pt\/\",\"name\":\"Portal Tela Portugal\",\"description\":\"\",\"potentialAction\":[{\"@type\":\"SearchAction\",\"target\":{\"@type\":\"EntryPoint\",\"urlTemplate\":\"https:\/\/portaltela.pt\/?s={search_term_string}\"},\"query-input\":{\"@type\":\"PropertyValueSpecification\",\"valueRequired\":true,\"valueName\":\"search_term_string\"}}],\"inLanguage\":\"pt-PT\"},{\"@type\":\"Person\",\"@id\":\"https:\/\/portaltela.pt\/#\/schema\/person\/c4278d4a6028830caff9ee44b42d32ed\",\"name\":\"Telinha\",\"image\":{\"@type\":\"ImageObject\",\"inLanguage\":\"pt-PT\",\"@id\":\"https:\/\/portaltela.pt\/s.01k8rhncp4jt1\/2025\/11\/talking-bot-125x125.png\",\"url\":\"https:\/\/portaltela.pt\/s.01k8rhncp4jt1\/2025\/11\/talking-bot-125x125.png\",\"contentUrl\":\"https:\/\/portaltela.pt\/s.01k8rhncp4jt1\/2025\/11\/talking-bot-125x125.png\",\"caption\":\"Telinha\"},\"sameAs\":[\"https:\/\/portaltela.pt\/\"],\"url\":\"https:\/\/portaltela.pt\/por\/367410592786\/\"}]}<\/script>\n<!-- \/ Yoast SEO plugin. -->","yoast_head_json":{"title":"Fragata portuguesa parte para vigiar os russos no B\u00e1ltico - Portal Tela Portugal","robots":{"index":"index","follow":"follow","max-snippet":"max-snippet:-1","max-image-preview":"max-image-preview:large","max-video-preview":"max-video-preview:-1"},"og_locale":"pt_PT","og_type":"article","og_title":"Fragata portuguesa parte para vigiar os russos no B\u00e1ltico - Portal Tela Portugal","og_description":"A fragata D. Francisco de Almeida partiu de Lisboa para uma miss\u00e3o da NATO no mar B\u00e1ltico, com monitoriza\u00e7\u00e3o de navios e avi\u00f5es russos. A opera\u00e7\u00e3o Brilliant Shield integra o Standing NATO Maritime Group One (SNMG1) e decorre em dois per\u00edodos este ano: de 8 de abril a 2 de junho e entre 8 de setembro e 20 de outubro. O acto de partida realizou-se na Base Naval de Lisboa, com o Chefe do Estado-Maior da Armada, almirante Jorge Nobre de Sousa, a presidir. O objetivo \u00e9 refor\u00e7ar a dissuas\u00e3o e o refor\u00e7o de meios nos espa\u00e7os mar\u00edtimos relevantes da Alian\u00e7a Atl\u00e2ntica. A guarni\u00e7\u00e3o \u00e9 de 165 militares, comandada pelo capit\u00e3o-de-fragata Nuno Figueiredo Agreiro.","og_url":"https:\/\/portaltela.pt\/noticias\/2026\/04\/08\/fragata-portuguesa-parte-para-vigiar-os-russos-no-baltico\/","og_site_name":"Portal Tela Portugal","article_published_time":"2026-04-08T18:47:33+00:00","author":"Telinha","twitter_card":"summary_large_image","twitter_misc":{"Escrito por":"Telinha","Tempo estimado de leitura":"1 minuto"},"schema":{"@context":"https:\/\/schema.org","@graph":[{"@type":"Article","@id":"https:\/\/portaltela.pt\/noticias\/2026\/04\/08\/fragata-portuguesa-parte-para-vigiar-os-russos-no-baltico\/#article","isPartOf":{"@id":"https:\/\/portaltela.pt\/noticias\/2026\/04\/08\/fragata-portuguesa-parte-para-vigiar-os-russos-no-baltico\/"},"author":{"name":"Telinha","@id":"https:\/\/portaltela.pt\/#\/schema\/person\/c4278d4a6028830caff9ee44b42d32ed"},"headline":"Fragata portuguesa parte para vigiar os russos no B\u00e1ltico","datePublished":"2026-04-08T18:47:33+00:00","mainEntityOfPage":{"@id":"https:\/\/portaltela.pt\/noticias\/2026\/04\/08\/fragata-portuguesa-parte-para-vigiar-os-russos-no-baltico\/"},"wordCount":185,"image":{"@id":"https:\/\/portaltela.pt\/noticias\/2026\/04\/08\/fragata-portuguesa-parte-para-vigiar-os-russos-no-baltico\/#primaryimage"},"thumbnailUrl":"https:\/\/portaltela.pt\/s.01k8rhncp4jt1\/2026\/04\/img_1280x721uu2026-04-08-19-34-33-2277367.jpg","keywords":["A Marinha","coopera\u00e7\u00e3o internacional","Defesa Nacional","For\u00e7a A\u00e9rea Portuguesa","For\u00e7as Armadas","Portugal"],"articleSection":["Conflitos","Internacionais"],"inLanguage":"pt-PT"},{"@type":"WebPage","@id":"https:\/\/portaltela.pt\/noticias\/2026\/04\/08\/fragata-portuguesa-parte-para-vigiar-os-russos-no-baltico\/","url":"https:\/\/portaltela.pt\/noticias\/2026\/04\/08\/fragata-portuguesa-parte-para-vigiar-os-russos-no-baltico\/","name":"Fragata portuguesa parte para vigiar os russos no B\u00e1ltico - Portal Tela Portugal","isPartOf":{"@id":"https:\/\/portaltela.pt\/#website"},"primaryImageOfPage":{"@id":"https:\/\/portaltela.pt\/noticias\/2026\/04\/08\/fragata-portuguesa-parte-para-vigiar-os-russos-no-baltico\/#primaryimage"},"image":{"@id":"https:\/\/portaltela.pt\/noticias\/2026\/04\/08\/fragata-portuguesa-parte-para-vigiar-os-russos-no-baltico\/#primaryimage"},"thumbnailUrl":"https:\/\/portaltela.pt\/s.01k8rhncp4jt1\/2026\/04\/img_1280x721uu2026-04-08-19-34-33-2277367.jpg","datePublished":"2026-04-08T18:47:33+00:00","author":{"@id":"https:\/\/portaltela.pt\/#\/schema\/person\/c4278d4a6028830caff9ee44b42d32ed"},"breadcrumb":{"@id":"https:\/\/portaltela.pt\/noticias\/2026\/04\/08\/fragata-portuguesa-parte-para-vigiar-os-russos-no-baltico\/#breadcrumb"},"inLanguage":"pt-PT","potentialAction":[{"@type":"ReadAction","target":["https:\/\/portaltela.pt\/noticias\/2026\/04\/08\/fragata-portuguesa-parte-para-vigiar-os-russos-no-baltico\/"]}]},{"@type":"ImageObject","inLanguage":"pt-PT","@id":"https:\/\/portaltela.pt\/noticias\/2026\/04\/08\/fragata-portuguesa-parte-para-vigiar-os-russos-no-baltico\/#primaryimage","url":"https:\/\/portaltela.pt\/s.01k8rhncp4jt1\/2026\/04\/img_1280x721uu2026-04-08-19-34-33-2277367.jpg","contentUrl":"https:\/\/portaltela.pt\/s.01k8rhncp4jt1\/2026\/04\/img_1280x721uu2026-04-08-19-34-33-2277367.jpg","width":796,"height":448,"caption":"A guarni\u00e3o de 165 elementos"},{"@type":"BreadcrumbList","@id":"https:\/\/portaltela.pt\/noticias\/2026\/04\/08\/fragata-portuguesa-parte-para-vigiar-os-russos-no-baltico\/#breadcrumb","itemListElement":[{"@type":"ListItem","position":1,"name":"In\u00edcio","item":"https:\/\/portaltela.pt\/"},{"@type":"ListItem","position":2,"name":"Fragata portuguesa parte para vigiar os russos no B\u00e1ltico"}]},{"@type":"WebSite","@id":"https:\/\/portaltela.pt\/#website","url":"https:\/\/portaltela.pt\/","name":"Portal Tela Portugal","description":"","potentialAction":[{"@type":"SearchAction","target":{"@type":"EntryPoint","urlTemplate":"https:\/\/portaltela.pt\/?s={search_term_string}"},"query-input":{"@type":"PropertyValueSpecification","valueRequired":true,"valueName":"search_term_string"}}],"inLanguage":"pt-PT"},{"@type":"Person","@id":"https:\/\/portaltela.pt\/#\/schema\/person\/c4278d4a6028830caff9ee44b42d32ed","name":"Telinha","image":{"@type":"ImageObject","inLanguage":"pt-PT","@id":"https:\/\/portaltela.pt\/s.01k8rhncp4jt1\/2025\/11\/talking-bot-125x125.png","url":"https:\/\/portaltela.pt\/s.01k8rhncp4jt1\/2025\/11\/talking-bot-125x125.png","contentUrl":"https:\/\/portaltela.pt\/s.01k8rhncp4jt1\/2025\/11\/talking-bot-125x125.png","caption":"Telinha"},"sameAs":["https:\/\/portaltela.pt\/"],"url":"https:\/\/portaltela.pt\/por\/367410592786\/"}]}},"_links":{"self":[{"href":"https:\/\/portaltela.pt\/api\/wp\/v2\/posts\/437127","targetHints":{"allow":["GET"]}}],"collection":[{"href":"https:\/\/portaltela.pt\/api\/wp\/v2\/posts"}],"about":[{"href":"https:\/\/portaltela.pt\/api\/wp\/v2\/types\/post"}],"author":[{"embeddable":true,"href":"https:\/\/portaltela.pt\/api\/wp\/v2\/users\/2"}],"replies":[{"embeddable":true,"href":"https:\/\/portaltela.pt\/api\/wp\/v2\/comments?post=437127"}],"version-history":[{"count":0,"href":"https:\/\/portaltela.pt\/api\/wp\/v2\/posts\/437127\/revisions"}],"wp:featuredmedia":[{"embeddable":true,"href":"https:\/\/portaltela.pt\/api\/wp\/v2\/media\/437130"}],"wp:attachment":[{"href":"https:\/\/portaltela.pt\/api\/wp\/v2\/media?parent=437127"}],"wp:term":[{"taxonomy":"category","embeddable":true,"href":"https:\/\/portaltela.pt\/api\/wp\/v2\/categories?post=437127"},{"taxonomy":"post_tag","embeddable":true,"href":"https:\/\/portaltela.pt\/api\/wp\/v2\/tags?post=437127"}],"curies":[{"name":"wp","href":"https:\/\/api.w.org\/{rel}","templated":true}]}}