{"id":437102,"date":"2026-04-08T15:33:19","date_gmt":"2026-04-08T18:33:19","guid":{"rendered":"https:\/\/portaltela.pt\/noticias\/2026\/04\/08\/f-16-da-forca-aerea-acionados-para-identificar-aviao-russo-no-norte-da-europa\/"},"modified":"2026-04-08T15:33:19","modified_gmt":"2026-04-08T18:33:19","slug":"f-16-da-forca-aerea-acionados-para-identificar-aviao-russo-no-norte-da-europa","status":"publish","type":"post","link":"https:\/\/portaltela.pt\/noticias\/internacional\/2026\/04\/08\/f-16-da-forca-aerea-acionados-para-identificar-aviao-russo-no-norte-da-europa\/","title":{"rendered":"F-16 da For\u00e7a A\u00e9rea acionados para identificar avi\u00e3o russo no norte da Europa"},"content":{"rendered":"<p>Um avi\u00e3o de transporte russo aproximou-se do espa\u00e7o a\u00e9reo da NATO no norte da Europa. F-16 da For\u00e7a A\u00e9rea Portuguesa foram acionados para interce\u00e7\u00e3o e identifica\u00e7\u00e3o visual, em territ\u00f3rio pr\u00f3ximo \u00e0 miss\u00e3o da Alian\u00e7a.<\/p>\n<p>O aparato Ilyushin Il-76, c\u00f3digo \u201cCandid\u201d, aproximou-se do espa\u00e7o a\u00e9reo da NATO na regi\u00e3o do B\u00e1ltico, levando \u00e0 descolagem imediata dos ca\u00e7as F-16. A opera\u00e7\u00e3o ocorreu a partir da base de \u00c4mari, na Est\u00f3nia.<\/p>\n<p>Os F-16, destacados pela NATO Enhanced Air Policing, operam desde \u00c4mari para monitorizar a aproxima\u00e7\u00e3o de aeronaves sem comunica\u00e7\u00e3o pr\u00e9via. N\u00e3o houve viola\u00e7\u00e3o do espa\u00e7o a\u00e9reo da alian\u00e7a durante o trajeto.<\/p>\n<h3>Interce\u00e7\u00e3o no B\u00e1ltico<\/h3>\n<p>O Il-76 foi acompanhado ao longo do seu trajeto pelos militares portugueses, que executaram identifica\u00e7\u00e3o visual conforme os padr\u00f5es da miss\u00e3o. Este tipo de a\u00e7\u00e3o \u00e9 comum quando h\u00e1 aproxima\u00e7\u00e3o de aeronaves n\u00e3o autorizadas.<\/p>\n","protected":false},"excerpt":{"rendered":"<ul>\n<li>Um avi\u00e3o de transporte russo Ilyushin Il-76 aproximou-se do espa\u00e7o a\u00e9reo da NATO no norte da Europa, na ter\u00e7a-feira.<\/li>\n<li>F-16 da For\u00e7a A\u00e9rea Portuguesa foram acionados para interce\u00e7\u00e3o e identifica\u00e7\u00e3o visual da aeronave.<\/li>\n<li>Os ca\u00e7as est\u00e3o destacados na miss\u00e3o NATO Enhanced Air Policing, operando a partir da base a\u00e9rea de \u00c4mari, na Est\u00f3nia.<\/li>\n<li>Este tipo de interce\u00e7\u00e3o ocorre com regularidade quando h\u00e1 aproxima\u00e7\u00e3o do espa\u00e7o a\u00e9reo de Estados-membros sem comunica\u00e7\u00e3o pr\u00e9via.<\/li>\n<li>O Il-76 n\u00e3o violou o espa\u00e7o a\u00e9reo da NATO e foi acompanhado pelos F-16 no seu trajeto.<\/li>\n<\/ul>\n","protected":false},"author":2,"featured_media":437106,"comment_status":"closed","ping_status":"closed","sticky":false,"template":"","format":"standard","meta":{"footnotes":""},"categories":[6814,4],"tags":[4558,7183,6789,6169,4536],"class_list":["post-437102","post","type-post","status-publish","format-standard","has-post-thumbnail","hentry","category-geopolitica","category-internacional","tag-a-aeronautica","tag-aviacao","tag-avioes","tag-forca-aerea-portuguesa","tag-seguranca"],"yoast_head":"<!-- This site is optimized with the Yoast SEO plugin v27.2 - https:\/\/yoast.com\/product\/yoast-seo-wordpress\/ -->\n<title>F-16 da For\u00e7a A\u00e9rea acionados para identificar avi\u00e3o russo no norte da Europa - Portal Tela Portugal<\/title>\n<meta name=\"robots\" content=\"index, follow, max-snippet:-1, max-image-preview:large, max-video-preview:-1\" \/>\n<meta property=\"og:locale\" content=\"pt_PT\" \/>\n<meta property=\"og:type\" content=\"article\" \/>\n<meta property=\"og:title\" content=\"F-16 da For\u00e7a A\u00e9rea acionados para identificar avi\u00e3o russo no norte da Europa - Portal Tela Portugal\" \/>\n<meta property=\"og:description\" content=\"Um avi\u00e3o de transporte russo Ilyushin Il-76 aproximou-se do espa\u00e7o a\u00e9reo da NATO no norte da Europa, na ter\u00e7a-feira. F-16 da For\u00e7a A\u00e9rea Portuguesa foram acionados para interce\u00e7\u00e3o e identifica\u00e7\u00e3o visual da aeronave. Os ca\u00e7as est\u00e3o destacados na miss\u00e3o NATO Enhanced Air Policing, operando a partir da base a\u00e9rea de \u00c4mari, na Est\u00f3nia. Este tipo de interce\u00e7\u00e3o ocorre com regularidade quando h\u00e1 aproxima\u00e7\u00e3o do espa\u00e7o a\u00e9reo de Estados-membros sem comunica\u00e7\u00e3o pr\u00e9via. O Il-76 n\u00e3o violou o espa\u00e7o a\u00e9reo da NATO e foi acompanhado pelos F-16 no seu trajeto.\" \/>\n<meta property=\"og:url\" content=\"https:\/\/portaltela.pt\/noticias\/2026\/04\/08\/f-16-da-forca-aerea-acionados-para-identificar-aviao-russo-no-norte-da-europa\/\" \/>\n<meta property=\"og:site_name\" content=\"Portal Tela Portugal\" \/>\n<meta property=\"article:published_time\" content=\"2026-04-08T18:33:19+00:00\" \/>\n<meta name=\"author\" content=\"Telinha\" \/>\n<meta name=\"twitter:card\" content=\"summary_large_image\" \/>\n<meta name=\"twitter:label1\" content=\"Escrito por\" \/>\n\t<meta name=\"twitter:data1\" content=\"Telinha\" \/>\n\t<meta name=\"twitter:label2\" content=\"Tempo estimado de leitura\" \/>\n\t<meta name=\"twitter:data2\" content=\"1 minuto\" \/>\n<script type=\"application\/ld+json\" class=\"yoast-schema-graph\">{\"@context\":\"https:\/\/schema.org\",\"@graph\":[{\"@type\":\"Article\",\"@id\":\"https:\/\/portaltela.pt\/noticias\/2026\/04\/08\/f-16-da-forca-aerea-acionados-para-identificar-aviao-russo-no-norte-da-europa\/#article\",\"isPartOf\":{\"@id\":\"https:\/\/portaltela.pt\/noticias\/2026\/04\/08\/f-16-da-forca-aerea-acionados-para-identificar-aviao-russo-no-norte-da-europa\/\"},\"author\":{\"name\":\"Telinha\",\"@id\":\"https:\/\/portaltela.pt\/#\/schema\/person\/c4278d4a6028830caff9ee44b42d32ed\"},\"headline\":\"F-16 da For\u00e7a A\u00e9rea acionados para identificar avi\u00e3o russo no norte da Europa\",\"datePublished\":\"2026-04-08T18:33:19+00:00\",\"mainEntityOfPage\":{\"@id\":\"https:\/\/portaltela.pt\/noticias\/2026\/04\/08\/f-16-da-forca-aerea-acionados-para-identificar-aviao-russo-no-norte-da-europa\/\"},\"wordCount\":184,\"image\":{\"@id\":\"https:\/\/portaltela.pt\/noticias\/2026\/04\/08\/f-16-da-forca-aerea-acionados-para-identificar-aviao-russo-no-norte-da-europa\/#primaryimage\"},\"thumbnailUrl\":\"https:\/\/portaltela.pt\/s.01k8rhncp4jt1\/2026\/04\/image-467.jpg\",\"keywords\":[\"a aeron\u00e1utica\",\"avia\u00e7\u00e3o\",\"avi\u00f5es\",\"For\u00e7a A\u00e9rea Portuguesa\",\"seguran\u00e7a\"],\"articleSection\":[\"Geopol\u00edtica\",\"Internacional\"],\"inLanguage\":\"pt-PT\"},{\"@type\":\"WebPage\",\"@id\":\"https:\/\/portaltela.pt\/noticias\/2026\/04\/08\/f-16-da-forca-aerea-acionados-para-identificar-aviao-russo-no-norte-da-europa\/\",\"url\":\"https:\/\/portaltela.pt\/noticias\/2026\/04\/08\/f-16-da-forca-aerea-acionados-para-identificar-aviao-russo-no-norte-da-europa\/\",\"name\":\"F-16 da For\u00e7a A\u00e9rea acionados para identificar avi\u00e3o russo no norte da Europa - Portal Tela Portugal\",\"isPartOf\":{\"@id\":\"https:\/\/portaltela.pt\/#website\"},\"primaryImageOfPage\":{\"@id\":\"https:\/\/portaltela.pt\/noticias\/2026\/04\/08\/f-16-da-forca-aerea-acionados-para-identificar-aviao-russo-no-norte-da-europa\/#primaryimage\"},\"image\":{\"@id\":\"https:\/\/portaltela.pt\/noticias\/2026\/04\/08\/f-16-da-forca-aerea-acionados-para-identificar-aviao-russo-no-norte-da-europa\/#primaryimage\"},\"thumbnailUrl\":\"https:\/\/portaltela.pt\/s.01k8rhncp4jt1\/2026\/04\/image-467.jpg\",\"datePublished\":\"2026-04-08T18:33:19+00:00\",\"author\":{\"@id\":\"https:\/\/portaltela.pt\/#\/schema\/person\/c4278d4a6028830caff9ee44b42d32ed\"},\"breadcrumb\":{\"@id\":\"https:\/\/portaltela.pt\/noticias\/2026\/04\/08\/f-16-da-forca-aerea-acionados-para-identificar-aviao-russo-no-norte-da-europa\/#breadcrumb\"},\"inLanguage\":\"pt-PT\",\"potentialAction\":[{\"@type\":\"ReadAction\",\"target\":[\"https:\/\/portaltela.pt\/noticias\/2026\/04\/08\/f-16-da-forca-aerea-acionados-para-identificar-aviao-russo-no-norte-da-europa\/\"]}]},{\"@type\":\"ImageObject\",\"inLanguage\":\"pt-PT\",\"@id\":\"https:\/\/portaltela.pt\/noticias\/2026\/04\/08\/f-16-da-forca-aerea-acionados-para-identificar-aviao-russo-no-norte-da-europa\/#primaryimage\",\"url\":\"https:\/\/portaltela.pt\/s.01k8rhncp4jt1\/2026\/04\/image-467.jpg\",\"contentUrl\":\"https:\/\/portaltela.pt\/s.01k8rhncp4jt1\/2026\/04\/image-467.jpg\",\"width\":796,\"height\":448,\"caption\":\"F-16 acompanha aparelho russo no B\u00e1ltico\"},{\"@type\":\"BreadcrumbList\",\"@id\":\"https:\/\/portaltela.pt\/noticias\/2026\/04\/08\/f-16-da-forca-aerea-acionados-para-identificar-aviao-russo-no-norte-da-europa\/#breadcrumb\",\"itemListElement\":[{\"@type\":\"ListItem\",\"position\":1,\"name\":\"In\u00edcio\",\"item\":\"https:\/\/portaltela.pt\/\"},{\"@type\":\"ListItem\",\"position\":2,\"name\":\"F-16 da For\u00e7a A\u00e9rea acionados para identificar avi\u00e3o russo no norte da Europa\"}]},{\"@type\":\"WebSite\",\"@id\":\"https:\/\/portaltela.pt\/#website\",\"url\":\"https:\/\/portaltela.pt\/\",\"name\":\"Portal Tela Portugal\",\"description\":\"\",\"potentialAction\":[{\"@type\":\"SearchAction\",\"target\":{\"@type\":\"EntryPoint\",\"urlTemplate\":\"https:\/\/portaltela.pt\/?s={search_term_string}\"},\"query-input\":{\"@type\":\"PropertyValueSpecification\",\"valueRequired\":true,\"valueName\":\"search_term_string\"}}],\"inLanguage\":\"pt-PT\"},{\"@type\":\"Person\",\"@id\":\"https:\/\/portaltela.pt\/#\/schema\/person\/c4278d4a6028830caff9ee44b42d32ed\",\"name\":\"Telinha\",\"image\":{\"@type\":\"ImageObject\",\"inLanguage\":\"pt-PT\",\"@id\":\"https:\/\/portaltela.pt\/s.01k8rhncp4jt1\/2025\/11\/talking-bot-125x125.png\",\"url\":\"https:\/\/portaltela.pt\/s.01k8rhncp4jt1\/2025\/11\/talking-bot-125x125.png\",\"contentUrl\":\"https:\/\/portaltela.pt\/s.01k8rhncp4jt1\/2025\/11\/talking-bot-125x125.png\",\"caption\":\"Telinha\"},\"sameAs\":[\"https:\/\/portaltela.pt\/\"],\"url\":\"https:\/\/portaltela.pt\/por\/367410592786\/\"}]}<\/script>\n<!-- \/ Yoast SEO plugin. -->","yoast_head_json":{"title":"F-16 da For\u00e7a A\u00e9rea acionados para identificar avi\u00e3o russo no norte da Europa - Portal Tela Portugal","robots":{"index":"index","follow":"follow","max-snippet":"max-snippet:-1","max-image-preview":"max-image-preview:large","max-video-preview":"max-video-preview:-1"},"og_locale":"pt_PT","og_type":"article","og_title":"F-16 da For\u00e7a A\u00e9rea acionados para identificar avi\u00e3o russo no norte da Europa - Portal Tela Portugal","og_description":"Um avi\u00e3o de transporte russo Ilyushin Il-76 aproximou-se do espa\u00e7o a\u00e9reo da NATO no norte da Europa, na ter\u00e7a-feira. F-16 da For\u00e7a A\u00e9rea Portuguesa foram acionados para interce\u00e7\u00e3o e identifica\u00e7\u00e3o visual da aeronave. Os ca\u00e7as est\u00e3o destacados na miss\u00e3o NATO Enhanced Air Policing, operando a partir da base a\u00e9rea de \u00c4mari, na Est\u00f3nia. Este tipo de interce\u00e7\u00e3o ocorre com regularidade quando h\u00e1 aproxima\u00e7\u00e3o do espa\u00e7o a\u00e9reo de Estados-membros sem comunica\u00e7\u00e3o pr\u00e9via. O Il-76 n\u00e3o violou o espa\u00e7o a\u00e9reo da NATO e foi acompanhado pelos F-16 no seu trajeto.","og_url":"https:\/\/portaltela.pt\/noticias\/2026\/04\/08\/f-16-da-forca-aerea-acionados-para-identificar-aviao-russo-no-norte-da-europa\/","og_site_name":"Portal Tela Portugal","article_published_time":"2026-04-08T18:33:19+00:00","author":"Telinha","twitter_card":"summary_large_image","twitter_misc":{"Escrito por":"Telinha","Tempo estimado de leitura":"1 minuto"},"schema":{"@context":"https:\/\/schema.org","@graph":[{"@type":"Article","@id":"https:\/\/portaltela.pt\/noticias\/2026\/04\/08\/f-16-da-forca-aerea-acionados-para-identificar-aviao-russo-no-norte-da-europa\/#article","isPartOf":{"@id":"https:\/\/portaltela.pt\/noticias\/2026\/04\/08\/f-16-da-forca-aerea-acionados-para-identificar-aviao-russo-no-norte-da-europa\/"},"author":{"name":"Telinha","@id":"https:\/\/portaltela.pt\/#\/schema\/person\/c4278d4a6028830caff9ee44b42d32ed"},"headline":"F-16 da For\u00e7a A\u00e9rea acionados para identificar avi\u00e3o russo no norte da Europa","datePublished":"2026-04-08T18:33:19+00:00","mainEntityOfPage":{"@id":"https:\/\/portaltela.pt\/noticias\/2026\/04\/08\/f-16-da-forca-aerea-acionados-para-identificar-aviao-russo-no-norte-da-europa\/"},"wordCount":184,"image":{"@id":"https:\/\/portaltela.pt\/noticias\/2026\/04\/08\/f-16-da-forca-aerea-acionados-para-identificar-aviao-russo-no-norte-da-europa\/#primaryimage"},"thumbnailUrl":"https:\/\/portaltela.pt\/s.01k8rhncp4jt1\/2026\/04\/image-467.jpg","keywords":["a aeron\u00e1utica","avia\u00e7\u00e3o","avi\u00f5es","For\u00e7a A\u00e9rea Portuguesa","seguran\u00e7a"],"articleSection":["Geopol\u00edtica","Internacional"],"inLanguage":"pt-PT"},{"@type":"WebPage","@id":"https:\/\/portaltela.pt\/noticias\/2026\/04\/08\/f-16-da-forca-aerea-acionados-para-identificar-aviao-russo-no-norte-da-europa\/","url":"https:\/\/portaltela.pt\/noticias\/2026\/04\/08\/f-16-da-forca-aerea-acionados-para-identificar-aviao-russo-no-norte-da-europa\/","name":"F-16 da For\u00e7a A\u00e9rea acionados para identificar avi\u00e3o russo no norte da Europa - Portal Tela Portugal","isPartOf":{"@id":"https:\/\/portaltela.pt\/#website"},"primaryImageOfPage":{"@id":"https:\/\/portaltela.pt\/noticias\/2026\/04\/08\/f-16-da-forca-aerea-acionados-para-identificar-aviao-russo-no-norte-da-europa\/#primaryimage"},"image":{"@id":"https:\/\/portaltela.pt\/noticias\/2026\/04\/08\/f-16-da-forca-aerea-acionados-para-identificar-aviao-russo-no-norte-da-europa\/#primaryimage"},"thumbnailUrl":"https:\/\/portaltela.pt\/s.01k8rhncp4jt1\/2026\/04\/image-467.jpg","datePublished":"2026-04-08T18:33:19+00:00","author":{"@id":"https:\/\/portaltela.pt\/#\/schema\/person\/c4278d4a6028830caff9ee44b42d32ed"},"breadcrumb":{"@id":"https:\/\/portaltela.pt\/noticias\/2026\/04\/08\/f-16-da-forca-aerea-acionados-para-identificar-aviao-russo-no-norte-da-europa\/#breadcrumb"},"inLanguage":"pt-PT","potentialAction":[{"@type":"ReadAction","target":["https:\/\/portaltela.pt\/noticias\/2026\/04\/08\/f-16-da-forca-aerea-acionados-para-identificar-aviao-russo-no-norte-da-europa\/"]}]},{"@type":"ImageObject","inLanguage":"pt-PT","@id":"https:\/\/portaltela.pt\/noticias\/2026\/04\/08\/f-16-da-forca-aerea-acionados-para-identificar-aviao-russo-no-norte-da-europa\/#primaryimage","url":"https:\/\/portaltela.pt\/s.01k8rhncp4jt1\/2026\/04\/image-467.jpg","contentUrl":"https:\/\/portaltela.pt\/s.01k8rhncp4jt1\/2026\/04\/image-467.jpg","width":796,"height":448,"caption":"F-16 acompanha aparelho russo no B\u00e1ltico"},{"@type":"BreadcrumbList","@id":"https:\/\/portaltela.pt\/noticias\/2026\/04\/08\/f-16-da-forca-aerea-acionados-para-identificar-aviao-russo-no-norte-da-europa\/#breadcrumb","itemListElement":[{"@type":"ListItem","position":1,"name":"In\u00edcio","item":"https:\/\/portaltela.pt\/"},{"@type":"ListItem","position":2,"name":"F-16 da For\u00e7a A\u00e9rea acionados para identificar avi\u00e3o russo no norte da Europa"}]},{"@type":"WebSite","@id":"https:\/\/portaltela.pt\/#website","url":"https:\/\/portaltela.pt\/","name":"Portal Tela Portugal","description":"","potentialAction":[{"@type":"SearchAction","target":{"@type":"EntryPoint","urlTemplate":"https:\/\/portaltela.pt\/?s={search_term_string}"},"query-input":{"@type":"PropertyValueSpecification","valueRequired":true,"valueName":"search_term_string"}}],"inLanguage":"pt-PT"},{"@type":"Person","@id":"https:\/\/portaltela.pt\/#\/schema\/person\/c4278d4a6028830caff9ee44b42d32ed","name":"Telinha","image":{"@type":"ImageObject","inLanguage":"pt-PT","@id":"https:\/\/portaltela.pt\/s.01k8rhncp4jt1\/2025\/11\/talking-bot-125x125.png","url":"https:\/\/portaltela.pt\/s.01k8rhncp4jt1\/2025\/11\/talking-bot-125x125.png","contentUrl":"https:\/\/portaltela.pt\/s.01k8rhncp4jt1\/2025\/11\/talking-bot-125x125.png","caption":"Telinha"},"sameAs":["https:\/\/portaltela.pt\/"],"url":"https:\/\/portaltela.pt\/por\/367410592786\/"}]}},"_links":{"self":[{"href":"https:\/\/portaltela.pt\/api\/wp\/v2\/posts\/437102","targetHints":{"allow":["GET"]}}],"collection":[{"href":"https:\/\/portaltela.pt\/api\/wp\/v2\/posts"}],"about":[{"href":"https:\/\/portaltela.pt\/api\/wp\/v2\/types\/post"}],"author":[{"embeddable":true,"href":"https:\/\/portaltela.pt\/api\/wp\/v2\/users\/2"}],"replies":[{"embeddable":true,"href":"https:\/\/portaltela.pt\/api\/wp\/v2\/comments?post=437102"}],"version-history":[{"count":0,"href":"https:\/\/portaltela.pt\/api\/wp\/v2\/posts\/437102\/revisions"}],"wp:featuredmedia":[{"embeddable":true,"href":"https:\/\/portaltela.pt\/api\/wp\/v2\/media\/437106"}],"wp:attachment":[{"href":"https:\/\/portaltela.pt\/api\/wp\/v2\/media?parent=437102"}],"wp:term":[{"taxonomy":"category","embeddable":true,"href":"https:\/\/portaltela.pt\/api\/wp\/v2\/categories?post=437102"},{"taxonomy":"post_tag","embeddable":true,"href":"https:\/\/portaltela.pt\/api\/wp\/v2\/tags?post=437102"}],"curies":[{"name":"wp","href":"https:\/\/api.w.org\/{rel}","templated":true}]}}