{"id":437092,"date":"2026-04-08T15:33:11","date_gmt":"2026-04-08T18:33:11","guid":{"rendered":"https:\/\/portaltela.pt\/noticias\/2026\/04\/08\/antonio-jose-seguro-visita-car-de-montemor-o-velho-atletas-olimpicos-presentes\/"},"modified":"2026-04-08T15:33:11","modified_gmt":"2026-04-08T18:33:11","slug":"antonio-jose-seguro-visita-car-de-montemor-o-velho-atletas-olimpicos-presentes","status":"publish","type":"post","link":"https:\/\/portaltela.pt\/desporto\/copa-do-mundo\/2026\/04\/08\/antonio-jose-seguro-visita-car-de-montemor-o-velho-atletas-olimpicos-presentes\/","title":{"rendered":"Ant\u00f3nio Jos\u00e9 Seguro visita CAR de Montemor-o-Velho, atletas ol\u00edmpicos presentes"},"content":{"rendered":"<p>Ant\u00f3nio Jos\u00e9 Seguro visitou esta quarta-feira o Centro de Alto Rendimento de Montemor o Velho, usado habitualmente pelas sele\u00e7\u00f5es nacionais de canoagem. A visita integra a iniciativa Presid\u00eancia Aberta, com foco no interior do pa\u00eds e nas zonas afetadas por tempestades em fevereiro e mar\u00e7o.<\/p>\n<p>Na desloca\u00e7\u00e3o, o Presidente da Rep\u00fablica foi recebido pelo autarca de Montemor-o-Velho, pelo presidente da Federa\u00e7\u00e3o Portuguesa de Canoagem, Ricardo Machado, e por atletas ol\u00edmpicos, entre eles Fernando Pimenta e Jo\u00e3o Ribeiro. O encontro teve car\u00e1cter institucional.<\/p>\n<p>O CAR de Montemor o Velho ser\u00e1 palco, em junho, do Campeonato da Europa de velocidade, refor\u00e7ando a import\u00e2ncia da infraestrutura para a pr\u00e1tica competitiva. A agenda da Presid\u00eancia Aberta inclui apoio a \u00e1reas rachas pelo clima adverso recente.<\/p>\n<p>Fernando Pimenta acompanhou a rece\u00e7\u00e3o e manteve contacto pr\u00f3ximo com Seguro durante a visita. O atleta, reconhecido internacionalmente, confirmou a disponibilidade da equipa t\u00e9cnica para futuras iniciativas com o Governo no apoio ao desenvolvimento desportivo regional.<\/p>\n<h3>Presid\u00eancia Aberta no interior<\/h3>\n<p>A visita destacou o objetivo de promover investimento e atividades desportivas nas zonas mais afetadas pelos fen\u00f3menos clim\u00e1ticos recentes. O Governo tem mostrado interesse em fortalecer a resiliente econ\u00f3mica local por meio do desporto.<\/p>\n<h3>Campeonato da Europa de velocidade em foco<\/h3>\n<p>A organiza\u00e7\u00e3o do evento de junho no CAR de Montemor o Velho \u00e9 apresentada como oportunidade para impulsionar a visibilidade e atrair participa\u00e7\u00e3o internacional. Autoridades locais sublinham a import\u00e2ncia de manter o equipamento em condi\u00e7\u00f5es competitivas.<\/p>\n","protected":false},"excerpt":{"rendered":"<ul>\n<li>Ant\u00f3nio Jos\u00e9 Seguro visitou o Centro de Alto Rendimento de Montemor o Velho, sede habitual das sele\u00e7\u00f5es nacionais de canoagem.<\/li>\n<li>A visita insere-se na Presid\u00eancia Aberta, que esta semana percorre o interior do pa\u00eds, incluindo zonas afetadas pelas tempestades de fevereiro e mar\u00e7o.<\/li>\n<li>O CAR de Montemor o Velho vai acolher, em junho, o Campeonato da Europa de velocidade.<\/li>\n<li>\u00c0 sua espera estiveram o presidente da C\u00e2mara local, o presidente da Federa\u00e7\u00e3o Portuguesa de Canoagem, Ricardo Machado, e atletas ol\u00edmpicos Fernando Pimenta e Jo\u00e3o Ribeiro.<\/li>\n<li>Fernando Pimenta recebeu Ant\u00f3nio Jos\u00e9 Seguro durante a visita.<\/li>\n<\/ul>\n","protected":false},"author":2,"featured_media":437097,"comment_status":"closed","ping_status":"closed","sticky":false,"template":"","format":"standard","meta":{"footnotes":""},"categories":[6695,21],"tags":[6633,227,1132,2463,152,1014],"class_list":["post-437092","post","type-post","status-publish","format-standard","has-post-thumbnail","hentry","category-copa-do-mundo","category-desporto","tag-atletas-internacionais","tag-campeonato","tag-canoagem","tag-competicao-internacional","tag-desporto","tag-portugal"],"yoast_head":"<!-- This site is optimized with the Yoast SEO plugin v27.2 - https:\/\/yoast.com\/product\/yoast-seo-wordpress\/ -->\n<title>Ant\u00f3nio Jos\u00e9 Seguro visita CAR de Montemor-o-Velho, atletas ol\u00edmpicos presentes - Portal Tela Portugal<\/title>\n<meta name=\"robots\" content=\"index, follow, max-snippet:-1, max-image-preview:large, max-video-preview:-1\" \/>\n<meta property=\"og:locale\" content=\"pt_PT\" \/>\n<meta property=\"og:type\" content=\"article\" \/>\n<meta property=\"og:title\" content=\"Ant\u00f3nio Jos\u00e9 Seguro visita CAR de Montemor-o-Velho, atletas ol\u00edmpicos presentes - Portal Tela Portugal\" \/>\n<meta property=\"og:description\" content=\"Ant\u00f3nio Jos\u00e9 Seguro visitou o Centro de Alto Rendimento de Montemor o Velho, sede habitual das sele\u00e7\u00f5es nacionais de canoagem. A visita insere-se na Presid\u00eancia Aberta, que esta semana percorre o interior do pa\u00eds, incluindo zonas afetadas pelas tempestades de fevereiro e mar\u00e7o. O CAR de Montemor o Velho vai acolher, em junho, o Campeonato da Europa de velocidade. \u00c0 sua espera estiveram o presidente da C\u00e2mara local, o presidente da Federa\u00e7\u00e3o Portuguesa de Canoagem, Ricardo Machado, e atletas ol\u00edmpicos Fernando Pimenta e Jo\u00e3o Ribeiro. Fernando Pimenta recebeu Ant\u00f3nio Jos\u00e9 Seguro durante a visita.\" \/>\n<meta property=\"og:url\" content=\"https:\/\/portaltela.pt\/noticias\/2026\/04\/08\/antonio-jose-seguro-visita-car-de-montemor-o-velho-atletas-olimpicos-presentes\/\" \/>\n<meta property=\"og:site_name\" content=\"Portal Tela Portugal\" \/>\n<meta property=\"article:published_time\" content=\"2026-04-08T18:33:11+00:00\" \/>\n<meta name=\"author\" content=\"Telinha\" \/>\n<meta name=\"twitter:card\" content=\"summary_large_image\" \/>\n<meta name=\"twitter:label1\" content=\"Escrito por\" \/>\n\t<meta name=\"twitter:data1\" content=\"Telinha\" \/>\n\t<meta name=\"twitter:label2\" content=\"Tempo estimado de leitura\" \/>\n\t<meta name=\"twitter:data2\" content=\"1 minuto\" \/>\n<script type=\"application\/ld+json\" class=\"yoast-schema-graph\">{\"@context\":\"https:\/\/schema.org\",\"@graph\":[{\"@type\":\"Article\",\"@id\":\"https:\/\/portaltela.pt\/noticias\/2026\/04\/08\/antonio-jose-seguro-visita-car-de-montemor-o-velho-atletas-olimpicos-presentes\/#article\",\"isPartOf\":{\"@id\":\"https:\/\/portaltela.pt\/noticias\/2026\/04\/08\/antonio-jose-seguro-visita-car-de-montemor-o-velho-atletas-olimpicos-presentes\/\"},\"author\":{\"name\":\"Telinha\",\"@id\":\"https:\/\/portaltela.pt\/#\/schema\/person\/c4278d4a6028830caff9ee44b42d32ed\"},\"headline\":\"Ant\u00f3nio Jos\u00e9 Seguro visita CAR de Montemor-o-Velho, atletas ol\u00edmpicos presentes\",\"datePublished\":\"2026-04-08T18:33:11+00:00\",\"mainEntityOfPage\":{\"@id\":\"https:\/\/portaltela.pt\/noticias\/2026\/04\/08\/antonio-jose-seguro-visita-car-de-montemor-o-velho-atletas-olimpicos-presentes\/\"},\"wordCount\":275,\"image\":{\"@id\":\"https:\/\/portaltela.pt\/noticias\/2026\/04\/08\/antonio-jose-seguro-visita-car-de-montemor-o-velho-atletas-olimpicos-presentes\/#primaryimage\"},\"thumbnailUrl\":\"https:\/\/portaltela.pt\/s.01k8rhncp4jt1\/2026\/04\/img_1200x721uu2026-04-08-19-16-25-2431841.jpg\",\"keywords\":[\"atletas internacionais\",\"campeonato\",\"canoagem\",\"competi\u00e7\u00e3o internacional\",\"desporto\",\"Portugal\"],\"articleSection\":[\"Copa do Mundo\",\"Desporto\"],\"inLanguage\":\"pt-PT\"},{\"@type\":\"WebPage\",\"@id\":\"https:\/\/portaltela.pt\/noticias\/2026\/04\/08\/antonio-jose-seguro-visita-car-de-montemor-o-velho-atletas-olimpicos-presentes\/\",\"url\":\"https:\/\/portaltela.pt\/noticias\/2026\/04\/08\/antonio-jose-seguro-visita-car-de-montemor-o-velho-atletas-olimpicos-presentes\/\",\"name\":\"Ant\u00f3nio Jos\u00e9 Seguro visita CAR de Montemor-o-Velho, atletas ol\u00edmpicos presentes - Portal Tela Portugal\",\"isPartOf\":{\"@id\":\"https:\/\/portaltela.pt\/#website\"},\"primaryImageOfPage\":{\"@id\":\"https:\/\/portaltela.pt\/noticias\/2026\/04\/08\/antonio-jose-seguro-visita-car-de-montemor-o-velho-atletas-olimpicos-presentes\/#primaryimage\"},\"image\":{\"@id\":\"https:\/\/portaltela.pt\/noticias\/2026\/04\/08\/antonio-jose-seguro-visita-car-de-montemor-o-velho-atletas-olimpicos-presentes\/#primaryimage\"},\"thumbnailUrl\":\"https:\/\/portaltela.pt\/s.01k8rhncp4jt1\/2026\/04\/img_1200x721uu2026-04-08-19-16-25-2431841.jpg\",\"datePublished\":\"2026-04-08T18:33:11+00:00\",\"author\":{\"@id\":\"https:\/\/portaltela.pt\/#\/schema\/person\/c4278d4a6028830caff9ee44b42d32ed\"},\"breadcrumb\":{\"@id\":\"https:\/\/portaltela.pt\/noticias\/2026\/04\/08\/antonio-jose-seguro-visita-car-de-montemor-o-velho-atletas-olimpicos-presentes\/#breadcrumb\"},\"inLanguage\":\"pt-PT\",\"potentialAction\":[{\"@type\":\"ReadAction\",\"target\":[\"https:\/\/portaltela.pt\/noticias\/2026\/04\/08\/antonio-jose-seguro-visita-car-de-montemor-o-velho-atletas-olimpicos-presentes\/\"]}]},{\"@type\":\"ImageObject\",\"inLanguage\":\"pt-PT\",\"@id\":\"https:\/\/portaltela.pt\/noticias\/2026\/04\/08\/antonio-jose-seguro-visita-car-de-montemor-o-velho-atletas-olimpicos-presentes\/#primaryimage\",\"url\":\"https:\/\/portaltela.pt\/s.01k8rhncp4jt1\/2026\/04\/img_1200x721uu2026-04-08-19-16-25-2431841.jpg\",\"contentUrl\":\"https:\/\/portaltela.pt\/s.01k8rhncp4jt1\/2026\/04\/img_1200x721uu2026-04-08-19-16-25-2431841.jpg\",\"width\":796,\"height\":448,\"caption\":\"Fernando Pimenta recebeu Ant\u00f3nio Jos\u00e9 Seguro\"},{\"@type\":\"BreadcrumbList\",\"@id\":\"https:\/\/portaltela.pt\/noticias\/2026\/04\/08\/antonio-jose-seguro-visita-car-de-montemor-o-velho-atletas-olimpicos-presentes\/#breadcrumb\",\"itemListElement\":[{\"@type\":\"ListItem\",\"position\":1,\"name\":\"In\u00edcio\",\"item\":\"https:\/\/portaltela.pt\/\"},{\"@type\":\"ListItem\",\"position\":2,\"name\":\"Ant\u00f3nio Jos\u00e9 Seguro visita CAR de Montemor-o-Velho, atletas ol\u00edmpicos presentes\"}]},{\"@type\":\"WebSite\",\"@id\":\"https:\/\/portaltela.pt\/#website\",\"url\":\"https:\/\/portaltela.pt\/\",\"name\":\"Portal Tela Portugal\",\"description\":\"\",\"potentialAction\":[{\"@type\":\"SearchAction\",\"target\":{\"@type\":\"EntryPoint\",\"urlTemplate\":\"https:\/\/portaltela.pt\/?s={search_term_string}\"},\"query-input\":{\"@type\":\"PropertyValueSpecification\",\"valueRequired\":true,\"valueName\":\"search_term_string\"}}],\"inLanguage\":\"pt-PT\"},{\"@type\":\"Person\",\"@id\":\"https:\/\/portaltela.pt\/#\/schema\/person\/c4278d4a6028830caff9ee44b42d32ed\",\"name\":\"Telinha\",\"image\":{\"@type\":\"ImageObject\",\"inLanguage\":\"pt-PT\",\"@id\":\"https:\/\/portaltela.pt\/s.01k8rhncp4jt1\/2025\/11\/talking-bot-125x125.png\",\"url\":\"https:\/\/portaltela.pt\/s.01k8rhncp4jt1\/2025\/11\/talking-bot-125x125.png\",\"contentUrl\":\"https:\/\/portaltela.pt\/s.01k8rhncp4jt1\/2025\/11\/talking-bot-125x125.png\",\"caption\":\"Telinha\"},\"sameAs\":[\"https:\/\/portaltela.pt\/\"],\"url\":\"https:\/\/portaltela.pt\/por\/367410592786\/\"}]}<\/script>\n<!-- \/ Yoast SEO plugin. -->","yoast_head_json":{"title":"Ant\u00f3nio Jos\u00e9 Seguro visita CAR de Montemor-o-Velho, atletas ol\u00edmpicos presentes - Portal Tela Portugal","robots":{"index":"index","follow":"follow","max-snippet":"max-snippet:-1","max-image-preview":"max-image-preview:large","max-video-preview":"max-video-preview:-1"},"og_locale":"pt_PT","og_type":"article","og_title":"Ant\u00f3nio Jos\u00e9 Seguro visita CAR de Montemor-o-Velho, atletas ol\u00edmpicos presentes - Portal Tela Portugal","og_description":"Ant\u00f3nio Jos\u00e9 Seguro visitou o Centro de Alto Rendimento de Montemor o Velho, sede habitual das sele\u00e7\u00f5es nacionais de canoagem. A visita insere-se na Presid\u00eancia Aberta, que esta semana percorre o interior do pa\u00eds, incluindo zonas afetadas pelas tempestades de fevereiro e mar\u00e7o. O CAR de Montemor o Velho vai acolher, em junho, o Campeonato da Europa de velocidade. \u00c0 sua espera estiveram o presidente da C\u00e2mara local, o presidente da Federa\u00e7\u00e3o Portuguesa de Canoagem, Ricardo Machado, e atletas ol\u00edmpicos Fernando Pimenta e Jo\u00e3o Ribeiro. Fernando Pimenta recebeu Ant\u00f3nio Jos\u00e9 Seguro durante a visita.","og_url":"https:\/\/portaltela.pt\/noticias\/2026\/04\/08\/antonio-jose-seguro-visita-car-de-montemor-o-velho-atletas-olimpicos-presentes\/","og_site_name":"Portal Tela Portugal","article_published_time":"2026-04-08T18:33:11+00:00","author":"Telinha","twitter_card":"summary_large_image","twitter_misc":{"Escrito por":"Telinha","Tempo estimado de leitura":"1 minuto"},"schema":{"@context":"https:\/\/schema.org","@graph":[{"@type":"Article","@id":"https:\/\/portaltela.pt\/noticias\/2026\/04\/08\/antonio-jose-seguro-visita-car-de-montemor-o-velho-atletas-olimpicos-presentes\/#article","isPartOf":{"@id":"https:\/\/portaltela.pt\/noticias\/2026\/04\/08\/antonio-jose-seguro-visita-car-de-montemor-o-velho-atletas-olimpicos-presentes\/"},"author":{"name":"Telinha","@id":"https:\/\/portaltela.pt\/#\/schema\/person\/c4278d4a6028830caff9ee44b42d32ed"},"headline":"Ant\u00f3nio Jos\u00e9 Seguro visita CAR de Montemor-o-Velho, atletas ol\u00edmpicos presentes","datePublished":"2026-04-08T18:33:11+00:00","mainEntityOfPage":{"@id":"https:\/\/portaltela.pt\/noticias\/2026\/04\/08\/antonio-jose-seguro-visita-car-de-montemor-o-velho-atletas-olimpicos-presentes\/"},"wordCount":275,"image":{"@id":"https:\/\/portaltela.pt\/noticias\/2026\/04\/08\/antonio-jose-seguro-visita-car-de-montemor-o-velho-atletas-olimpicos-presentes\/#primaryimage"},"thumbnailUrl":"https:\/\/portaltela.pt\/s.01k8rhncp4jt1\/2026\/04\/img_1200x721uu2026-04-08-19-16-25-2431841.jpg","keywords":["atletas internacionais","campeonato","canoagem","competi\u00e7\u00e3o internacional","desporto","Portugal"],"articleSection":["Copa do Mundo","Desporto"],"inLanguage":"pt-PT"},{"@type":"WebPage","@id":"https:\/\/portaltela.pt\/noticias\/2026\/04\/08\/antonio-jose-seguro-visita-car-de-montemor-o-velho-atletas-olimpicos-presentes\/","url":"https:\/\/portaltela.pt\/noticias\/2026\/04\/08\/antonio-jose-seguro-visita-car-de-montemor-o-velho-atletas-olimpicos-presentes\/","name":"Ant\u00f3nio Jos\u00e9 Seguro visita CAR de Montemor-o-Velho, atletas ol\u00edmpicos presentes - Portal Tela Portugal","isPartOf":{"@id":"https:\/\/portaltela.pt\/#website"},"primaryImageOfPage":{"@id":"https:\/\/portaltela.pt\/noticias\/2026\/04\/08\/antonio-jose-seguro-visita-car-de-montemor-o-velho-atletas-olimpicos-presentes\/#primaryimage"},"image":{"@id":"https:\/\/portaltela.pt\/noticias\/2026\/04\/08\/antonio-jose-seguro-visita-car-de-montemor-o-velho-atletas-olimpicos-presentes\/#primaryimage"},"thumbnailUrl":"https:\/\/portaltela.pt\/s.01k8rhncp4jt1\/2026\/04\/img_1200x721uu2026-04-08-19-16-25-2431841.jpg","datePublished":"2026-04-08T18:33:11+00:00","author":{"@id":"https:\/\/portaltela.pt\/#\/schema\/person\/c4278d4a6028830caff9ee44b42d32ed"},"breadcrumb":{"@id":"https:\/\/portaltela.pt\/noticias\/2026\/04\/08\/antonio-jose-seguro-visita-car-de-montemor-o-velho-atletas-olimpicos-presentes\/#breadcrumb"},"inLanguage":"pt-PT","potentialAction":[{"@type":"ReadAction","target":["https:\/\/portaltela.pt\/noticias\/2026\/04\/08\/antonio-jose-seguro-visita-car-de-montemor-o-velho-atletas-olimpicos-presentes\/"]}]},{"@type":"ImageObject","inLanguage":"pt-PT","@id":"https:\/\/portaltela.pt\/noticias\/2026\/04\/08\/antonio-jose-seguro-visita-car-de-montemor-o-velho-atletas-olimpicos-presentes\/#primaryimage","url":"https:\/\/portaltela.pt\/s.01k8rhncp4jt1\/2026\/04\/img_1200x721uu2026-04-08-19-16-25-2431841.jpg","contentUrl":"https:\/\/portaltela.pt\/s.01k8rhncp4jt1\/2026\/04\/img_1200x721uu2026-04-08-19-16-25-2431841.jpg","width":796,"height":448,"caption":"Fernando Pimenta recebeu Ant\u00f3nio Jos\u00e9 Seguro"},{"@type":"BreadcrumbList","@id":"https:\/\/portaltela.pt\/noticias\/2026\/04\/08\/antonio-jose-seguro-visita-car-de-montemor-o-velho-atletas-olimpicos-presentes\/#breadcrumb","itemListElement":[{"@type":"ListItem","position":1,"name":"In\u00edcio","item":"https:\/\/portaltela.pt\/"},{"@type":"ListItem","position":2,"name":"Ant\u00f3nio Jos\u00e9 Seguro visita CAR de Montemor-o-Velho, atletas ol\u00edmpicos presentes"}]},{"@type":"WebSite","@id":"https:\/\/portaltela.pt\/#website","url":"https:\/\/portaltela.pt\/","name":"Portal Tela Portugal","description":"","potentialAction":[{"@type":"SearchAction","target":{"@type":"EntryPoint","urlTemplate":"https:\/\/portaltela.pt\/?s={search_term_string}"},"query-input":{"@type":"PropertyValueSpecification","valueRequired":true,"valueName":"search_term_string"}}],"inLanguage":"pt-PT"},{"@type":"Person","@id":"https:\/\/portaltela.pt\/#\/schema\/person\/c4278d4a6028830caff9ee44b42d32ed","name":"Telinha","image":{"@type":"ImageObject","inLanguage":"pt-PT","@id":"https:\/\/portaltela.pt\/s.01k8rhncp4jt1\/2025\/11\/talking-bot-125x125.png","url":"https:\/\/portaltela.pt\/s.01k8rhncp4jt1\/2025\/11\/talking-bot-125x125.png","contentUrl":"https:\/\/portaltela.pt\/s.01k8rhncp4jt1\/2025\/11\/talking-bot-125x125.png","caption":"Telinha"},"sameAs":["https:\/\/portaltela.pt\/"],"url":"https:\/\/portaltela.pt\/por\/367410592786\/"}]}},"_links":{"self":[{"href":"https:\/\/portaltela.pt\/api\/wp\/v2\/posts\/437092","targetHints":{"allow":["GET"]}}],"collection":[{"href":"https:\/\/portaltela.pt\/api\/wp\/v2\/posts"}],"about":[{"href":"https:\/\/portaltela.pt\/api\/wp\/v2\/types\/post"}],"author":[{"embeddable":true,"href":"https:\/\/portaltela.pt\/api\/wp\/v2\/users\/2"}],"replies":[{"embeddable":true,"href":"https:\/\/portaltela.pt\/api\/wp\/v2\/comments?post=437092"}],"version-history":[{"count":0,"href":"https:\/\/portaltela.pt\/api\/wp\/v2\/posts\/437092\/revisions"}],"wp:featuredmedia":[{"embeddable":true,"href":"https:\/\/portaltela.pt\/api\/wp\/v2\/media\/437097"}],"wp:attachment":[{"href":"https:\/\/portaltela.pt\/api\/wp\/v2\/media?parent=437092"}],"wp:term":[{"taxonomy":"category","embeddable":true,"href":"https:\/\/portaltela.pt\/api\/wp\/v2\/categories?post=437092"},{"taxonomy":"post_tag","embeddable":true,"href":"https:\/\/portaltela.pt\/api\/wp\/v2\/tags?post=437092"}],"curies":[{"name":"wp","href":"https:\/\/api.w.org\/{rel}","templated":true}]}}