{"id":437091,"date":"2026-04-08T15:33:10","date_gmt":"2026-04-08T18:33:10","guid":{"rendered":"https:\/\/portaltela.pt\/noticias\/2026\/04\/08\/projeto-de-central-fotovoltaica-no-crato-entra-em-consulta-publica-ate-27-abr\/"},"modified":"2026-04-08T15:33:10","modified_gmt":"2026-04-08T18:33:10","slug":"projeto-de-central-fotovoltaica-no-crato-entra-em-consulta-publica-ate-27-abr","status":"publish","type":"post","link":"https:\/\/portaltela.pt\/renovaveis\/2026\/04\/08\/projeto-de-central-fotovoltaica-no-crato-entra-em-consulta-publica-ate-27-abr\/","title":{"rendered":"Projeto de central fotovoltaica no Crato entra em consulta p\u00fablica at\u00e9 27 abr."},"content":{"rendered":"<p>O projeto de uma central fotovoltaica no Crato encontra-se em consulta p\u00fablica at\u00e9 27 de abril. A iniciativa visa abrir o processo de participa\u00e7\u00e3o p\u00fablica, permitindo que a comunidade e partes interessadas apresentem contributos.<\/p>\n<p>De acordo com as informa\u00e7\u00f5es dispon\u00edveis, o conte\u00fado completo sobre o projeto est\u00e1 acess\u00edvel apenas a subscritores. O portal indica que o material detalhado est\u00e1 reservado a quem contratar o acesso, sem divulgar mais pormenores abertamente.<\/p>\n<p>O objetivo da consulta \u00e9 recolher opini\u00f5es e observa\u00e7\u00f5es que possam influenciar a avalia\u00e7\u00e3o do projeto. N\u00e3o foram publicadas at\u00e9 ao momento informa\u00e7\u00f5es adicionais sobre a empresa promotora, o cronograma ou os impactos esperados.<\/p>\n","protected":false},"excerpt":{"rendered":"<ul>\n<li>Um projeto para uma central fotovoltaica no Crato est\u00e1 em consulta p\u00fablica.<\/li>\n<li>O per\u00edodo de consulta termina no dia 27 de abril.<\/li>\n<li>Pessoas interessadas podem enviar coment\u00e1rios durante o processo.<\/li>\n<li>O conte\u00fado completo da not\u00edcia est\u00e1 dispon\u00edvel apenas para subscritores.<\/li>\n<li>N\u00e3o h\u00e1 mais detalhe adicional no texto dispon\u00edvel.<\/li>\n<\/ul>\n","protected":false},"author":2,"featured_media":437095,"comment_status":"closed","ping_status":"closed","sticky":false,"template":"","format":"standard","meta":{"footnotes":""},"categories":[6806,7382],"tags":[7775,7767,755,174,2729,1014],"class_list":["post-437091","post","type-post","status-publish","format-standard","has-post-thumbnail","hentry","category-energia","category-renovaveis","tag-_energia","tag-_meio-ambiente","tag-desenvolvimento-sustentavel","tag-energia","tag-energia-renovavel","tag-portugal"],"yoast_head":"<!-- This site is optimized with the Yoast SEO plugin v27.2 - https:\/\/yoast.com\/product\/yoast-seo-wordpress\/ -->\n<title>Projeto de central fotovoltaica no Crato entra em consulta p\u00fablica at\u00e9 27 abr. - Portal Tela Portugal<\/title>\n<meta name=\"robots\" content=\"index, follow, max-snippet:-1, max-image-preview:large, max-video-preview:-1\" \/>\n<meta property=\"og:locale\" content=\"pt_PT\" \/>\n<meta property=\"og:type\" content=\"article\" \/>\n<meta property=\"og:title\" content=\"Projeto de central fotovoltaica no Crato entra em consulta p\u00fablica at\u00e9 27 abr. - Portal Tela Portugal\" \/>\n<meta property=\"og:description\" content=\"Um projeto para uma central fotovoltaica no Crato est\u00e1 em consulta p\u00fablica. O per\u00edodo de consulta termina no dia 27 de abril. Pessoas interessadas podem enviar coment\u00e1rios durante o processo. O conte\u00fado completo da not\u00edcia est\u00e1 dispon\u00edvel apenas para subscritores. N\u00e3o h\u00e1 mais detalhe adicional no texto dispon\u00edvel.\" \/>\n<meta property=\"og:url\" content=\"https:\/\/portaltela.pt\/noticias\/2026\/04\/08\/projeto-de-central-fotovoltaica-no-crato-entra-em-consulta-publica-ate-27-abr\/\" \/>\n<meta property=\"og:site_name\" content=\"Portal Tela Portugal\" \/>\n<meta property=\"article:published_time\" content=\"2026-04-08T18:33:10+00:00\" \/>\n<meta name=\"author\" content=\"Telinha\" \/>\n<meta name=\"twitter:card\" content=\"summary_large_image\" \/>\n<meta name=\"twitter:label1\" content=\"Escrito por\" \/>\n\t<meta name=\"twitter:data1\" content=\"Telinha\" \/>\n\t<meta name=\"twitter:label2\" content=\"Tempo estimado de leitura\" \/>\n\t<meta name=\"twitter:data2\" content=\"1 minuto\" \/>\n<script type=\"application\/ld+json\" class=\"yoast-schema-graph\">{\"@context\":\"https:\/\/schema.org\",\"@graph\":[{\"@type\":\"Article\",\"@id\":\"https:\/\/portaltela.pt\/noticias\/2026\/04\/08\/projeto-de-central-fotovoltaica-no-crato-entra-em-consulta-publica-ate-27-abr\/#article\",\"isPartOf\":{\"@id\":\"https:\/\/portaltela.pt\/noticias\/2026\/04\/08\/projeto-de-central-fotovoltaica-no-crato-entra-em-consulta-publica-ate-27-abr\/\"},\"author\":{\"name\":\"Telinha\",\"@id\":\"https:\/\/portaltela.pt\/#\/schema\/person\/c4278d4a6028830caff9ee44b42d32ed\"},\"headline\":\"Projeto de central fotovoltaica no Crato entra em consulta p\u00fablica at\u00e9 27 abr.\",\"datePublished\":\"2026-04-08T18:33:10+00:00\",\"mainEntityOfPage\":{\"@id\":\"https:\/\/portaltela.pt\/noticias\/2026\/04\/08\/projeto-de-central-fotovoltaica-no-crato-entra-em-consulta-publica-ate-27-abr\/\"},\"wordCount\":127,\"image\":{\"@id\":\"https:\/\/portaltela.pt\/noticias\/2026\/04\/08\/projeto-de-central-fotovoltaica-no-crato-entra-em-consulta-publica-ate-27-abr\/#primaryimage\"},\"thumbnailUrl\":\"https:\/\/portaltela.pt\/s.01k8rhncp4jt1\/2026\/04\/CACHE_780X1200_ANALOG_WATERMARKED_38500829_586307217743949.jpg\",\"keywords\":[\"_energia\",\"_meio-ambiente\",\"desenvolvimento sustent\u00e1vel\",\"energia\",\"energia renov\u00e1vel\",\"Portugal\"],\"articleSection\":[\"Energia\",\"Renov\u00e1veis\"],\"inLanguage\":\"pt-PT\"},{\"@type\":\"WebPage\",\"@id\":\"https:\/\/portaltela.pt\/noticias\/2026\/04\/08\/projeto-de-central-fotovoltaica-no-crato-entra-em-consulta-publica-ate-27-abr\/\",\"url\":\"https:\/\/portaltela.pt\/noticias\/2026\/04\/08\/projeto-de-central-fotovoltaica-no-crato-entra-em-consulta-publica-ate-27-abr\/\",\"name\":\"Projeto de central fotovoltaica no Crato entra em consulta p\u00fablica at\u00e9 27 abr. - Portal Tela Portugal\",\"isPartOf\":{\"@id\":\"https:\/\/portaltela.pt\/#website\"},\"primaryImageOfPage\":{\"@id\":\"https:\/\/portaltela.pt\/noticias\/2026\/04\/08\/projeto-de-central-fotovoltaica-no-crato-entra-em-consulta-publica-ate-27-abr\/#primaryimage\"},\"image\":{\"@id\":\"https:\/\/portaltela.pt\/noticias\/2026\/04\/08\/projeto-de-central-fotovoltaica-no-crato-entra-em-consulta-publica-ate-27-abr\/#primaryimage\"},\"thumbnailUrl\":\"https:\/\/portaltela.pt\/s.01k8rhncp4jt1\/2026\/04\/CACHE_780X1200_ANALOG_WATERMARKED_38500829_586307217743949.jpg\",\"datePublished\":\"2026-04-08T18:33:10+00:00\",\"author\":{\"@id\":\"https:\/\/portaltela.pt\/#\/schema\/person\/c4278d4a6028830caff9ee44b42d32ed\"},\"breadcrumb\":{\"@id\":\"https:\/\/portaltela.pt\/noticias\/2026\/04\/08\/projeto-de-central-fotovoltaica-no-crato-entra-em-consulta-publica-ate-27-abr\/#breadcrumb\"},\"inLanguage\":\"pt-PT\",\"potentialAction\":[{\"@type\":\"ReadAction\",\"target\":[\"https:\/\/portaltela.pt\/noticias\/2026\/04\/08\/projeto-de-central-fotovoltaica-no-crato-entra-em-consulta-publica-ate-27-abr\/\"]}]},{\"@type\":\"ImageObject\",\"inLanguage\":\"pt-PT\",\"@id\":\"https:\/\/portaltela.pt\/noticias\/2026\/04\/08\/projeto-de-central-fotovoltaica-no-crato-entra-em-consulta-publica-ate-27-abr\/#primaryimage\",\"url\":\"https:\/\/portaltela.pt\/s.01k8rhncp4jt1\/2026\/04\/CACHE_780X1200_ANALOG_WATERMARKED_38500829_586307217743949.jpg\",\"contentUrl\":\"https:\/\/portaltela.pt\/s.01k8rhncp4jt1\/2026\/04\/CACHE_780X1200_ANALOG_WATERMARKED_38500829_586307217743949.jpg\",\"width\":796,\"height\":448,\"caption\":\"Projeto para central fotovoltaica no Crato em consulta p\u00fablica at\u00e9 27 de abril\"},{\"@type\":\"BreadcrumbList\",\"@id\":\"https:\/\/portaltela.pt\/noticias\/2026\/04\/08\/projeto-de-central-fotovoltaica-no-crato-entra-em-consulta-publica-ate-27-abr\/#breadcrumb\",\"itemListElement\":[{\"@type\":\"ListItem\",\"position\":1,\"name\":\"In\u00edcio\",\"item\":\"https:\/\/portaltela.pt\/\"},{\"@type\":\"ListItem\",\"position\":2,\"name\":\"Projeto de central fotovoltaica no Crato entra em consulta p\u00fablica at\u00e9 27 abr.\"}]},{\"@type\":\"WebSite\",\"@id\":\"https:\/\/portaltela.pt\/#website\",\"url\":\"https:\/\/portaltela.pt\/\",\"name\":\"Portal Tela Portugal\",\"description\":\"\",\"potentialAction\":[{\"@type\":\"SearchAction\",\"target\":{\"@type\":\"EntryPoint\",\"urlTemplate\":\"https:\/\/portaltela.pt\/?s={search_term_string}\"},\"query-input\":{\"@type\":\"PropertyValueSpecification\",\"valueRequired\":true,\"valueName\":\"search_term_string\"}}],\"inLanguage\":\"pt-PT\"},{\"@type\":\"Person\",\"@id\":\"https:\/\/portaltela.pt\/#\/schema\/person\/c4278d4a6028830caff9ee44b42d32ed\",\"name\":\"Telinha\",\"image\":{\"@type\":\"ImageObject\",\"inLanguage\":\"pt-PT\",\"@id\":\"https:\/\/portaltela.pt\/s.01k8rhncp4jt1\/2025\/11\/talking-bot-125x125.png\",\"url\":\"https:\/\/portaltela.pt\/s.01k8rhncp4jt1\/2025\/11\/talking-bot-125x125.png\",\"contentUrl\":\"https:\/\/portaltela.pt\/s.01k8rhncp4jt1\/2025\/11\/talking-bot-125x125.png\",\"caption\":\"Telinha\"},\"sameAs\":[\"https:\/\/portaltela.pt\/\"],\"url\":\"https:\/\/portaltela.pt\/por\/367410592786\/\"}]}<\/script>\n<!-- \/ Yoast SEO plugin. -->","yoast_head_json":{"title":"Projeto de central fotovoltaica no Crato entra em consulta p\u00fablica at\u00e9 27 abr. - Portal Tela Portugal","robots":{"index":"index","follow":"follow","max-snippet":"max-snippet:-1","max-image-preview":"max-image-preview:large","max-video-preview":"max-video-preview:-1"},"og_locale":"pt_PT","og_type":"article","og_title":"Projeto de central fotovoltaica no Crato entra em consulta p\u00fablica at\u00e9 27 abr. - Portal Tela Portugal","og_description":"Um projeto para uma central fotovoltaica no Crato est\u00e1 em consulta p\u00fablica. O per\u00edodo de consulta termina no dia 27 de abril. Pessoas interessadas podem enviar coment\u00e1rios durante o processo. O conte\u00fado completo da not\u00edcia est\u00e1 dispon\u00edvel apenas para subscritores. N\u00e3o h\u00e1 mais detalhe adicional no texto dispon\u00edvel.","og_url":"https:\/\/portaltela.pt\/noticias\/2026\/04\/08\/projeto-de-central-fotovoltaica-no-crato-entra-em-consulta-publica-ate-27-abr\/","og_site_name":"Portal Tela Portugal","article_published_time":"2026-04-08T18:33:10+00:00","author":"Telinha","twitter_card":"summary_large_image","twitter_misc":{"Escrito por":"Telinha","Tempo estimado de leitura":"1 minuto"},"schema":{"@context":"https:\/\/schema.org","@graph":[{"@type":"Article","@id":"https:\/\/portaltela.pt\/noticias\/2026\/04\/08\/projeto-de-central-fotovoltaica-no-crato-entra-em-consulta-publica-ate-27-abr\/#article","isPartOf":{"@id":"https:\/\/portaltela.pt\/noticias\/2026\/04\/08\/projeto-de-central-fotovoltaica-no-crato-entra-em-consulta-publica-ate-27-abr\/"},"author":{"name":"Telinha","@id":"https:\/\/portaltela.pt\/#\/schema\/person\/c4278d4a6028830caff9ee44b42d32ed"},"headline":"Projeto de central fotovoltaica no Crato entra em consulta p\u00fablica at\u00e9 27 abr.","datePublished":"2026-04-08T18:33:10+00:00","mainEntityOfPage":{"@id":"https:\/\/portaltela.pt\/noticias\/2026\/04\/08\/projeto-de-central-fotovoltaica-no-crato-entra-em-consulta-publica-ate-27-abr\/"},"wordCount":127,"image":{"@id":"https:\/\/portaltela.pt\/noticias\/2026\/04\/08\/projeto-de-central-fotovoltaica-no-crato-entra-em-consulta-publica-ate-27-abr\/#primaryimage"},"thumbnailUrl":"https:\/\/portaltela.pt\/s.01k8rhncp4jt1\/2026\/04\/CACHE_780X1200_ANALOG_WATERMARKED_38500829_586307217743949.jpg","keywords":["_energia","_meio-ambiente","desenvolvimento sustent\u00e1vel","energia","energia renov\u00e1vel","Portugal"],"articleSection":["Energia","Renov\u00e1veis"],"inLanguage":"pt-PT"},{"@type":"WebPage","@id":"https:\/\/portaltela.pt\/noticias\/2026\/04\/08\/projeto-de-central-fotovoltaica-no-crato-entra-em-consulta-publica-ate-27-abr\/","url":"https:\/\/portaltela.pt\/noticias\/2026\/04\/08\/projeto-de-central-fotovoltaica-no-crato-entra-em-consulta-publica-ate-27-abr\/","name":"Projeto de central fotovoltaica no Crato entra em consulta p\u00fablica at\u00e9 27 abr. - Portal Tela Portugal","isPartOf":{"@id":"https:\/\/portaltela.pt\/#website"},"primaryImageOfPage":{"@id":"https:\/\/portaltela.pt\/noticias\/2026\/04\/08\/projeto-de-central-fotovoltaica-no-crato-entra-em-consulta-publica-ate-27-abr\/#primaryimage"},"image":{"@id":"https:\/\/portaltela.pt\/noticias\/2026\/04\/08\/projeto-de-central-fotovoltaica-no-crato-entra-em-consulta-publica-ate-27-abr\/#primaryimage"},"thumbnailUrl":"https:\/\/portaltela.pt\/s.01k8rhncp4jt1\/2026\/04\/CACHE_780X1200_ANALOG_WATERMARKED_38500829_586307217743949.jpg","datePublished":"2026-04-08T18:33:10+00:00","author":{"@id":"https:\/\/portaltela.pt\/#\/schema\/person\/c4278d4a6028830caff9ee44b42d32ed"},"breadcrumb":{"@id":"https:\/\/portaltela.pt\/noticias\/2026\/04\/08\/projeto-de-central-fotovoltaica-no-crato-entra-em-consulta-publica-ate-27-abr\/#breadcrumb"},"inLanguage":"pt-PT","potentialAction":[{"@type":"ReadAction","target":["https:\/\/portaltela.pt\/noticias\/2026\/04\/08\/projeto-de-central-fotovoltaica-no-crato-entra-em-consulta-publica-ate-27-abr\/"]}]},{"@type":"ImageObject","inLanguage":"pt-PT","@id":"https:\/\/portaltela.pt\/noticias\/2026\/04\/08\/projeto-de-central-fotovoltaica-no-crato-entra-em-consulta-publica-ate-27-abr\/#primaryimage","url":"https:\/\/portaltela.pt\/s.01k8rhncp4jt1\/2026\/04\/CACHE_780X1200_ANALOG_WATERMARKED_38500829_586307217743949.jpg","contentUrl":"https:\/\/portaltela.pt\/s.01k8rhncp4jt1\/2026\/04\/CACHE_780X1200_ANALOG_WATERMARKED_38500829_586307217743949.jpg","width":796,"height":448,"caption":"Projeto para central fotovoltaica no Crato em consulta p\u00fablica at\u00e9 27 de abril"},{"@type":"BreadcrumbList","@id":"https:\/\/portaltela.pt\/noticias\/2026\/04\/08\/projeto-de-central-fotovoltaica-no-crato-entra-em-consulta-publica-ate-27-abr\/#breadcrumb","itemListElement":[{"@type":"ListItem","position":1,"name":"In\u00edcio","item":"https:\/\/portaltela.pt\/"},{"@type":"ListItem","position":2,"name":"Projeto de central fotovoltaica no Crato entra em consulta p\u00fablica at\u00e9 27 abr."}]},{"@type":"WebSite","@id":"https:\/\/portaltela.pt\/#website","url":"https:\/\/portaltela.pt\/","name":"Portal Tela Portugal","description":"","potentialAction":[{"@type":"SearchAction","target":{"@type":"EntryPoint","urlTemplate":"https:\/\/portaltela.pt\/?s={search_term_string}"},"query-input":{"@type":"PropertyValueSpecification","valueRequired":true,"valueName":"search_term_string"}}],"inLanguage":"pt-PT"},{"@type":"Person","@id":"https:\/\/portaltela.pt\/#\/schema\/person\/c4278d4a6028830caff9ee44b42d32ed","name":"Telinha","image":{"@type":"ImageObject","inLanguage":"pt-PT","@id":"https:\/\/portaltela.pt\/s.01k8rhncp4jt1\/2025\/11\/talking-bot-125x125.png","url":"https:\/\/portaltela.pt\/s.01k8rhncp4jt1\/2025\/11\/talking-bot-125x125.png","contentUrl":"https:\/\/portaltela.pt\/s.01k8rhncp4jt1\/2025\/11\/talking-bot-125x125.png","caption":"Telinha"},"sameAs":["https:\/\/portaltela.pt\/"],"url":"https:\/\/portaltela.pt\/por\/367410592786\/"}]}},"_links":{"self":[{"href":"https:\/\/portaltela.pt\/api\/wp\/v2\/posts\/437091","targetHints":{"allow":["GET"]}}],"collection":[{"href":"https:\/\/portaltela.pt\/api\/wp\/v2\/posts"}],"about":[{"href":"https:\/\/portaltela.pt\/api\/wp\/v2\/types\/post"}],"author":[{"embeddable":true,"href":"https:\/\/portaltela.pt\/api\/wp\/v2\/users\/2"}],"replies":[{"embeddable":true,"href":"https:\/\/portaltela.pt\/api\/wp\/v2\/comments?post=437091"}],"version-history":[{"count":0,"href":"https:\/\/portaltela.pt\/api\/wp\/v2\/posts\/437091\/revisions"}],"wp:featuredmedia":[{"embeddable":true,"href":"https:\/\/portaltela.pt\/api\/wp\/v2\/media\/437095"}],"wp:attachment":[{"href":"https:\/\/portaltela.pt\/api\/wp\/v2\/media?parent=437091"}],"wp:term":[{"taxonomy":"category","embeddable":true,"href":"https:\/\/portaltela.pt\/api\/wp\/v2\/categories?post=437091"},{"taxonomy":"post_tag","embeddable":true,"href":"https:\/\/portaltela.pt\/api\/wp\/v2\/tags?post=437091"}],"curies":[{"name":"wp","href":"https:\/\/api.w.org\/{rel}","templated":true}]}}