{"id":437077,"date":"2026-04-08T15:17:23","date_gmt":"2026-04-08T18:17:23","guid":{"rendered":"https:\/\/portaltela.pt\/noticias\/2026\/04\/08\/carolina-correia-e-barbara-lopes-celebram-presenca-na-selecao-feminina\/"},"modified":"2026-04-08T15:17:23","modified_gmt":"2026-04-08T18:17:23","slug":"carolina-correia-e-barbara-lopes-celebram-presenca-na-selecao-feminina","status":"publish","type":"post","link":"https:\/\/portaltela.pt\/desporto\/futebol\/2026\/04\/08\/carolina-correia-e-barbara-lopes-celebram-presenca-na-selecao-feminina\/","title":{"rendered":"Carolina Correia e B\u00e1rbara Lopes celebram presen\u00e7a na Sele\u00e7\u00e3o feminina"},"content":{"rendered":"<p>Portugal encara Let\u00f3nia e Eslov\u00e1quia na fase de apuramento para o Mundial 2027, com as jogadoras Carolina Correia e B\u00e1rbara Lopes a mostrarem orgulho pelo Torreense, clube Representado pelas internacionais no est\u00e1gio em Oeiras.<\/p>\n<p>Correia frisou o orgulho pelo trabalho di\u00e1rio do Torreense no futebol feminino, destacando que a presen\u00e7a na sele\u00e7\u00e3o reflecte o crescimento do clube, bem como o esfor\u00e7o individual das jogadoras. Lopes, que regressa \u00e0 sele\u00e7\u00e3o, elogiou o investimento na equipa e o retorno do esfor\u00e7o coletivo.<\/p>\n<p>Correia avisou para dificuldades dos dois encontros, com foco na Let\u00f3nia, advers\u00e1ria que ainda n\u00e3o jogou em casa e tem marcado golos fora. Lopes considera os jogos muito competitivos e espera apoio de f\u00e3s portugueses, mesmo a dist\u00e2ncia, para manter o n\u00edvel da equipa.<\/p>\n<h3>Prepara\u00e7\u00e3o e contexto<\/h3>\n<p>As jogadoras integraram-se no treino da equipa das Quinas na Cidade do Futebol, em Oeiras, sem a defesa Joana March\u00e3o, considerada inapta pelo departamento m\u00e9dico e dispensada dos treinos. A sele\u00e7\u00e3o inicia nova sess\u00e3o na quinta-feira, tamb\u00e9m em Oeiras, no campo 1.<\/p>\n<p>Portugal est\u00e1 no Grupo B3 da qualifica\u00e7\u00e3o e disputa o acesso aos play-offs para o Mundial, em 2027, no Brasil. A equipa lidera o grupo com seis pontos, seguido pela Finl\u00e2ndia e Eslov\u00e1quia com tr\u00eas, enquanto a Let\u00f3nia soma zero.<\/p>\n<p>Os pr\u00f3ximos compromissos s\u00e3o contra a Let\u00f3nia, em Riga, no Daugava Stadium, ter\u00e7a-feira \u00e0s 18:00, e contra a Eslov\u00e1quia, em Presov, s\u00e1bado, \u00e0s 15:00, na Tatran Arena.<\/p>\n","protected":false},"excerpt":{"rendered":"<ul>\n<li>Carolina Correia e B\u00e1rbara Lopes destacaram o orgulho pela presen\u00e7a na sele\u00e7\u00e3o, refletindo o trabalho do Torreense no futebol feminino.<\/li>\n<li>As jogadoras integram a convocat\u00f3ria da Sele\u00e7\u00e3o Feminina na fase de apuramento para o Mundial 2027, com o est\u00e1gio iniciado na Cidade do Futebol, em Oeiras.<\/li>\n<li>Portugal defronta a Let\u00f3nia na ter\u00e7a-feira, \u00e0s 18h, em Riga, e a Eslov\u00e1quia no s\u00e1bado, \u00e0s 15h, no Grupo B\u00b3.<\/li>\n<li>A defesa Joana March\u00e3o foi considerada inapta pelo departamento m\u00e9dico da Federa\u00e7\u00e3o Portuguesa de Futebol e ficou de fora dos treinos.<\/li>\n<li>A sele\u00e7\u00e3o lidera o Grupo B\u00b3 com seis pontos; Finl\u00e2ndia e Eslov\u00e1quia t\u00eam tr\u00eas, Let\u00f3nia continua sem pontos.<\/li>\n<\/ul>\n","protected":false},"author":2,"featured_media":437081,"comment_status":"closed","ping_status":"closed","sticky":false,"template":"","format":"standard","meta":{"footnotes":""},"categories":[21,24],"tags":[5689,32,1030,2166,1014,2057],"class_list":["post-437077","post","type-post","status-publish","format-standard","has-post-thumbnail","hentry","category-desporto","category-futebol","tag-eslovaquia","tag-futebol","tag-futebol-feminino","tag-letonia","tag-portugal","tag-selecao-nacional"],"yoast_head":"<!-- This site is optimized with the Yoast SEO plugin v27.2 - https:\/\/yoast.com\/product\/yoast-seo-wordpress\/ -->\n<title>Carolina Correia e B\u00e1rbara Lopes celebram presen\u00e7a na Sele\u00e7\u00e3o feminina - Portal Tela Portugal<\/title>\n<meta name=\"robots\" content=\"index, follow, max-snippet:-1, max-image-preview:large, max-video-preview:-1\" \/>\n<meta property=\"og:locale\" content=\"pt_PT\" \/>\n<meta property=\"og:type\" content=\"article\" \/>\n<meta property=\"og:title\" content=\"Carolina Correia e B\u00e1rbara Lopes celebram presen\u00e7a na Sele\u00e7\u00e3o feminina - Portal Tela Portugal\" \/>\n<meta property=\"og:description\" content=\"Carolina Correia e B\u00e1rbara Lopes destacaram o orgulho pela presen\u00e7a na sele\u00e7\u00e3o, refletindo o trabalho do Torreense no futebol feminino. As jogadoras integram a convocat\u00f3ria da Sele\u00e7\u00e3o Feminina na fase de apuramento para o Mundial 2027, com o est\u00e1gio iniciado na Cidade do Futebol, em Oeiras. Portugal defronta a Let\u00f3nia na ter\u00e7a-feira, \u00e0s 18h, em Riga, e a Eslov\u00e1quia no s\u00e1bado, \u00e0s 15h, no Grupo B\u00b3. A defesa Joana March\u00e3o foi considerada inapta pelo departamento m\u00e9dico da Federa\u00e7\u00e3o Portuguesa de Futebol e ficou de fora dos treinos. A sele\u00e7\u00e3o lidera o Grupo B\u00b3 com seis pontos; Finl\u00e2ndia e Eslov\u00e1quia t\u00eam tr\u00eas, Let\u00f3nia continua sem pontos.\" \/>\n<meta property=\"og:url\" content=\"https:\/\/portaltela.pt\/noticias\/2026\/04\/08\/carolina-correia-e-barbara-lopes-celebram-presenca-na-selecao-feminina\/\" \/>\n<meta property=\"og:site_name\" content=\"Portal Tela Portugal\" \/>\n<meta property=\"article:published_time\" content=\"2026-04-08T18:17:23+00:00\" \/>\n<meta name=\"author\" content=\"Telinha\" \/>\n<meta name=\"twitter:card\" content=\"summary_large_image\" \/>\n<meta name=\"twitter:label1\" content=\"Escrito por\" \/>\n\t<meta name=\"twitter:data1\" content=\"Telinha\" \/>\n\t<meta name=\"twitter:label2\" content=\"Tempo estimado de leitura\" \/>\n\t<meta name=\"twitter:data2\" content=\"1 minuto\" \/>\n<script type=\"application\/ld+json\" class=\"yoast-schema-graph\">{\"@context\":\"https:\/\/schema.org\",\"@graph\":[{\"@type\":\"Article\",\"@id\":\"https:\/\/portaltela.pt\/noticias\/2026\/04\/08\/carolina-correia-e-barbara-lopes-celebram-presenca-na-selecao-feminina\/#article\",\"isPartOf\":{\"@id\":\"https:\/\/portaltela.pt\/noticias\/2026\/04\/08\/carolina-correia-e-barbara-lopes-celebram-presenca-na-selecao-feminina\/\"},\"author\":{\"name\":\"Telinha\",\"@id\":\"https:\/\/portaltela.pt\/#\/schema\/person\/c4278d4a6028830caff9ee44b42d32ed\"},\"headline\":\"Carolina Correia e B\u00e1rbara Lopes celebram presen\u00e7a na Sele\u00e7\u00e3o feminina\",\"datePublished\":\"2026-04-08T18:17:23+00:00\",\"mainEntityOfPage\":{\"@id\":\"https:\/\/portaltela.pt\/noticias\/2026\/04\/08\/carolina-correia-e-barbara-lopes-celebram-presenca-na-selecao-feminina\/\"},\"wordCount\":276,\"image\":{\"@id\":\"https:\/\/portaltela.pt\/noticias\/2026\/04\/08\/carolina-correia-e-barbara-lopes-celebram-presenca-na-selecao-feminina\/#primaryimage\"},\"thumbnailUrl\":\"https:\/\/portaltela.pt\/s.01k8rhncp4jt1\/2026\/04\/img_920x518uu2026-04-08-18-53-01-2431835.jpg\",\"keywords\":[\"Eslov\u00e1quia\",\"futebol\",\"futebol feminino\",\"Let\u00f3nia\",\"Portugal\",\"Sele\u00e7\u00e3o Nacional\"],\"articleSection\":[\"Desporto\",\"Futebol\"],\"inLanguage\":\"pt-PT\"},{\"@type\":\"WebPage\",\"@id\":\"https:\/\/portaltela.pt\/noticias\/2026\/04\/08\/carolina-correia-e-barbara-lopes-celebram-presenca-na-selecao-feminina\/\",\"url\":\"https:\/\/portaltela.pt\/noticias\/2026\/04\/08\/carolina-correia-e-barbara-lopes-celebram-presenca-na-selecao-feminina\/\",\"name\":\"Carolina Correia e B\u00e1rbara Lopes celebram presen\u00e7a na Sele\u00e7\u00e3o feminina - Portal Tela Portugal\",\"isPartOf\":{\"@id\":\"https:\/\/portaltela.pt\/#website\"},\"primaryImageOfPage\":{\"@id\":\"https:\/\/portaltela.pt\/noticias\/2026\/04\/08\/carolina-correia-e-barbara-lopes-celebram-presenca-na-selecao-feminina\/#primaryimage\"},\"image\":{\"@id\":\"https:\/\/portaltela.pt\/noticias\/2026\/04\/08\/carolina-correia-e-barbara-lopes-celebram-presenca-na-selecao-feminina\/#primaryimage\"},\"thumbnailUrl\":\"https:\/\/portaltela.pt\/s.01k8rhncp4jt1\/2026\/04\/img_920x518uu2026-04-08-18-53-01-2431835.jpg\",\"datePublished\":\"2026-04-08T18:17:23+00:00\",\"author\":{\"@id\":\"https:\/\/portaltela.pt\/#\/schema\/person\/c4278d4a6028830caff9ee44b42d32ed\"},\"breadcrumb\":{\"@id\":\"https:\/\/portaltela.pt\/noticias\/2026\/04\/08\/carolina-correia-e-barbara-lopes-celebram-presenca-na-selecao-feminina\/#breadcrumb\"},\"inLanguage\":\"pt-PT\",\"potentialAction\":[{\"@type\":\"ReadAction\",\"target\":[\"https:\/\/portaltela.pt\/noticias\/2026\/04\/08\/carolina-correia-e-barbara-lopes-celebram-presenca-na-selecao-feminina\/\"]}]},{\"@type\":\"ImageObject\",\"inLanguage\":\"pt-PT\",\"@id\":\"https:\/\/portaltela.pt\/noticias\/2026\/04\/08\/carolina-correia-e-barbara-lopes-celebram-presenca-na-selecao-feminina\/#primaryimage\",\"url\":\"https:\/\/portaltela.pt\/s.01k8rhncp4jt1\/2026\/04\/img_920x518uu2026-04-08-18-53-01-2431835.jpg\",\"contentUrl\":\"https:\/\/portaltela.pt\/s.01k8rhncp4jt1\/2026\/04\/img_920x518uu2026-04-08-18-53-01-2431835.jpg\",\"width\":796,\"height\":448,\"caption\":\"Carolina Correia e B\u00e1rbara Lopes orgulhosas com presen\u00e7a na Sele\u00e7\u00e3o\"},{\"@type\":\"BreadcrumbList\",\"@id\":\"https:\/\/portaltela.pt\/noticias\/2026\/04\/08\/carolina-correia-e-barbara-lopes-celebram-presenca-na-selecao-feminina\/#breadcrumb\",\"itemListElement\":[{\"@type\":\"ListItem\",\"position\":1,\"name\":\"In\u00edcio\",\"item\":\"https:\/\/portaltela.pt\/\"},{\"@type\":\"ListItem\",\"position\":2,\"name\":\"Carolina Correia e B\u00e1rbara Lopes celebram presen\u00e7a na Sele\u00e7\u00e3o feminina\"}]},{\"@type\":\"WebSite\",\"@id\":\"https:\/\/portaltela.pt\/#website\",\"url\":\"https:\/\/portaltela.pt\/\",\"name\":\"Portal Tela Portugal\",\"description\":\"\",\"potentialAction\":[{\"@type\":\"SearchAction\",\"target\":{\"@type\":\"EntryPoint\",\"urlTemplate\":\"https:\/\/portaltela.pt\/?s={search_term_string}\"},\"query-input\":{\"@type\":\"PropertyValueSpecification\",\"valueRequired\":true,\"valueName\":\"search_term_string\"}}],\"inLanguage\":\"pt-PT\"},{\"@type\":\"Person\",\"@id\":\"https:\/\/portaltela.pt\/#\/schema\/person\/c4278d4a6028830caff9ee44b42d32ed\",\"name\":\"Telinha\",\"image\":{\"@type\":\"ImageObject\",\"inLanguage\":\"pt-PT\",\"@id\":\"https:\/\/portaltela.pt\/s.01k8rhncp4jt1\/2025\/11\/talking-bot-125x125.png\",\"url\":\"https:\/\/portaltela.pt\/s.01k8rhncp4jt1\/2025\/11\/talking-bot-125x125.png\",\"contentUrl\":\"https:\/\/portaltela.pt\/s.01k8rhncp4jt1\/2025\/11\/talking-bot-125x125.png\",\"caption\":\"Telinha\"},\"sameAs\":[\"https:\/\/portaltela.pt\/\"],\"url\":\"https:\/\/portaltela.pt\/por\/367410592786\/\"}]}<\/script>\n<!-- \/ Yoast SEO plugin. -->","yoast_head_json":{"title":"Carolina Correia e B\u00e1rbara Lopes celebram presen\u00e7a na Sele\u00e7\u00e3o feminina - Portal Tela Portugal","robots":{"index":"index","follow":"follow","max-snippet":"max-snippet:-1","max-image-preview":"max-image-preview:large","max-video-preview":"max-video-preview:-1"},"og_locale":"pt_PT","og_type":"article","og_title":"Carolina Correia e B\u00e1rbara Lopes celebram presen\u00e7a na Sele\u00e7\u00e3o feminina - Portal Tela Portugal","og_description":"Carolina Correia e B\u00e1rbara Lopes destacaram o orgulho pela presen\u00e7a na sele\u00e7\u00e3o, refletindo o trabalho do Torreense no futebol feminino. As jogadoras integram a convocat\u00f3ria da Sele\u00e7\u00e3o Feminina na fase de apuramento para o Mundial 2027, com o est\u00e1gio iniciado na Cidade do Futebol, em Oeiras. Portugal defronta a Let\u00f3nia na ter\u00e7a-feira, \u00e0s 18h, em Riga, e a Eslov\u00e1quia no s\u00e1bado, \u00e0s 15h, no Grupo B\u00b3. A defesa Joana March\u00e3o foi considerada inapta pelo departamento m\u00e9dico da Federa\u00e7\u00e3o Portuguesa de Futebol e ficou de fora dos treinos. A sele\u00e7\u00e3o lidera o Grupo B\u00b3 com seis pontos; Finl\u00e2ndia e Eslov\u00e1quia t\u00eam tr\u00eas, Let\u00f3nia continua sem pontos.","og_url":"https:\/\/portaltela.pt\/noticias\/2026\/04\/08\/carolina-correia-e-barbara-lopes-celebram-presenca-na-selecao-feminina\/","og_site_name":"Portal Tela Portugal","article_published_time":"2026-04-08T18:17:23+00:00","author":"Telinha","twitter_card":"summary_large_image","twitter_misc":{"Escrito por":"Telinha","Tempo estimado de leitura":"1 minuto"},"schema":{"@context":"https:\/\/schema.org","@graph":[{"@type":"Article","@id":"https:\/\/portaltela.pt\/noticias\/2026\/04\/08\/carolina-correia-e-barbara-lopes-celebram-presenca-na-selecao-feminina\/#article","isPartOf":{"@id":"https:\/\/portaltela.pt\/noticias\/2026\/04\/08\/carolina-correia-e-barbara-lopes-celebram-presenca-na-selecao-feminina\/"},"author":{"name":"Telinha","@id":"https:\/\/portaltela.pt\/#\/schema\/person\/c4278d4a6028830caff9ee44b42d32ed"},"headline":"Carolina Correia e B\u00e1rbara Lopes celebram presen\u00e7a na Sele\u00e7\u00e3o feminina","datePublished":"2026-04-08T18:17:23+00:00","mainEntityOfPage":{"@id":"https:\/\/portaltela.pt\/noticias\/2026\/04\/08\/carolina-correia-e-barbara-lopes-celebram-presenca-na-selecao-feminina\/"},"wordCount":276,"image":{"@id":"https:\/\/portaltela.pt\/noticias\/2026\/04\/08\/carolina-correia-e-barbara-lopes-celebram-presenca-na-selecao-feminina\/#primaryimage"},"thumbnailUrl":"https:\/\/portaltela.pt\/s.01k8rhncp4jt1\/2026\/04\/img_920x518uu2026-04-08-18-53-01-2431835.jpg","keywords":["Eslov\u00e1quia","futebol","futebol feminino","Let\u00f3nia","Portugal","Sele\u00e7\u00e3o Nacional"],"articleSection":["Desporto","Futebol"],"inLanguage":"pt-PT"},{"@type":"WebPage","@id":"https:\/\/portaltela.pt\/noticias\/2026\/04\/08\/carolina-correia-e-barbara-lopes-celebram-presenca-na-selecao-feminina\/","url":"https:\/\/portaltela.pt\/noticias\/2026\/04\/08\/carolina-correia-e-barbara-lopes-celebram-presenca-na-selecao-feminina\/","name":"Carolina Correia e B\u00e1rbara Lopes celebram presen\u00e7a na Sele\u00e7\u00e3o feminina - Portal Tela Portugal","isPartOf":{"@id":"https:\/\/portaltela.pt\/#website"},"primaryImageOfPage":{"@id":"https:\/\/portaltela.pt\/noticias\/2026\/04\/08\/carolina-correia-e-barbara-lopes-celebram-presenca-na-selecao-feminina\/#primaryimage"},"image":{"@id":"https:\/\/portaltela.pt\/noticias\/2026\/04\/08\/carolina-correia-e-barbara-lopes-celebram-presenca-na-selecao-feminina\/#primaryimage"},"thumbnailUrl":"https:\/\/portaltela.pt\/s.01k8rhncp4jt1\/2026\/04\/img_920x518uu2026-04-08-18-53-01-2431835.jpg","datePublished":"2026-04-08T18:17:23+00:00","author":{"@id":"https:\/\/portaltela.pt\/#\/schema\/person\/c4278d4a6028830caff9ee44b42d32ed"},"breadcrumb":{"@id":"https:\/\/portaltela.pt\/noticias\/2026\/04\/08\/carolina-correia-e-barbara-lopes-celebram-presenca-na-selecao-feminina\/#breadcrumb"},"inLanguage":"pt-PT","potentialAction":[{"@type":"ReadAction","target":["https:\/\/portaltela.pt\/noticias\/2026\/04\/08\/carolina-correia-e-barbara-lopes-celebram-presenca-na-selecao-feminina\/"]}]},{"@type":"ImageObject","inLanguage":"pt-PT","@id":"https:\/\/portaltela.pt\/noticias\/2026\/04\/08\/carolina-correia-e-barbara-lopes-celebram-presenca-na-selecao-feminina\/#primaryimage","url":"https:\/\/portaltela.pt\/s.01k8rhncp4jt1\/2026\/04\/img_920x518uu2026-04-08-18-53-01-2431835.jpg","contentUrl":"https:\/\/portaltela.pt\/s.01k8rhncp4jt1\/2026\/04\/img_920x518uu2026-04-08-18-53-01-2431835.jpg","width":796,"height":448,"caption":"Carolina Correia e B\u00e1rbara Lopes orgulhosas com presen\u00e7a na Sele\u00e7\u00e3o"},{"@type":"BreadcrumbList","@id":"https:\/\/portaltela.pt\/noticias\/2026\/04\/08\/carolina-correia-e-barbara-lopes-celebram-presenca-na-selecao-feminina\/#breadcrumb","itemListElement":[{"@type":"ListItem","position":1,"name":"In\u00edcio","item":"https:\/\/portaltela.pt\/"},{"@type":"ListItem","position":2,"name":"Carolina Correia e B\u00e1rbara Lopes celebram presen\u00e7a na Sele\u00e7\u00e3o feminina"}]},{"@type":"WebSite","@id":"https:\/\/portaltela.pt\/#website","url":"https:\/\/portaltela.pt\/","name":"Portal Tela Portugal","description":"","potentialAction":[{"@type":"SearchAction","target":{"@type":"EntryPoint","urlTemplate":"https:\/\/portaltela.pt\/?s={search_term_string}"},"query-input":{"@type":"PropertyValueSpecification","valueRequired":true,"valueName":"search_term_string"}}],"inLanguage":"pt-PT"},{"@type":"Person","@id":"https:\/\/portaltela.pt\/#\/schema\/person\/c4278d4a6028830caff9ee44b42d32ed","name":"Telinha","image":{"@type":"ImageObject","inLanguage":"pt-PT","@id":"https:\/\/portaltela.pt\/s.01k8rhncp4jt1\/2025\/11\/talking-bot-125x125.png","url":"https:\/\/portaltela.pt\/s.01k8rhncp4jt1\/2025\/11\/talking-bot-125x125.png","contentUrl":"https:\/\/portaltela.pt\/s.01k8rhncp4jt1\/2025\/11\/talking-bot-125x125.png","caption":"Telinha"},"sameAs":["https:\/\/portaltela.pt\/"],"url":"https:\/\/portaltela.pt\/por\/367410592786\/"}]}},"_links":{"self":[{"href":"https:\/\/portaltela.pt\/api\/wp\/v2\/posts\/437077","targetHints":{"allow":["GET"]}}],"collection":[{"href":"https:\/\/portaltela.pt\/api\/wp\/v2\/posts"}],"about":[{"href":"https:\/\/portaltela.pt\/api\/wp\/v2\/types\/post"}],"author":[{"embeddable":true,"href":"https:\/\/portaltela.pt\/api\/wp\/v2\/users\/2"}],"replies":[{"embeddable":true,"href":"https:\/\/portaltela.pt\/api\/wp\/v2\/comments?post=437077"}],"version-history":[{"count":0,"href":"https:\/\/portaltela.pt\/api\/wp\/v2\/posts\/437077\/revisions"}],"wp:featuredmedia":[{"embeddable":true,"href":"https:\/\/portaltela.pt\/api\/wp\/v2\/media\/437081"}],"wp:attachment":[{"href":"https:\/\/portaltela.pt\/api\/wp\/v2\/media?parent=437077"}],"wp:term":[{"taxonomy":"category","embeddable":true,"href":"https:\/\/portaltela.pt\/api\/wp\/v2\/categories?post=437077"},{"taxonomy":"post_tag","embeddable":true,"href":"https:\/\/portaltela.pt\/api\/wp\/v2\/tags?post=437077"}],"curies":[{"name":"wp","href":"https:\/\/api.w.org\/{rel}","templated":true}]}}