{"id":437043,"date":"2026-04-08T14:46:56","date_gmt":"2026-04-08T17:46:56","guid":{"rendered":"https:\/\/portaltela.pt\/noticias\/2026\/04\/08\/red-electrica-sabia-ha-tres-meses-que-o-sistema-falhava\/"},"modified":"2026-04-08T14:46:56","modified_gmt":"2026-04-08T17:46:56","slug":"red-electrica-sabia-ha-tres-meses-que-o-sistema-falhava","status":"publish","type":"post","link":"https:\/\/portaltela.pt\/energia\/2026\/04\/08\/red-electrica-sabia-ha-tres-meses-que-o-sistema-falhava\/","title":{"rendered":"Red El\u00e9ctrica sabia h\u00e1 tr\u00eas meses que o sistema falhava"},"content":{"rendered":"<p>Quase um ano ap\u00f3s o apag\u00e3o que afetou a Pen\u00ednsula Ib\u00e9rica, novas grava\u00e7\u00f5es revelam que a Red El\u00e9ctrica sabia, tr\u00eas meses antes, de um risco elevado de falha no sistema. As conversas, entre privadas e a operadora, foram divulgadas no Senado espanhol.<\/p>\n<p>Desde janeiro de 2025, t\u00e9cnicos da Red El\u00e9ctrica indicavam que o excesso de energia solar e a car\u00eancia de energia nuclear e de g\u00e1s podiam comprometer o abastecimento. As informa\u00e7\u00f5es surgem durante uma investiga\u00e7\u00e3o parlamentar.<\/p>\n<p>No dia 31 de janeiro, uma oscila\u00e7\u00e3o de grande escala na rede espanhola levou a Endesa a avisar a Asc\u00f3 que os grupos de produ\u00e7\u00e3o podiam ficar a zero. A RED El\u00e9ctrica qualificou o epis\u00f3dio como muito grave e fora do normal.<\/p>\n<h3>Desafios da in\u00e9rcia e da gera\u00e7\u00e3o<\/h3>\n<p>Os t\u00e9cnicos sublinharam que a energia solar n\u00e3o oferece in\u00e9rcia suficiente para a regula\u00e7\u00e3o do sistema, ao contr\u00e1rio da gera\u00e7\u00e3o t\u00e9rmica. Sem mais grandes grupos dispon\u00edveis, o restante n\u00e3o entrou na resposta \u00e0 falha.<\/p>\n<p>Apesar da acusa\u00e7\u00e3o oficial de que a falta de resposta das centrais programadas contribuiu para o apag\u00e3o, os \u00e1udios indicam que a aus\u00eancia de unidades t\u00e9rmicas e o excesso solar foram determinantes para as oscila\u00e7\u00f5es.<\/p>\n<p>A situa\u00e7\u00e3o tamb\u00e9m coloca em foco a gest\u00e3o da matriz energ\u00e9tica: a substitui\u00e7\u00e3o de unidades t\u00e9rmicas por solar, por pre\u00e7os, reduz a capacidade de regula\u00e7\u00e3o. Em 28 de abril, a operador programou o menor n\u00famero de grupos t\u00e9rmicos do ano.<\/p>\n<h3>Pormenores t\u00e9cnicos e rea\u00e7\u00e3o institucional<\/h3>\n<p>A lente nuclear contrastou com a posi\u00e7\u00e3o de Beatriz Corredor, presidente da Red El\u00e9ctrica, sobre a seguran\u00e7a da rede e o papel das renov\u00e1veis. Ela afirmou que a energia nuclear n\u00e3o \u00e9 necessariamente mais segura para o abastecimento.<\/p>\n<p>A Red El\u00e9ctrica manteve que as conversas divulgadas carecem de contexto e n\u00e3o podem ser entendidas como sinais pr\u00e9vios de um incidente. A empresa reiterou a sua posi\u00e7\u00e3o de neutralidade t\u00e9cnica.<\/p>\n","protected":false},"excerpt":{"rendered":"<ul>\n<li>Grava\u00e7\u00f5es a que o El Mundo teve acesso revelam que a Red El\u00e9ctrica sabia, desde janeiro de 2025, que havia um risco elevado de falha no sistema da Pen\u00ednsula Ib\u00e9rica, tr\u00eas meses antes do apag\u00e3o.<\/li>\n<li>T\u00e9cnicos apontaram como causas principais o excesso de energia solar e a falta de energia nuclear e de g\u00e1s, com uma oscila\u00e7\u00e3o de grande dimens\u00e3o registada na rede em 31 de janeiro.<\/li>\n<li>A Endesa informou que, na central nuclear de Asc\u00f3, os grupos de produ\u00e7\u00e3o estiveram em risco e, se disparassem, ficariam \u201ca zero\u201d; a Red El\u00e9ctrica reconheceu tratar-se de uma oscila\u00e7\u00e3o muito grave.<\/li>\n<li>A presidente da Red El\u00e9ctrica, Beatriz Corredor, negou qualquer falha da operadora, dizendo que mais grupos t\u00e9rmicos n\u00e3o teriam evitado o incidente; os \u00e1udios divulgados contrariam essa posi\u00e7\u00e3o.<\/li>\n<li>Os t\u00e9cnicos sublinharam que a energia solar n\u00e3o oferece in\u00e9rcia para a regula\u00e7\u00e3o do sistema e criticaram a redu\u00e7\u00e3o de unidades t\u00e9rmicas, substitu\u00eddas por solar, alegando que isso contribuiu para as oscila\u00e7\u00f5es.<\/li>\n<\/ul>\n","protected":false},"author":2,"featured_media":437047,"comment_status":"closed","ping_status":"closed","sticky":false,"template":"","format":"standard","meta":{"footnotes":""},"categories":[6806],"tags":[7775,28,4549,3603,45,7324],"class_list":["post-437043","post","type-post","status-publish","format-standard","has-post-thumbnail","hentry","category-energia","tag-_energia","tag-economia","tag-energia-eletrica","tag-energias-renovaveis","tag-meio-ambiente","tag-soberania-energetica"],"yoast_head":"<!-- This site is optimized with the Yoast SEO plugin v27.2 - https:\/\/yoast.com\/product\/yoast-seo-wordpress\/ -->\n<title>Red El\u00e9ctrica sabia h\u00e1 tr\u00eas meses que o sistema falhava - Portal Tela Portugal<\/title>\n<meta name=\"robots\" content=\"index, follow, max-snippet:-1, max-image-preview:large, max-video-preview:-1\" \/>\n<meta property=\"og:locale\" content=\"pt_PT\" \/>\n<meta property=\"og:type\" content=\"article\" \/>\n<meta property=\"og:title\" content=\"Red El\u00e9ctrica sabia h\u00e1 tr\u00eas meses que o sistema falhava - Portal Tela Portugal\" \/>\n<meta property=\"og:description\" content=\"Grava\u00e7\u00f5es a que o El Mundo teve acesso revelam que a Red El\u00e9ctrica sabia, desde janeiro de 2025, que havia um risco elevado de falha no sistema da Pen\u00ednsula Ib\u00e9rica, tr\u00eas meses antes do apag\u00e3o. T\u00e9cnicos apontaram como causas principais o excesso de energia solar e a falta de energia nuclear e de g\u00e1s, com uma oscila\u00e7\u00e3o de grande dimens\u00e3o registada na rede em 31 de janeiro. A Endesa informou que, na central nuclear de Asc\u00f3, os grupos de produ\u00e7\u00e3o estiveram em risco e, se disparassem, ficariam \u201ca zero\u201d; a Red El\u00e9ctrica reconheceu tratar-se de uma oscila\u00e7\u00e3o muito grave. A presidente da Red El\u00e9ctrica, Beatriz Corredor, negou qualquer falha da operadora, dizendo que mais grupos t\u00e9rmicos n\u00e3o teriam evitado o incidente; os \u00e1udios divulgados contrariam essa posi\u00e7\u00e3o. Os t\u00e9cnicos sublinharam que a energia solar n\u00e3o oferece in\u00e9rcia para a regula\u00e7\u00e3o do sistema e criticaram a redu\u00e7\u00e3o de unidades t\u00e9rmicas, substitu\u00eddas por solar, alegando que isso contribuiu para as oscila\u00e7\u00f5es.\" \/>\n<meta property=\"og:url\" content=\"https:\/\/portaltela.pt\/noticias\/2026\/04\/08\/red-electrica-sabia-ha-tres-meses-que-o-sistema-falhava\/\" \/>\n<meta property=\"og:site_name\" content=\"Portal Tela Portugal\" \/>\n<meta property=\"article:published_time\" content=\"2026-04-08T17:46:56+00:00\" \/>\n<meta name=\"author\" content=\"Telinha\" \/>\n<meta name=\"twitter:card\" content=\"summary_large_image\" \/>\n<meta name=\"twitter:label1\" content=\"Escrito por\" \/>\n\t<meta name=\"twitter:data1\" content=\"Telinha\" \/>\n\t<meta name=\"twitter:label2\" content=\"Tempo estimado de leitura\" \/>\n\t<meta name=\"twitter:data2\" content=\"2 minutos\" \/>\n<script type=\"application\/ld+json\" class=\"yoast-schema-graph\">{\"@context\":\"https:\/\/schema.org\",\"@graph\":[{\"@type\":\"Article\",\"@id\":\"https:\/\/portaltela.pt\/noticias\/2026\/04\/08\/red-electrica-sabia-ha-tres-meses-que-o-sistema-falhava\/#article\",\"isPartOf\":{\"@id\":\"https:\/\/portaltela.pt\/noticias\/2026\/04\/08\/red-electrica-sabia-ha-tres-meses-que-o-sistema-falhava\/\"},\"author\":{\"name\":\"Telinha\",\"@id\":\"https:\/\/portaltela.pt\/#\/schema\/person\/c4278d4a6028830caff9ee44b42d32ed\"},\"headline\":\"Red El\u00e9ctrica sabia h\u00e1 tr\u00eas meses que o sistema falhava\",\"datePublished\":\"2026-04-08T17:46:56+00:00\",\"mainEntityOfPage\":{\"@id\":\"https:\/\/portaltela.pt\/noticias\/2026\/04\/08\/red-electrica-sabia-ha-tres-meses-que-o-sistema-falhava\/\"},\"wordCount\":370,\"image\":{\"@id\":\"https:\/\/portaltela.pt\/noticias\/2026\/04\/08\/red-electrica-sabia-ha-tres-meses-que-o-sistema-falhava\/#primaryimage\"},\"thumbnailUrl\":\"https:\/\/portaltela.pt\/s.01k8rhncp4jt1\/2026\/04\/image-465.jpg\",\"keywords\":[\"_energia\",\"economia\",\"energia el\u00e9trica\",\"energias renov\u00e1veis\",\"meio-ambiente\",\"soberania energ\u00e9tica\"],\"articleSection\":[\"Energia\"],\"inLanguage\":\"pt-PT\"},{\"@type\":\"WebPage\",\"@id\":\"https:\/\/portaltela.pt\/noticias\/2026\/04\/08\/red-electrica-sabia-ha-tres-meses-que-o-sistema-falhava\/\",\"url\":\"https:\/\/portaltela.pt\/noticias\/2026\/04\/08\/red-electrica-sabia-ha-tres-meses-que-o-sistema-falhava\/\",\"name\":\"Red El\u00e9ctrica sabia h\u00e1 tr\u00eas meses que o sistema falhava - Portal Tela Portugal\",\"isPartOf\":{\"@id\":\"https:\/\/portaltela.pt\/#website\"},\"primaryImageOfPage\":{\"@id\":\"https:\/\/portaltela.pt\/noticias\/2026\/04\/08\/red-electrica-sabia-ha-tres-meses-que-o-sistema-falhava\/#primaryimage\"},\"image\":{\"@id\":\"https:\/\/portaltela.pt\/noticias\/2026\/04\/08\/red-electrica-sabia-ha-tres-meses-que-o-sistema-falhava\/#primaryimage\"},\"thumbnailUrl\":\"https:\/\/portaltela.pt\/s.01k8rhncp4jt1\/2026\/04\/image-465.jpg\",\"datePublished\":\"2026-04-08T17:46:56+00:00\",\"author\":{\"@id\":\"https:\/\/portaltela.pt\/#\/schema\/person\/c4278d4a6028830caff9ee44b42d32ed\"},\"breadcrumb\":{\"@id\":\"https:\/\/portaltela.pt\/noticias\/2026\/04\/08\/red-electrica-sabia-ha-tres-meses-que-o-sistema-falhava\/#breadcrumb\"},\"inLanguage\":\"pt-PT\",\"potentialAction\":[{\"@type\":\"ReadAction\",\"target\":[\"https:\/\/portaltela.pt\/noticias\/2026\/04\/08\/red-electrica-sabia-ha-tres-meses-que-o-sistema-falhava\/\"]}]},{\"@type\":\"ImageObject\",\"inLanguage\":\"pt-PT\",\"@id\":\"https:\/\/portaltela.pt\/noticias\/2026\/04\/08\/red-electrica-sabia-ha-tres-meses-que-o-sistema-falhava\/#primaryimage\",\"url\":\"https:\/\/portaltela.pt\/s.01k8rhncp4jt1\/2026\/04\/image-465.jpg\",\"contentUrl\":\"https:\/\/portaltela.pt\/s.01k8rhncp4jt1\/2026\/04\/image-465.jpg\",\"width\":796,\"height\":448,\"caption\":\"Presidente da empresa nega responsabilidade, mas novos \u00e1udios contradizem Beatriz Corredor\"},{\"@type\":\"BreadcrumbList\",\"@id\":\"https:\/\/portaltela.pt\/noticias\/2026\/04\/08\/red-electrica-sabia-ha-tres-meses-que-o-sistema-falhava\/#breadcrumb\",\"itemListElement\":[{\"@type\":\"ListItem\",\"position\":1,\"name\":\"In\u00edcio\",\"item\":\"https:\/\/portaltela.pt\/\"},{\"@type\":\"ListItem\",\"position\":2,\"name\":\"Red El\u00e9ctrica sabia h\u00e1 tr\u00eas meses que o sistema falhava\"}]},{\"@type\":\"WebSite\",\"@id\":\"https:\/\/portaltela.pt\/#website\",\"url\":\"https:\/\/portaltela.pt\/\",\"name\":\"Portal Tela Portugal\",\"description\":\"\",\"potentialAction\":[{\"@type\":\"SearchAction\",\"target\":{\"@type\":\"EntryPoint\",\"urlTemplate\":\"https:\/\/portaltela.pt\/?s={search_term_string}\"},\"query-input\":{\"@type\":\"PropertyValueSpecification\",\"valueRequired\":true,\"valueName\":\"search_term_string\"}}],\"inLanguage\":\"pt-PT\"},{\"@type\":\"Person\",\"@id\":\"https:\/\/portaltela.pt\/#\/schema\/person\/c4278d4a6028830caff9ee44b42d32ed\",\"name\":\"Telinha\",\"image\":{\"@type\":\"ImageObject\",\"inLanguage\":\"pt-PT\",\"@id\":\"https:\/\/portaltela.pt\/s.01k8rhncp4jt1\/2025\/11\/talking-bot-125x125.png\",\"url\":\"https:\/\/portaltela.pt\/s.01k8rhncp4jt1\/2025\/11\/talking-bot-125x125.png\",\"contentUrl\":\"https:\/\/portaltela.pt\/s.01k8rhncp4jt1\/2025\/11\/talking-bot-125x125.png\",\"caption\":\"Telinha\"},\"sameAs\":[\"https:\/\/portaltela.pt\/\"],\"url\":\"https:\/\/portaltela.pt\/por\/367410592786\/\"}]}<\/script>\n<!-- \/ Yoast SEO plugin. -->","yoast_head_json":{"title":"Red El\u00e9ctrica sabia h\u00e1 tr\u00eas meses que o sistema falhava - Portal Tela Portugal","robots":{"index":"index","follow":"follow","max-snippet":"max-snippet:-1","max-image-preview":"max-image-preview:large","max-video-preview":"max-video-preview:-1"},"og_locale":"pt_PT","og_type":"article","og_title":"Red El\u00e9ctrica sabia h\u00e1 tr\u00eas meses que o sistema falhava - Portal Tela Portugal","og_description":"Grava\u00e7\u00f5es a que o El Mundo teve acesso revelam que a Red El\u00e9ctrica sabia, desde janeiro de 2025, que havia um risco elevado de falha no sistema da Pen\u00ednsula Ib\u00e9rica, tr\u00eas meses antes do apag\u00e3o. T\u00e9cnicos apontaram como causas principais o excesso de energia solar e a falta de energia nuclear e de g\u00e1s, com uma oscila\u00e7\u00e3o de grande dimens\u00e3o registada na rede em 31 de janeiro. A Endesa informou que, na central nuclear de Asc\u00f3, os grupos de produ\u00e7\u00e3o estiveram em risco e, se disparassem, ficariam \u201ca zero\u201d; a Red El\u00e9ctrica reconheceu tratar-se de uma oscila\u00e7\u00e3o muito grave. A presidente da Red El\u00e9ctrica, Beatriz Corredor, negou qualquer falha da operadora, dizendo que mais grupos t\u00e9rmicos n\u00e3o teriam evitado o incidente; os \u00e1udios divulgados contrariam essa posi\u00e7\u00e3o. Os t\u00e9cnicos sublinharam que a energia solar n\u00e3o oferece in\u00e9rcia para a regula\u00e7\u00e3o do sistema e criticaram a redu\u00e7\u00e3o de unidades t\u00e9rmicas, substitu\u00eddas por solar, alegando que isso contribuiu para as oscila\u00e7\u00f5es.","og_url":"https:\/\/portaltela.pt\/noticias\/2026\/04\/08\/red-electrica-sabia-ha-tres-meses-que-o-sistema-falhava\/","og_site_name":"Portal Tela Portugal","article_published_time":"2026-04-08T17:46:56+00:00","author":"Telinha","twitter_card":"summary_large_image","twitter_misc":{"Escrito por":"Telinha","Tempo estimado de leitura":"2 minutos"},"schema":{"@context":"https:\/\/schema.org","@graph":[{"@type":"Article","@id":"https:\/\/portaltela.pt\/noticias\/2026\/04\/08\/red-electrica-sabia-ha-tres-meses-que-o-sistema-falhava\/#article","isPartOf":{"@id":"https:\/\/portaltela.pt\/noticias\/2026\/04\/08\/red-electrica-sabia-ha-tres-meses-que-o-sistema-falhava\/"},"author":{"name":"Telinha","@id":"https:\/\/portaltela.pt\/#\/schema\/person\/c4278d4a6028830caff9ee44b42d32ed"},"headline":"Red El\u00e9ctrica sabia h\u00e1 tr\u00eas meses que o sistema falhava","datePublished":"2026-04-08T17:46:56+00:00","mainEntityOfPage":{"@id":"https:\/\/portaltela.pt\/noticias\/2026\/04\/08\/red-electrica-sabia-ha-tres-meses-que-o-sistema-falhava\/"},"wordCount":370,"image":{"@id":"https:\/\/portaltela.pt\/noticias\/2026\/04\/08\/red-electrica-sabia-ha-tres-meses-que-o-sistema-falhava\/#primaryimage"},"thumbnailUrl":"https:\/\/portaltela.pt\/s.01k8rhncp4jt1\/2026\/04\/image-465.jpg","keywords":["_energia","economia","energia el\u00e9trica","energias renov\u00e1veis","meio-ambiente","soberania energ\u00e9tica"],"articleSection":["Energia"],"inLanguage":"pt-PT"},{"@type":"WebPage","@id":"https:\/\/portaltela.pt\/noticias\/2026\/04\/08\/red-electrica-sabia-ha-tres-meses-que-o-sistema-falhava\/","url":"https:\/\/portaltela.pt\/noticias\/2026\/04\/08\/red-electrica-sabia-ha-tres-meses-que-o-sistema-falhava\/","name":"Red El\u00e9ctrica sabia h\u00e1 tr\u00eas meses que o sistema falhava - Portal Tela Portugal","isPartOf":{"@id":"https:\/\/portaltela.pt\/#website"},"primaryImageOfPage":{"@id":"https:\/\/portaltela.pt\/noticias\/2026\/04\/08\/red-electrica-sabia-ha-tres-meses-que-o-sistema-falhava\/#primaryimage"},"image":{"@id":"https:\/\/portaltela.pt\/noticias\/2026\/04\/08\/red-electrica-sabia-ha-tres-meses-que-o-sistema-falhava\/#primaryimage"},"thumbnailUrl":"https:\/\/portaltela.pt\/s.01k8rhncp4jt1\/2026\/04\/image-465.jpg","datePublished":"2026-04-08T17:46:56+00:00","author":{"@id":"https:\/\/portaltela.pt\/#\/schema\/person\/c4278d4a6028830caff9ee44b42d32ed"},"breadcrumb":{"@id":"https:\/\/portaltela.pt\/noticias\/2026\/04\/08\/red-electrica-sabia-ha-tres-meses-que-o-sistema-falhava\/#breadcrumb"},"inLanguage":"pt-PT","potentialAction":[{"@type":"ReadAction","target":["https:\/\/portaltela.pt\/noticias\/2026\/04\/08\/red-electrica-sabia-ha-tres-meses-que-o-sistema-falhava\/"]}]},{"@type":"ImageObject","inLanguage":"pt-PT","@id":"https:\/\/portaltela.pt\/noticias\/2026\/04\/08\/red-electrica-sabia-ha-tres-meses-que-o-sistema-falhava\/#primaryimage","url":"https:\/\/portaltela.pt\/s.01k8rhncp4jt1\/2026\/04\/image-465.jpg","contentUrl":"https:\/\/portaltela.pt\/s.01k8rhncp4jt1\/2026\/04\/image-465.jpg","width":796,"height":448,"caption":"Presidente da empresa nega responsabilidade, mas novos \u00e1udios contradizem Beatriz Corredor"},{"@type":"BreadcrumbList","@id":"https:\/\/portaltela.pt\/noticias\/2026\/04\/08\/red-electrica-sabia-ha-tres-meses-que-o-sistema-falhava\/#breadcrumb","itemListElement":[{"@type":"ListItem","position":1,"name":"In\u00edcio","item":"https:\/\/portaltela.pt\/"},{"@type":"ListItem","position":2,"name":"Red El\u00e9ctrica sabia h\u00e1 tr\u00eas meses que o sistema falhava"}]},{"@type":"WebSite","@id":"https:\/\/portaltela.pt\/#website","url":"https:\/\/portaltela.pt\/","name":"Portal Tela Portugal","description":"","potentialAction":[{"@type":"SearchAction","target":{"@type":"EntryPoint","urlTemplate":"https:\/\/portaltela.pt\/?s={search_term_string}"},"query-input":{"@type":"PropertyValueSpecification","valueRequired":true,"valueName":"search_term_string"}}],"inLanguage":"pt-PT"},{"@type":"Person","@id":"https:\/\/portaltela.pt\/#\/schema\/person\/c4278d4a6028830caff9ee44b42d32ed","name":"Telinha","image":{"@type":"ImageObject","inLanguage":"pt-PT","@id":"https:\/\/portaltela.pt\/s.01k8rhncp4jt1\/2025\/11\/talking-bot-125x125.png","url":"https:\/\/portaltela.pt\/s.01k8rhncp4jt1\/2025\/11\/talking-bot-125x125.png","contentUrl":"https:\/\/portaltela.pt\/s.01k8rhncp4jt1\/2025\/11\/talking-bot-125x125.png","caption":"Telinha"},"sameAs":["https:\/\/portaltela.pt\/"],"url":"https:\/\/portaltela.pt\/por\/367410592786\/"}]}},"_links":{"self":[{"href":"https:\/\/portaltela.pt\/api\/wp\/v2\/posts\/437043","targetHints":{"allow":["GET"]}}],"collection":[{"href":"https:\/\/portaltela.pt\/api\/wp\/v2\/posts"}],"about":[{"href":"https:\/\/portaltela.pt\/api\/wp\/v2\/types\/post"}],"author":[{"embeddable":true,"href":"https:\/\/portaltela.pt\/api\/wp\/v2\/users\/2"}],"replies":[{"embeddable":true,"href":"https:\/\/portaltela.pt\/api\/wp\/v2\/comments?post=437043"}],"version-history":[{"count":0,"href":"https:\/\/portaltela.pt\/api\/wp\/v2\/posts\/437043\/revisions"}],"wp:featuredmedia":[{"embeddable":true,"href":"https:\/\/portaltela.pt\/api\/wp\/v2\/media\/437047"}],"wp:attachment":[{"href":"https:\/\/portaltela.pt\/api\/wp\/v2\/media?parent=437043"}],"wp:term":[{"taxonomy":"category","embeddable":true,"href":"https:\/\/portaltela.pt\/api\/wp\/v2\/categories?post=437043"},{"taxonomy":"post_tag","embeddable":true,"href":"https:\/\/portaltela.pt\/api\/wp\/v2\/tags?post=437043"}],"curies":[{"name":"wp","href":"https:\/\/api.w.org\/{rel}","templated":true}]}}