{"id":437037,"date":"2026-04-08T14:46:48","date_gmt":"2026-04-08T17:46:48","guid":{"rendered":"https:\/\/portaltela.pt\/noticias\/2026\/04\/08\/belmiro-pinto-dos-santos-pondera-candidatura-a-presidencia-do-v-guimaraes-2\/"},"modified":"2026-04-08T14:46:48","modified_gmt":"2026-04-08T17:46:48","slug":"belmiro-pinto-dos-santos-pondera-candidatura-a-presidencia-do-v-guimaraes-2","status":"publish","type":"post","link":"https:\/\/portaltela.pt\/desporto\/futebol\/2026\/04\/08\/belmiro-pinto-dos-santos-pondera-candidatura-a-presidencia-do-v-guimaraes-2\/","title":{"rendered":"Belmiro Pinto dos Santos pondera candidatura \u00e0 presid\u00eancia do V. Guimar\u00e3es"},"content":{"rendered":"<p>Belmiro Pinto dos Santos est\u00e1 a ponderar uma candidatura \u00e0 presid\u00eancia do Vitoria S.C. de Guimar\u00e3es. O antigo presidente da Mesa da Assembleia Geral diz que o seu nome tem surgido na imprensa e entre adeptos, mas ainda n\u00e3o decidiu. A hip\u00f3tese surge numa altura em que n\u00e3o est\u00e1 definido se haver\u00e1 novo processo eleitoral.<\/p>\n<p>O dirigente afirmou que mant\u00e9m uma rela\u00e7\u00e3o pr\u00f3xima com o clube e que conhece bem a estrutura e o projeto desportivo. Questionado sobre a possibilidade de avan\u00e7ar, admitiu que existem conversa\u00e7\u00f5es com um investidor internacional e que h\u00e1 interesse em investir, sem ainda haver defini\u00e7\u00e3o.<\/p>\n<p>H\u00e1 um projeto em cima da mesa, segundo Belmiro Pinto dos Santos, por\u00e9m sem decis\u00e3o final. O antigo dirigente aponta a necessidade de avaliar condi\u00e7\u00f5es nos pr\u00f3ximos dias para decidir se ser\u00e1 candidato ou n\u00e3o.<\/p>\n<h3>Condi\u00e7\u00f5es e pr\u00f3ximos passos<\/h3>\n<p>O Vit\u00f3ria encontra-se na 5\u00aa posi\u00e7\u00e3o da Liga Bwin, com 44 pontos, e ainda tenta confirmar uma vaga na Liga dos Campe\u00f5es. A equipa tem o pr\u00f3ximo jogo frente ao Sporting, em Alvalade, considerado decisivo para as aspira\u00e7\u00f5es no campeonato.<\/p>\n<p>Pinto dos Santos ocupou a presid\u00eancia da Mesa da Assembleia Geral entre 2022 e 2025, e j\u00e1 foi vice-presidente do clube. O estado atual do clube \u00e9 o principal foco das conversas sobre o futuro da gest\u00e3o.<\/p>\n","protected":false},"excerpt":{"rendered":"<ul>\n<li>Belmiro Pinto dos Santos, antigo presidente da Mesa da Assembleia Geral do V. Guimar\u00e3es, poder\u00e1 avan\u00e7ar com uma candidatura \u00e0 presid\u00eancia do clube.<\/li>\n<li>O nome dele tem sido falado na imprensa e entre adeptos, mas ainda n\u00e3o h\u00e1 decis\u00e3o definitiva.<\/li>\n<li>Ele confirmou haver conversa\u00e7\u00f5es com um investidor internacional e que existe interesse em investir no clube, sem defini\u00e7\u00e3o final.<\/li>\n<li>Se avan\u00e7ar, o objetivo \u00e9 ajudar o clube a crescer e a tornar-se mais sustent\u00e1vel, com um projeto em cima da mesa ainda sem decis\u00e3o final.<\/li>\n<li>O V. Guimar\u00e3es est\u00e1 na 5.\u00aa posi\u00e7\u00e3o da Liga Bwin com 44 pontos e enfrenta o Sporting na pr\u00f3xima jornada, num jogo que pode ser decisivo.<\/li>\n<\/ul>\n","protected":false},"author":2,"featured_media":437038,"comment_status":"closed","ping_status":"closed","sticky":false,"template":"","format":"standard","meta":{"footnotes":""},"categories":[21,24],"tags":[7755,4143,1786,5393,2428],"class_list":["post-437037","post","type-post","status-publish","format-standard","has-post-thumbnail","hentry","category-desporto","category-futebol","tag-_futebol","tag-1-liga","tag-liga","tag-v-guimaraes","tag-vitoria"],"yoast_head":"<!-- This site is optimized with the Yoast SEO plugin v27.2 - https:\/\/yoast.com\/product\/yoast-seo-wordpress\/ -->\n<title>Belmiro Pinto dos Santos pondera candidatura \u00e0 presid\u00eancia do V. Guimar\u00e3es - Portal Tela Portugal<\/title>\n<meta name=\"robots\" content=\"index, follow, max-snippet:-1, max-image-preview:large, max-video-preview:-1\" \/>\n<meta property=\"og:locale\" content=\"pt_PT\" \/>\n<meta property=\"og:type\" content=\"article\" \/>\n<meta property=\"og:title\" content=\"Belmiro Pinto dos Santos pondera candidatura \u00e0 presid\u00eancia do V. Guimar\u00e3es - Portal Tela Portugal\" \/>\n<meta property=\"og:description\" content=\"Belmiro Pinto dos Santos, antigo presidente da Mesa da Assembleia Geral do V. Guimar\u00e3es, poder\u00e1 avan\u00e7ar com uma candidatura \u00e0 presid\u00eancia do clube. O nome dele tem sido falado na imprensa e entre adeptos, mas ainda n\u00e3o h\u00e1 decis\u00e3o definitiva. Ele confirmou haver conversa\u00e7\u00f5es com um investidor internacional e que existe interesse em investir no clube, sem defini\u00e7\u00e3o final. Se avan\u00e7ar, o objetivo \u00e9 ajudar o clube a crescer e a tornar-se mais sustent\u00e1vel, com um projeto em cima da mesa ainda sem decis\u00e3o final. O V. Guimar\u00e3es est\u00e1 na 5.\u00aa posi\u00e7\u00e3o da Liga Bwin com 44 pontos e enfrenta o Sporting na pr\u00f3xima jornada, num jogo que pode ser decisivo.\" \/>\n<meta property=\"og:url\" content=\"https:\/\/portaltela.pt\/noticias\/2026\/04\/08\/belmiro-pinto-dos-santos-pondera-candidatura-a-presidencia-do-v-guimaraes-2\/\" \/>\n<meta property=\"og:site_name\" content=\"Portal Tela Portugal\" \/>\n<meta property=\"article:published_time\" content=\"2026-04-08T17:46:48+00:00\" \/>\n<meta name=\"author\" content=\"Telinha\" \/>\n<meta name=\"twitter:card\" content=\"summary_large_image\" \/>\n<meta name=\"twitter:label1\" content=\"Escrito por\" \/>\n\t<meta name=\"twitter:data1\" content=\"Telinha\" \/>\n\t<meta name=\"twitter:label2\" content=\"Tempo estimado de leitura\" \/>\n\t<meta name=\"twitter:data2\" content=\"1 minuto\" \/>\n<script type=\"application\/ld+json\" class=\"yoast-schema-graph\">{\"@context\":\"https:\/\/schema.org\",\"@graph\":[{\"@type\":\"Article\",\"@id\":\"https:\/\/portaltela.pt\/noticias\/2026\/04\/08\/belmiro-pinto-dos-santos-pondera-candidatura-a-presidencia-do-v-guimaraes-2\/#article\",\"isPartOf\":{\"@id\":\"https:\/\/portaltela.pt\/noticias\/2026\/04\/08\/belmiro-pinto-dos-santos-pondera-candidatura-a-presidencia-do-v-guimaraes-2\/\"},\"author\":{\"name\":\"Telinha\",\"@id\":\"https:\/\/portaltela.pt\/#\/schema\/person\/c4278d4a6028830caff9ee44b42d32ed\"},\"headline\":\"Belmiro Pinto dos Santos pondera candidatura \u00e0 presid\u00eancia do V. Guimar\u00e3es\",\"datePublished\":\"2026-04-08T17:46:48+00:00\",\"mainEntityOfPage\":{\"@id\":\"https:\/\/portaltela.pt\/noticias\/2026\/04\/08\/belmiro-pinto-dos-santos-pondera-candidatura-a-presidencia-do-v-guimaraes-2\/\"},\"wordCount\":248,\"image\":{\"@id\":\"https:\/\/portaltela.pt\/noticias\/2026\/04\/08\/belmiro-pinto-dos-santos-pondera-candidatura-a-presidencia-do-v-guimaraes-2\/#primaryimage\"},\"thumbnailUrl\":\"https:\/\/portaltela.pt\/s.01k8rhncp4jt1\/2026\/04\/img_920x518uu2026-04-08-18-41-11-2431834.jpg\",\"keywords\":[\"_futebol\",\"1. Liga\",\"Liga\",\"V. Guimar\u00e3es\",\"Vit\u00f3ria\"],\"articleSection\":[\"Desporto\",\"Futebol\"],\"inLanguage\":\"pt-PT\"},{\"@type\":\"WebPage\",\"@id\":\"https:\/\/portaltela.pt\/noticias\/2026\/04\/08\/belmiro-pinto-dos-santos-pondera-candidatura-a-presidencia-do-v-guimaraes-2\/\",\"url\":\"https:\/\/portaltela.pt\/noticias\/2026\/04\/08\/belmiro-pinto-dos-santos-pondera-candidatura-a-presidencia-do-v-guimaraes-2\/\",\"name\":\"Belmiro Pinto dos Santos pondera candidatura \u00e0 presid\u00eancia do V. Guimar\u00e3es - Portal Tela Portugal\",\"isPartOf\":{\"@id\":\"https:\/\/portaltela.pt\/#website\"},\"primaryImageOfPage\":{\"@id\":\"https:\/\/portaltela.pt\/noticias\/2026\/04\/08\/belmiro-pinto-dos-santos-pondera-candidatura-a-presidencia-do-v-guimaraes-2\/#primaryimage\"},\"image\":{\"@id\":\"https:\/\/portaltela.pt\/noticias\/2026\/04\/08\/belmiro-pinto-dos-santos-pondera-candidatura-a-presidencia-do-v-guimaraes-2\/#primaryimage\"},\"thumbnailUrl\":\"https:\/\/portaltela.pt\/s.01k8rhncp4jt1\/2026\/04\/img_920x518uu2026-04-08-18-41-11-2431834.jpg\",\"datePublished\":\"2026-04-08T17:46:48+00:00\",\"author\":{\"@id\":\"https:\/\/portaltela.pt\/#\/schema\/person\/c4278d4a6028830caff9ee44b42d32ed\"},\"breadcrumb\":{\"@id\":\"https:\/\/portaltela.pt\/noticias\/2026\/04\/08\/belmiro-pinto-dos-santos-pondera-candidatura-a-presidencia-do-v-guimaraes-2\/#breadcrumb\"},\"inLanguage\":\"pt-PT\",\"potentialAction\":[{\"@type\":\"ReadAction\",\"target\":[\"https:\/\/portaltela.pt\/noticias\/2026\/04\/08\/belmiro-pinto-dos-santos-pondera-candidatura-a-presidencia-do-v-guimaraes-2\/\"]}]},{\"@type\":\"ImageObject\",\"inLanguage\":\"pt-PT\",\"@id\":\"https:\/\/portaltela.pt\/noticias\/2026\/04\/08\/belmiro-pinto-dos-santos-pondera-candidatura-a-presidencia-do-v-guimaraes-2\/#primaryimage\",\"url\":\"https:\/\/portaltela.pt\/s.01k8rhncp4jt1\/2026\/04\/img_920x518uu2026-04-08-18-41-11-2431834.jpg\",\"contentUrl\":\"https:\/\/portaltela.pt\/s.01k8rhncp4jt1\/2026\/04\/img_920x518uu2026-04-08-18-41-11-2431834.jpg\",\"width\":796,\"height\":448,\"caption\":\"Belmiro Pinto dos Santos\"},{\"@type\":\"BreadcrumbList\",\"@id\":\"https:\/\/portaltela.pt\/noticias\/2026\/04\/08\/belmiro-pinto-dos-santos-pondera-candidatura-a-presidencia-do-v-guimaraes-2\/#breadcrumb\",\"itemListElement\":[{\"@type\":\"ListItem\",\"position\":1,\"name\":\"In\u00edcio\",\"item\":\"https:\/\/portaltela.pt\/\"},{\"@type\":\"ListItem\",\"position\":2,\"name\":\"Belmiro Pinto dos Santos pondera candidatura \u00e0 presid\u00eancia do V. Guimar\u00e3es\"}]},{\"@type\":\"WebSite\",\"@id\":\"https:\/\/portaltela.pt\/#website\",\"url\":\"https:\/\/portaltela.pt\/\",\"name\":\"Portal Tela Portugal\",\"description\":\"\",\"potentialAction\":[{\"@type\":\"SearchAction\",\"target\":{\"@type\":\"EntryPoint\",\"urlTemplate\":\"https:\/\/portaltela.pt\/?s={search_term_string}\"},\"query-input\":{\"@type\":\"PropertyValueSpecification\",\"valueRequired\":true,\"valueName\":\"search_term_string\"}}],\"inLanguage\":\"pt-PT\"},{\"@type\":\"Person\",\"@id\":\"https:\/\/portaltela.pt\/#\/schema\/person\/c4278d4a6028830caff9ee44b42d32ed\",\"name\":\"Telinha\",\"image\":{\"@type\":\"ImageObject\",\"inLanguage\":\"pt-PT\",\"@id\":\"https:\/\/portaltela.pt\/s.01k8rhncp4jt1\/2025\/11\/talking-bot-125x125.png\",\"url\":\"https:\/\/portaltela.pt\/s.01k8rhncp4jt1\/2025\/11\/talking-bot-125x125.png\",\"contentUrl\":\"https:\/\/portaltela.pt\/s.01k8rhncp4jt1\/2025\/11\/talking-bot-125x125.png\",\"caption\":\"Telinha\"},\"sameAs\":[\"https:\/\/portaltela.pt\/\"],\"url\":\"https:\/\/portaltela.pt\/por\/367410592786\/\"}]}<\/script>\n<!-- \/ Yoast SEO plugin. -->","yoast_head_json":{"title":"Belmiro Pinto dos Santos pondera candidatura \u00e0 presid\u00eancia do V. Guimar\u00e3es - Portal Tela Portugal","robots":{"index":"index","follow":"follow","max-snippet":"max-snippet:-1","max-image-preview":"max-image-preview:large","max-video-preview":"max-video-preview:-1"},"og_locale":"pt_PT","og_type":"article","og_title":"Belmiro Pinto dos Santos pondera candidatura \u00e0 presid\u00eancia do V. Guimar\u00e3es - Portal Tela Portugal","og_description":"Belmiro Pinto dos Santos, antigo presidente da Mesa da Assembleia Geral do V. Guimar\u00e3es, poder\u00e1 avan\u00e7ar com uma candidatura \u00e0 presid\u00eancia do clube. O nome dele tem sido falado na imprensa e entre adeptos, mas ainda n\u00e3o h\u00e1 decis\u00e3o definitiva. Ele confirmou haver conversa\u00e7\u00f5es com um investidor internacional e que existe interesse em investir no clube, sem defini\u00e7\u00e3o final. Se avan\u00e7ar, o objetivo \u00e9 ajudar o clube a crescer e a tornar-se mais sustent\u00e1vel, com um projeto em cima da mesa ainda sem decis\u00e3o final. O V. Guimar\u00e3es est\u00e1 na 5.\u00aa posi\u00e7\u00e3o da Liga Bwin com 44 pontos e enfrenta o Sporting na pr\u00f3xima jornada, num jogo que pode ser decisivo.","og_url":"https:\/\/portaltela.pt\/noticias\/2026\/04\/08\/belmiro-pinto-dos-santos-pondera-candidatura-a-presidencia-do-v-guimaraes-2\/","og_site_name":"Portal Tela Portugal","article_published_time":"2026-04-08T17:46:48+00:00","author":"Telinha","twitter_card":"summary_large_image","twitter_misc":{"Escrito por":"Telinha","Tempo estimado de leitura":"1 minuto"},"schema":{"@context":"https:\/\/schema.org","@graph":[{"@type":"Article","@id":"https:\/\/portaltela.pt\/noticias\/2026\/04\/08\/belmiro-pinto-dos-santos-pondera-candidatura-a-presidencia-do-v-guimaraes-2\/#article","isPartOf":{"@id":"https:\/\/portaltela.pt\/noticias\/2026\/04\/08\/belmiro-pinto-dos-santos-pondera-candidatura-a-presidencia-do-v-guimaraes-2\/"},"author":{"name":"Telinha","@id":"https:\/\/portaltela.pt\/#\/schema\/person\/c4278d4a6028830caff9ee44b42d32ed"},"headline":"Belmiro Pinto dos Santos pondera candidatura \u00e0 presid\u00eancia do V. Guimar\u00e3es","datePublished":"2026-04-08T17:46:48+00:00","mainEntityOfPage":{"@id":"https:\/\/portaltela.pt\/noticias\/2026\/04\/08\/belmiro-pinto-dos-santos-pondera-candidatura-a-presidencia-do-v-guimaraes-2\/"},"wordCount":248,"image":{"@id":"https:\/\/portaltela.pt\/noticias\/2026\/04\/08\/belmiro-pinto-dos-santos-pondera-candidatura-a-presidencia-do-v-guimaraes-2\/#primaryimage"},"thumbnailUrl":"https:\/\/portaltela.pt\/s.01k8rhncp4jt1\/2026\/04\/img_920x518uu2026-04-08-18-41-11-2431834.jpg","keywords":["_futebol","1. Liga","Liga","V. Guimar\u00e3es","Vit\u00f3ria"],"articleSection":["Desporto","Futebol"],"inLanguage":"pt-PT"},{"@type":"WebPage","@id":"https:\/\/portaltela.pt\/noticias\/2026\/04\/08\/belmiro-pinto-dos-santos-pondera-candidatura-a-presidencia-do-v-guimaraes-2\/","url":"https:\/\/portaltela.pt\/noticias\/2026\/04\/08\/belmiro-pinto-dos-santos-pondera-candidatura-a-presidencia-do-v-guimaraes-2\/","name":"Belmiro Pinto dos Santos pondera candidatura \u00e0 presid\u00eancia do V. Guimar\u00e3es - Portal Tela Portugal","isPartOf":{"@id":"https:\/\/portaltela.pt\/#website"},"primaryImageOfPage":{"@id":"https:\/\/portaltela.pt\/noticias\/2026\/04\/08\/belmiro-pinto-dos-santos-pondera-candidatura-a-presidencia-do-v-guimaraes-2\/#primaryimage"},"image":{"@id":"https:\/\/portaltela.pt\/noticias\/2026\/04\/08\/belmiro-pinto-dos-santos-pondera-candidatura-a-presidencia-do-v-guimaraes-2\/#primaryimage"},"thumbnailUrl":"https:\/\/portaltela.pt\/s.01k8rhncp4jt1\/2026\/04\/img_920x518uu2026-04-08-18-41-11-2431834.jpg","datePublished":"2026-04-08T17:46:48+00:00","author":{"@id":"https:\/\/portaltela.pt\/#\/schema\/person\/c4278d4a6028830caff9ee44b42d32ed"},"breadcrumb":{"@id":"https:\/\/portaltela.pt\/noticias\/2026\/04\/08\/belmiro-pinto-dos-santos-pondera-candidatura-a-presidencia-do-v-guimaraes-2\/#breadcrumb"},"inLanguage":"pt-PT","potentialAction":[{"@type":"ReadAction","target":["https:\/\/portaltela.pt\/noticias\/2026\/04\/08\/belmiro-pinto-dos-santos-pondera-candidatura-a-presidencia-do-v-guimaraes-2\/"]}]},{"@type":"ImageObject","inLanguage":"pt-PT","@id":"https:\/\/portaltela.pt\/noticias\/2026\/04\/08\/belmiro-pinto-dos-santos-pondera-candidatura-a-presidencia-do-v-guimaraes-2\/#primaryimage","url":"https:\/\/portaltela.pt\/s.01k8rhncp4jt1\/2026\/04\/img_920x518uu2026-04-08-18-41-11-2431834.jpg","contentUrl":"https:\/\/portaltela.pt\/s.01k8rhncp4jt1\/2026\/04\/img_920x518uu2026-04-08-18-41-11-2431834.jpg","width":796,"height":448,"caption":"Belmiro Pinto dos Santos"},{"@type":"BreadcrumbList","@id":"https:\/\/portaltela.pt\/noticias\/2026\/04\/08\/belmiro-pinto-dos-santos-pondera-candidatura-a-presidencia-do-v-guimaraes-2\/#breadcrumb","itemListElement":[{"@type":"ListItem","position":1,"name":"In\u00edcio","item":"https:\/\/portaltela.pt\/"},{"@type":"ListItem","position":2,"name":"Belmiro Pinto dos Santos pondera candidatura \u00e0 presid\u00eancia do V. Guimar\u00e3es"}]},{"@type":"WebSite","@id":"https:\/\/portaltela.pt\/#website","url":"https:\/\/portaltela.pt\/","name":"Portal Tela Portugal","description":"","potentialAction":[{"@type":"SearchAction","target":{"@type":"EntryPoint","urlTemplate":"https:\/\/portaltela.pt\/?s={search_term_string}"},"query-input":{"@type":"PropertyValueSpecification","valueRequired":true,"valueName":"search_term_string"}}],"inLanguage":"pt-PT"},{"@type":"Person","@id":"https:\/\/portaltela.pt\/#\/schema\/person\/c4278d4a6028830caff9ee44b42d32ed","name":"Telinha","image":{"@type":"ImageObject","inLanguage":"pt-PT","@id":"https:\/\/portaltela.pt\/s.01k8rhncp4jt1\/2025\/11\/talking-bot-125x125.png","url":"https:\/\/portaltela.pt\/s.01k8rhncp4jt1\/2025\/11\/talking-bot-125x125.png","contentUrl":"https:\/\/portaltela.pt\/s.01k8rhncp4jt1\/2025\/11\/talking-bot-125x125.png","caption":"Telinha"},"sameAs":["https:\/\/portaltela.pt\/"],"url":"https:\/\/portaltela.pt\/por\/367410592786\/"}]}},"_links":{"self":[{"href":"https:\/\/portaltela.pt\/api\/wp\/v2\/posts\/437037","targetHints":{"allow":["GET"]}}],"collection":[{"href":"https:\/\/portaltela.pt\/api\/wp\/v2\/posts"}],"about":[{"href":"https:\/\/portaltela.pt\/api\/wp\/v2\/types\/post"}],"author":[{"embeddable":true,"href":"https:\/\/portaltela.pt\/api\/wp\/v2\/users\/2"}],"replies":[{"embeddable":true,"href":"https:\/\/portaltela.pt\/api\/wp\/v2\/comments?post=437037"}],"version-history":[{"count":0,"href":"https:\/\/portaltela.pt\/api\/wp\/v2\/posts\/437037\/revisions"}],"wp:featuredmedia":[{"embeddable":true,"href":"https:\/\/portaltela.pt\/api\/wp\/v2\/media\/437038"}],"wp:attachment":[{"href":"https:\/\/portaltela.pt\/api\/wp\/v2\/media?parent=437037"}],"wp:term":[{"taxonomy":"category","embeddable":true,"href":"https:\/\/portaltela.pt\/api\/wp\/v2\/categories?post=437037"},{"taxonomy":"post_tag","embeddable":true,"href":"https:\/\/portaltela.pt\/api\/wp\/v2\/tags?post=437037"}],"curies":[{"name":"wp","href":"https:\/\/api.w.org\/{rel}","templated":true}]}}