{"id":436978,"date":"2026-04-08T13:47:20","date_gmt":"2026-04-08T16:47:20","guid":{"rendered":"https:\/\/portaltela.pt\/noticias\/2026\/04\/08\/companhia-aerea-de-cabo-verde-retoma-rota-praia-recife\/"},"modified":"2026-04-08T13:47:20","modified_gmt":"2026-04-08T16:47:20","slug":"companhia-aerea-de-cabo-verde-retoma-rota-praia-recife","status":"publish","type":"post","link":"https:\/\/portaltela.pt\/noticias\/economia\/2026\/04\/08\/companhia-aerea-de-cabo-verde-retoma-rota-praia-recife\/","title":{"rendered":"Companhia a\u00e9rea de Cabo Verde retoma rota Praia\u2013Recife"},"content":{"rendered":"<p>A companhia a\u00e9rea de Cabo Verde anunciou o regresso da rota Praia\u2013Recife, ligando o arquip\u00e9lago ao estado brasileiro de Pernambuco. A decis\u00e3o visa reativar uma liga\u00e7\u00e3o entre os dois pa\u00edses.<\/p>\n<p>Segundo a empresa, a retoma da liga\u00e7\u00e3o est\u00e1 sujeita a aprova\u00e7\u00e3o regulat\u00f3ria e \u00e0 disponibilidade de aeronaves. N\u00e3o foram detalhadas as datas de in\u00edcio nem os hor\u00e1rios das pr\u00f3ximas opera\u00e7\u00f5es.<\/p>\n<p>O an\u00fancio n\u00e3o fornece informa\u00e7\u00f5es adicionais sobre condi\u00e7\u00f5es comerciais ou frequ\u00eancia. O conte\u00fado completo est\u00e1 dispon\u00edvel apenas para subscritores.<\/p>\n","protected":false},"excerpt":{"rendered":"<ul>\n<li>Uma companhia a\u00e9rea de Cabo Verde anunciou o regresso da rota Praia\u2013Recife.<\/li>\n<li>A liga\u00e7\u00e3o coloca Praia, capital de Cabo Verde, em contacto com Recife, cidade no estado de Pernambuco, Brasil.<\/li>\n<li>A not\u00edcia n\u00e3o indica ainda a data prevista para a reabertura da rota.<\/li>\n<li>O conte\u00fado completo da not\u00edcia est\u00e1 dispon\u00edvel apenas para subscritores.<\/li>\n<\/ul>\n","protected":false},"author":2,"featured_media":436983,"comment_status":"closed","ping_status":"closed","sticky":false,"template":"","format":"standard","meta":{"footnotes":""},"categories":[2,6735],"tags":[6115,7730,2547,81,4559,5784],"class_list":["post-436978","post","type-post","status-publish","format-standard","has-post-thumbnail","hentry","category-economia","category-negocios","tag-_economia","tag-a-cabo-verde","tag-brasil","tag-internacionais","tag-transporte-internacional","tag-voos"],"yoast_head":"<!-- This site is optimized with the Yoast SEO plugin v27.2 - https:\/\/yoast.com\/product\/yoast-seo-wordpress\/ -->\n<title>Companhia a\u00e9rea de Cabo Verde retoma rota Praia\u2013Recife - Portal Tela Portugal<\/title>\n<meta name=\"robots\" content=\"index, follow, max-snippet:-1, max-image-preview:large, max-video-preview:-1\" \/>\n<meta property=\"og:locale\" content=\"pt_PT\" \/>\n<meta property=\"og:type\" content=\"article\" \/>\n<meta property=\"og:title\" content=\"Companhia a\u00e9rea de Cabo Verde retoma rota Praia\u2013Recife - Portal Tela Portugal\" \/>\n<meta property=\"og:description\" content=\"Uma companhia a\u00e9rea de Cabo Verde anunciou o regresso da rota Praia\u2013Recife. A liga\u00e7\u00e3o coloca Praia, capital de Cabo Verde, em contacto com Recife, cidade no estado de Pernambuco, Brasil. A not\u00edcia n\u00e3o indica ainda a data prevista para a reabertura da rota. O conte\u00fado completo da not\u00edcia est\u00e1 dispon\u00edvel apenas para subscritores.\" \/>\n<meta property=\"og:url\" content=\"https:\/\/portaltela.pt\/noticias\/2026\/04\/08\/companhia-aerea-de-cabo-verde-retoma-rota-praia-recife\/\" \/>\n<meta property=\"og:site_name\" content=\"Portal Tela Portugal\" \/>\n<meta property=\"article:published_time\" content=\"2026-04-08T16:47:20+00:00\" \/>\n<meta name=\"author\" content=\"Telinha\" \/>\n<meta name=\"twitter:card\" content=\"summary_large_image\" \/>\n<meta name=\"twitter:label1\" content=\"Escrito por\" \/>\n\t<meta name=\"twitter:data1\" content=\"Telinha\" \/>\n<script type=\"application\/ld+json\" class=\"yoast-schema-graph\">{\"@context\":\"https:\/\/schema.org\",\"@graph\":[{\"@type\":\"Article\",\"@id\":\"https:\/\/portaltela.pt\/noticias\/2026\/04\/08\/companhia-aerea-de-cabo-verde-retoma-rota-praia-recife\/#article\",\"isPartOf\":{\"@id\":\"https:\/\/portaltela.pt\/noticias\/2026\/04\/08\/companhia-aerea-de-cabo-verde-retoma-rota-praia-recife\/\"},\"author\":{\"name\":\"Telinha\",\"@id\":\"https:\/\/portaltela.pt\/#\/schema\/person\/c4278d4a6028830caff9ee44b42d32ed\"},\"headline\":\"Companhia a\u00e9rea de Cabo Verde retoma rota Praia\u2013Recife\",\"datePublished\":\"2026-04-08T16:47:20+00:00\",\"mainEntityOfPage\":{\"@id\":\"https:\/\/portaltela.pt\/noticias\/2026\/04\/08\/companhia-aerea-de-cabo-verde-retoma-rota-praia-recife\/\"},\"wordCount\":109,\"image\":{\"@id\":\"https:\/\/portaltela.pt\/noticias\/2026\/04\/08\/companhia-aerea-de-cabo-verde-retoma-rota-praia-recife\/#primaryimage\"},\"thumbnailUrl\":\"https:\/\/portaltela.pt\/s.01k8rhncp4jt1\/2026\/04\/CACHE_780X1200_ANALOG_WATERMARKED_26475626_1137768_15102020052017.jpg\",\"keywords\":[\"_economia\",\"A Cabo Verde\",\"Brasil\",\"internacionais\",\"transporte internacional\",\"voos\"],\"articleSection\":[\"Economia\",\"Neg\u00f3cios\"],\"inLanguage\":\"pt-PT\"},{\"@type\":\"WebPage\",\"@id\":\"https:\/\/portaltela.pt\/noticias\/2026\/04\/08\/companhia-aerea-de-cabo-verde-retoma-rota-praia-recife\/\",\"url\":\"https:\/\/portaltela.pt\/noticias\/2026\/04\/08\/companhia-aerea-de-cabo-verde-retoma-rota-praia-recife\/\",\"name\":\"Companhia a\u00e9rea de Cabo Verde retoma rota Praia\u2013Recife - Portal Tela Portugal\",\"isPartOf\":{\"@id\":\"https:\/\/portaltela.pt\/#website\"},\"primaryImageOfPage\":{\"@id\":\"https:\/\/portaltela.pt\/noticias\/2026\/04\/08\/companhia-aerea-de-cabo-verde-retoma-rota-praia-recife\/#primaryimage\"},\"image\":{\"@id\":\"https:\/\/portaltela.pt\/noticias\/2026\/04\/08\/companhia-aerea-de-cabo-verde-retoma-rota-praia-recife\/#primaryimage\"},\"thumbnailUrl\":\"https:\/\/portaltela.pt\/s.01k8rhncp4jt1\/2026\/04\/CACHE_780X1200_ANALOG_WATERMARKED_26475626_1137768_15102020052017.jpg\",\"datePublished\":\"2026-04-08T16:47:20+00:00\",\"author\":{\"@id\":\"https:\/\/portaltela.pt\/#\/schema\/person\/c4278d4a6028830caff9ee44b42d32ed\"},\"breadcrumb\":{\"@id\":\"https:\/\/portaltela.pt\/noticias\/2026\/04\/08\/companhia-aerea-de-cabo-verde-retoma-rota-praia-recife\/#breadcrumb\"},\"inLanguage\":\"pt-PT\",\"potentialAction\":[{\"@type\":\"ReadAction\",\"target\":[\"https:\/\/portaltela.pt\/noticias\/2026\/04\/08\/companhia-aerea-de-cabo-verde-retoma-rota-praia-recife\/\"]}]},{\"@type\":\"ImageObject\",\"inLanguage\":\"pt-PT\",\"@id\":\"https:\/\/portaltela.pt\/noticias\/2026\/04\/08\/companhia-aerea-de-cabo-verde-retoma-rota-praia-recife\/#primaryimage\",\"url\":\"https:\/\/portaltela.pt\/s.01k8rhncp4jt1\/2026\/04\/CACHE_780X1200_ANALOG_WATERMARKED_26475626_1137768_15102020052017.jpg\",\"contentUrl\":\"https:\/\/portaltela.pt\/s.01k8rhncp4jt1\/2026\/04\/CACHE_780X1200_ANALOG_WATERMARKED_26475626_1137768_15102020052017.jpg\",\"width\":768,\"height\":512,\"caption\":\"Companhia a\u00e9rea de Cabo Verde anuncia regresso da rota Praia\u2013Recife\"},{\"@type\":\"BreadcrumbList\",\"@id\":\"https:\/\/portaltela.pt\/noticias\/2026\/04\/08\/companhia-aerea-de-cabo-verde-retoma-rota-praia-recife\/#breadcrumb\",\"itemListElement\":[{\"@type\":\"ListItem\",\"position\":1,\"name\":\"In\u00edcio\",\"item\":\"https:\/\/portaltela.pt\/\"},{\"@type\":\"ListItem\",\"position\":2,\"name\":\"Companhia a\u00e9rea de Cabo Verde retoma rota Praia\u2013Recife\"}]},{\"@type\":\"WebSite\",\"@id\":\"https:\/\/portaltela.pt\/#website\",\"url\":\"https:\/\/portaltela.pt\/\",\"name\":\"Portal Tela Portugal\",\"description\":\"\",\"potentialAction\":[{\"@type\":\"SearchAction\",\"target\":{\"@type\":\"EntryPoint\",\"urlTemplate\":\"https:\/\/portaltela.pt\/?s={search_term_string}\"},\"query-input\":{\"@type\":\"PropertyValueSpecification\",\"valueRequired\":true,\"valueName\":\"search_term_string\"}}],\"inLanguage\":\"pt-PT\"},{\"@type\":\"Person\",\"@id\":\"https:\/\/portaltela.pt\/#\/schema\/person\/c4278d4a6028830caff9ee44b42d32ed\",\"name\":\"Telinha\",\"image\":{\"@type\":\"ImageObject\",\"inLanguage\":\"pt-PT\",\"@id\":\"https:\/\/portaltela.pt\/s.01k8rhncp4jt1\/2025\/11\/talking-bot-125x125.png\",\"url\":\"https:\/\/portaltela.pt\/s.01k8rhncp4jt1\/2025\/11\/talking-bot-125x125.png\",\"contentUrl\":\"https:\/\/portaltela.pt\/s.01k8rhncp4jt1\/2025\/11\/talking-bot-125x125.png\",\"caption\":\"Telinha\"},\"sameAs\":[\"https:\/\/portaltela.pt\/\"],\"url\":\"https:\/\/portaltela.pt\/por\/367410592786\/\"}]}<\/script>\n<!-- \/ Yoast SEO plugin. -->","yoast_head_json":{"title":"Companhia a\u00e9rea de Cabo Verde retoma rota Praia\u2013Recife - Portal Tela Portugal","robots":{"index":"index","follow":"follow","max-snippet":"max-snippet:-1","max-image-preview":"max-image-preview:large","max-video-preview":"max-video-preview:-1"},"og_locale":"pt_PT","og_type":"article","og_title":"Companhia a\u00e9rea de Cabo Verde retoma rota Praia\u2013Recife - Portal Tela Portugal","og_description":"Uma companhia a\u00e9rea de Cabo Verde anunciou o regresso da rota Praia\u2013Recife. A liga\u00e7\u00e3o coloca Praia, capital de Cabo Verde, em contacto com Recife, cidade no estado de Pernambuco, Brasil. A not\u00edcia n\u00e3o indica ainda a data prevista para a reabertura da rota. O conte\u00fado completo da not\u00edcia est\u00e1 dispon\u00edvel apenas para subscritores.","og_url":"https:\/\/portaltela.pt\/noticias\/2026\/04\/08\/companhia-aerea-de-cabo-verde-retoma-rota-praia-recife\/","og_site_name":"Portal Tela Portugal","article_published_time":"2026-04-08T16:47:20+00:00","author":"Telinha","twitter_card":"summary_large_image","twitter_misc":{"Escrito por":"Telinha"},"schema":{"@context":"https:\/\/schema.org","@graph":[{"@type":"Article","@id":"https:\/\/portaltela.pt\/noticias\/2026\/04\/08\/companhia-aerea-de-cabo-verde-retoma-rota-praia-recife\/#article","isPartOf":{"@id":"https:\/\/portaltela.pt\/noticias\/2026\/04\/08\/companhia-aerea-de-cabo-verde-retoma-rota-praia-recife\/"},"author":{"name":"Telinha","@id":"https:\/\/portaltela.pt\/#\/schema\/person\/c4278d4a6028830caff9ee44b42d32ed"},"headline":"Companhia a\u00e9rea de Cabo Verde retoma rota Praia\u2013Recife","datePublished":"2026-04-08T16:47:20+00:00","mainEntityOfPage":{"@id":"https:\/\/portaltela.pt\/noticias\/2026\/04\/08\/companhia-aerea-de-cabo-verde-retoma-rota-praia-recife\/"},"wordCount":109,"image":{"@id":"https:\/\/portaltela.pt\/noticias\/2026\/04\/08\/companhia-aerea-de-cabo-verde-retoma-rota-praia-recife\/#primaryimage"},"thumbnailUrl":"https:\/\/portaltela.pt\/s.01k8rhncp4jt1\/2026\/04\/CACHE_780X1200_ANALOG_WATERMARKED_26475626_1137768_15102020052017.jpg","keywords":["_economia","A Cabo Verde","Brasil","internacionais","transporte internacional","voos"],"articleSection":["Economia","Neg\u00f3cios"],"inLanguage":"pt-PT"},{"@type":"WebPage","@id":"https:\/\/portaltela.pt\/noticias\/2026\/04\/08\/companhia-aerea-de-cabo-verde-retoma-rota-praia-recife\/","url":"https:\/\/portaltela.pt\/noticias\/2026\/04\/08\/companhia-aerea-de-cabo-verde-retoma-rota-praia-recife\/","name":"Companhia a\u00e9rea de Cabo Verde retoma rota Praia\u2013Recife - Portal Tela Portugal","isPartOf":{"@id":"https:\/\/portaltela.pt\/#website"},"primaryImageOfPage":{"@id":"https:\/\/portaltela.pt\/noticias\/2026\/04\/08\/companhia-aerea-de-cabo-verde-retoma-rota-praia-recife\/#primaryimage"},"image":{"@id":"https:\/\/portaltela.pt\/noticias\/2026\/04\/08\/companhia-aerea-de-cabo-verde-retoma-rota-praia-recife\/#primaryimage"},"thumbnailUrl":"https:\/\/portaltela.pt\/s.01k8rhncp4jt1\/2026\/04\/CACHE_780X1200_ANALOG_WATERMARKED_26475626_1137768_15102020052017.jpg","datePublished":"2026-04-08T16:47:20+00:00","author":{"@id":"https:\/\/portaltela.pt\/#\/schema\/person\/c4278d4a6028830caff9ee44b42d32ed"},"breadcrumb":{"@id":"https:\/\/portaltela.pt\/noticias\/2026\/04\/08\/companhia-aerea-de-cabo-verde-retoma-rota-praia-recife\/#breadcrumb"},"inLanguage":"pt-PT","potentialAction":[{"@type":"ReadAction","target":["https:\/\/portaltela.pt\/noticias\/2026\/04\/08\/companhia-aerea-de-cabo-verde-retoma-rota-praia-recife\/"]}]},{"@type":"ImageObject","inLanguage":"pt-PT","@id":"https:\/\/portaltela.pt\/noticias\/2026\/04\/08\/companhia-aerea-de-cabo-verde-retoma-rota-praia-recife\/#primaryimage","url":"https:\/\/portaltela.pt\/s.01k8rhncp4jt1\/2026\/04\/CACHE_780X1200_ANALOG_WATERMARKED_26475626_1137768_15102020052017.jpg","contentUrl":"https:\/\/portaltela.pt\/s.01k8rhncp4jt1\/2026\/04\/CACHE_780X1200_ANALOG_WATERMARKED_26475626_1137768_15102020052017.jpg","width":768,"height":512,"caption":"Companhia a\u00e9rea de Cabo Verde anuncia regresso da rota Praia\u2013Recife"},{"@type":"BreadcrumbList","@id":"https:\/\/portaltela.pt\/noticias\/2026\/04\/08\/companhia-aerea-de-cabo-verde-retoma-rota-praia-recife\/#breadcrumb","itemListElement":[{"@type":"ListItem","position":1,"name":"In\u00edcio","item":"https:\/\/portaltela.pt\/"},{"@type":"ListItem","position":2,"name":"Companhia a\u00e9rea de Cabo Verde retoma rota Praia\u2013Recife"}]},{"@type":"WebSite","@id":"https:\/\/portaltela.pt\/#website","url":"https:\/\/portaltela.pt\/","name":"Portal Tela Portugal","description":"","potentialAction":[{"@type":"SearchAction","target":{"@type":"EntryPoint","urlTemplate":"https:\/\/portaltela.pt\/?s={search_term_string}"},"query-input":{"@type":"PropertyValueSpecification","valueRequired":true,"valueName":"search_term_string"}}],"inLanguage":"pt-PT"},{"@type":"Person","@id":"https:\/\/portaltela.pt\/#\/schema\/person\/c4278d4a6028830caff9ee44b42d32ed","name":"Telinha","image":{"@type":"ImageObject","inLanguage":"pt-PT","@id":"https:\/\/portaltela.pt\/s.01k8rhncp4jt1\/2025\/11\/talking-bot-125x125.png","url":"https:\/\/portaltela.pt\/s.01k8rhncp4jt1\/2025\/11\/talking-bot-125x125.png","contentUrl":"https:\/\/portaltela.pt\/s.01k8rhncp4jt1\/2025\/11\/talking-bot-125x125.png","caption":"Telinha"},"sameAs":["https:\/\/portaltela.pt\/"],"url":"https:\/\/portaltela.pt\/por\/367410592786\/"}]}},"_links":{"self":[{"href":"https:\/\/portaltela.pt\/api\/wp\/v2\/posts\/436978","targetHints":{"allow":["GET"]}}],"collection":[{"href":"https:\/\/portaltela.pt\/api\/wp\/v2\/posts"}],"about":[{"href":"https:\/\/portaltela.pt\/api\/wp\/v2\/types\/post"}],"author":[{"embeddable":true,"href":"https:\/\/portaltela.pt\/api\/wp\/v2\/users\/2"}],"replies":[{"embeddable":true,"href":"https:\/\/portaltela.pt\/api\/wp\/v2\/comments?post=436978"}],"version-history":[{"count":0,"href":"https:\/\/portaltela.pt\/api\/wp\/v2\/posts\/436978\/revisions"}],"wp:featuredmedia":[{"embeddable":true,"href":"https:\/\/portaltela.pt\/api\/wp\/v2\/media\/436983"}],"wp:attachment":[{"href":"https:\/\/portaltela.pt\/api\/wp\/v2\/media?parent=436978"}],"wp:term":[{"taxonomy":"category","embeddable":true,"href":"https:\/\/portaltela.pt\/api\/wp\/v2\/categories?post=436978"},{"taxonomy":"post_tag","embeddable":true,"href":"https:\/\/portaltela.pt\/api\/wp\/v2\/tags?post=436978"}],"curies":[{"name":"wp","href":"https:\/\/api.w.org\/{rel}","templated":true}]}}