{"id":436977,"date":"2026-04-08T13:47:22","date_gmt":"2026-04-08T16:47:22","guid":{"rendered":"https:\/\/portaltela.pt\/noticias\/2026\/04\/08\/adeptos-do-betis-deixam-campo-da-vinha-em-mau-estado-apos-concentracao-em-braga\/"},"modified":"2026-04-08T13:47:22","modified_gmt":"2026-04-08T16:47:22","slug":"adeptos-do-betis-deixam-campo-da-vinha-em-mau-estado-apos-concentracao-em-braga","status":"publish","type":"post","link":"https:\/\/portaltela.pt\/desporto\/futebol\/2026\/04\/08\/adeptos-do-betis-deixam-campo-da-vinha-em-mau-estado-apos-concentracao-em-braga\/","title":{"rendered":"Adeptos do Betis deixam Campo da Vinha em mau estado ap\u00f3s concentra\u00e7\u00e3o em Braga"},"content":{"rendered":"<p>Os adeptos do Betis reuniram-se hoje no Campo da Vinha, em Braga, antes da meia-final da Liga Europa. Cerca de 2 mil adeptos estiveram presentes para a concentra\u00e7\u00e3o antes do jogo frente ao Sporting de Braga, na primeira m\u00e3o dos quartos de final.<\/p>\n<p>A not\u00edcia aponta para um estado lastim\u00e1vel do espa\u00e7o ap\u00f3s a presen\u00e7a dos f\u00e3s. Fotografias associadas \u00e0 pe\u00e7a indicam detritos e danos no local, gerados durante o per\u00edodo de prepara\u00e7\u00e3o para a partida.<\/p>\n<p>O encontro teve lugar no Campo da Vinha, em Braga, numa tarde de estreia de temporada para o encontro entre as equipas espanholas e portuguesas. A mobiliza\u00e7\u00e3o ocorreu sem incidentes reportados pela organiza\u00e7\u00e3o do evento.<\/p>\n<h3>Estado do Campo da Vinha e impactos<\/h3>\n<p>As imagens mostram res\u00edduos no recinto, com sinais de lixo e estragos vis\u00edveis em algumas zonas. A organiza\u00e7\u00e3o local ainda n\u00e3o confirmou se existem medidas adicionais a tomar para futuros eventos deste tipo.<\/p>\n<p>Fontes ligadas ao clube de Braga n\u00e3o divulgaram declara\u00e7\u00f5es oficiais sobre o incidente. A garantia de limpeza e reposi\u00e7\u00e3o de zonas afetadas permanece em an\u00e1lise pela dire\u00e7\u00e3o do est\u00e1dio.<\/p>\n","protected":false},"excerpt":{"rendered":"<ul>\n<li>Aproximadamente duas mil adeptos do Betis concentraram-se esta tarde no Campo da Vinha, em Braga, antes do jogo com o Sporting de Braga (Sp. Braga) para a primeira m\u00e3o dos quartos de final da Liga Europa.<\/li>\n<li>O objetivo da presen\u00e7a era assistir ao encontro, que decorre sem alertas de irresolubilidade at\u00e9 ao momento.<\/li>\n<li>O noticiado estado do Campo da Vinha, descrito como lastim\u00e1vel, \u00e9 o ponto de preocupa\u00e7\u00e3o associado \u00e0 concentra\u00e7\u00e3o.<\/li>\n<li>O confronto entre Betis e Braga acontece na edi\u00e7\u00e3o da Liga Europa, com a eliminat\u00f3ria a ter in\u00edcio nesta fase.<\/li>\n<li>A cobertura da concentra\u00e7\u00e3o est\u00e1 a ser acompanhada por registos fotogr\u00e1ficos publicados pela imprensa (Fotografias: SC Braga News).<\/li>\n<\/ul>\n","protected":false},"author":2,"featured_media":436980,"comment_status":"closed","ping_status":"closed","sticky":false,"template":"","format":"standard","meta":{"footnotes":""},"categories":[21,24],"tags":[1207,152,32,3338,1831,45],"class_list":["post-436977","post","type-post","status-publish","format-standard","has-post-thumbnail","hentry","category-desporto","category-futebol","tag-braga","tag-desporto","tag-futebol","tag-futebol-internacional","tag-limpeza-urbana","tag-meio-ambiente"],"yoast_head":"<!-- This site is optimized with the Yoast SEO plugin v27.2 - https:\/\/yoast.com\/product\/yoast-seo-wordpress\/ -->\n<title>Adeptos do Betis deixam Campo da Vinha em mau estado ap\u00f3s concentra\u00e7\u00e3o em Braga - Portal Tela Portugal<\/title>\n<meta name=\"robots\" content=\"index, follow, max-snippet:-1, max-image-preview:large, max-video-preview:-1\" \/>\n<meta property=\"og:locale\" content=\"pt_PT\" \/>\n<meta property=\"og:type\" content=\"article\" \/>\n<meta property=\"og:title\" content=\"Adeptos do Betis deixam Campo da Vinha em mau estado ap\u00f3s concentra\u00e7\u00e3o em Braga - Portal Tela Portugal\" \/>\n<meta property=\"og:description\" content=\"Aproximadamente duas mil adeptos do Betis concentraram-se esta tarde no Campo da Vinha, em Braga, antes do jogo com o Sporting de Braga (Sp. Braga) para a primeira m\u00e3o dos quartos de final da Liga Europa. O objetivo da presen\u00e7a era assistir ao encontro, que decorre sem alertas de irresolubilidade at\u00e9 ao momento. O noticiado estado do Campo da Vinha, descrito como lastim\u00e1vel, \u00e9 o ponto de preocupa\u00e7\u00e3o associado \u00e0 concentra\u00e7\u00e3o. O confronto entre Betis e Braga acontece na edi\u00e7\u00e3o da Liga Europa, com a eliminat\u00f3ria a ter in\u00edcio nesta fase. A cobertura da concentra\u00e7\u00e3o est\u00e1 a ser acompanhada por registos fotogr\u00e1ficos publicados pela imprensa (Fotografias: SC Braga News).\" \/>\n<meta property=\"og:url\" content=\"https:\/\/portaltela.pt\/noticias\/2026\/04\/08\/adeptos-do-betis-deixam-campo-da-vinha-em-mau-estado-apos-concentracao-em-braga\/\" \/>\n<meta property=\"og:site_name\" content=\"Portal Tela Portugal\" \/>\n<meta property=\"article:published_time\" content=\"2026-04-08T16:47:22+00:00\" \/>\n<meta name=\"author\" content=\"Telinha\" \/>\n<meta name=\"twitter:card\" content=\"summary_large_image\" \/>\n<meta name=\"twitter:label1\" content=\"Escrito por\" \/>\n\t<meta name=\"twitter:data1\" content=\"Telinha\" \/>\n\t<meta name=\"twitter:label2\" content=\"Tempo estimado de leitura\" \/>\n\t<meta name=\"twitter:data2\" content=\"1 minuto\" \/>\n<script type=\"application\/ld+json\" class=\"yoast-schema-graph\">{\"@context\":\"https:\/\/schema.org\",\"@graph\":[{\"@type\":\"Article\",\"@id\":\"https:\/\/portaltela.pt\/noticias\/2026\/04\/08\/adeptos-do-betis-deixam-campo-da-vinha-em-mau-estado-apos-concentracao-em-braga\/#article\",\"isPartOf\":{\"@id\":\"https:\/\/portaltela.pt\/noticias\/2026\/04\/08\/adeptos-do-betis-deixam-campo-da-vinha-em-mau-estado-apos-concentracao-em-braga\/\"},\"author\":{\"name\":\"Telinha\",\"@id\":\"https:\/\/portaltela.pt\/#\/schema\/person\/c4278d4a6028830caff9ee44b42d32ed\"},\"headline\":\"Adeptos do Betis deixam Campo da Vinha em mau estado ap\u00f3s concentra\u00e7\u00e3o em Braga\",\"datePublished\":\"2026-04-08T16:47:22+00:00\",\"mainEntityOfPage\":{\"@id\":\"https:\/\/portaltela.pt\/noticias\/2026\/04\/08\/adeptos-do-betis-deixam-campo-da-vinha-em-mau-estado-apos-concentracao-em-braga\/\"},\"wordCount\":217,\"image\":{\"@id\":\"https:\/\/portaltela.pt\/noticias\/2026\/04\/08\/adeptos-do-betis-deixam-campo-da-vinha-em-mau-estado-apos-concentracao-em-braga\/#primaryimage\"},\"thumbnailUrl\":\"https:\/\/portaltela.pt\/s.01k8rhncp4jt1\/2026\/04\/img_1200x721uu2026-04-08-17-41-41-2431812.jpg\",\"keywords\":[\"Braga\",\"desporto\",\"futebol\",\"futebol internacional\",\"limpeza urbana\",\"meio-ambiente\"],\"articleSection\":[\"Desporto\",\"Futebol\"],\"inLanguage\":\"pt-PT\"},{\"@type\":\"WebPage\",\"@id\":\"https:\/\/portaltela.pt\/noticias\/2026\/04\/08\/adeptos-do-betis-deixam-campo-da-vinha-em-mau-estado-apos-concentracao-em-braga\/\",\"url\":\"https:\/\/portaltela.pt\/noticias\/2026\/04\/08\/adeptos-do-betis-deixam-campo-da-vinha-em-mau-estado-apos-concentracao-em-braga\/\",\"name\":\"Adeptos do Betis deixam Campo da Vinha em mau estado ap\u00f3s concentra\u00e7\u00e3o em Braga - Portal Tela Portugal\",\"isPartOf\":{\"@id\":\"https:\/\/portaltela.pt\/#website\"},\"primaryImageOfPage\":{\"@id\":\"https:\/\/portaltela.pt\/noticias\/2026\/04\/08\/adeptos-do-betis-deixam-campo-da-vinha-em-mau-estado-apos-concentracao-em-braga\/#primaryimage\"},\"image\":{\"@id\":\"https:\/\/portaltela.pt\/noticias\/2026\/04\/08\/adeptos-do-betis-deixam-campo-da-vinha-em-mau-estado-apos-concentracao-em-braga\/#primaryimage\"},\"thumbnailUrl\":\"https:\/\/portaltela.pt\/s.01k8rhncp4jt1\/2026\/04\/img_1200x721uu2026-04-08-17-41-41-2431812.jpg\",\"datePublished\":\"2026-04-08T16:47:22+00:00\",\"author\":{\"@id\":\"https:\/\/portaltela.pt\/#\/schema\/person\/c4278d4a6028830caff9ee44b42d32ed\"},\"breadcrumb\":{\"@id\":\"https:\/\/portaltela.pt\/noticias\/2026\/04\/08\/adeptos-do-betis-deixam-campo-da-vinha-em-mau-estado-apos-concentracao-em-braga\/#breadcrumb\"},\"inLanguage\":\"pt-PT\",\"potentialAction\":[{\"@type\":\"ReadAction\",\"target\":[\"https:\/\/portaltela.pt\/noticias\/2026\/04\/08\/adeptos-do-betis-deixam-campo-da-vinha-em-mau-estado-apos-concentracao-em-braga\/\"]}]},{\"@type\":\"ImageObject\",\"inLanguage\":\"pt-PT\",\"@id\":\"https:\/\/portaltela.pt\/noticias\/2026\/04\/08\/adeptos-do-betis-deixam-campo-da-vinha-em-mau-estado-apos-concentracao-em-braga\/#primaryimage\",\"url\":\"https:\/\/portaltela.pt\/s.01k8rhncp4jt1\/2026\/04\/img_1200x721uu2026-04-08-17-41-41-2431812.jpg\",\"contentUrl\":\"https:\/\/portaltela.pt\/s.01k8rhncp4jt1\/2026\/04\/img_1200x721uu2026-04-08-17-41-41-2431812.jpg\",\"width\":796,\"height\":448,\"caption\":\"Adeptos do Betis deixaram Campo da Vinha num estado lastim\u00e1vel ap\u00f3s concentra\u00e7\u00e3o antes do jogo em Braga\"},{\"@type\":\"BreadcrumbList\",\"@id\":\"https:\/\/portaltela.pt\/noticias\/2026\/04\/08\/adeptos-do-betis-deixam-campo-da-vinha-em-mau-estado-apos-concentracao-em-braga\/#breadcrumb\",\"itemListElement\":[{\"@type\":\"ListItem\",\"position\":1,\"name\":\"In\u00edcio\",\"item\":\"https:\/\/portaltela.pt\/\"},{\"@type\":\"ListItem\",\"position\":2,\"name\":\"Adeptos do Betis deixam Campo da Vinha em mau estado ap\u00f3s concentra\u00e7\u00e3o em Braga\"}]},{\"@type\":\"WebSite\",\"@id\":\"https:\/\/portaltela.pt\/#website\",\"url\":\"https:\/\/portaltela.pt\/\",\"name\":\"Portal Tela Portugal\",\"description\":\"\",\"potentialAction\":[{\"@type\":\"SearchAction\",\"target\":{\"@type\":\"EntryPoint\",\"urlTemplate\":\"https:\/\/portaltela.pt\/?s={search_term_string}\"},\"query-input\":{\"@type\":\"PropertyValueSpecification\",\"valueRequired\":true,\"valueName\":\"search_term_string\"}}],\"inLanguage\":\"pt-PT\"},{\"@type\":\"Person\",\"@id\":\"https:\/\/portaltela.pt\/#\/schema\/person\/c4278d4a6028830caff9ee44b42d32ed\",\"name\":\"Telinha\",\"image\":{\"@type\":\"ImageObject\",\"inLanguage\":\"pt-PT\",\"@id\":\"https:\/\/portaltela.pt\/s.01k8rhncp4jt1\/2025\/11\/talking-bot-125x125.png\",\"url\":\"https:\/\/portaltela.pt\/s.01k8rhncp4jt1\/2025\/11\/talking-bot-125x125.png\",\"contentUrl\":\"https:\/\/portaltela.pt\/s.01k8rhncp4jt1\/2025\/11\/talking-bot-125x125.png\",\"caption\":\"Telinha\"},\"sameAs\":[\"https:\/\/portaltela.pt\/\"],\"url\":\"https:\/\/portaltela.pt\/por\/367410592786\/\"}]}<\/script>\n<!-- \/ Yoast SEO plugin. -->","yoast_head_json":{"title":"Adeptos do Betis deixam Campo da Vinha em mau estado ap\u00f3s concentra\u00e7\u00e3o em Braga - Portal Tela Portugal","robots":{"index":"index","follow":"follow","max-snippet":"max-snippet:-1","max-image-preview":"max-image-preview:large","max-video-preview":"max-video-preview:-1"},"og_locale":"pt_PT","og_type":"article","og_title":"Adeptos do Betis deixam Campo da Vinha em mau estado ap\u00f3s concentra\u00e7\u00e3o em Braga - Portal Tela Portugal","og_description":"Aproximadamente duas mil adeptos do Betis concentraram-se esta tarde no Campo da Vinha, em Braga, antes do jogo com o Sporting de Braga (Sp. Braga) para a primeira m\u00e3o dos quartos de final da Liga Europa. O objetivo da presen\u00e7a era assistir ao encontro, que decorre sem alertas de irresolubilidade at\u00e9 ao momento. O noticiado estado do Campo da Vinha, descrito como lastim\u00e1vel, \u00e9 o ponto de preocupa\u00e7\u00e3o associado \u00e0 concentra\u00e7\u00e3o. O confronto entre Betis e Braga acontece na edi\u00e7\u00e3o da Liga Europa, com a eliminat\u00f3ria a ter in\u00edcio nesta fase. A cobertura da concentra\u00e7\u00e3o est\u00e1 a ser acompanhada por registos fotogr\u00e1ficos publicados pela imprensa (Fotografias: SC Braga News).","og_url":"https:\/\/portaltela.pt\/noticias\/2026\/04\/08\/adeptos-do-betis-deixam-campo-da-vinha-em-mau-estado-apos-concentracao-em-braga\/","og_site_name":"Portal Tela Portugal","article_published_time":"2026-04-08T16:47:22+00:00","author":"Telinha","twitter_card":"summary_large_image","twitter_misc":{"Escrito por":"Telinha","Tempo estimado de leitura":"1 minuto"},"schema":{"@context":"https:\/\/schema.org","@graph":[{"@type":"Article","@id":"https:\/\/portaltela.pt\/noticias\/2026\/04\/08\/adeptos-do-betis-deixam-campo-da-vinha-em-mau-estado-apos-concentracao-em-braga\/#article","isPartOf":{"@id":"https:\/\/portaltela.pt\/noticias\/2026\/04\/08\/adeptos-do-betis-deixam-campo-da-vinha-em-mau-estado-apos-concentracao-em-braga\/"},"author":{"name":"Telinha","@id":"https:\/\/portaltela.pt\/#\/schema\/person\/c4278d4a6028830caff9ee44b42d32ed"},"headline":"Adeptos do Betis deixam Campo da Vinha em mau estado ap\u00f3s concentra\u00e7\u00e3o em Braga","datePublished":"2026-04-08T16:47:22+00:00","mainEntityOfPage":{"@id":"https:\/\/portaltela.pt\/noticias\/2026\/04\/08\/adeptos-do-betis-deixam-campo-da-vinha-em-mau-estado-apos-concentracao-em-braga\/"},"wordCount":217,"image":{"@id":"https:\/\/portaltela.pt\/noticias\/2026\/04\/08\/adeptos-do-betis-deixam-campo-da-vinha-em-mau-estado-apos-concentracao-em-braga\/#primaryimage"},"thumbnailUrl":"https:\/\/portaltela.pt\/s.01k8rhncp4jt1\/2026\/04\/img_1200x721uu2026-04-08-17-41-41-2431812.jpg","keywords":["Braga","desporto","futebol","futebol internacional","limpeza urbana","meio-ambiente"],"articleSection":["Desporto","Futebol"],"inLanguage":"pt-PT"},{"@type":"WebPage","@id":"https:\/\/portaltela.pt\/noticias\/2026\/04\/08\/adeptos-do-betis-deixam-campo-da-vinha-em-mau-estado-apos-concentracao-em-braga\/","url":"https:\/\/portaltela.pt\/noticias\/2026\/04\/08\/adeptos-do-betis-deixam-campo-da-vinha-em-mau-estado-apos-concentracao-em-braga\/","name":"Adeptos do Betis deixam Campo da Vinha em mau estado ap\u00f3s concentra\u00e7\u00e3o em Braga - Portal Tela Portugal","isPartOf":{"@id":"https:\/\/portaltela.pt\/#website"},"primaryImageOfPage":{"@id":"https:\/\/portaltela.pt\/noticias\/2026\/04\/08\/adeptos-do-betis-deixam-campo-da-vinha-em-mau-estado-apos-concentracao-em-braga\/#primaryimage"},"image":{"@id":"https:\/\/portaltela.pt\/noticias\/2026\/04\/08\/adeptos-do-betis-deixam-campo-da-vinha-em-mau-estado-apos-concentracao-em-braga\/#primaryimage"},"thumbnailUrl":"https:\/\/portaltela.pt\/s.01k8rhncp4jt1\/2026\/04\/img_1200x721uu2026-04-08-17-41-41-2431812.jpg","datePublished":"2026-04-08T16:47:22+00:00","author":{"@id":"https:\/\/portaltela.pt\/#\/schema\/person\/c4278d4a6028830caff9ee44b42d32ed"},"breadcrumb":{"@id":"https:\/\/portaltela.pt\/noticias\/2026\/04\/08\/adeptos-do-betis-deixam-campo-da-vinha-em-mau-estado-apos-concentracao-em-braga\/#breadcrumb"},"inLanguage":"pt-PT","potentialAction":[{"@type":"ReadAction","target":["https:\/\/portaltela.pt\/noticias\/2026\/04\/08\/adeptos-do-betis-deixam-campo-da-vinha-em-mau-estado-apos-concentracao-em-braga\/"]}]},{"@type":"ImageObject","inLanguage":"pt-PT","@id":"https:\/\/portaltela.pt\/noticias\/2026\/04\/08\/adeptos-do-betis-deixam-campo-da-vinha-em-mau-estado-apos-concentracao-em-braga\/#primaryimage","url":"https:\/\/portaltela.pt\/s.01k8rhncp4jt1\/2026\/04\/img_1200x721uu2026-04-08-17-41-41-2431812.jpg","contentUrl":"https:\/\/portaltela.pt\/s.01k8rhncp4jt1\/2026\/04\/img_1200x721uu2026-04-08-17-41-41-2431812.jpg","width":796,"height":448,"caption":"Adeptos do Betis deixaram Campo da Vinha num estado lastim\u00e1vel ap\u00f3s concentra\u00e7\u00e3o antes do jogo em Braga"},{"@type":"BreadcrumbList","@id":"https:\/\/portaltela.pt\/noticias\/2026\/04\/08\/adeptos-do-betis-deixam-campo-da-vinha-em-mau-estado-apos-concentracao-em-braga\/#breadcrumb","itemListElement":[{"@type":"ListItem","position":1,"name":"In\u00edcio","item":"https:\/\/portaltela.pt\/"},{"@type":"ListItem","position":2,"name":"Adeptos do Betis deixam Campo da Vinha em mau estado ap\u00f3s concentra\u00e7\u00e3o em Braga"}]},{"@type":"WebSite","@id":"https:\/\/portaltela.pt\/#website","url":"https:\/\/portaltela.pt\/","name":"Portal Tela Portugal","description":"","potentialAction":[{"@type":"SearchAction","target":{"@type":"EntryPoint","urlTemplate":"https:\/\/portaltela.pt\/?s={search_term_string}"},"query-input":{"@type":"PropertyValueSpecification","valueRequired":true,"valueName":"search_term_string"}}],"inLanguage":"pt-PT"},{"@type":"Person","@id":"https:\/\/portaltela.pt\/#\/schema\/person\/c4278d4a6028830caff9ee44b42d32ed","name":"Telinha","image":{"@type":"ImageObject","inLanguage":"pt-PT","@id":"https:\/\/portaltela.pt\/s.01k8rhncp4jt1\/2025\/11\/talking-bot-125x125.png","url":"https:\/\/portaltela.pt\/s.01k8rhncp4jt1\/2025\/11\/talking-bot-125x125.png","contentUrl":"https:\/\/portaltela.pt\/s.01k8rhncp4jt1\/2025\/11\/talking-bot-125x125.png","caption":"Telinha"},"sameAs":["https:\/\/portaltela.pt\/"],"url":"https:\/\/portaltela.pt\/por\/367410592786\/"}]}},"_links":{"self":[{"href":"https:\/\/portaltela.pt\/api\/wp\/v2\/posts\/436977","targetHints":{"allow":["GET"]}}],"collection":[{"href":"https:\/\/portaltela.pt\/api\/wp\/v2\/posts"}],"about":[{"href":"https:\/\/portaltela.pt\/api\/wp\/v2\/types\/post"}],"author":[{"embeddable":true,"href":"https:\/\/portaltela.pt\/api\/wp\/v2\/users\/2"}],"replies":[{"embeddable":true,"href":"https:\/\/portaltela.pt\/api\/wp\/v2\/comments?post=436977"}],"version-history":[{"count":0,"href":"https:\/\/portaltela.pt\/api\/wp\/v2\/posts\/436977\/revisions"}],"wp:featuredmedia":[{"embeddable":true,"href":"https:\/\/portaltela.pt\/api\/wp\/v2\/media\/436980"}],"wp:attachment":[{"href":"https:\/\/portaltela.pt\/api\/wp\/v2\/media?parent=436977"}],"wp:term":[{"taxonomy":"category","embeddable":true,"href":"https:\/\/portaltela.pt\/api\/wp\/v2\/categories?post=436977"},{"taxonomy":"post_tag","embeddable":true,"href":"https:\/\/portaltela.pt\/api\/wp\/v2\/tags?post=436977"}],"curies":[{"name":"wp","href":"https:\/\/api.w.org\/{rel}","templated":true}]}}