{"id":436957,"date":"2026-04-08T13:32:11","date_gmt":"2026-04-08T16:32:11","guid":{"rendered":"https:\/\/portaltela.pt\/noticias\/2026\/04\/08\/diogo-leitao-eleito-jogador-do-mes-de-marco-na-liga-3\/"},"modified":"2026-04-08T13:32:11","modified_gmt":"2026-04-08T16:32:11","slug":"diogo-leitao-eleito-jogador-do-mes-de-marco-na-liga-3","status":"publish","type":"post","link":"https:\/\/portaltela.pt\/desporto\/futebol\/2026\/04\/08\/diogo-leitao-eleito-jogador-do-mes-de-marco-na-liga-3\/","title":{"rendered":"Diogo Leit\u00e3o eleito jogador do m\u00eas de mar\u00e7o na Liga 3"},"content":{"rendered":"<p>O m\u00e9dio Diogo Leit\u00e3o, do Belenenses, foi eleito o jogador do m\u00eas de mar\u00e7o da Liga 3. O atleta, de 27 anos, destacou-se com cinco golos em tr\u00eas jogos.<\/p>\n<p>Leit\u00e3o marcou nos triunfos sobre U. Santar\u00e9m (2-0) e Varzim (3-2), e ainda apontou um hat-trick na goleada de 4-1 frente a Mafra, consolidando a lideran\u00e7a da equipa no per\u00edodo.<\/p>\n<p>A nomea\u00e7\u00e3o destina-se a reconhecer o rendimento individual ao longo de v\u00e1rias jornadas, destacando a import\u00e2ncia do jogador para o desempenho do Belenenses no m\u00eas em an\u00e1lise.<\/p>\n<p>A Liga 3, que re\u00fane clubes da terceira divis\u00e3o, tem avaliado diariamente o impacto de Diogo Leit\u00e3o, cuja produ\u00e7\u00e3o ofensiva se manteve entre as primeiras posi\u00e7\u00f5es da competi\u00e7\u00e3o nesse m\u00eas.<\/p>\n","protected":false},"excerpt":{"rendered":"<ul>\n<li>Diogo Leit\u00e3o, m\u00e9dio do Belenenses, foi eleito o jogador do m\u00eas de mar\u00e7o da Liga 3.<\/li>\n<li>O atleta, de 27 anos, apontou cinco golos em tr\u00eas jogos nesse per\u00edodo.<\/li>\n<li>Teve presen\u00e7a nos triunfos sobre o U. Santar\u00e9m (2-0) e o Varzim (3-2).<\/li>\n<li>Assinou um hat-trick na goleada de Mafra (4-1).<\/li>\n<\/ul>\n","protected":false},"author":2,"featured_media":436958,"comment_status":"closed","ping_status":"closed","sticky":false,"template":"","format":"standard","meta":{"footnotes":""},"categories":[21,24],"tags":[7755,4985,4925,72,242,1786],"class_list":["post-436957","post","type-post","status-publish","format-standard","has-post-thumbnail","hentry","category-desporto","category-futebol","tag-_futebol","tag-3-a-divisao-serie-d","tag-belenenses","tag-craques","tag-jogadores","tag-liga"],"yoast_head":"<!-- This site is optimized with the Yoast SEO plugin v27.2 - https:\/\/yoast.com\/product\/yoast-seo-wordpress\/ -->\n<title>Diogo Leit\u00e3o eleito jogador do m\u00eas de mar\u00e7o na Liga 3 - Portal Tela Portugal<\/title>\n<meta name=\"robots\" content=\"index, follow, max-snippet:-1, max-image-preview:large, max-video-preview:-1\" \/>\n<meta property=\"og:locale\" content=\"pt_PT\" \/>\n<meta property=\"og:type\" content=\"article\" \/>\n<meta property=\"og:title\" content=\"Diogo Leit\u00e3o eleito jogador do m\u00eas de mar\u00e7o na Liga 3 - Portal Tela Portugal\" \/>\n<meta property=\"og:description\" content=\"Diogo Leit\u00e3o, m\u00e9dio do Belenenses, foi eleito o jogador do m\u00eas de mar\u00e7o da Liga 3. O atleta, de 27 anos, apontou cinco golos em tr\u00eas jogos nesse per\u00edodo. Teve presen\u00e7a nos triunfos sobre o U. Santar\u00e9m (2-0) e o Varzim (3-2). Assinou um hat-trick na goleada de Mafra (4-1).\" \/>\n<meta property=\"og:url\" content=\"https:\/\/portaltela.pt\/noticias\/2026\/04\/08\/diogo-leitao-eleito-jogador-do-mes-de-marco-na-liga-3\/\" \/>\n<meta property=\"og:site_name\" content=\"Portal Tela Portugal\" \/>\n<meta property=\"article:published_time\" content=\"2026-04-08T16:32:11+00:00\" \/>\n<meta name=\"author\" content=\"Telinha\" \/>\n<meta name=\"twitter:card\" content=\"summary_large_image\" \/>\n<meta name=\"twitter:label1\" content=\"Escrito por\" \/>\n\t<meta name=\"twitter:data1\" content=\"Telinha\" \/>\n\t<meta name=\"twitter:label2\" content=\"Tempo estimado de leitura\" \/>\n\t<meta name=\"twitter:data2\" content=\"1 minuto\" \/>\n<script type=\"application\/ld+json\" class=\"yoast-schema-graph\">{\"@context\":\"https:\/\/schema.org\",\"@graph\":[{\"@type\":\"Article\",\"@id\":\"https:\/\/portaltela.pt\/noticias\/2026\/04\/08\/diogo-leitao-eleito-jogador-do-mes-de-marco-na-liga-3\/#article\",\"isPartOf\":{\"@id\":\"https:\/\/portaltela.pt\/noticias\/2026\/04\/08\/diogo-leitao-eleito-jogador-do-mes-de-marco-na-liga-3\/\"},\"author\":{\"name\":\"Telinha\",\"@id\":\"https:\/\/portaltela.pt\/#\/schema\/person\/c4278d4a6028830caff9ee44b42d32ed\"},\"headline\":\"Diogo Leit\u00e3o eleito jogador do m\u00eas de mar\u00e7o na Liga 3\",\"datePublished\":\"2026-04-08T16:32:11+00:00\",\"mainEntityOfPage\":{\"@id\":\"https:\/\/portaltela.pt\/noticias\/2026\/04\/08\/diogo-leitao-eleito-jogador-do-mes-de-marco-na-liga-3\/\"},\"wordCount\":147,\"image\":{\"@id\":\"https:\/\/portaltela.pt\/noticias\/2026\/04\/08\/diogo-leitao-eleito-jogador-do-mes-de-marco-na-liga-3\/#primaryimage\"},\"thumbnailUrl\":\"https:\/\/portaltela.pt\/s.01k8rhncp4jt1\/2026\/04\/img_920x518uu2025-05-30-23-22-53-2366346.jpg\",\"keywords\":[\"_futebol\",\"3.\u00aa Divis\u00e3o \u2014 S\u00e9rie D\",\"Belenenses\",\"craques\",\"jogadores\",\"Liga\"],\"articleSection\":[\"Desporto\",\"Futebol\"],\"inLanguage\":\"pt-PT\"},{\"@type\":\"WebPage\",\"@id\":\"https:\/\/portaltela.pt\/noticias\/2026\/04\/08\/diogo-leitao-eleito-jogador-do-mes-de-marco-na-liga-3\/\",\"url\":\"https:\/\/portaltela.pt\/noticias\/2026\/04\/08\/diogo-leitao-eleito-jogador-do-mes-de-marco-na-liga-3\/\",\"name\":\"Diogo Leit\u00e3o eleito jogador do m\u00eas de mar\u00e7o na Liga 3 - Portal Tela Portugal\",\"isPartOf\":{\"@id\":\"https:\/\/portaltela.pt\/#website\"},\"primaryImageOfPage\":{\"@id\":\"https:\/\/portaltela.pt\/noticias\/2026\/04\/08\/diogo-leitao-eleito-jogador-do-mes-de-marco-na-liga-3\/#primaryimage\"},\"image\":{\"@id\":\"https:\/\/portaltela.pt\/noticias\/2026\/04\/08\/diogo-leitao-eleito-jogador-do-mes-de-marco-na-liga-3\/#primaryimage\"},\"thumbnailUrl\":\"https:\/\/portaltela.pt\/s.01k8rhncp4jt1\/2026\/04\/img_920x518uu2025-05-30-23-22-53-2366346.jpg\",\"datePublished\":\"2026-04-08T16:32:11+00:00\",\"author\":{\"@id\":\"https:\/\/portaltela.pt\/#\/schema\/person\/c4278d4a6028830caff9ee44b42d32ed\"},\"breadcrumb\":{\"@id\":\"https:\/\/portaltela.pt\/noticias\/2026\/04\/08\/diogo-leitao-eleito-jogador-do-mes-de-marco-na-liga-3\/#breadcrumb\"},\"inLanguage\":\"pt-PT\",\"potentialAction\":[{\"@type\":\"ReadAction\",\"target\":[\"https:\/\/portaltela.pt\/noticias\/2026\/04\/08\/diogo-leitao-eleito-jogador-do-mes-de-marco-na-liga-3\/\"]}]},{\"@type\":\"ImageObject\",\"inLanguage\":\"pt-PT\",\"@id\":\"https:\/\/portaltela.pt\/noticias\/2026\/04\/08\/diogo-leitao-eleito-jogador-do-mes-de-marco-na-liga-3\/#primaryimage\",\"url\":\"https:\/\/portaltela.pt\/s.01k8rhncp4jt1\/2026\/04\/img_920x518uu2025-05-30-23-22-53-2366346.jpg\",\"contentUrl\":\"https:\/\/portaltela.pt\/s.01k8rhncp4jt1\/2026\/04\/img_920x518uu2025-05-30-23-22-53-2366346.jpg\",\"width\":796,\"height\":448,\"caption\":\"Diogo Leit\u00e3o em alta no Belenenses\"},{\"@type\":\"BreadcrumbList\",\"@id\":\"https:\/\/portaltela.pt\/noticias\/2026\/04\/08\/diogo-leitao-eleito-jogador-do-mes-de-marco-na-liga-3\/#breadcrumb\",\"itemListElement\":[{\"@type\":\"ListItem\",\"position\":1,\"name\":\"In\u00edcio\",\"item\":\"https:\/\/portaltela.pt\/\"},{\"@type\":\"ListItem\",\"position\":2,\"name\":\"Diogo Leit\u00e3o eleito jogador do m\u00eas de mar\u00e7o na Liga 3\"}]},{\"@type\":\"WebSite\",\"@id\":\"https:\/\/portaltela.pt\/#website\",\"url\":\"https:\/\/portaltela.pt\/\",\"name\":\"Portal Tela Portugal\",\"description\":\"\",\"potentialAction\":[{\"@type\":\"SearchAction\",\"target\":{\"@type\":\"EntryPoint\",\"urlTemplate\":\"https:\/\/portaltela.pt\/?s={search_term_string}\"},\"query-input\":{\"@type\":\"PropertyValueSpecification\",\"valueRequired\":true,\"valueName\":\"search_term_string\"}}],\"inLanguage\":\"pt-PT\"},{\"@type\":\"Person\",\"@id\":\"https:\/\/portaltela.pt\/#\/schema\/person\/c4278d4a6028830caff9ee44b42d32ed\",\"name\":\"Telinha\",\"image\":{\"@type\":\"ImageObject\",\"inLanguage\":\"pt-PT\",\"@id\":\"https:\/\/portaltela.pt\/s.01k8rhncp4jt1\/2025\/11\/talking-bot-125x125.png\",\"url\":\"https:\/\/portaltela.pt\/s.01k8rhncp4jt1\/2025\/11\/talking-bot-125x125.png\",\"contentUrl\":\"https:\/\/portaltela.pt\/s.01k8rhncp4jt1\/2025\/11\/talking-bot-125x125.png\",\"caption\":\"Telinha\"},\"sameAs\":[\"https:\/\/portaltela.pt\/\"],\"url\":\"https:\/\/portaltela.pt\/por\/367410592786\/\"}]}<\/script>\n<!-- \/ Yoast SEO plugin. -->","yoast_head_json":{"title":"Diogo Leit\u00e3o eleito jogador do m\u00eas de mar\u00e7o na Liga 3 - Portal Tela Portugal","robots":{"index":"index","follow":"follow","max-snippet":"max-snippet:-1","max-image-preview":"max-image-preview:large","max-video-preview":"max-video-preview:-1"},"og_locale":"pt_PT","og_type":"article","og_title":"Diogo Leit\u00e3o eleito jogador do m\u00eas de mar\u00e7o na Liga 3 - Portal Tela Portugal","og_description":"Diogo Leit\u00e3o, m\u00e9dio do Belenenses, foi eleito o jogador do m\u00eas de mar\u00e7o da Liga 3. O atleta, de 27 anos, apontou cinco golos em tr\u00eas jogos nesse per\u00edodo. Teve presen\u00e7a nos triunfos sobre o U. Santar\u00e9m (2-0) e o Varzim (3-2). Assinou um hat-trick na goleada de Mafra (4-1).","og_url":"https:\/\/portaltela.pt\/noticias\/2026\/04\/08\/diogo-leitao-eleito-jogador-do-mes-de-marco-na-liga-3\/","og_site_name":"Portal Tela Portugal","article_published_time":"2026-04-08T16:32:11+00:00","author":"Telinha","twitter_card":"summary_large_image","twitter_misc":{"Escrito por":"Telinha","Tempo estimado de leitura":"1 minuto"},"schema":{"@context":"https:\/\/schema.org","@graph":[{"@type":"Article","@id":"https:\/\/portaltela.pt\/noticias\/2026\/04\/08\/diogo-leitao-eleito-jogador-do-mes-de-marco-na-liga-3\/#article","isPartOf":{"@id":"https:\/\/portaltela.pt\/noticias\/2026\/04\/08\/diogo-leitao-eleito-jogador-do-mes-de-marco-na-liga-3\/"},"author":{"name":"Telinha","@id":"https:\/\/portaltela.pt\/#\/schema\/person\/c4278d4a6028830caff9ee44b42d32ed"},"headline":"Diogo Leit\u00e3o eleito jogador do m\u00eas de mar\u00e7o na Liga 3","datePublished":"2026-04-08T16:32:11+00:00","mainEntityOfPage":{"@id":"https:\/\/portaltela.pt\/noticias\/2026\/04\/08\/diogo-leitao-eleito-jogador-do-mes-de-marco-na-liga-3\/"},"wordCount":147,"image":{"@id":"https:\/\/portaltela.pt\/noticias\/2026\/04\/08\/diogo-leitao-eleito-jogador-do-mes-de-marco-na-liga-3\/#primaryimage"},"thumbnailUrl":"https:\/\/portaltela.pt\/s.01k8rhncp4jt1\/2026\/04\/img_920x518uu2025-05-30-23-22-53-2366346.jpg","keywords":["_futebol","3.\u00aa Divis\u00e3o \u2014 S\u00e9rie D","Belenenses","craques","jogadores","Liga"],"articleSection":["Desporto","Futebol"],"inLanguage":"pt-PT"},{"@type":"WebPage","@id":"https:\/\/portaltela.pt\/noticias\/2026\/04\/08\/diogo-leitao-eleito-jogador-do-mes-de-marco-na-liga-3\/","url":"https:\/\/portaltela.pt\/noticias\/2026\/04\/08\/diogo-leitao-eleito-jogador-do-mes-de-marco-na-liga-3\/","name":"Diogo Leit\u00e3o eleito jogador do m\u00eas de mar\u00e7o na Liga 3 - Portal Tela Portugal","isPartOf":{"@id":"https:\/\/portaltela.pt\/#website"},"primaryImageOfPage":{"@id":"https:\/\/portaltela.pt\/noticias\/2026\/04\/08\/diogo-leitao-eleito-jogador-do-mes-de-marco-na-liga-3\/#primaryimage"},"image":{"@id":"https:\/\/portaltela.pt\/noticias\/2026\/04\/08\/diogo-leitao-eleito-jogador-do-mes-de-marco-na-liga-3\/#primaryimage"},"thumbnailUrl":"https:\/\/portaltela.pt\/s.01k8rhncp4jt1\/2026\/04\/img_920x518uu2025-05-30-23-22-53-2366346.jpg","datePublished":"2026-04-08T16:32:11+00:00","author":{"@id":"https:\/\/portaltela.pt\/#\/schema\/person\/c4278d4a6028830caff9ee44b42d32ed"},"breadcrumb":{"@id":"https:\/\/portaltela.pt\/noticias\/2026\/04\/08\/diogo-leitao-eleito-jogador-do-mes-de-marco-na-liga-3\/#breadcrumb"},"inLanguage":"pt-PT","potentialAction":[{"@type":"ReadAction","target":["https:\/\/portaltela.pt\/noticias\/2026\/04\/08\/diogo-leitao-eleito-jogador-do-mes-de-marco-na-liga-3\/"]}]},{"@type":"ImageObject","inLanguage":"pt-PT","@id":"https:\/\/portaltela.pt\/noticias\/2026\/04\/08\/diogo-leitao-eleito-jogador-do-mes-de-marco-na-liga-3\/#primaryimage","url":"https:\/\/portaltela.pt\/s.01k8rhncp4jt1\/2026\/04\/img_920x518uu2025-05-30-23-22-53-2366346.jpg","contentUrl":"https:\/\/portaltela.pt\/s.01k8rhncp4jt1\/2026\/04\/img_920x518uu2025-05-30-23-22-53-2366346.jpg","width":796,"height":448,"caption":"Diogo Leit\u00e3o em alta no Belenenses"},{"@type":"BreadcrumbList","@id":"https:\/\/portaltela.pt\/noticias\/2026\/04\/08\/diogo-leitao-eleito-jogador-do-mes-de-marco-na-liga-3\/#breadcrumb","itemListElement":[{"@type":"ListItem","position":1,"name":"In\u00edcio","item":"https:\/\/portaltela.pt\/"},{"@type":"ListItem","position":2,"name":"Diogo Leit\u00e3o eleito jogador do m\u00eas de mar\u00e7o na Liga 3"}]},{"@type":"WebSite","@id":"https:\/\/portaltela.pt\/#website","url":"https:\/\/portaltela.pt\/","name":"Portal Tela Portugal","description":"","potentialAction":[{"@type":"SearchAction","target":{"@type":"EntryPoint","urlTemplate":"https:\/\/portaltela.pt\/?s={search_term_string}"},"query-input":{"@type":"PropertyValueSpecification","valueRequired":true,"valueName":"search_term_string"}}],"inLanguage":"pt-PT"},{"@type":"Person","@id":"https:\/\/portaltela.pt\/#\/schema\/person\/c4278d4a6028830caff9ee44b42d32ed","name":"Telinha","image":{"@type":"ImageObject","inLanguage":"pt-PT","@id":"https:\/\/portaltela.pt\/s.01k8rhncp4jt1\/2025\/11\/talking-bot-125x125.png","url":"https:\/\/portaltela.pt\/s.01k8rhncp4jt1\/2025\/11\/talking-bot-125x125.png","contentUrl":"https:\/\/portaltela.pt\/s.01k8rhncp4jt1\/2025\/11\/talking-bot-125x125.png","caption":"Telinha"},"sameAs":["https:\/\/portaltela.pt\/"],"url":"https:\/\/portaltela.pt\/por\/367410592786\/"}]}},"_links":{"self":[{"href":"https:\/\/portaltela.pt\/api\/wp\/v2\/posts\/436957","targetHints":{"allow":["GET"]}}],"collection":[{"href":"https:\/\/portaltela.pt\/api\/wp\/v2\/posts"}],"about":[{"href":"https:\/\/portaltela.pt\/api\/wp\/v2\/types\/post"}],"author":[{"embeddable":true,"href":"https:\/\/portaltela.pt\/api\/wp\/v2\/users\/2"}],"replies":[{"embeddable":true,"href":"https:\/\/portaltela.pt\/api\/wp\/v2\/comments?post=436957"}],"version-history":[{"count":0,"href":"https:\/\/portaltela.pt\/api\/wp\/v2\/posts\/436957\/revisions"}],"wp:featuredmedia":[{"embeddable":true,"href":"https:\/\/portaltela.pt\/api\/wp\/v2\/media\/436958"}],"wp:attachment":[{"href":"https:\/\/portaltela.pt\/api\/wp\/v2\/media?parent=436957"}],"wp:term":[{"taxonomy":"category","embeddable":true,"href":"https:\/\/portaltela.pt\/api\/wp\/v2\/categories?post=436957"},{"taxonomy":"post_tag","embeddable":true,"href":"https:\/\/portaltela.pt\/api\/wp\/v2\/tags?post=436957"}],"curies":[{"name":"wp","href":"https:\/\/api.w.org\/{rel}","templated":true}]}}