{"id":436947,"date":"2026-04-08T13:17:37","date_gmt":"2026-04-08T16:17:37","guid":{"rendered":"https:\/\/portaltela.pt\/noticias\/2026\/04\/08\/incendio-em-coimbra-desalojou-2-mulheres-e-3-criancas-apos-despiste-de-carro\/"},"modified":"2026-04-08T13:17:37","modified_gmt":"2026-04-08T16:17:37","slug":"incendio-em-coimbra-desalojou-2-mulheres-e-3-criancas-apos-despiste-de-carro","status":"publish","type":"post","link":"https:\/\/portaltela.pt\/noticias\/2026\/04\/08\/incendio-em-coimbra-desalojou-2-mulheres-e-3-criancas-apos-despiste-de-carro\/","title":{"rendered":"Inc\u00eandio em Coimbra desalojou 2 mulheres e 3 crian\u00e7as ap\u00f3s despiste de carro"},"content":{"rendered":"<p>O pr\u00e9dio de Coimbra ficou sem condi\u00e7\u00f5es de habitabilidade ap\u00f3s um inc\u00eandio desencadeado pelo despiste de um carro que matou dois jovens. Duas mulheres e tr\u00eas crian\u00e7as ficaram desalojadas, segundo a Prote\u00e7\u00e3o Civil de Coimbra.<\/p>\n<p>No primeiro piso funciona um alojamento local; os ocupantes foram transferidos para outra unidade do mesmo propriet\u00e1rio. O andar superior est\u00e1 dividido em dois est\u00fadios, um com uma jovem de 20 anos e outro com uma mulher de 25 anos e os tr\u00eas filhos menores.<\/p>\n<p>As crian\u00e7as n\u00e3o estavam no local no momento do acidente, que ocorreu por volta das 06h30 na Avenida S\u00e1 da Bandeira. As duas mulheres foram encontradas inconscientes pelos Bombeiros e transportadas em estado grave para os Hospitais da Universidade de Coimbra, onde permanecem em cuidados intensivos com progn\u00f3stico reservado.<\/p>\n<h3>Inc\u00eandio e avalia\u00e7\u00e3o estrutural<\/h3>\n<p>O edif\u00edcio vai ser vistoriado na quinta-feira pelos servi\u00e7os municipais para avaliar a seguran\u00e7a estrutural. O inc\u00eandio decorreu ap\u00f3s o rebentamento da instala\u00e7\u00e3o de g\u00e1s, consequ\u00eancia direta do embate do ve\u00edculo, de acordo com as autoridades.<\/p>\n","protected":false},"excerpt":{"rendered":"<ul>\n<li>O inc\u00eandio que derivou do despiste de um carro e do rebentamento da instala\u00e7\u00e3o de g\u00e1s em Coimbra deixou o pr\u00e9dio inabit\u00e1vel, com dois jovens mortos.<\/li>\n<li>Duas mulheres e tr\u00eas crian\u00e7as ficaram desalojadas; no primeiro piso funcionava um alojamento local e foram transferidas para outra unidade do mesmo propriet\u00e1rio.<\/li>\n<li>No andar superior estavam dois est\u00fadios: um com uma jovem de 20 anos e o outro com uma mulher de 25 anos com os tr\u00eas filhos menores.<\/li>\n<li>As duas mulheres foram encontradas inconscientes pelos operacionais e transportadas, em estado grave, para os Hospitais da Universidade de Coimbra; devem permanecer em cuidados intensivos com progn\u00f3stico reservado.<\/li>\n<li>O edif\u00edcio ser\u00e1 vistoriado na quinta-feira pelos servi\u00e7os municipais para avaliar a seguran\u00e7a estrutural.<\/li>\n<\/ul>\n","protected":false},"author":2,"featured_media":436949,"comment_status":"closed","ping_status":"closed","sticky":false,"template":"","format":"standard","meta":{"footnotes":""},"categories":[6849,1],"tags":[7791,7815,1070,7575,3004,1438],"class_list":["post-436947","post","type-post","status-publish","format-standard","has-post-thumbnail","hentry","category-acidentes","category-noticias","tag-_habitacao","tag-_habitacao-publica","tag-coimbra","tag-desabrigados","tag-desalojados","tag-incendio"],"yoast_head":"<!-- This site is optimized with the Yoast SEO plugin v27.2 - https:\/\/yoast.com\/product\/yoast-seo-wordpress\/ -->\n<title>Inc\u00eandio em Coimbra desalojou 2 mulheres e 3 crian\u00e7as ap\u00f3s despiste de carro - Portal Tela Portugal<\/title>\n<meta name=\"robots\" content=\"index, follow, max-snippet:-1, max-image-preview:large, max-video-preview:-1\" \/>\n<meta property=\"og:locale\" content=\"pt_PT\" \/>\n<meta property=\"og:type\" content=\"article\" \/>\n<meta property=\"og:title\" content=\"Inc\u00eandio em Coimbra desalojou 2 mulheres e 3 crian\u00e7as ap\u00f3s despiste de carro - Portal Tela Portugal\" \/>\n<meta property=\"og:description\" content=\"O inc\u00eandio que derivou do despiste de um carro e do rebentamento da instala\u00e7\u00e3o de g\u00e1s em Coimbra deixou o pr\u00e9dio inabit\u00e1vel, com dois jovens mortos. Duas mulheres e tr\u00eas crian\u00e7as ficaram desalojadas; no primeiro piso funcionava um alojamento local e foram transferidas para outra unidade do mesmo propriet\u00e1rio. No andar superior estavam dois est\u00fadios: um com uma jovem de 20 anos e o outro com uma mulher de 25 anos com os tr\u00eas filhos menores. As duas mulheres foram encontradas inconscientes pelos operacionais e transportadas, em estado grave, para os Hospitais da Universidade de Coimbra; devem permanecer em cuidados intensivos com progn\u00f3stico reservado. O edif\u00edcio ser\u00e1 vistoriado na quinta-feira pelos servi\u00e7os municipais para avaliar a seguran\u00e7a estrutural.\" \/>\n<meta property=\"og:url\" content=\"https:\/\/portaltela.pt\/noticias\/2026\/04\/08\/incendio-em-coimbra-desalojou-2-mulheres-e-3-criancas-apos-despiste-de-carro\/\" \/>\n<meta property=\"og:site_name\" content=\"Portal Tela Portugal\" \/>\n<meta property=\"article:published_time\" content=\"2026-04-08T16:17:37+00:00\" \/>\n<meta name=\"author\" content=\"Telinha\" \/>\n<meta name=\"twitter:card\" content=\"summary_large_image\" \/>\n<meta name=\"twitter:label1\" content=\"Escrito por\" \/>\n\t<meta name=\"twitter:data1\" content=\"Telinha\" \/>\n\t<meta name=\"twitter:label2\" content=\"Tempo estimado de leitura\" \/>\n\t<meta name=\"twitter:data2\" content=\"1 minuto\" \/>\n<script type=\"application\/ld+json\" class=\"yoast-schema-graph\">{\"@context\":\"https:\/\/schema.org\",\"@graph\":[{\"@type\":\"Article\",\"@id\":\"https:\/\/portaltela.pt\/noticias\/2026\/04\/08\/incendio-em-coimbra-desalojou-2-mulheres-e-3-criancas-apos-despiste-de-carro\/#article\",\"isPartOf\":{\"@id\":\"https:\/\/portaltela.pt\/noticias\/2026\/04\/08\/incendio-em-coimbra-desalojou-2-mulheres-e-3-criancas-apos-despiste-de-carro\/\"},\"author\":{\"name\":\"Telinha\",\"@id\":\"https:\/\/portaltela.pt\/#\/schema\/person\/c4278d4a6028830caff9ee44b42d32ed\"},\"headline\":\"Inc\u00eandio em Coimbra desalojou 2 mulheres e 3 crian\u00e7as ap\u00f3s despiste de carro\",\"datePublished\":\"2026-04-08T16:17:37+00:00\",\"mainEntityOfPage\":{\"@id\":\"https:\/\/portaltela.pt\/noticias\/2026\/04\/08\/incendio-em-coimbra-desalojou-2-mulheres-e-3-criancas-apos-despiste-de-carro\/\"},\"wordCount\":205,\"image\":{\"@id\":\"https:\/\/portaltela.pt\/noticias\/2026\/04\/08\/incendio-em-coimbra-desalojou-2-mulheres-e-3-criancas-apos-despiste-de-carro\/#primaryimage\"},\"thumbnailUrl\":\"https:\/\/portaltela.pt\/s.01k8rhncp4jt1\/2026\/04\/img_1500x1000uu2026-04-08-17-10-42-2277304-im-639112650631481030.jpg\",\"keywords\":[\"_habita\u00e7\u00e3o\",\"_habita\u00e7\u00e3o p\u00fablica\",\"Coimbra\",\"desabrigados\",\"desalojados\",\"inc\u00eandio\"],\"articleSection\":[\"Acidentes\",\"Not\u00edcias\"],\"inLanguage\":\"pt-PT\"},{\"@type\":\"WebPage\",\"@id\":\"https:\/\/portaltela.pt\/noticias\/2026\/04\/08\/incendio-em-coimbra-desalojou-2-mulheres-e-3-criancas-apos-despiste-de-carro\/\",\"url\":\"https:\/\/portaltela.pt\/noticias\/2026\/04\/08\/incendio-em-coimbra-desalojou-2-mulheres-e-3-criancas-apos-despiste-de-carro\/\",\"name\":\"Inc\u00eandio em Coimbra desalojou 2 mulheres e 3 crian\u00e7as ap\u00f3s despiste de carro - Portal Tela Portugal\",\"isPartOf\":{\"@id\":\"https:\/\/portaltela.pt\/#website\"},\"primaryImageOfPage\":{\"@id\":\"https:\/\/portaltela.pt\/noticias\/2026\/04\/08\/incendio-em-coimbra-desalojou-2-mulheres-e-3-criancas-apos-despiste-de-carro\/#primaryimage\"},\"image\":{\"@id\":\"https:\/\/portaltela.pt\/noticias\/2026\/04\/08\/incendio-em-coimbra-desalojou-2-mulheres-e-3-criancas-apos-despiste-de-carro\/#primaryimage\"},\"thumbnailUrl\":\"https:\/\/portaltela.pt\/s.01k8rhncp4jt1\/2026\/04\/img_1500x1000uu2026-04-08-17-10-42-2277304-im-639112650631481030.jpg\",\"datePublished\":\"2026-04-08T16:17:37+00:00\",\"author\":{\"@id\":\"https:\/\/portaltela.pt\/#\/schema\/person\/c4278d4a6028830caff9ee44b42d32ed\"},\"breadcrumb\":{\"@id\":\"https:\/\/portaltela.pt\/noticias\/2026\/04\/08\/incendio-em-coimbra-desalojou-2-mulheres-e-3-criancas-apos-despiste-de-carro\/#breadcrumb\"},\"inLanguage\":\"pt-PT\",\"potentialAction\":[{\"@type\":\"ReadAction\",\"target\":[\"https:\/\/portaltela.pt\/noticias\/2026\/04\/08\/incendio-em-coimbra-desalojou-2-mulheres-e-3-criancas-apos-despiste-de-carro\/\"]}]},{\"@type\":\"ImageObject\",\"inLanguage\":\"pt-PT\",\"@id\":\"https:\/\/portaltela.pt\/noticias\/2026\/04\/08\/incendio-em-coimbra-desalojou-2-mulheres-e-3-criancas-apos-despiste-de-carro\/#primaryimage\",\"url\":\"https:\/\/portaltela.pt\/s.01k8rhncp4jt1\/2026\/04\/img_1500x1000uu2026-04-08-17-10-42-2277304-im-639112650631481030.jpg\",\"contentUrl\":\"https:\/\/portaltela.pt\/s.01k8rhncp4jt1\/2026\/04\/img_1500x1000uu2026-04-08-17-10-42-2277304-im-639112650631481030.jpg\",\"width\":796,\"height\":448,\"caption\":\"Duas mulheres e tr\u00eas crian\u00e7as desalojadas ap\u00f3s inc\u00eandio provocado por despiste de carro em Coimbra\"},{\"@type\":\"BreadcrumbList\",\"@id\":\"https:\/\/portaltela.pt\/noticias\/2026\/04\/08\/incendio-em-coimbra-desalojou-2-mulheres-e-3-criancas-apos-despiste-de-carro\/#breadcrumb\",\"itemListElement\":[{\"@type\":\"ListItem\",\"position\":1,\"name\":\"In\u00edcio\",\"item\":\"https:\/\/portaltela.pt\/\"},{\"@type\":\"ListItem\",\"position\":2,\"name\":\"Inc\u00eandio em Coimbra desalojou 2 mulheres e 3 crian\u00e7as ap\u00f3s despiste de carro\"}]},{\"@type\":\"WebSite\",\"@id\":\"https:\/\/portaltela.pt\/#website\",\"url\":\"https:\/\/portaltela.pt\/\",\"name\":\"Portal Tela Portugal\",\"description\":\"\",\"potentialAction\":[{\"@type\":\"SearchAction\",\"target\":{\"@type\":\"EntryPoint\",\"urlTemplate\":\"https:\/\/portaltela.pt\/?s={search_term_string}\"},\"query-input\":{\"@type\":\"PropertyValueSpecification\",\"valueRequired\":true,\"valueName\":\"search_term_string\"}}],\"inLanguage\":\"pt-PT\"},{\"@type\":\"Person\",\"@id\":\"https:\/\/portaltela.pt\/#\/schema\/person\/c4278d4a6028830caff9ee44b42d32ed\",\"name\":\"Telinha\",\"image\":{\"@type\":\"ImageObject\",\"inLanguage\":\"pt-PT\",\"@id\":\"https:\/\/portaltela.pt\/s.01k8rhncp4jt1\/2025\/11\/talking-bot-125x125.png\",\"url\":\"https:\/\/portaltela.pt\/s.01k8rhncp4jt1\/2025\/11\/talking-bot-125x125.png\",\"contentUrl\":\"https:\/\/portaltela.pt\/s.01k8rhncp4jt1\/2025\/11\/talking-bot-125x125.png\",\"caption\":\"Telinha\"},\"sameAs\":[\"https:\/\/portaltela.pt\/\"],\"url\":\"https:\/\/portaltela.pt\/por\/367410592786\/\"}]}<\/script>\n<!-- \/ Yoast SEO plugin. -->","yoast_head_json":{"title":"Inc\u00eandio em Coimbra desalojou 2 mulheres e 3 crian\u00e7as ap\u00f3s despiste de carro - Portal Tela Portugal","robots":{"index":"index","follow":"follow","max-snippet":"max-snippet:-1","max-image-preview":"max-image-preview:large","max-video-preview":"max-video-preview:-1"},"og_locale":"pt_PT","og_type":"article","og_title":"Inc\u00eandio em Coimbra desalojou 2 mulheres e 3 crian\u00e7as ap\u00f3s despiste de carro - Portal Tela Portugal","og_description":"O inc\u00eandio que derivou do despiste de um carro e do rebentamento da instala\u00e7\u00e3o de g\u00e1s em Coimbra deixou o pr\u00e9dio inabit\u00e1vel, com dois jovens mortos. Duas mulheres e tr\u00eas crian\u00e7as ficaram desalojadas; no primeiro piso funcionava um alojamento local e foram transferidas para outra unidade do mesmo propriet\u00e1rio. No andar superior estavam dois est\u00fadios: um com uma jovem de 20 anos e o outro com uma mulher de 25 anos com os tr\u00eas filhos menores. As duas mulheres foram encontradas inconscientes pelos operacionais e transportadas, em estado grave, para os Hospitais da Universidade de Coimbra; devem permanecer em cuidados intensivos com progn\u00f3stico reservado. O edif\u00edcio ser\u00e1 vistoriado na quinta-feira pelos servi\u00e7os municipais para avaliar a seguran\u00e7a estrutural.","og_url":"https:\/\/portaltela.pt\/noticias\/2026\/04\/08\/incendio-em-coimbra-desalojou-2-mulheres-e-3-criancas-apos-despiste-de-carro\/","og_site_name":"Portal Tela Portugal","article_published_time":"2026-04-08T16:17:37+00:00","author":"Telinha","twitter_card":"summary_large_image","twitter_misc":{"Escrito por":"Telinha","Tempo estimado de leitura":"1 minuto"},"schema":{"@context":"https:\/\/schema.org","@graph":[{"@type":"Article","@id":"https:\/\/portaltela.pt\/noticias\/2026\/04\/08\/incendio-em-coimbra-desalojou-2-mulheres-e-3-criancas-apos-despiste-de-carro\/#article","isPartOf":{"@id":"https:\/\/portaltela.pt\/noticias\/2026\/04\/08\/incendio-em-coimbra-desalojou-2-mulheres-e-3-criancas-apos-despiste-de-carro\/"},"author":{"name":"Telinha","@id":"https:\/\/portaltela.pt\/#\/schema\/person\/c4278d4a6028830caff9ee44b42d32ed"},"headline":"Inc\u00eandio em Coimbra desalojou 2 mulheres e 3 crian\u00e7as ap\u00f3s despiste de carro","datePublished":"2026-04-08T16:17:37+00:00","mainEntityOfPage":{"@id":"https:\/\/portaltela.pt\/noticias\/2026\/04\/08\/incendio-em-coimbra-desalojou-2-mulheres-e-3-criancas-apos-despiste-de-carro\/"},"wordCount":205,"image":{"@id":"https:\/\/portaltela.pt\/noticias\/2026\/04\/08\/incendio-em-coimbra-desalojou-2-mulheres-e-3-criancas-apos-despiste-de-carro\/#primaryimage"},"thumbnailUrl":"https:\/\/portaltela.pt\/s.01k8rhncp4jt1\/2026\/04\/img_1500x1000uu2026-04-08-17-10-42-2277304-im-639112650631481030.jpg","keywords":["_habita\u00e7\u00e3o","_habita\u00e7\u00e3o p\u00fablica","Coimbra","desabrigados","desalojados","inc\u00eandio"],"articleSection":["Acidentes","Not\u00edcias"],"inLanguage":"pt-PT"},{"@type":"WebPage","@id":"https:\/\/portaltela.pt\/noticias\/2026\/04\/08\/incendio-em-coimbra-desalojou-2-mulheres-e-3-criancas-apos-despiste-de-carro\/","url":"https:\/\/portaltela.pt\/noticias\/2026\/04\/08\/incendio-em-coimbra-desalojou-2-mulheres-e-3-criancas-apos-despiste-de-carro\/","name":"Inc\u00eandio em Coimbra desalojou 2 mulheres e 3 crian\u00e7as ap\u00f3s despiste de carro - Portal Tela Portugal","isPartOf":{"@id":"https:\/\/portaltela.pt\/#website"},"primaryImageOfPage":{"@id":"https:\/\/portaltela.pt\/noticias\/2026\/04\/08\/incendio-em-coimbra-desalojou-2-mulheres-e-3-criancas-apos-despiste-de-carro\/#primaryimage"},"image":{"@id":"https:\/\/portaltela.pt\/noticias\/2026\/04\/08\/incendio-em-coimbra-desalojou-2-mulheres-e-3-criancas-apos-despiste-de-carro\/#primaryimage"},"thumbnailUrl":"https:\/\/portaltela.pt\/s.01k8rhncp4jt1\/2026\/04\/img_1500x1000uu2026-04-08-17-10-42-2277304-im-639112650631481030.jpg","datePublished":"2026-04-08T16:17:37+00:00","author":{"@id":"https:\/\/portaltela.pt\/#\/schema\/person\/c4278d4a6028830caff9ee44b42d32ed"},"breadcrumb":{"@id":"https:\/\/portaltela.pt\/noticias\/2026\/04\/08\/incendio-em-coimbra-desalojou-2-mulheres-e-3-criancas-apos-despiste-de-carro\/#breadcrumb"},"inLanguage":"pt-PT","potentialAction":[{"@type":"ReadAction","target":["https:\/\/portaltela.pt\/noticias\/2026\/04\/08\/incendio-em-coimbra-desalojou-2-mulheres-e-3-criancas-apos-despiste-de-carro\/"]}]},{"@type":"ImageObject","inLanguage":"pt-PT","@id":"https:\/\/portaltela.pt\/noticias\/2026\/04\/08\/incendio-em-coimbra-desalojou-2-mulheres-e-3-criancas-apos-despiste-de-carro\/#primaryimage","url":"https:\/\/portaltela.pt\/s.01k8rhncp4jt1\/2026\/04\/img_1500x1000uu2026-04-08-17-10-42-2277304-im-639112650631481030.jpg","contentUrl":"https:\/\/portaltela.pt\/s.01k8rhncp4jt1\/2026\/04\/img_1500x1000uu2026-04-08-17-10-42-2277304-im-639112650631481030.jpg","width":796,"height":448,"caption":"Duas mulheres e tr\u00eas crian\u00e7as desalojadas ap\u00f3s inc\u00eandio provocado por despiste de carro em Coimbra"},{"@type":"BreadcrumbList","@id":"https:\/\/portaltela.pt\/noticias\/2026\/04\/08\/incendio-em-coimbra-desalojou-2-mulheres-e-3-criancas-apos-despiste-de-carro\/#breadcrumb","itemListElement":[{"@type":"ListItem","position":1,"name":"In\u00edcio","item":"https:\/\/portaltela.pt\/"},{"@type":"ListItem","position":2,"name":"Inc\u00eandio em Coimbra desalojou 2 mulheres e 3 crian\u00e7as ap\u00f3s despiste de carro"}]},{"@type":"WebSite","@id":"https:\/\/portaltela.pt\/#website","url":"https:\/\/portaltela.pt\/","name":"Portal Tela Portugal","description":"","potentialAction":[{"@type":"SearchAction","target":{"@type":"EntryPoint","urlTemplate":"https:\/\/portaltela.pt\/?s={search_term_string}"},"query-input":{"@type":"PropertyValueSpecification","valueRequired":true,"valueName":"search_term_string"}}],"inLanguage":"pt-PT"},{"@type":"Person","@id":"https:\/\/portaltela.pt\/#\/schema\/person\/c4278d4a6028830caff9ee44b42d32ed","name":"Telinha","image":{"@type":"ImageObject","inLanguage":"pt-PT","@id":"https:\/\/portaltela.pt\/s.01k8rhncp4jt1\/2025\/11\/talking-bot-125x125.png","url":"https:\/\/portaltela.pt\/s.01k8rhncp4jt1\/2025\/11\/talking-bot-125x125.png","contentUrl":"https:\/\/portaltela.pt\/s.01k8rhncp4jt1\/2025\/11\/talking-bot-125x125.png","caption":"Telinha"},"sameAs":["https:\/\/portaltela.pt\/"],"url":"https:\/\/portaltela.pt\/por\/367410592786\/"}]}},"_links":{"self":[{"href":"https:\/\/portaltela.pt\/api\/wp\/v2\/posts\/436947","targetHints":{"allow":["GET"]}}],"collection":[{"href":"https:\/\/portaltela.pt\/api\/wp\/v2\/posts"}],"about":[{"href":"https:\/\/portaltela.pt\/api\/wp\/v2\/types\/post"}],"author":[{"embeddable":true,"href":"https:\/\/portaltela.pt\/api\/wp\/v2\/users\/2"}],"replies":[{"embeddable":true,"href":"https:\/\/portaltela.pt\/api\/wp\/v2\/comments?post=436947"}],"version-history":[{"count":0,"href":"https:\/\/portaltela.pt\/api\/wp\/v2\/posts\/436947\/revisions"}],"wp:featuredmedia":[{"embeddable":true,"href":"https:\/\/portaltela.pt\/api\/wp\/v2\/media\/436949"}],"wp:attachment":[{"href":"https:\/\/portaltela.pt\/api\/wp\/v2\/media?parent=436947"}],"wp:term":[{"taxonomy":"category","embeddable":true,"href":"https:\/\/portaltela.pt\/api\/wp\/v2\/categories?post=436947"},{"taxonomy":"post_tag","embeddable":true,"href":"https:\/\/portaltela.pt\/api\/wp\/v2\/tags?post=436947"}],"curies":[{"name":"wp","href":"https:\/\/api.w.org\/{rel}","templated":true}]}}