{"id":436942,"date":"2026-04-08T11:32:00","date_gmt":"2026-04-08T14:32:00","guid":{"rendered":"https:\/\/portaltela.pt\/noticias\/2026\/04\/08\/pai-de-carolina-deslandes-apresenta-irmaos-e-valor-da-luta-contra-as-drogas\/"},"modified":"2026-04-08T11:32:00","modified_gmt":"2026-04-08T14:32:00","slug":"pai-de-carolina-deslandes-apresenta-irmaos-e-valor-da-luta-contra-as-drogas","status":"publish","type":"post","link":"https:\/\/portaltela.pt\/celebridades\/2026\/04\/08\/pai-de-carolina-deslandes-apresenta-irmaos-e-valor-da-luta-contra-as-drogas\/","title":{"rendered":"Pai de Carolina Deslandes apresenta irm\u00e3os e valor da luta contra as drogas"},"content":{"rendered":"<p>O pai de Carolina Deslandes, Francisco Deslandes, partilha nas redes sociais o orgulho pelos seus seis filhos, que vivem longe dos holofotes. O objetivo \u00e9 partilhar o percurso de recupera\u00e7\u00e3o contra o v\u00edcio em drogas e \u00e1lcool.<\/p>\n<p>Francisco, de 53 anos, abriu uma conta de Instagram em janeiro para falar da sua luta pessoal. Este m\u00eas celebra 12 anos s\u00f3brio, e aproveita para apresentar os filhos, incluindo Carolina, como parte da sua sobriedade.<\/p>\n<p>A lista de filhos inclui Benedita, Caetana, Salvador, Ana Maria e Gon\u00e7alo, este \u00faltimo irm\u00e3o de Carolina pela rela\u00e7\u00e3o com Salvador. Gon\u00e7alo acompanhou a cantora na inf\u00e2ncia, com uma diferen\u00e7a de dois anos entre ambos.<\/p>\n<p>O pai descreve cada filho de forma carinhosa, destacando tra\u00e7os como a impulsividade de Caetana e a determina\u00e7\u00e3o de Ana Maria. Sobre Salvador, aponta o gosto pelo boxe e a qualidade de amigo leal, bem como o cuidado com a fam\u00edlia.<\/p>\n<p>Entre os detalhes partilhados, Francisco elogia ainda a import\u00e2ncia da irm\u00e3 mais nova de Carolina, Matilde Sampaio, que aparece poucas vezes nas redes da cantora e j\u00e1 foi citada como inspira\u00e7\u00e3o para a maternidade de Carolina.<\/p>\n","protected":false},"excerpt":{"rendered":"<ul>\n<li>O pai de Carolina Deslandes, Francisco Deslandes, revelou nas redes sociais o orgulho nos seus seis filhos e a vida longe dos holofotes.<\/li>\n<li>Francisco abriu uma conta de Instagram em janeiro para partilhar a sua jornada contra o v\u00edcio em drogas e \u00e1lcool, e este m\u00eas celebra doze anos s\u00f3brio.<\/li>\n<li>Al\u00e9m de Carolina, s\u00e3o filhos Benedita, Caetana, Salvador, Ana Maria e Gon\u00e7alo; Gon\u00e7alo \u00e9 o segundo filho de Salvador com a m\u00e3e de Carolina Deslandes.<\/li>\n<li>O pai elogiou cada filho, destacando tra\u00e7os como maturidade, garra, impulsividade de Caetana, determina\u00e7\u00e3o de Ana Maria e o car\u00e1ter de Salvador, que gosta de boxe.<\/li>\n<li>A cantora tem ainda uma irm\u00e3 por parte materna, Matilde Sampaio, completando seis irm\u00e3os. Matilde j\u00e1 apareceu em publica\u00e7\u00f5es do Instagram da artista.<\/li>\n<\/ul>\n","protected":false},"author":2,"featured_media":436946,"comment_status":"closed","ping_status":"closed","sticky":false,"template":"","format":"standard","meta":{"footnotes":""},"categories":[6675],"tags":[6051,3259,4347,163,64,5661],"class_list":["post-436942","post","type-post","status-publish","format-standard","has-post-thumbnail","hentry","category-celebridades","tag-alcool","tag-celebidades","tag-drogas","tag-educacao","tag-familia","tag-pessoas-publicas"],"yoast_head":"<!-- This site is optimized with the Yoast SEO plugin v27.2 - https:\/\/yoast.com\/product\/yoast-seo-wordpress\/ -->\n<title>Pai de Carolina Deslandes apresenta irm\u00e3os e valor da luta contra as drogas - Portal Tela Portugal<\/title>\n<meta name=\"robots\" content=\"index, follow, max-snippet:-1, max-image-preview:large, max-video-preview:-1\" \/>\n<meta property=\"og:locale\" content=\"pt_PT\" \/>\n<meta property=\"og:type\" content=\"article\" \/>\n<meta property=\"og:title\" content=\"Pai de Carolina Deslandes apresenta irm\u00e3os e valor da luta contra as drogas - Portal Tela Portugal\" \/>\n<meta property=\"og:description\" content=\"O pai de Carolina Deslandes, Francisco Deslandes, revelou nas redes sociais o orgulho nos seus seis filhos e a vida longe dos holofotes. Francisco abriu uma conta de Instagram em janeiro para partilhar a sua jornada contra o v\u00edcio em drogas e \u00e1lcool, e este m\u00eas celebra doze anos s\u00f3brio. Al\u00e9m de Carolina, s\u00e3o filhos Benedita, Caetana, Salvador, Ana Maria e Gon\u00e7alo; Gon\u00e7alo \u00e9 o segundo filho de Salvador com a m\u00e3e de Carolina Deslandes. O pai elogiou cada filho, destacando tra\u00e7os como maturidade, garra, impulsividade de Caetana, determina\u00e7\u00e3o de Ana Maria e o car\u00e1ter de Salvador, que gosta de boxe. A cantora tem ainda uma irm\u00e3 por parte materna, Matilde Sampaio, completando seis irm\u00e3os. Matilde j\u00e1 apareceu em publica\u00e7\u00f5es do Instagram da artista.\" \/>\n<meta property=\"og:url\" content=\"https:\/\/portaltela.pt\/noticias\/2026\/04\/08\/pai-de-carolina-deslandes-apresenta-irmaos-e-valor-da-luta-contra-as-drogas\/\" \/>\n<meta property=\"og:site_name\" content=\"Portal Tela Portugal\" \/>\n<meta property=\"article:published_time\" content=\"2026-04-08T14:32:00+00:00\" \/>\n<meta name=\"author\" content=\"Telinha\" \/>\n<meta name=\"twitter:card\" content=\"summary_large_image\" \/>\n<meta name=\"twitter:label1\" content=\"Escrito por\" \/>\n\t<meta name=\"twitter:data1\" content=\"Telinha\" \/>\n\t<meta name=\"twitter:label2\" content=\"Tempo estimado de leitura\" \/>\n\t<meta name=\"twitter:data2\" content=\"1 minuto\" \/>\n<script type=\"application\/ld+json\" class=\"yoast-schema-graph\">{\"@context\":\"https:\/\/schema.org\",\"@graph\":[{\"@type\":\"Article\",\"@id\":\"https:\/\/portaltela.pt\/noticias\/2026\/04\/08\/pai-de-carolina-deslandes-apresenta-irmaos-e-valor-da-luta-contra-as-drogas\/#article\",\"isPartOf\":{\"@id\":\"https:\/\/portaltela.pt\/noticias\/2026\/04\/08\/pai-de-carolina-deslandes-apresenta-irmaos-e-valor-da-luta-contra-as-drogas\/\"},\"author\":{\"name\":\"Telinha\",\"@id\":\"https:\/\/portaltela.pt\/#\/schema\/person\/c4278d4a6028830caff9ee44b42d32ed\"},\"headline\":\"Pai de Carolina Deslandes apresenta irm\u00e3os e valor da luta contra as drogas\",\"datePublished\":\"2026-04-08T14:32:00+00:00\",\"mainEntityOfPage\":{\"@id\":\"https:\/\/portaltela.pt\/noticias\/2026\/04\/08\/pai-de-carolina-deslandes-apresenta-irmaos-e-valor-da-luta-contra-as-drogas\/\"},\"wordCount\":211,\"image\":{\"@id\":\"https:\/\/portaltela.pt\/noticias\/2026\/04\/08\/pai-de-carolina-deslandes-apresenta-irmaos-e-valor-da-luta-contra-as-drogas\/#primaryimage\"},\"thumbnailUrl\":\"https:\/\/portaltela.pt\/s.01k8rhncp4jt1\/2026\/04\/img_1280x718uu2026-03-20-09-24-18-2273612-im-639095954663562199.jpg\",\"keywords\":[\"\u00e1lcool\",\"celebidades\",\"drogas\",\"educa\u00e7\u00e3o\",\"fam\u00edlia\",\"pessoas p\u00fablicas\"],\"articleSection\":[\"Celebridades\"],\"inLanguage\":\"pt-PT\"},{\"@type\":\"WebPage\",\"@id\":\"https:\/\/portaltela.pt\/noticias\/2026\/04\/08\/pai-de-carolina-deslandes-apresenta-irmaos-e-valor-da-luta-contra-as-drogas\/\",\"url\":\"https:\/\/portaltela.pt\/noticias\/2026\/04\/08\/pai-de-carolina-deslandes-apresenta-irmaos-e-valor-da-luta-contra-as-drogas\/\",\"name\":\"Pai de Carolina Deslandes apresenta irm\u00e3os e valor da luta contra as drogas - Portal Tela Portugal\",\"isPartOf\":{\"@id\":\"https:\/\/portaltela.pt\/#website\"},\"primaryImageOfPage\":{\"@id\":\"https:\/\/portaltela.pt\/noticias\/2026\/04\/08\/pai-de-carolina-deslandes-apresenta-irmaos-e-valor-da-luta-contra-as-drogas\/#primaryimage\"},\"image\":{\"@id\":\"https:\/\/portaltela.pt\/noticias\/2026\/04\/08\/pai-de-carolina-deslandes-apresenta-irmaos-e-valor-da-luta-contra-as-drogas\/#primaryimage\"},\"thumbnailUrl\":\"https:\/\/portaltela.pt\/s.01k8rhncp4jt1\/2026\/04\/img_1280x718uu2026-03-20-09-24-18-2273612-im-639095954663562199.jpg\",\"datePublished\":\"2026-04-08T14:32:00+00:00\",\"author\":{\"@id\":\"https:\/\/portaltela.pt\/#\/schema\/person\/c4278d4a6028830caff9ee44b42d32ed\"},\"breadcrumb\":{\"@id\":\"https:\/\/portaltela.pt\/noticias\/2026\/04\/08\/pai-de-carolina-deslandes-apresenta-irmaos-e-valor-da-luta-contra-as-drogas\/#breadcrumb\"},\"inLanguage\":\"pt-PT\",\"potentialAction\":[{\"@type\":\"ReadAction\",\"target\":[\"https:\/\/portaltela.pt\/noticias\/2026\/04\/08\/pai-de-carolina-deslandes-apresenta-irmaos-e-valor-da-luta-contra-as-drogas\/\"]}]},{\"@type\":\"ImageObject\",\"inLanguage\":\"pt-PT\",\"@id\":\"https:\/\/portaltela.pt\/noticias\/2026\/04\/08\/pai-de-carolina-deslandes-apresenta-irmaos-e-valor-da-luta-contra-as-drogas\/#primaryimage\",\"url\":\"https:\/\/portaltela.pt\/s.01k8rhncp4jt1\/2026\/04\/img_1280x718uu2026-03-20-09-24-18-2273612-im-639095954663562199.jpg\",\"contentUrl\":\"https:\/\/portaltela.pt\/s.01k8rhncp4jt1\/2026\/04\/img_1280x718uu2026-03-20-09-24-18-2273612-im-639095954663562199.jpg\",\"width\":796,\"height\":448,\"caption\":\"Carolina Deslandes e o pai Francisco\"},{\"@type\":\"BreadcrumbList\",\"@id\":\"https:\/\/portaltela.pt\/noticias\/2026\/04\/08\/pai-de-carolina-deslandes-apresenta-irmaos-e-valor-da-luta-contra-as-drogas\/#breadcrumb\",\"itemListElement\":[{\"@type\":\"ListItem\",\"position\":1,\"name\":\"In\u00edcio\",\"item\":\"https:\/\/portaltela.pt\/\"},{\"@type\":\"ListItem\",\"position\":2,\"name\":\"Pai de Carolina Deslandes apresenta irm\u00e3os e valor da luta contra as drogas\"}]},{\"@type\":\"WebSite\",\"@id\":\"https:\/\/portaltela.pt\/#website\",\"url\":\"https:\/\/portaltela.pt\/\",\"name\":\"Portal Tela Portugal\",\"description\":\"\",\"potentialAction\":[{\"@type\":\"SearchAction\",\"target\":{\"@type\":\"EntryPoint\",\"urlTemplate\":\"https:\/\/portaltela.pt\/?s={search_term_string}\"},\"query-input\":{\"@type\":\"PropertyValueSpecification\",\"valueRequired\":true,\"valueName\":\"search_term_string\"}}],\"inLanguage\":\"pt-PT\"},{\"@type\":\"Person\",\"@id\":\"https:\/\/portaltela.pt\/#\/schema\/person\/c4278d4a6028830caff9ee44b42d32ed\",\"name\":\"Telinha\",\"image\":{\"@type\":\"ImageObject\",\"inLanguage\":\"pt-PT\",\"@id\":\"https:\/\/portaltela.pt\/s.01k8rhncp4jt1\/2025\/11\/talking-bot-125x125.png\",\"url\":\"https:\/\/portaltela.pt\/s.01k8rhncp4jt1\/2025\/11\/talking-bot-125x125.png\",\"contentUrl\":\"https:\/\/portaltela.pt\/s.01k8rhncp4jt1\/2025\/11\/talking-bot-125x125.png\",\"caption\":\"Telinha\"},\"sameAs\":[\"https:\/\/portaltela.pt\/\"],\"url\":\"https:\/\/portaltela.pt\/por\/367410592786\/\"}]}<\/script>\n<!-- \/ Yoast SEO plugin. -->","yoast_head_json":{"title":"Pai de Carolina Deslandes apresenta irm\u00e3os e valor da luta contra as drogas - Portal Tela Portugal","robots":{"index":"index","follow":"follow","max-snippet":"max-snippet:-1","max-image-preview":"max-image-preview:large","max-video-preview":"max-video-preview:-1"},"og_locale":"pt_PT","og_type":"article","og_title":"Pai de Carolina Deslandes apresenta irm\u00e3os e valor da luta contra as drogas - Portal Tela Portugal","og_description":"O pai de Carolina Deslandes, Francisco Deslandes, revelou nas redes sociais o orgulho nos seus seis filhos e a vida longe dos holofotes. Francisco abriu uma conta de Instagram em janeiro para partilhar a sua jornada contra o v\u00edcio em drogas e \u00e1lcool, e este m\u00eas celebra doze anos s\u00f3brio. Al\u00e9m de Carolina, s\u00e3o filhos Benedita, Caetana, Salvador, Ana Maria e Gon\u00e7alo; Gon\u00e7alo \u00e9 o segundo filho de Salvador com a m\u00e3e de Carolina Deslandes. O pai elogiou cada filho, destacando tra\u00e7os como maturidade, garra, impulsividade de Caetana, determina\u00e7\u00e3o de Ana Maria e o car\u00e1ter de Salvador, que gosta de boxe. A cantora tem ainda uma irm\u00e3 por parte materna, Matilde Sampaio, completando seis irm\u00e3os. Matilde j\u00e1 apareceu em publica\u00e7\u00f5es do Instagram da artista.","og_url":"https:\/\/portaltela.pt\/noticias\/2026\/04\/08\/pai-de-carolina-deslandes-apresenta-irmaos-e-valor-da-luta-contra-as-drogas\/","og_site_name":"Portal Tela Portugal","article_published_time":"2026-04-08T14:32:00+00:00","author":"Telinha","twitter_card":"summary_large_image","twitter_misc":{"Escrito por":"Telinha","Tempo estimado de leitura":"1 minuto"},"schema":{"@context":"https:\/\/schema.org","@graph":[{"@type":"Article","@id":"https:\/\/portaltela.pt\/noticias\/2026\/04\/08\/pai-de-carolina-deslandes-apresenta-irmaos-e-valor-da-luta-contra-as-drogas\/#article","isPartOf":{"@id":"https:\/\/portaltela.pt\/noticias\/2026\/04\/08\/pai-de-carolina-deslandes-apresenta-irmaos-e-valor-da-luta-contra-as-drogas\/"},"author":{"name":"Telinha","@id":"https:\/\/portaltela.pt\/#\/schema\/person\/c4278d4a6028830caff9ee44b42d32ed"},"headline":"Pai de Carolina Deslandes apresenta irm\u00e3os e valor da luta contra as drogas","datePublished":"2026-04-08T14:32:00+00:00","mainEntityOfPage":{"@id":"https:\/\/portaltela.pt\/noticias\/2026\/04\/08\/pai-de-carolina-deslandes-apresenta-irmaos-e-valor-da-luta-contra-as-drogas\/"},"wordCount":211,"image":{"@id":"https:\/\/portaltela.pt\/noticias\/2026\/04\/08\/pai-de-carolina-deslandes-apresenta-irmaos-e-valor-da-luta-contra-as-drogas\/#primaryimage"},"thumbnailUrl":"https:\/\/portaltela.pt\/s.01k8rhncp4jt1\/2026\/04\/img_1280x718uu2026-03-20-09-24-18-2273612-im-639095954663562199.jpg","keywords":["\u00e1lcool","celebidades","drogas","educa\u00e7\u00e3o","fam\u00edlia","pessoas p\u00fablicas"],"articleSection":["Celebridades"],"inLanguage":"pt-PT"},{"@type":"WebPage","@id":"https:\/\/portaltela.pt\/noticias\/2026\/04\/08\/pai-de-carolina-deslandes-apresenta-irmaos-e-valor-da-luta-contra-as-drogas\/","url":"https:\/\/portaltela.pt\/noticias\/2026\/04\/08\/pai-de-carolina-deslandes-apresenta-irmaos-e-valor-da-luta-contra-as-drogas\/","name":"Pai de Carolina Deslandes apresenta irm\u00e3os e valor da luta contra as drogas - Portal Tela Portugal","isPartOf":{"@id":"https:\/\/portaltela.pt\/#website"},"primaryImageOfPage":{"@id":"https:\/\/portaltela.pt\/noticias\/2026\/04\/08\/pai-de-carolina-deslandes-apresenta-irmaos-e-valor-da-luta-contra-as-drogas\/#primaryimage"},"image":{"@id":"https:\/\/portaltela.pt\/noticias\/2026\/04\/08\/pai-de-carolina-deslandes-apresenta-irmaos-e-valor-da-luta-contra-as-drogas\/#primaryimage"},"thumbnailUrl":"https:\/\/portaltela.pt\/s.01k8rhncp4jt1\/2026\/04\/img_1280x718uu2026-03-20-09-24-18-2273612-im-639095954663562199.jpg","datePublished":"2026-04-08T14:32:00+00:00","author":{"@id":"https:\/\/portaltela.pt\/#\/schema\/person\/c4278d4a6028830caff9ee44b42d32ed"},"breadcrumb":{"@id":"https:\/\/portaltela.pt\/noticias\/2026\/04\/08\/pai-de-carolina-deslandes-apresenta-irmaos-e-valor-da-luta-contra-as-drogas\/#breadcrumb"},"inLanguage":"pt-PT","potentialAction":[{"@type":"ReadAction","target":["https:\/\/portaltela.pt\/noticias\/2026\/04\/08\/pai-de-carolina-deslandes-apresenta-irmaos-e-valor-da-luta-contra-as-drogas\/"]}]},{"@type":"ImageObject","inLanguage":"pt-PT","@id":"https:\/\/portaltela.pt\/noticias\/2026\/04\/08\/pai-de-carolina-deslandes-apresenta-irmaos-e-valor-da-luta-contra-as-drogas\/#primaryimage","url":"https:\/\/portaltela.pt\/s.01k8rhncp4jt1\/2026\/04\/img_1280x718uu2026-03-20-09-24-18-2273612-im-639095954663562199.jpg","contentUrl":"https:\/\/portaltela.pt\/s.01k8rhncp4jt1\/2026\/04\/img_1280x718uu2026-03-20-09-24-18-2273612-im-639095954663562199.jpg","width":796,"height":448,"caption":"Carolina Deslandes e o pai Francisco"},{"@type":"BreadcrumbList","@id":"https:\/\/portaltela.pt\/noticias\/2026\/04\/08\/pai-de-carolina-deslandes-apresenta-irmaos-e-valor-da-luta-contra-as-drogas\/#breadcrumb","itemListElement":[{"@type":"ListItem","position":1,"name":"In\u00edcio","item":"https:\/\/portaltela.pt\/"},{"@type":"ListItem","position":2,"name":"Pai de Carolina Deslandes apresenta irm\u00e3os e valor da luta contra as drogas"}]},{"@type":"WebSite","@id":"https:\/\/portaltela.pt\/#website","url":"https:\/\/portaltela.pt\/","name":"Portal Tela Portugal","description":"","potentialAction":[{"@type":"SearchAction","target":{"@type":"EntryPoint","urlTemplate":"https:\/\/portaltela.pt\/?s={search_term_string}"},"query-input":{"@type":"PropertyValueSpecification","valueRequired":true,"valueName":"search_term_string"}}],"inLanguage":"pt-PT"},{"@type":"Person","@id":"https:\/\/portaltela.pt\/#\/schema\/person\/c4278d4a6028830caff9ee44b42d32ed","name":"Telinha","image":{"@type":"ImageObject","inLanguage":"pt-PT","@id":"https:\/\/portaltela.pt\/s.01k8rhncp4jt1\/2025\/11\/talking-bot-125x125.png","url":"https:\/\/portaltela.pt\/s.01k8rhncp4jt1\/2025\/11\/talking-bot-125x125.png","contentUrl":"https:\/\/portaltela.pt\/s.01k8rhncp4jt1\/2025\/11\/talking-bot-125x125.png","caption":"Telinha"},"sameAs":["https:\/\/portaltela.pt\/"],"url":"https:\/\/portaltela.pt\/por\/367410592786\/"}]}},"_links":{"self":[{"href":"https:\/\/portaltela.pt\/api\/wp\/v2\/posts\/436942","targetHints":{"allow":["GET"]}}],"collection":[{"href":"https:\/\/portaltela.pt\/api\/wp\/v2\/posts"}],"about":[{"href":"https:\/\/portaltela.pt\/api\/wp\/v2\/types\/post"}],"author":[{"embeddable":true,"href":"https:\/\/portaltela.pt\/api\/wp\/v2\/users\/2"}],"replies":[{"embeddable":true,"href":"https:\/\/portaltela.pt\/api\/wp\/v2\/comments?post=436942"}],"version-history":[{"count":0,"href":"https:\/\/portaltela.pt\/api\/wp\/v2\/posts\/436942\/revisions"}],"wp:featuredmedia":[{"embeddable":true,"href":"https:\/\/portaltela.pt\/api\/wp\/v2\/media\/436946"}],"wp:attachment":[{"href":"https:\/\/portaltela.pt\/api\/wp\/v2\/media?parent=436942"}],"wp:term":[{"taxonomy":"category","embeddable":true,"href":"https:\/\/portaltela.pt\/api\/wp\/v2\/categories?post=436942"},{"taxonomy":"post_tag","embeddable":true,"href":"https:\/\/portaltela.pt\/api\/wp\/v2\/tags?post=436942"}],"curies":[{"name":"wp","href":"https:\/\/api.w.org\/{rel}","templated":true}]}}