{"id":436785,"date":"2026-04-08T11:46:48","date_gmt":"2026-04-08T14:46:48","guid":{"rendered":"https:\/\/portaltela.pt\/noticias\/2026\/04\/08\/covid-longa-custa-as-economias-da-ocde-ate-115-mil-milhoes-de-euros-por-ano-na-proxima-decada\/"},"modified":"2026-04-08T11:46:48","modified_gmt":"2026-04-08T14:46:48","slug":"covid-longa-custa-as-economias-da-ocde-ate-115-mil-milhoes-de-euros-por-ano-na-proxima-decada","status":"publish","type":"post","link":"https:\/\/portaltela.pt\/noticias\/economia\/2026\/04\/08\/covid-longa-custa-as-economias-da-ocde-ate-115-mil-milhoes-de-euros-por-ano-na-proxima-decada\/","title":{"rendered":"Covid longa custa \u00e0s economias da OCDE at\u00e9 115 mil milh\u00f5es de euros por ano na pr\u00f3xima d\u00e9cada"},"content":{"rendered":"<p>O v\u00edrus deixou de ser apenas uma amea\u00e7a de sa\u00fade e come\u00e7ou a influenciar a economia. A covid longa pode custar \u00e0s economias da OCDE at\u00e9 135 mil milh\u00f5es de d\u00f3lares por ano na pr\u00f3xima d\u00e9cada, segundo um relat\u00f3rio publicado hoje.<\/p>\n<p>O estudo analisa o impacto sanit\u00e1rio e econ\u00f3mico, destacando que a doen\u00e7a obriga v\u00edtimas a abandonar o emprego ou a ter aus\u00eancias constantes, reduzindo a produtividade devido aos seus sintomas.<\/p>\n<p>A OCDE estima que, j\u00e1 no auge da pandemia, a covid longa afectou cerca de 75 milh\u00f5es de pessoas, ou pouco mais de 5% da popula\u00e7\u00e3o da OCDE, com custos de sa\u00fade de 53 mil milh\u00f5es de d\u00f3lares.<\/p>\n<h3>Impacto econ\u00f3mico e previs\u00f5es<\/h3>\n<p>Prev\u00ea-se que os custos econ\u00f3micos superem amplamente os sanit\u00e1rios entre 2025 e 2035, ainda que a preval\u00eancia permane\u00e7a abaixo de 1% entre 2025 e 2035, afetando entre 0,6% e 1,0% da popula\u00e7\u00e3o da OCDE e da UE.<\/p>\n<p>Os custos indirectos, ligados \u00e0 redu\u00e7\u00e3o da participa\u00e7\u00e3o no mercado de trabalho e \u00e0 diminui\u00e7\u00e3o da produtividade, s\u00e3o o principal motor do impacto financeiro, aponta o relat\u00f3rio.<\/p>\n<p>A covid longa \u00e9 uma s\u00edndrome de infec\u00e7\u00e3o p\u00f3s-aguda, cuja persist\u00eancia de sintomas continua a representar desafio para profissionais de sa\u00fade e sistemas, segundo a OCDE.<\/p>\n<p>Recomenda\u00e7\u00f5es incluem refor\u00e7ar diagn\u00f3stico, tratamento e apoio social, facilitando a reinser\u00e7\u00e3o laboral e reduzindo perdas econ\u00f3micas. A OCDE aponta ainda para uma resposta coordenada para melhor prepara\u00e7\u00e3o a futuras pandemias.<\/p>\n","protected":false},"excerpt":{"rendered":"<ul>\n<li>A covid longa pode custar at\u00e9 135.000 milh\u00f5es de d\u00f3lares por ano \u00e0s economias da OCDE na pr\u00f3xima d\u00e9cada, cerca de 115.000 milh\u00f5es de euros.<\/li>\n<li>A doen\u00e7a obriga a abandonar o trabalho ou a aumentar as aus\u00eancias, reduzindo a produtividade devido aos problemas de sa\u00fade.<\/li>\n<li>Em 2021, a covid longa afectou cerca de 75 milh\u00f5es de pessoas, mais de 5% da popula\u00e7\u00e3o da OCDE, com custos de sa\u00fade de 53.000 milh\u00f5es de d\u00f3lares.<\/li>\n<li>Prev\u00ea-se que os custos econ\u00f3micos da covid longa ultrapassem significativamente os custos sanit\u00e1rios entre 2025 e 2035, mantendo a preval\u00eancia abaixo de 1% entre 2025 e 2035.<\/li>\n<li>Recomenda-se melhorar diagn\u00f3stico, tratamento e apoio social para reinser\u00e7\u00e3o no mercado de trabalho e uma abordagem coordenada para preparar futuras pandemias.<\/li>\n<\/ul>\n","protected":false},"author":2,"featured_media":436787,"comment_status":"closed","ping_status":"closed","sticky":false,"template":"","format":"standard","meta":{"footnotes":""},"categories":[2,6735],"tags":[6115,6715,28,40,172,2201],"class_list":["post-436785","post","type-post","status-publish","format-standard","has-post-thumbnail","hentry","category-economia","category-negocios","tag-_economia","tag-desempenho-economico","tag-economia","tag-pessoas","tag-saude","tag-trabalho"],"yoast_head":"<!-- This site is optimized with the Yoast SEO plugin v27.2 - https:\/\/yoast.com\/product\/yoast-seo-wordpress\/ -->\n<title>Covid longa custa \u00e0s economias da OCDE at\u00e9 115 mil milh\u00f5es de euros por ano na pr\u00f3xima d\u00e9cada - Portal Tela Portugal<\/title>\n<meta name=\"robots\" content=\"index, follow, max-snippet:-1, max-image-preview:large, max-video-preview:-1\" \/>\n<meta property=\"og:locale\" content=\"pt_PT\" \/>\n<meta property=\"og:type\" content=\"article\" \/>\n<meta property=\"og:title\" content=\"Covid longa custa \u00e0s economias da OCDE at\u00e9 115 mil milh\u00f5es de euros por ano na pr\u00f3xima d\u00e9cada - Portal Tela Portugal\" \/>\n<meta property=\"og:description\" content=\"A covid longa pode custar at\u00e9 135.000 milh\u00f5es de d\u00f3lares por ano \u00e0s economias da OCDE na pr\u00f3xima d\u00e9cada, cerca de 115.000 milh\u00f5es de euros. A doen\u00e7a obriga a abandonar o trabalho ou a aumentar as aus\u00eancias, reduzindo a produtividade devido aos problemas de sa\u00fade. Em 2021, a covid longa afectou cerca de 75 milh\u00f5es de pessoas, mais de 5% da popula\u00e7\u00e3o da OCDE, com custos de sa\u00fade de 53.000 milh\u00f5es de d\u00f3lares. Prev\u00ea-se que os custos econ\u00f3micos da covid longa ultrapassem significativamente os custos sanit\u00e1rios entre 2025 e 2035, mantendo a preval\u00eancia abaixo de 1% entre 2025 e 2035. Recomenda-se melhorar diagn\u00f3stico, tratamento e apoio social para reinser\u00e7\u00e3o no mercado de trabalho e uma abordagem coordenada para preparar futuras pandemias.\" \/>\n<meta property=\"og:url\" content=\"https:\/\/portaltela.pt\/noticias\/2026\/04\/08\/covid-longa-custa-as-economias-da-ocde-ate-115-mil-milhoes-de-euros-por-ano-na-proxima-decada\/\" \/>\n<meta property=\"og:site_name\" content=\"Portal Tela Portugal\" \/>\n<meta property=\"article:published_time\" content=\"2026-04-08T14:46:48+00:00\" \/>\n<meta name=\"author\" content=\"Telinha\" \/>\n<meta name=\"twitter:card\" content=\"summary_large_image\" \/>\n<meta name=\"twitter:label1\" content=\"Escrito por\" \/>\n\t<meta name=\"twitter:data1\" content=\"Telinha\" \/>\n\t<meta name=\"twitter:label2\" content=\"Tempo estimado de leitura\" \/>\n\t<meta name=\"twitter:data2\" content=\"1 minuto\" \/>\n<script type=\"application\/ld+json\" class=\"yoast-schema-graph\">{\"@context\":\"https:\/\/schema.org\",\"@graph\":[{\"@type\":\"Article\",\"@id\":\"https:\/\/portaltela.pt\/noticias\/2026\/04\/08\/covid-longa-custa-as-economias-da-ocde-ate-115-mil-milhoes-de-euros-por-ano-na-proxima-decada\/#article\",\"isPartOf\":{\"@id\":\"https:\/\/portaltela.pt\/noticias\/2026\/04\/08\/covid-longa-custa-as-economias-da-ocde-ate-115-mil-milhoes-de-euros-por-ano-na-proxima-decada\/\"},\"author\":{\"name\":\"Telinha\",\"@id\":\"https:\/\/portaltela.pt\/#\/schema\/person\/c4278d4a6028830caff9ee44b42d32ed\"},\"headline\":\"Covid longa custa \u00e0s economias da OCDE at\u00e9 115 mil milh\u00f5es de euros por ano na pr\u00f3xima d\u00e9cada\",\"datePublished\":\"2026-04-08T14:46:48+00:00\",\"mainEntityOfPage\":{\"@id\":\"https:\/\/portaltela.pt\/noticias\/2026\/04\/08\/covid-longa-custa-as-economias-da-ocde-ate-115-mil-milhoes-de-euros-por-ano-na-proxima-decada\/\"},\"wordCount\":282,\"image\":{\"@id\":\"https:\/\/portaltela.pt\/noticias\/2026\/04\/08\/covid-longa-custa-as-economias-da-ocde-ate-115-mil-milhoes-de-euros-por-ano-na-proxima-decada\/#primaryimage\"},\"thumbnailUrl\":\"https:\/\/portaltela.pt\/s.01k8rhncp4jt1\/2026\/04\/2079971.jpg\",\"keywords\":[\"_economia\",\"Desempenho econ\u00f3mico\",\"economia\",\"pessoas\",\"sa\u00fade\",\"trabalho\"],\"articleSection\":[\"Economia\",\"Neg\u00f3cios\"],\"inLanguage\":\"pt-PT\"},{\"@type\":\"WebPage\",\"@id\":\"https:\/\/portaltela.pt\/noticias\/2026\/04\/08\/covid-longa-custa-as-economias-da-ocde-ate-115-mil-milhoes-de-euros-por-ano-na-proxima-decada\/\",\"url\":\"https:\/\/portaltela.pt\/noticias\/2026\/04\/08\/covid-longa-custa-as-economias-da-ocde-ate-115-mil-milhoes-de-euros-por-ano-na-proxima-decada\/\",\"name\":\"Covid longa custa \u00e0s economias da OCDE at\u00e9 115 mil milh\u00f5es de euros por ano na pr\u00f3xima d\u00e9cada - Portal Tela Portugal\",\"isPartOf\":{\"@id\":\"https:\/\/portaltela.pt\/#website\"},\"primaryImageOfPage\":{\"@id\":\"https:\/\/portaltela.pt\/noticias\/2026\/04\/08\/covid-longa-custa-as-economias-da-ocde-ate-115-mil-milhoes-de-euros-por-ano-na-proxima-decada\/#primaryimage\"},\"image\":{\"@id\":\"https:\/\/portaltela.pt\/noticias\/2026\/04\/08\/covid-longa-custa-as-economias-da-ocde-ate-115-mil-milhoes-de-euros-por-ano-na-proxima-decada\/#primaryimage\"},\"thumbnailUrl\":\"https:\/\/portaltela.pt\/s.01k8rhncp4jt1\/2026\/04\/2079971.jpg\",\"datePublished\":\"2026-04-08T14:46:48+00:00\",\"author\":{\"@id\":\"https:\/\/portaltela.pt\/#\/schema\/person\/c4278d4a6028830caff9ee44b42d32ed\"},\"breadcrumb\":{\"@id\":\"https:\/\/portaltela.pt\/noticias\/2026\/04\/08\/covid-longa-custa-as-economias-da-ocde-ate-115-mil-milhoes-de-euros-por-ano-na-proxima-decada\/#breadcrumb\"},\"inLanguage\":\"pt-PT\",\"potentialAction\":[{\"@type\":\"ReadAction\",\"target\":[\"https:\/\/portaltela.pt\/noticias\/2026\/04\/08\/covid-longa-custa-as-economias-da-ocde-ate-115-mil-milhoes-de-euros-por-ano-na-proxima-decada\/\"]}]},{\"@type\":\"ImageObject\",\"inLanguage\":\"pt-PT\",\"@id\":\"https:\/\/portaltela.pt\/noticias\/2026\/04\/08\/covid-longa-custa-as-economias-da-ocde-ate-115-mil-milhoes-de-euros-por-ano-na-proxima-decada\/#primaryimage\",\"url\":\"https:\/\/portaltela.pt\/s.01k8rhncp4jt1\/2026\/04\/2079971.jpg\",\"contentUrl\":\"https:\/\/portaltela.pt\/s.01k8rhncp4jt1\/2026\/04\/2079971.jpg\",\"width\":796,\"height\":448,\"caption\":\"A covid longa afectou cerca de 75 milh\u00f5es de pessoas, mais de 5% da popula\u00e7\u00e3o da OCDE em m\u00e9dia, no auge da pandemia em 2021\"},{\"@type\":\"BreadcrumbList\",\"@id\":\"https:\/\/portaltela.pt\/noticias\/2026\/04\/08\/covid-longa-custa-as-economias-da-ocde-ate-115-mil-milhoes-de-euros-por-ano-na-proxima-decada\/#breadcrumb\",\"itemListElement\":[{\"@type\":\"ListItem\",\"position\":1,\"name\":\"In\u00edcio\",\"item\":\"https:\/\/portaltela.pt\/\"},{\"@type\":\"ListItem\",\"position\":2,\"name\":\"Covid longa custa \u00e0s economias da OCDE at\u00e9 115 mil milh\u00f5es de euros por ano na pr\u00f3xima d\u00e9cada\"}]},{\"@type\":\"WebSite\",\"@id\":\"https:\/\/portaltela.pt\/#website\",\"url\":\"https:\/\/portaltela.pt\/\",\"name\":\"Portal Tela Portugal\",\"description\":\"\",\"potentialAction\":[{\"@type\":\"SearchAction\",\"target\":{\"@type\":\"EntryPoint\",\"urlTemplate\":\"https:\/\/portaltela.pt\/?s={search_term_string}\"},\"query-input\":{\"@type\":\"PropertyValueSpecification\",\"valueRequired\":true,\"valueName\":\"search_term_string\"}}],\"inLanguage\":\"pt-PT\"},{\"@type\":\"Person\",\"@id\":\"https:\/\/portaltela.pt\/#\/schema\/person\/c4278d4a6028830caff9ee44b42d32ed\",\"name\":\"Telinha\",\"image\":{\"@type\":\"ImageObject\",\"inLanguage\":\"pt-PT\",\"@id\":\"https:\/\/portaltela.pt\/s.01k8rhncp4jt1\/2025\/11\/talking-bot-125x125.png\",\"url\":\"https:\/\/portaltela.pt\/s.01k8rhncp4jt1\/2025\/11\/talking-bot-125x125.png\",\"contentUrl\":\"https:\/\/portaltela.pt\/s.01k8rhncp4jt1\/2025\/11\/talking-bot-125x125.png\",\"caption\":\"Telinha\"},\"sameAs\":[\"https:\/\/portaltela.pt\/\"],\"url\":\"https:\/\/portaltela.pt\/por\/367410592786\/\"}]}<\/script>\n<!-- \/ Yoast SEO plugin. -->","yoast_head_json":{"title":"Covid longa custa \u00e0s economias da OCDE at\u00e9 115 mil milh\u00f5es de euros por ano na pr\u00f3xima d\u00e9cada - Portal Tela Portugal","robots":{"index":"index","follow":"follow","max-snippet":"max-snippet:-1","max-image-preview":"max-image-preview:large","max-video-preview":"max-video-preview:-1"},"og_locale":"pt_PT","og_type":"article","og_title":"Covid longa custa \u00e0s economias da OCDE at\u00e9 115 mil milh\u00f5es de euros por ano na pr\u00f3xima d\u00e9cada - Portal Tela Portugal","og_description":"A covid longa pode custar at\u00e9 135.000 milh\u00f5es de d\u00f3lares por ano \u00e0s economias da OCDE na pr\u00f3xima d\u00e9cada, cerca de 115.000 milh\u00f5es de euros. A doen\u00e7a obriga a abandonar o trabalho ou a aumentar as aus\u00eancias, reduzindo a produtividade devido aos problemas de sa\u00fade. Em 2021, a covid longa afectou cerca de 75 milh\u00f5es de pessoas, mais de 5% da popula\u00e7\u00e3o da OCDE, com custos de sa\u00fade de 53.000 milh\u00f5es de d\u00f3lares. Prev\u00ea-se que os custos econ\u00f3micos da covid longa ultrapassem significativamente os custos sanit\u00e1rios entre 2025 e 2035, mantendo a preval\u00eancia abaixo de 1% entre 2025 e 2035. Recomenda-se melhorar diagn\u00f3stico, tratamento e apoio social para reinser\u00e7\u00e3o no mercado de trabalho e uma abordagem coordenada para preparar futuras pandemias.","og_url":"https:\/\/portaltela.pt\/noticias\/2026\/04\/08\/covid-longa-custa-as-economias-da-ocde-ate-115-mil-milhoes-de-euros-por-ano-na-proxima-decada\/","og_site_name":"Portal Tela Portugal","article_published_time":"2026-04-08T14:46:48+00:00","author":"Telinha","twitter_card":"summary_large_image","twitter_misc":{"Escrito por":"Telinha","Tempo estimado de leitura":"1 minuto"},"schema":{"@context":"https:\/\/schema.org","@graph":[{"@type":"Article","@id":"https:\/\/portaltela.pt\/noticias\/2026\/04\/08\/covid-longa-custa-as-economias-da-ocde-ate-115-mil-milhoes-de-euros-por-ano-na-proxima-decada\/#article","isPartOf":{"@id":"https:\/\/portaltela.pt\/noticias\/2026\/04\/08\/covid-longa-custa-as-economias-da-ocde-ate-115-mil-milhoes-de-euros-por-ano-na-proxima-decada\/"},"author":{"name":"Telinha","@id":"https:\/\/portaltela.pt\/#\/schema\/person\/c4278d4a6028830caff9ee44b42d32ed"},"headline":"Covid longa custa \u00e0s economias da OCDE at\u00e9 115 mil milh\u00f5es de euros por ano na pr\u00f3xima d\u00e9cada","datePublished":"2026-04-08T14:46:48+00:00","mainEntityOfPage":{"@id":"https:\/\/portaltela.pt\/noticias\/2026\/04\/08\/covid-longa-custa-as-economias-da-ocde-ate-115-mil-milhoes-de-euros-por-ano-na-proxima-decada\/"},"wordCount":282,"image":{"@id":"https:\/\/portaltela.pt\/noticias\/2026\/04\/08\/covid-longa-custa-as-economias-da-ocde-ate-115-mil-milhoes-de-euros-por-ano-na-proxima-decada\/#primaryimage"},"thumbnailUrl":"https:\/\/portaltela.pt\/s.01k8rhncp4jt1\/2026\/04\/2079971.jpg","keywords":["_economia","Desempenho econ\u00f3mico","economia","pessoas","sa\u00fade","trabalho"],"articleSection":["Economia","Neg\u00f3cios"],"inLanguage":"pt-PT"},{"@type":"WebPage","@id":"https:\/\/portaltela.pt\/noticias\/2026\/04\/08\/covid-longa-custa-as-economias-da-ocde-ate-115-mil-milhoes-de-euros-por-ano-na-proxima-decada\/","url":"https:\/\/portaltela.pt\/noticias\/2026\/04\/08\/covid-longa-custa-as-economias-da-ocde-ate-115-mil-milhoes-de-euros-por-ano-na-proxima-decada\/","name":"Covid longa custa \u00e0s economias da OCDE at\u00e9 115 mil milh\u00f5es de euros por ano na pr\u00f3xima d\u00e9cada - Portal Tela Portugal","isPartOf":{"@id":"https:\/\/portaltela.pt\/#website"},"primaryImageOfPage":{"@id":"https:\/\/portaltela.pt\/noticias\/2026\/04\/08\/covid-longa-custa-as-economias-da-ocde-ate-115-mil-milhoes-de-euros-por-ano-na-proxima-decada\/#primaryimage"},"image":{"@id":"https:\/\/portaltela.pt\/noticias\/2026\/04\/08\/covid-longa-custa-as-economias-da-ocde-ate-115-mil-milhoes-de-euros-por-ano-na-proxima-decada\/#primaryimage"},"thumbnailUrl":"https:\/\/portaltela.pt\/s.01k8rhncp4jt1\/2026\/04\/2079971.jpg","datePublished":"2026-04-08T14:46:48+00:00","author":{"@id":"https:\/\/portaltela.pt\/#\/schema\/person\/c4278d4a6028830caff9ee44b42d32ed"},"breadcrumb":{"@id":"https:\/\/portaltela.pt\/noticias\/2026\/04\/08\/covid-longa-custa-as-economias-da-ocde-ate-115-mil-milhoes-de-euros-por-ano-na-proxima-decada\/#breadcrumb"},"inLanguage":"pt-PT","potentialAction":[{"@type":"ReadAction","target":["https:\/\/portaltela.pt\/noticias\/2026\/04\/08\/covid-longa-custa-as-economias-da-ocde-ate-115-mil-milhoes-de-euros-por-ano-na-proxima-decada\/"]}]},{"@type":"ImageObject","inLanguage":"pt-PT","@id":"https:\/\/portaltela.pt\/noticias\/2026\/04\/08\/covid-longa-custa-as-economias-da-ocde-ate-115-mil-milhoes-de-euros-por-ano-na-proxima-decada\/#primaryimage","url":"https:\/\/portaltela.pt\/s.01k8rhncp4jt1\/2026\/04\/2079971.jpg","contentUrl":"https:\/\/portaltela.pt\/s.01k8rhncp4jt1\/2026\/04\/2079971.jpg","width":796,"height":448,"caption":"A covid longa afectou cerca de 75 milh\u00f5es de pessoas, mais de 5% da popula\u00e7\u00e3o da OCDE em m\u00e9dia, no auge da pandemia em 2021"},{"@type":"BreadcrumbList","@id":"https:\/\/portaltela.pt\/noticias\/2026\/04\/08\/covid-longa-custa-as-economias-da-ocde-ate-115-mil-milhoes-de-euros-por-ano-na-proxima-decada\/#breadcrumb","itemListElement":[{"@type":"ListItem","position":1,"name":"In\u00edcio","item":"https:\/\/portaltela.pt\/"},{"@type":"ListItem","position":2,"name":"Covid longa custa \u00e0s economias da OCDE at\u00e9 115 mil milh\u00f5es de euros por ano na pr\u00f3xima d\u00e9cada"}]},{"@type":"WebSite","@id":"https:\/\/portaltela.pt\/#website","url":"https:\/\/portaltela.pt\/","name":"Portal Tela Portugal","description":"","potentialAction":[{"@type":"SearchAction","target":{"@type":"EntryPoint","urlTemplate":"https:\/\/portaltela.pt\/?s={search_term_string}"},"query-input":{"@type":"PropertyValueSpecification","valueRequired":true,"valueName":"search_term_string"}}],"inLanguage":"pt-PT"},{"@type":"Person","@id":"https:\/\/portaltela.pt\/#\/schema\/person\/c4278d4a6028830caff9ee44b42d32ed","name":"Telinha","image":{"@type":"ImageObject","inLanguage":"pt-PT","@id":"https:\/\/portaltela.pt\/s.01k8rhncp4jt1\/2025\/11\/talking-bot-125x125.png","url":"https:\/\/portaltela.pt\/s.01k8rhncp4jt1\/2025\/11\/talking-bot-125x125.png","contentUrl":"https:\/\/portaltela.pt\/s.01k8rhncp4jt1\/2025\/11\/talking-bot-125x125.png","caption":"Telinha"},"sameAs":["https:\/\/portaltela.pt\/"],"url":"https:\/\/portaltela.pt\/por\/367410592786\/"}]}},"_links":{"self":[{"href":"https:\/\/portaltela.pt\/api\/wp\/v2\/posts\/436785","targetHints":{"allow":["GET"]}}],"collection":[{"href":"https:\/\/portaltela.pt\/api\/wp\/v2\/posts"}],"about":[{"href":"https:\/\/portaltela.pt\/api\/wp\/v2\/types\/post"}],"author":[{"embeddable":true,"href":"https:\/\/portaltela.pt\/api\/wp\/v2\/users\/2"}],"replies":[{"embeddable":true,"href":"https:\/\/portaltela.pt\/api\/wp\/v2\/comments?post=436785"}],"version-history":[{"count":0,"href":"https:\/\/portaltela.pt\/api\/wp\/v2\/posts\/436785\/revisions"}],"wp:featuredmedia":[{"embeddable":true,"href":"https:\/\/portaltela.pt\/api\/wp\/v2\/media\/436787"}],"wp:attachment":[{"href":"https:\/\/portaltela.pt\/api\/wp\/v2\/media?parent=436785"}],"wp:term":[{"taxonomy":"category","embeddable":true,"href":"https:\/\/portaltela.pt\/api\/wp\/v2\/categories?post=436785"},{"taxonomy":"post_tag","embeddable":true,"href":"https:\/\/portaltela.pt\/api\/wp\/v2\/tags?post=436785"}],"curies":[{"name":"wp","href":"https:\/\/api.w.org\/{rel}","templated":true}]}}