{"id":436779,"date":"2026-04-08T11:32:09","date_gmt":"2026-04-08T14:32:09","guid":{"rendered":"https:\/\/portaltela.pt\/noticias\/2026\/04\/08\/portugal-estreia-se-na-qualificacao-para-o-mundial-de-tenis-em-cadeira-de-rodas\/"},"modified":"2026-04-08T11:32:09","modified_gmt":"2026-04-08T14:32:09","slug":"portugal-estreia-se-na-qualificacao-para-o-mundial-de-tenis-em-cadeira-de-rodas","status":"publish","type":"post","link":"https:\/\/portaltela.pt\/desporto\/futebol\/2026\/04\/08\/portugal-estreia-se-na-qualificacao-para-o-mundial-de-tenis-em-cadeira-de-rodas\/","title":{"rendered":"Portugal estreia-se na qualifica\u00e7\u00e3o para o Mundial de t\u00e9nis em cadeira de rodas"},"content":{"rendered":"<p>Portugal estreia-se na categoria quad na qualifica\u00e7\u00e3o europeia para o Mundial de t\u00e9nis de cadeira de rodas, na Sardenha, entre 5 e 9 de maio. A comitiva inclui dois atletas, formando a primeira participa\u00e7\u00e3o portuguesa nesta categoria, reservada a limita\u00e7\u00f5es nos membros.<\/p>\n<p>M\u00e1rio Trindade e Vinicius Matos, ambos do Viseu Royal Tennis Club, partem no dia 3 de maio rumo a It\u00e1lia. O objetivo \u00e9 ganhar experi\u00eancia e, em Open, tentar igualar ou chegar al\u00e9m do s\u00e9timo lugar alcan\u00e7ado at\u00e9 hoje.<\/p>\n<h3>Quad e Open: objetivos e contexto<\/h3>\n<p>Na categoria Open, Portugal mant\u00e9m a aposta j\u00e1 efetuada em 2024 na Let\u00f3nia e 2025 na Turquia, com Carlos Leit\u00e3o, Jo\u00e3o Couceiro, Jean Paul Melo e Jo\u00e3o Sanona. Joaquim Nunes sublinha a natureza \u201cmais forte e exigente\u201d da qualifica\u00e7\u00e3o europeia, onde apenas os primeiros de cada poule avan\u00e7am.<\/p>\n<p>A equipa, capitaneada por Bruno Pedro, visa melhorar o melhor resultado nacional, igualando ou superando o s\u00e9timo lugar. O coordenador real\u00e7a a experi\u00eancia do grupo Open desde 2014, que deve contribuir para uma presta\u00e7\u00e3o mais confiante.<\/p>\n<h3>Observa\u00e7\u00f5es e perspetivas<\/h3>\n<p>A federa\u00e7\u00e3o espera que um bom desempenho motive jogadores da \u201cgera\u00e7\u00e3o seguinte\u201d a manter-se na modalidade. A participa\u00e7\u00e3o \u00e9 igualmente tratada como requisito regulamentar para processos futuros, incluindo objetivos paral\u00edmpicos.<\/p>\n","protected":false},"excerpt":{"rendered":"<ul>\n<li>Portugal estreia-se no quadro com dois atletas na qualifica\u00e7\u00e3o europeia para o Mundial de t\u00e9nis em cadeira de rodas, na Sardenha, entre 5 e 9 de maio.<\/li>\n<li>Os escolhidos s\u00e3o M\u00e1rio Trindade e Vinicius Matos, ambos do Viseu Royal Tennis Club, a primeira participa\u00e7\u00e3o portuguesa na categoria quad.<\/li>\n<li>O objetivo \u00e9 igualar ou superar o s\u00e9timo lugar de Open; a forma\u00e7\u00e3o Open inclui Carlos Leit\u00e3o, Jo\u00e3o Couceiro, Jean Paul Melo e Jo\u00e3o Sanona.<\/li>\n<li>A qualifica\u00e7\u00e3o \u00e9 muito competitiva: apenas os primeiros classificados das quatro poules apuram-se para o Mundial.<\/li>\n<li>O apuramento para os Jogos Paral\u00edmpicos n\u00e3o \u00e9 direto pelo Mundial; para competir nos Paral\u00edmpicos \u00e9 necess\u00e1rio ter jogado pelo menos dois anos no Campeonato do Mundo; a equipa parte a 3 de maio, capitaneada por Bruno Pedro.<\/li>\n<\/ul>\n","protected":false},"author":2,"featured_media":436780,"comment_status":"closed","ping_status":"closed","sticky":false,"template":"","format":"standard","meta":{"footnotes":""},"categories":[21,24],"tags":[2463,152,6220,2487,2737,1014],"class_list":["post-436779","post","type-post","status-publish","format-standard","has-post-thumbnail","hentry","category-desporto","category-futebol","tag-competicao-internacional","tag-desporto","tag-desporto-federado","tag-europa","tag-pessoas-com-deficiencia","tag-portugal"],"yoast_head":"<!-- This site is optimized with the Yoast SEO plugin v27.2 - https:\/\/yoast.com\/product\/yoast-seo-wordpress\/ -->\n<title>Portugal estreia-se na qualifica\u00e7\u00e3o para o Mundial de t\u00e9nis em cadeira de rodas - Portal Tela Portugal<\/title>\n<meta name=\"robots\" content=\"index, follow, max-snippet:-1, max-image-preview:large, max-video-preview:-1\" \/>\n<meta property=\"og:locale\" content=\"pt_PT\" \/>\n<meta property=\"og:type\" content=\"article\" \/>\n<meta property=\"og:title\" content=\"Portugal estreia-se na qualifica\u00e7\u00e3o para o Mundial de t\u00e9nis em cadeira de rodas - Portal Tela Portugal\" \/>\n<meta property=\"og:description\" content=\"Portugal estreia-se no quadro com dois atletas na qualifica\u00e7\u00e3o europeia para o Mundial de t\u00e9nis em cadeira de rodas, na Sardenha, entre 5 e 9 de maio. Os escolhidos s\u00e3o M\u00e1rio Trindade e Vinicius Matos, ambos do Viseu Royal Tennis Club, a primeira participa\u00e7\u00e3o portuguesa na categoria quad. O objetivo \u00e9 igualar ou superar o s\u00e9timo lugar de Open; a forma\u00e7\u00e3o Open inclui Carlos Leit\u00e3o, Jo\u00e3o Couceiro, Jean Paul Melo e Jo\u00e3o Sanona. A qualifica\u00e7\u00e3o \u00e9 muito competitiva: apenas os primeiros classificados das quatro poules apuram-se para o Mundial. O apuramento para os Jogos Paral\u00edmpicos n\u00e3o \u00e9 direto pelo Mundial; para competir nos Paral\u00edmpicos \u00e9 necess\u00e1rio ter jogado pelo menos dois anos no Campeonato do Mundo; a equipa parte a 3 de maio, capitaneada por Bruno Pedro.\" \/>\n<meta property=\"og:url\" content=\"https:\/\/portaltela.pt\/noticias\/2026\/04\/08\/portugal-estreia-se-na-qualificacao-para-o-mundial-de-tenis-em-cadeira-de-rodas\/\" \/>\n<meta property=\"og:site_name\" content=\"Portal Tela Portugal\" \/>\n<meta property=\"article:published_time\" content=\"2026-04-08T14:32:09+00:00\" \/>\n<meta name=\"author\" content=\"Telinha\" \/>\n<meta name=\"twitter:card\" content=\"summary_large_image\" \/>\n<meta name=\"twitter:label1\" content=\"Escrito por\" \/>\n\t<meta name=\"twitter:data1\" content=\"Telinha\" \/>\n\t<meta name=\"twitter:label2\" content=\"Tempo estimado de leitura\" \/>\n\t<meta name=\"twitter:data2\" content=\"1 minuto\" \/>\n<script type=\"application\/ld+json\" class=\"yoast-schema-graph\">{\"@context\":\"https:\/\/schema.org\",\"@graph\":[{\"@type\":\"Article\",\"@id\":\"https:\/\/portaltela.pt\/noticias\/2026\/04\/08\/portugal-estreia-se-na-qualificacao-para-o-mundial-de-tenis-em-cadeira-de-rodas\/#article\",\"isPartOf\":{\"@id\":\"https:\/\/portaltela.pt\/noticias\/2026\/04\/08\/portugal-estreia-se-na-qualificacao-para-o-mundial-de-tenis-em-cadeira-de-rodas\/\"},\"author\":{\"name\":\"Telinha\",\"@id\":\"https:\/\/portaltela.pt\/#\/schema\/person\/c4278d4a6028830caff9ee44b42d32ed\"},\"headline\":\"Portugal estreia-se na qualifica\u00e7\u00e3o para o Mundial de t\u00e9nis em cadeira de rodas\",\"datePublished\":\"2026-04-08T14:32:09+00:00\",\"mainEntityOfPage\":{\"@id\":\"https:\/\/portaltela.pt\/noticias\/2026\/04\/08\/portugal-estreia-se-na-qualificacao-para-o-mundial-de-tenis-em-cadeira-de-rodas\/\"},\"wordCount\":237,\"image\":{\"@id\":\"https:\/\/portaltela.pt\/noticias\/2026\/04\/08\/portugal-estreia-se-na-qualificacao-para-o-mundial-de-tenis-em-cadeira-de-rodas\/#primaryimage\"},\"thumbnailUrl\":\"https:\/\/portaltela.pt\/s.01k8rhncp4jt1\/2026\/04\/img_920x518uu2026-04-08-15-17-58-2431784.jpg\",\"keywords\":[\"competi\u00e7\u00e3o internacional\",\"desporto\",\"Desporto Federado\",\"Europa\",\"pessoas com defici\u00eancia\",\"Portugal\"],\"articleSection\":[\"Desporto\",\"Futebol\"],\"inLanguage\":\"pt-PT\"},{\"@type\":\"WebPage\",\"@id\":\"https:\/\/portaltela.pt\/noticias\/2026\/04\/08\/portugal-estreia-se-na-qualificacao-para-o-mundial-de-tenis-em-cadeira-de-rodas\/\",\"url\":\"https:\/\/portaltela.pt\/noticias\/2026\/04\/08\/portugal-estreia-se-na-qualificacao-para-o-mundial-de-tenis-em-cadeira-de-rodas\/\",\"name\":\"Portugal estreia-se na qualifica\u00e7\u00e3o para o Mundial de t\u00e9nis em cadeira de rodas - Portal Tela Portugal\",\"isPartOf\":{\"@id\":\"https:\/\/portaltela.pt\/#website\"},\"primaryImageOfPage\":{\"@id\":\"https:\/\/portaltela.pt\/noticias\/2026\/04\/08\/portugal-estreia-se-na-qualificacao-para-o-mundial-de-tenis-em-cadeira-de-rodas\/#primaryimage\"},\"image\":{\"@id\":\"https:\/\/portaltela.pt\/noticias\/2026\/04\/08\/portugal-estreia-se-na-qualificacao-para-o-mundial-de-tenis-em-cadeira-de-rodas\/#primaryimage\"},\"thumbnailUrl\":\"https:\/\/portaltela.pt\/s.01k8rhncp4jt1\/2026\/04\/img_920x518uu2026-04-08-15-17-58-2431784.jpg\",\"datePublished\":\"2026-04-08T14:32:09+00:00\",\"author\":{\"@id\":\"https:\/\/portaltela.pt\/#\/schema\/person\/c4278d4a6028830caff9ee44b42d32ed\"},\"breadcrumb\":{\"@id\":\"https:\/\/portaltela.pt\/noticias\/2026\/04\/08\/portugal-estreia-se-na-qualificacao-para-o-mundial-de-tenis-em-cadeira-de-rodas\/#breadcrumb\"},\"inLanguage\":\"pt-PT\",\"potentialAction\":[{\"@type\":\"ReadAction\",\"target\":[\"https:\/\/portaltela.pt\/noticias\/2026\/04\/08\/portugal-estreia-se-na-qualificacao-para-o-mundial-de-tenis-em-cadeira-de-rodas\/\"]}]},{\"@type\":\"ImageObject\",\"inLanguage\":\"pt-PT\",\"@id\":\"https:\/\/portaltela.pt\/noticias\/2026\/04\/08\/portugal-estreia-se-na-qualificacao-para-o-mundial-de-tenis-em-cadeira-de-rodas\/#primaryimage\",\"url\":\"https:\/\/portaltela.pt\/s.01k8rhncp4jt1\/2026\/04\/img_920x518uu2026-04-08-15-17-58-2431784.jpg\",\"contentUrl\":\"https:\/\/portaltela.pt\/s.01k8rhncp4jt1\/2026\/04\/img_920x518uu2026-04-08-15-17-58-2431784.jpg\",\"width\":796,\"height\":448,\"caption\":\"Portugal estreia-se no quad na qualifica\u00e7\u00e3o para Mundial de t\u00e9nis em cadeira de rodas\"},{\"@type\":\"BreadcrumbList\",\"@id\":\"https:\/\/portaltela.pt\/noticias\/2026\/04\/08\/portugal-estreia-se-na-qualificacao-para-o-mundial-de-tenis-em-cadeira-de-rodas\/#breadcrumb\",\"itemListElement\":[{\"@type\":\"ListItem\",\"position\":1,\"name\":\"In\u00edcio\",\"item\":\"https:\/\/portaltela.pt\/\"},{\"@type\":\"ListItem\",\"position\":2,\"name\":\"Portugal estreia-se na qualifica\u00e7\u00e3o para o Mundial de t\u00e9nis em cadeira de rodas\"}]},{\"@type\":\"WebSite\",\"@id\":\"https:\/\/portaltela.pt\/#website\",\"url\":\"https:\/\/portaltela.pt\/\",\"name\":\"Portal Tela Portugal\",\"description\":\"\",\"potentialAction\":[{\"@type\":\"SearchAction\",\"target\":{\"@type\":\"EntryPoint\",\"urlTemplate\":\"https:\/\/portaltela.pt\/?s={search_term_string}\"},\"query-input\":{\"@type\":\"PropertyValueSpecification\",\"valueRequired\":true,\"valueName\":\"search_term_string\"}}],\"inLanguage\":\"pt-PT\"},{\"@type\":\"Person\",\"@id\":\"https:\/\/portaltela.pt\/#\/schema\/person\/c4278d4a6028830caff9ee44b42d32ed\",\"name\":\"Telinha\",\"image\":{\"@type\":\"ImageObject\",\"inLanguage\":\"pt-PT\",\"@id\":\"https:\/\/portaltela.pt\/s.01k8rhncp4jt1\/2025\/11\/talking-bot-125x125.png\",\"url\":\"https:\/\/portaltela.pt\/s.01k8rhncp4jt1\/2025\/11\/talking-bot-125x125.png\",\"contentUrl\":\"https:\/\/portaltela.pt\/s.01k8rhncp4jt1\/2025\/11\/talking-bot-125x125.png\",\"caption\":\"Telinha\"},\"sameAs\":[\"https:\/\/portaltela.pt\/\"],\"url\":\"https:\/\/portaltela.pt\/por\/367410592786\/\"}]}<\/script>\n<!-- \/ Yoast SEO plugin. -->","yoast_head_json":{"title":"Portugal estreia-se na qualifica\u00e7\u00e3o para o Mundial de t\u00e9nis em cadeira de rodas - Portal Tela Portugal","robots":{"index":"index","follow":"follow","max-snippet":"max-snippet:-1","max-image-preview":"max-image-preview:large","max-video-preview":"max-video-preview:-1"},"og_locale":"pt_PT","og_type":"article","og_title":"Portugal estreia-se na qualifica\u00e7\u00e3o para o Mundial de t\u00e9nis em cadeira de rodas - Portal Tela Portugal","og_description":"Portugal estreia-se no quadro com dois atletas na qualifica\u00e7\u00e3o europeia para o Mundial de t\u00e9nis em cadeira de rodas, na Sardenha, entre 5 e 9 de maio. Os escolhidos s\u00e3o M\u00e1rio Trindade e Vinicius Matos, ambos do Viseu Royal Tennis Club, a primeira participa\u00e7\u00e3o portuguesa na categoria quad. O objetivo \u00e9 igualar ou superar o s\u00e9timo lugar de Open; a forma\u00e7\u00e3o Open inclui Carlos Leit\u00e3o, Jo\u00e3o Couceiro, Jean Paul Melo e Jo\u00e3o Sanona. A qualifica\u00e7\u00e3o \u00e9 muito competitiva: apenas os primeiros classificados das quatro poules apuram-se para o Mundial. O apuramento para os Jogos Paral\u00edmpicos n\u00e3o \u00e9 direto pelo Mundial; para competir nos Paral\u00edmpicos \u00e9 necess\u00e1rio ter jogado pelo menos dois anos no Campeonato do Mundo; a equipa parte a 3 de maio, capitaneada por Bruno Pedro.","og_url":"https:\/\/portaltela.pt\/noticias\/2026\/04\/08\/portugal-estreia-se-na-qualificacao-para-o-mundial-de-tenis-em-cadeira-de-rodas\/","og_site_name":"Portal Tela Portugal","article_published_time":"2026-04-08T14:32:09+00:00","author":"Telinha","twitter_card":"summary_large_image","twitter_misc":{"Escrito por":"Telinha","Tempo estimado de leitura":"1 minuto"},"schema":{"@context":"https:\/\/schema.org","@graph":[{"@type":"Article","@id":"https:\/\/portaltela.pt\/noticias\/2026\/04\/08\/portugal-estreia-se-na-qualificacao-para-o-mundial-de-tenis-em-cadeira-de-rodas\/#article","isPartOf":{"@id":"https:\/\/portaltela.pt\/noticias\/2026\/04\/08\/portugal-estreia-se-na-qualificacao-para-o-mundial-de-tenis-em-cadeira-de-rodas\/"},"author":{"name":"Telinha","@id":"https:\/\/portaltela.pt\/#\/schema\/person\/c4278d4a6028830caff9ee44b42d32ed"},"headline":"Portugal estreia-se na qualifica\u00e7\u00e3o para o Mundial de t\u00e9nis em cadeira de rodas","datePublished":"2026-04-08T14:32:09+00:00","mainEntityOfPage":{"@id":"https:\/\/portaltela.pt\/noticias\/2026\/04\/08\/portugal-estreia-se-na-qualificacao-para-o-mundial-de-tenis-em-cadeira-de-rodas\/"},"wordCount":237,"image":{"@id":"https:\/\/portaltela.pt\/noticias\/2026\/04\/08\/portugal-estreia-se-na-qualificacao-para-o-mundial-de-tenis-em-cadeira-de-rodas\/#primaryimage"},"thumbnailUrl":"https:\/\/portaltela.pt\/s.01k8rhncp4jt1\/2026\/04\/img_920x518uu2026-04-08-15-17-58-2431784.jpg","keywords":["competi\u00e7\u00e3o internacional","desporto","Desporto Federado","Europa","pessoas com defici\u00eancia","Portugal"],"articleSection":["Desporto","Futebol"],"inLanguage":"pt-PT"},{"@type":"WebPage","@id":"https:\/\/portaltela.pt\/noticias\/2026\/04\/08\/portugal-estreia-se-na-qualificacao-para-o-mundial-de-tenis-em-cadeira-de-rodas\/","url":"https:\/\/portaltela.pt\/noticias\/2026\/04\/08\/portugal-estreia-se-na-qualificacao-para-o-mundial-de-tenis-em-cadeira-de-rodas\/","name":"Portugal estreia-se na qualifica\u00e7\u00e3o para o Mundial de t\u00e9nis em cadeira de rodas - Portal Tela Portugal","isPartOf":{"@id":"https:\/\/portaltela.pt\/#website"},"primaryImageOfPage":{"@id":"https:\/\/portaltela.pt\/noticias\/2026\/04\/08\/portugal-estreia-se-na-qualificacao-para-o-mundial-de-tenis-em-cadeira-de-rodas\/#primaryimage"},"image":{"@id":"https:\/\/portaltela.pt\/noticias\/2026\/04\/08\/portugal-estreia-se-na-qualificacao-para-o-mundial-de-tenis-em-cadeira-de-rodas\/#primaryimage"},"thumbnailUrl":"https:\/\/portaltela.pt\/s.01k8rhncp4jt1\/2026\/04\/img_920x518uu2026-04-08-15-17-58-2431784.jpg","datePublished":"2026-04-08T14:32:09+00:00","author":{"@id":"https:\/\/portaltela.pt\/#\/schema\/person\/c4278d4a6028830caff9ee44b42d32ed"},"breadcrumb":{"@id":"https:\/\/portaltela.pt\/noticias\/2026\/04\/08\/portugal-estreia-se-na-qualificacao-para-o-mundial-de-tenis-em-cadeira-de-rodas\/#breadcrumb"},"inLanguage":"pt-PT","potentialAction":[{"@type":"ReadAction","target":["https:\/\/portaltela.pt\/noticias\/2026\/04\/08\/portugal-estreia-se-na-qualificacao-para-o-mundial-de-tenis-em-cadeira-de-rodas\/"]}]},{"@type":"ImageObject","inLanguage":"pt-PT","@id":"https:\/\/portaltela.pt\/noticias\/2026\/04\/08\/portugal-estreia-se-na-qualificacao-para-o-mundial-de-tenis-em-cadeira-de-rodas\/#primaryimage","url":"https:\/\/portaltela.pt\/s.01k8rhncp4jt1\/2026\/04\/img_920x518uu2026-04-08-15-17-58-2431784.jpg","contentUrl":"https:\/\/portaltela.pt\/s.01k8rhncp4jt1\/2026\/04\/img_920x518uu2026-04-08-15-17-58-2431784.jpg","width":796,"height":448,"caption":"Portugal estreia-se no quad na qualifica\u00e7\u00e3o para Mundial de t\u00e9nis em cadeira de rodas"},{"@type":"BreadcrumbList","@id":"https:\/\/portaltela.pt\/noticias\/2026\/04\/08\/portugal-estreia-se-na-qualificacao-para-o-mundial-de-tenis-em-cadeira-de-rodas\/#breadcrumb","itemListElement":[{"@type":"ListItem","position":1,"name":"In\u00edcio","item":"https:\/\/portaltela.pt\/"},{"@type":"ListItem","position":2,"name":"Portugal estreia-se na qualifica\u00e7\u00e3o para o Mundial de t\u00e9nis em cadeira de rodas"}]},{"@type":"WebSite","@id":"https:\/\/portaltela.pt\/#website","url":"https:\/\/portaltela.pt\/","name":"Portal Tela Portugal","description":"","potentialAction":[{"@type":"SearchAction","target":{"@type":"EntryPoint","urlTemplate":"https:\/\/portaltela.pt\/?s={search_term_string}"},"query-input":{"@type":"PropertyValueSpecification","valueRequired":true,"valueName":"search_term_string"}}],"inLanguage":"pt-PT"},{"@type":"Person","@id":"https:\/\/portaltela.pt\/#\/schema\/person\/c4278d4a6028830caff9ee44b42d32ed","name":"Telinha","image":{"@type":"ImageObject","inLanguage":"pt-PT","@id":"https:\/\/portaltela.pt\/s.01k8rhncp4jt1\/2025\/11\/talking-bot-125x125.png","url":"https:\/\/portaltela.pt\/s.01k8rhncp4jt1\/2025\/11\/talking-bot-125x125.png","contentUrl":"https:\/\/portaltela.pt\/s.01k8rhncp4jt1\/2025\/11\/talking-bot-125x125.png","caption":"Telinha"},"sameAs":["https:\/\/portaltela.pt\/"],"url":"https:\/\/portaltela.pt\/por\/367410592786\/"}]}},"_links":{"self":[{"href":"https:\/\/portaltela.pt\/api\/wp\/v2\/posts\/436779","targetHints":{"allow":["GET"]}}],"collection":[{"href":"https:\/\/portaltela.pt\/api\/wp\/v2\/posts"}],"about":[{"href":"https:\/\/portaltela.pt\/api\/wp\/v2\/types\/post"}],"author":[{"embeddable":true,"href":"https:\/\/portaltela.pt\/api\/wp\/v2\/users\/2"}],"replies":[{"embeddable":true,"href":"https:\/\/portaltela.pt\/api\/wp\/v2\/comments?post=436779"}],"version-history":[{"count":0,"href":"https:\/\/portaltela.pt\/api\/wp\/v2\/posts\/436779\/revisions"}],"wp:featuredmedia":[{"embeddable":true,"href":"https:\/\/portaltela.pt\/api\/wp\/v2\/media\/436780"}],"wp:attachment":[{"href":"https:\/\/portaltela.pt\/api\/wp\/v2\/media?parent=436779"}],"wp:term":[{"taxonomy":"category","embeddable":true,"href":"https:\/\/portaltela.pt\/api\/wp\/v2\/categories?post=436779"},{"taxonomy":"post_tag","embeddable":true,"href":"https:\/\/portaltela.pt\/api\/wp\/v2\/tags?post=436779"}],"curies":[{"name":"wp","href":"https:\/\/api.w.org\/{rel}","templated":true}]}}