{"id":436757,"date":"2026-04-08T08:44:00","date_gmt":"2026-04-08T11:44:00","guid":{"rendered":"https:\/\/portaltela.pt\/noticias\/2026\/04\/08\/kuwait-e-emirados-sob-ataques-aereos-iranianos\/"},"modified":"2026-04-08T08:44:00","modified_gmt":"2026-04-08T11:44:00","slug":"kuwait-e-emirados-sob-ataques-aereos-iranianos","status":"publish","type":"post","link":"https:\/\/portaltela.pt\/geopolitica\/2026\/04\/08\/kuwait-e-emirados-sob-ataques-aereos-iranianos\/","title":{"rendered":"Kuwait e Emirados sob ataques a\u00e9reos iranianos"},"content":{"rendered":"<p>As autoridades do Kuwait e dos Emirados \u00c1rabes Unidos denunciaram ataques a\u00e9reos iranianos que afetaram os seus territ\u00f3rios, ocorrendo horas depois de um cessar-fogo entre Washington e Teer\u00e3o ter sido anunciado.<\/p>\n<p>N\u00e3o houve confirma\u00e7\u00e3o de danos espec\u00edficos nem de v\u00edtimas, e as informa\u00e7\u00f5es sobre alvos ou \u00e1reas atingidas ainda n\u00e3o foram detalhadas pelas autoridades.<\/p>\n<p>O an\u00fancio de cessar-fogo entre os EUA e o Ir\u00e3o foi apresentado como importante para a regi\u00e3o, mas n\u00e3o impediu novos contactos a\u00e9reos entre as partes envolvidas.<\/p>\n<p>As autoridades de Kuwait e EAU reiteraram a necessidade de investiga\u00e7\u00f5es oficiais e de informa\u00e7\u00f5es verific\u00e1veis para confirmar a extens\u00e3o dos ataques e as consequ\u00eancias na popula\u00e7\u00e3o.<\/p>\n","protected":false},"excerpt":{"rendered":"<ul>\n<li>Kuwait e os Emirados \u00c1rabes Unidos denunciaram ataques a\u00e9reos iranianos aos seus territ\u00f3rios.<\/li>\n<li>As den\u00fancias surgem mesmo ap\u00f3s o an\u00fancio de cessar-fogo acordado entre Washington e Teer\u00e3o horas antes.<\/li>\n<li>N\u00e3o foram divulgados detalhes adicionais sobre danos ou v\u00edtimas.<\/li>\n<li>A reportagem original refere-se a declara\u00e7\u00f5es oficiais locais sobre os ataques.<\/li>\n<\/ul>\n","protected":false},"author":2,"featured_media":436758,"comment_status":"closed","ping_status":"closed","sticky":false,"template":"","format":"standard","meta":{"footnotes":""},"categories":[6790,6814],"tags":[5267,2198,2370,3153,6607,5698],"class_list":["post-436757","post","type-post","status-publish","format-standard","has-post-thumbnail","hentry","category-conflitos","category-geopolitica","tag-ataques","tag-conflitos-internacionais","tag-emirados-arabes-unidos","tag-ira","tag-kuwait","tag-politica-internacional"],"yoast_head":"<!-- This site is optimized with the Yoast SEO plugin v27.2 - https:\/\/yoast.com\/product\/yoast-seo-wordpress\/ -->\n<title>Kuwait e Emirados sob ataques a\u00e9reos iranianos - Portal Tela Portugal<\/title>\n<meta name=\"robots\" content=\"index, follow, max-snippet:-1, max-image-preview:large, max-video-preview:-1\" \/>\n<meta property=\"og:locale\" content=\"pt_PT\" \/>\n<meta property=\"og:type\" content=\"article\" \/>\n<meta property=\"og:title\" content=\"Kuwait e Emirados sob ataques a\u00e9reos iranianos - Portal Tela Portugal\" \/>\n<meta property=\"og:description\" content=\"Kuwait e os Emirados \u00c1rabes Unidos denunciaram ataques a\u00e9reos iranianos aos seus territ\u00f3rios. As den\u00fancias surgem mesmo ap\u00f3s o an\u00fancio de cessar-fogo acordado entre Washington e Teer\u00e3o horas antes. N\u00e3o foram divulgados detalhes adicionais sobre danos ou v\u00edtimas. A reportagem original refere-se a declara\u00e7\u00f5es oficiais locais sobre os ataques.\" \/>\n<meta property=\"og:url\" content=\"https:\/\/portaltela.pt\/noticias\/2026\/04\/08\/kuwait-e-emirados-sob-ataques-aereos-iranianos\/\" \/>\n<meta property=\"og:site_name\" content=\"Portal Tela Portugal\" \/>\n<meta property=\"article:published_time\" content=\"2026-04-08T11:44:00+00:00\" \/>\n<meta name=\"author\" content=\"Telinha\" \/>\n<meta name=\"twitter:card\" content=\"summary_large_image\" \/>\n<meta name=\"twitter:label1\" content=\"Escrito por\" \/>\n\t<meta name=\"twitter:data1\" content=\"Telinha\" \/>\n\t<meta name=\"twitter:label2\" content=\"Tempo estimado de leitura\" \/>\n\t<meta name=\"twitter:data2\" content=\"1 minuto\" \/>\n<script type=\"application\/ld+json\" class=\"yoast-schema-graph\">{\"@context\":\"https:\/\/schema.org\",\"@graph\":[{\"@type\":\"Article\",\"@id\":\"https:\/\/portaltela.pt\/noticias\/2026\/04\/08\/kuwait-e-emirados-sob-ataques-aereos-iranianos\/#article\",\"isPartOf\":{\"@id\":\"https:\/\/portaltela.pt\/noticias\/2026\/04\/08\/kuwait-e-emirados-sob-ataques-aereos-iranianos\/\"},\"author\":{\"name\":\"Telinha\",\"@id\":\"https:\/\/portaltela.pt\/#\/schema\/person\/c4278d4a6028830caff9ee44b42d32ed\"},\"headline\":\"Kuwait e Emirados sob ataques a\u00e9reos iranianos\",\"datePublished\":\"2026-04-08T11:44:00+00:00\",\"mainEntityOfPage\":{\"@id\":\"https:\/\/portaltela.pt\/noticias\/2026\/04\/08\/kuwait-e-emirados-sob-ataques-aereos-iranianos\/\"},\"wordCount\":136,\"image\":{\"@id\":\"https:\/\/portaltela.pt\/noticias\/2026\/04\/08\/kuwait-e-emirados-sob-ataques-aereos-iranianos\/#primaryimage\"},\"thumbnailUrl\":\"https:\/\/portaltela.pt\/s.01k8rhncp4jt1\/2026\/04\/CACHE_780X1200_ANALOG_WATERMARKED_46869125_4635683163985.jpg\",\"keywords\":[\"ataques\",\"conflitos internacionais\",\"Emirados \u00c1rabes Unidos\",\"Ir\u00e3\",\"Kuwait\",\"pol\u00edtica internacional\"],\"articleSection\":[\"Conflitos\",\"Geopol\u00edtica\"],\"inLanguage\":\"pt-PT\"},{\"@type\":\"WebPage\",\"@id\":\"https:\/\/portaltela.pt\/noticias\/2026\/04\/08\/kuwait-e-emirados-sob-ataques-aereos-iranianos\/\",\"url\":\"https:\/\/portaltela.pt\/noticias\/2026\/04\/08\/kuwait-e-emirados-sob-ataques-aereos-iranianos\/\",\"name\":\"Kuwait e Emirados sob ataques a\u00e9reos iranianos - Portal Tela Portugal\",\"isPartOf\":{\"@id\":\"https:\/\/portaltela.pt\/#website\"},\"primaryImageOfPage\":{\"@id\":\"https:\/\/portaltela.pt\/noticias\/2026\/04\/08\/kuwait-e-emirados-sob-ataques-aereos-iranianos\/#primaryimage\"},\"image\":{\"@id\":\"https:\/\/portaltela.pt\/noticias\/2026\/04\/08\/kuwait-e-emirados-sob-ataques-aereos-iranianos\/#primaryimage\"},\"thumbnailUrl\":\"https:\/\/portaltela.pt\/s.01k8rhncp4jt1\/2026\/04\/CACHE_780X1200_ANALOG_WATERMARKED_46869125_4635683163985.jpg\",\"datePublished\":\"2026-04-08T11:44:00+00:00\",\"author\":{\"@id\":\"https:\/\/portaltela.pt\/#\/schema\/person\/c4278d4a6028830caff9ee44b42d32ed\"},\"breadcrumb\":{\"@id\":\"https:\/\/portaltela.pt\/noticias\/2026\/04\/08\/kuwait-e-emirados-sob-ataques-aereos-iranianos\/#breadcrumb\"},\"inLanguage\":\"pt-PT\",\"potentialAction\":[{\"@type\":\"ReadAction\",\"target\":[\"https:\/\/portaltela.pt\/noticias\/2026\/04\/08\/kuwait-e-emirados-sob-ataques-aereos-iranianos\/\"]}]},{\"@type\":\"ImageObject\",\"inLanguage\":\"pt-PT\",\"@id\":\"https:\/\/portaltela.pt\/noticias\/2026\/04\/08\/kuwait-e-emirados-sob-ataques-aereos-iranianos\/#primaryimage\",\"url\":\"https:\/\/portaltela.pt\/s.01k8rhncp4jt1\/2026\/04\/CACHE_780X1200_ANALOG_WATERMARKED_46869125_4635683163985.jpg\",\"contentUrl\":\"https:\/\/portaltela.pt\/s.01k8rhncp4jt1\/2026\/04\/CACHE_780X1200_ANALOG_WATERMARKED_46869125_4635683163985.jpg\",\"width\":796,\"height\":448,\"caption\":\"Kuwait e Emirados sob ataques a\u00e9reos iranianos\"},{\"@type\":\"BreadcrumbList\",\"@id\":\"https:\/\/portaltela.pt\/noticias\/2026\/04\/08\/kuwait-e-emirados-sob-ataques-aereos-iranianos\/#breadcrumb\",\"itemListElement\":[{\"@type\":\"ListItem\",\"position\":1,\"name\":\"In\u00edcio\",\"item\":\"https:\/\/portaltela.pt\/\"},{\"@type\":\"ListItem\",\"position\":2,\"name\":\"Kuwait e Emirados sob ataques a\u00e9reos iranianos\"}]},{\"@type\":\"WebSite\",\"@id\":\"https:\/\/portaltela.pt\/#website\",\"url\":\"https:\/\/portaltela.pt\/\",\"name\":\"Portal Tela Portugal\",\"description\":\"\",\"potentialAction\":[{\"@type\":\"SearchAction\",\"target\":{\"@type\":\"EntryPoint\",\"urlTemplate\":\"https:\/\/portaltela.pt\/?s={search_term_string}\"},\"query-input\":{\"@type\":\"PropertyValueSpecification\",\"valueRequired\":true,\"valueName\":\"search_term_string\"}}],\"inLanguage\":\"pt-PT\"},{\"@type\":\"Person\",\"@id\":\"https:\/\/portaltela.pt\/#\/schema\/person\/c4278d4a6028830caff9ee44b42d32ed\",\"name\":\"Telinha\",\"image\":{\"@type\":\"ImageObject\",\"inLanguage\":\"pt-PT\",\"@id\":\"https:\/\/portaltela.pt\/s.01k8rhncp4jt1\/2025\/11\/talking-bot-125x125.png\",\"url\":\"https:\/\/portaltela.pt\/s.01k8rhncp4jt1\/2025\/11\/talking-bot-125x125.png\",\"contentUrl\":\"https:\/\/portaltela.pt\/s.01k8rhncp4jt1\/2025\/11\/talking-bot-125x125.png\",\"caption\":\"Telinha\"},\"sameAs\":[\"https:\/\/portaltela.pt\/\"],\"url\":\"https:\/\/portaltela.pt\/por\/367410592786\/\"}]}<\/script>\n<!-- \/ Yoast SEO plugin. -->","yoast_head_json":{"title":"Kuwait e Emirados sob ataques a\u00e9reos iranianos - Portal Tela Portugal","robots":{"index":"index","follow":"follow","max-snippet":"max-snippet:-1","max-image-preview":"max-image-preview:large","max-video-preview":"max-video-preview:-1"},"og_locale":"pt_PT","og_type":"article","og_title":"Kuwait e Emirados sob ataques a\u00e9reos iranianos - Portal Tela Portugal","og_description":"Kuwait e os Emirados \u00c1rabes Unidos denunciaram ataques a\u00e9reos iranianos aos seus territ\u00f3rios. As den\u00fancias surgem mesmo ap\u00f3s o an\u00fancio de cessar-fogo acordado entre Washington e Teer\u00e3o horas antes. N\u00e3o foram divulgados detalhes adicionais sobre danos ou v\u00edtimas. A reportagem original refere-se a declara\u00e7\u00f5es oficiais locais sobre os ataques.","og_url":"https:\/\/portaltela.pt\/noticias\/2026\/04\/08\/kuwait-e-emirados-sob-ataques-aereos-iranianos\/","og_site_name":"Portal Tela Portugal","article_published_time":"2026-04-08T11:44:00+00:00","author":"Telinha","twitter_card":"summary_large_image","twitter_misc":{"Escrito por":"Telinha","Tempo estimado de leitura":"1 minuto"},"schema":{"@context":"https:\/\/schema.org","@graph":[{"@type":"Article","@id":"https:\/\/portaltela.pt\/noticias\/2026\/04\/08\/kuwait-e-emirados-sob-ataques-aereos-iranianos\/#article","isPartOf":{"@id":"https:\/\/portaltela.pt\/noticias\/2026\/04\/08\/kuwait-e-emirados-sob-ataques-aereos-iranianos\/"},"author":{"name":"Telinha","@id":"https:\/\/portaltela.pt\/#\/schema\/person\/c4278d4a6028830caff9ee44b42d32ed"},"headline":"Kuwait e Emirados sob ataques a\u00e9reos iranianos","datePublished":"2026-04-08T11:44:00+00:00","mainEntityOfPage":{"@id":"https:\/\/portaltela.pt\/noticias\/2026\/04\/08\/kuwait-e-emirados-sob-ataques-aereos-iranianos\/"},"wordCount":136,"image":{"@id":"https:\/\/portaltela.pt\/noticias\/2026\/04\/08\/kuwait-e-emirados-sob-ataques-aereos-iranianos\/#primaryimage"},"thumbnailUrl":"https:\/\/portaltela.pt\/s.01k8rhncp4jt1\/2026\/04\/CACHE_780X1200_ANALOG_WATERMARKED_46869125_4635683163985.jpg","keywords":["ataques","conflitos internacionais","Emirados \u00c1rabes Unidos","Ir\u00e3","Kuwait","pol\u00edtica internacional"],"articleSection":["Conflitos","Geopol\u00edtica"],"inLanguage":"pt-PT"},{"@type":"WebPage","@id":"https:\/\/portaltela.pt\/noticias\/2026\/04\/08\/kuwait-e-emirados-sob-ataques-aereos-iranianos\/","url":"https:\/\/portaltela.pt\/noticias\/2026\/04\/08\/kuwait-e-emirados-sob-ataques-aereos-iranianos\/","name":"Kuwait e Emirados sob ataques a\u00e9reos iranianos - Portal Tela Portugal","isPartOf":{"@id":"https:\/\/portaltela.pt\/#website"},"primaryImageOfPage":{"@id":"https:\/\/portaltela.pt\/noticias\/2026\/04\/08\/kuwait-e-emirados-sob-ataques-aereos-iranianos\/#primaryimage"},"image":{"@id":"https:\/\/portaltela.pt\/noticias\/2026\/04\/08\/kuwait-e-emirados-sob-ataques-aereos-iranianos\/#primaryimage"},"thumbnailUrl":"https:\/\/portaltela.pt\/s.01k8rhncp4jt1\/2026\/04\/CACHE_780X1200_ANALOG_WATERMARKED_46869125_4635683163985.jpg","datePublished":"2026-04-08T11:44:00+00:00","author":{"@id":"https:\/\/portaltela.pt\/#\/schema\/person\/c4278d4a6028830caff9ee44b42d32ed"},"breadcrumb":{"@id":"https:\/\/portaltela.pt\/noticias\/2026\/04\/08\/kuwait-e-emirados-sob-ataques-aereos-iranianos\/#breadcrumb"},"inLanguage":"pt-PT","potentialAction":[{"@type":"ReadAction","target":["https:\/\/portaltela.pt\/noticias\/2026\/04\/08\/kuwait-e-emirados-sob-ataques-aereos-iranianos\/"]}]},{"@type":"ImageObject","inLanguage":"pt-PT","@id":"https:\/\/portaltela.pt\/noticias\/2026\/04\/08\/kuwait-e-emirados-sob-ataques-aereos-iranianos\/#primaryimage","url":"https:\/\/portaltela.pt\/s.01k8rhncp4jt1\/2026\/04\/CACHE_780X1200_ANALOG_WATERMARKED_46869125_4635683163985.jpg","contentUrl":"https:\/\/portaltela.pt\/s.01k8rhncp4jt1\/2026\/04\/CACHE_780X1200_ANALOG_WATERMARKED_46869125_4635683163985.jpg","width":796,"height":448,"caption":"Kuwait e Emirados sob ataques a\u00e9reos iranianos"},{"@type":"BreadcrumbList","@id":"https:\/\/portaltela.pt\/noticias\/2026\/04\/08\/kuwait-e-emirados-sob-ataques-aereos-iranianos\/#breadcrumb","itemListElement":[{"@type":"ListItem","position":1,"name":"In\u00edcio","item":"https:\/\/portaltela.pt\/"},{"@type":"ListItem","position":2,"name":"Kuwait e Emirados sob ataques a\u00e9reos iranianos"}]},{"@type":"WebSite","@id":"https:\/\/portaltela.pt\/#website","url":"https:\/\/portaltela.pt\/","name":"Portal Tela Portugal","description":"","potentialAction":[{"@type":"SearchAction","target":{"@type":"EntryPoint","urlTemplate":"https:\/\/portaltela.pt\/?s={search_term_string}"},"query-input":{"@type":"PropertyValueSpecification","valueRequired":true,"valueName":"search_term_string"}}],"inLanguage":"pt-PT"},{"@type":"Person","@id":"https:\/\/portaltela.pt\/#\/schema\/person\/c4278d4a6028830caff9ee44b42d32ed","name":"Telinha","image":{"@type":"ImageObject","inLanguage":"pt-PT","@id":"https:\/\/portaltela.pt\/s.01k8rhncp4jt1\/2025\/11\/talking-bot-125x125.png","url":"https:\/\/portaltela.pt\/s.01k8rhncp4jt1\/2025\/11\/talking-bot-125x125.png","contentUrl":"https:\/\/portaltela.pt\/s.01k8rhncp4jt1\/2025\/11\/talking-bot-125x125.png","caption":"Telinha"},"sameAs":["https:\/\/portaltela.pt\/"],"url":"https:\/\/portaltela.pt\/por\/367410592786\/"}]}},"_links":{"self":[{"href":"https:\/\/portaltela.pt\/api\/wp\/v2\/posts\/436757","targetHints":{"allow":["GET"]}}],"collection":[{"href":"https:\/\/portaltela.pt\/api\/wp\/v2\/posts"}],"about":[{"href":"https:\/\/portaltela.pt\/api\/wp\/v2\/types\/post"}],"author":[{"embeddable":true,"href":"https:\/\/portaltela.pt\/api\/wp\/v2\/users\/2"}],"replies":[{"embeddable":true,"href":"https:\/\/portaltela.pt\/api\/wp\/v2\/comments?post=436757"}],"version-history":[{"count":0,"href":"https:\/\/portaltela.pt\/api\/wp\/v2\/posts\/436757\/revisions"}],"wp:featuredmedia":[{"embeddable":true,"href":"https:\/\/portaltela.pt\/api\/wp\/v2\/media\/436758"}],"wp:attachment":[{"href":"https:\/\/portaltela.pt\/api\/wp\/v2\/media?parent=436757"}],"wp:term":[{"taxonomy":"category","embeddable":true,"href":"https:\/\/portaltela.pt\/api\/wp\/v2\/categories?post=436757"},{"taxonomy":"post_tag","embeddable":true,"href":"https:\/\/portaltela.pt\/api\/wp\/v2\/tags?post=436757"}],"curies":[{"name":"wp","href":"https:\/\/api.w.org\/{rel}","templated":true}]}}