{"id":436716,"date":"2026-04-08T10:47:17","date_gmt":"2026-04-08T13:47:17","guid":{"rendered":"https:\/\/portaltela.pt\/noticias\/2026\/04\/08\/bombeiros-resgatam-veado-preso-em-vedacao-no-domingo-de-pascoa\/"},"modified":"2026-04-08T10:47:17","modified_gmt":"2026-04-08T13:47:17","slug":"bombeiros-resgatam-veado-preso-em-vedacao-no-domingo-de-pascoa","status":"publish","type":"post","link":"https:\/\/portaltela.pt\/meio-ambiente\/2026\/04\/08\/bombeiros-resgatam-veado-preso-em-vedacao-no-domingo-de-pascoa\/","title":{"rendered":"Bombeiros resgatam veado preso em veda\u00e7\u00e3o no domingo de P\u00e1scoa"},"content":{"rendered":"<p>Os bombeiros do Condado de Orange, nos EUA, resgataram neste Domingo de P\u00e1scoa um veado que ficou preso no meio de um gradeamento num parque em Lake Forest.<\/p>\n<p>Segundo a corpora\u00e7\u00e3o, o animal ficou entalado entre as barras do gradeamento, necessitando de interven\u00e7\u00e3o com equipamento de corte para liberta\u00e7\u00e3o. A opera\u00e7\u00e3o ocorreu na parte da tarde, sem incidentes.<\/p>\n<p>O veado foi avaliado pela equipa veterin\u00e1ria presente no local e devolvido \u00e0 \u00e1rea selvagem pr\u00f3xima assim que poss\u00edvel. N\u00e3o foram reportados ferimentos graves durante o resgate.<\/p>\n<p>Lake Forest fica no Condado de Orange, na Calif\u00f3rnia. Autoridades lembram para evitar aproxima\u00e7\u00f5es a fauna silvestre e acionarem os servi\u00e7os de emerg\u00eancia perante situa\u00e7\u00f5es similares.<\/p>\n","protected":false},"excerpt":{"rendered":"<ul>\n<li>Bombeiros do Condado de Orange, nos EUA, resgataram um veado que ficou preso num gradeamento de um parque em Lake Forest, no domingo de P\u00e1scoa.<\/li>\n<li>O resgate ocorreu no parque da localidade, durante as celebra\u00e7\u00f5es da P\u00e1scoa.<\/li>\n<li>O veado foi libertado do gradeamento pela equipa de bombeiros.<\/li>\n<li>N\u00e3o foram reportados ferimentos no animal durante o incidente.<\/li>\n<\/ul>\n","protected":false},"author":2,"featured_media":436721,"comment_status":"closed","ping_status":"closed","sticky":false,"template":"","format":"standard","meta":{"footnotes":""},"categories":[6725],"tags":[7767,3091,971,5928,4090],"class_list":["post-436716","post","type-post","status-publish","format-standard","has-post-thumbnail","hentry","category-meio-ambiente","tag-_meio-ambiente","tag-animais","tag-bombeiros","tag-emergencia","tag-ocorrencias"],"yoast_head":"<!-- This site is optimized with the Yoast SEO plugin v27.2 - https:\/\/yoast.com\/product\/yoast-seo-wordpress\/ -->\n<title>Bombeiros resgatam veado preso em veda\u00e7\u00e3o no domingo de P\u00e1scoa - Portal Tela Portugal<\/title>\n<meta name=\"robots\" content=\"index, follow, max-snippet:-1, max-image-preview:large, max-video-preview:-1\" \/>\n<meta property=\"og:locale\" content=\"pt_PT\" \/>\n<meta property=\"og:type\" content=\"article\" \/>\n<meta property=\"og:title\" content=\"Bombeiros resgatam veado preso em veda\u00e7\u00e3o no domingo de P\u00e1scoa - Portal Tela Portugal\" \/>\n<meta property=\"og:description\" content=\"Bombeiros do Condado de Orange, nos EUA, resgataram um veado que ficou preso num gradeamento de um parque em Lake Forest, no domingo de P\u00e1scoa. O resgate ocorreu no parque da localidade, durante as celebra\u00e7\u00f5es da P\u00e1scoa. O veado foi libertado do gradeamento pela equipa de bombeiros. N\u00e3o foram reportados ferimentos no animal durante o incidente.\" \/>\n<meta property=\"og:url\" content=\"https:\/\/portaltela.pt\/noticias\/2026\/04\/08\/bombeiros-resgatam-veado-preso-em-vedacao-no-domingo-de-pascoa\/\" \/>\n<meta property=\"og:site_name\" content=\"Portal Tela Portugal\" \/>\n<meta property=\"article:published_time\" content=\"2026-04-08T13:47:17+00:00\" \/>\n<meta name=\"author\" content=\"Telinha\" \/>\n<meta name=\"twitter:card\" content=\"summary_large_image\" \/>\n<meta name=\"twitter:label1\" content=\"Escrito por\" \/>\n\t<meta name=\"twitter:data1\" content=\"Telinha\" \/>\n\t<meta name=\"twitter:label2\" content=\"Tempo estimado de leitura\" \/>\n\t<meta name=\"twitter:data2\" content=\"1 minuto\" \/>\n<script type=\"application\/ld+json\" class=\"yoast-schema-graph\">{\"@context\":\"https:\/\/schema.org\",\"@graph\":[{\"@type\":\"Article\",\"@id\":\"https:\/\/portaltela.pt\/noticias\/2026\/04\/08\/bombeiros-resgatam-veado-preso-em-vedacao-no-domingo-de-pascoa\/#article\",\"isPartOf\":{\"@id\":\"https:\/\/portaltela.pt\/noticias\/2026\/04\/08\/bombeiros-resgatam-veado-preso-em-vedacao-no-domingo-de-pascoa\/\"},\"author\":{\"name\":\"Telinha\",\"@id\":\"https:\/\/portaltela.pt\/#\/schema\/person\/c4278d4a6028830caff9ee44b42d32ed\"},\"headline\":\"Bombeiros resgatam veado preso em veda\u00e7\u00e3o no domingo de P\u00e1scoa\",\"datePublished\":\"2026-04-08T13:47:17+00:00\",\"mainEntityOfPage\":{\"@id\":\"https:\/\/portaltela.pt\/noticias\/2026\/04\/08\/bombeiros-resgatam-veado-preso-em-vedacao-no-domingo-de-pascoa\/\"},\"wordCount\":136,\"image\":{\"@id\":\"https:\/\/portaltela.pt\/noticias\/2026\/04\/08\/bombeiros-resgatam-veado-preso-em-vedacao-no-domingo-de-pascoa\/#primaryimage\"},\"thumbnailUrl\":\"https:\/\/portaltela.pt\/s.01k8rhncp4jt1\/2026\/04\/img_1280x722uu2026-04-08-14-30-26-2277274.jpg\",\"keywords\":[\"_meio-ambiente\",\"animais\",\"bombeiros\",\"emerg\u00eancia\",\"ocorr\u00eancias\"],\"articleSection\":[\"Meio Ambiente\"],\"inLanguage\":\"pt-PT\"},{\"@type\":\"WebPage\",\"@id\":\"https:\/\/portaltela.pt\/noticias\/2026\/04\/08\/bombeiros-resgatam-veado-preso-em-vedacao-no-domingo-de-pascoa\/\",\"url\":\"https:\/\/portaltela.pt\/noticias\/2026\/04\/08\/bombeiros-resgatam-veado-preso-em-vedacao-no-domingo-de-pascoa\/\",\"name\":\"Bombeiros resgatam veado preso em veda\u00e7\u00e3o no domingo de P\u00e1scoa - Portal Tela Portugal\",\"isPartOf\":{\"@id\":\"https:\/\/portaltela.pt\/#website\"},\"primaryImageOfPage\":{\"@id\":\"https:\/\/portaltela.pt\/noticias\/2026\/04\/08\/bombeiros-resgatam-veado-preso-em-vedacao-no-domingo-de-pascoa\/#primaryimage\"},\"image\":{\"@id\":\"https:\/\/portaltela.pt\/noticias\/2026\/04\/08\/bombeiros-resgatam-veado-preso-em-vedacao-no-domingo-de-pascoa\/#primaryimage\"},\"thumbnailUrl\":\"https:\/\/portaltela.pt\/s.01k8rhncp4jt1\/2026\/04\/img_1280x722uu2026-04-08-14-30-26-2277274.jpg\",\"datePublished\":\"2026-04-08T13:47:17+00:00\",\"author\":{\"@id\":\"https:\/\/portaltela.pt\/#\/schema\/person\/c4278d4a6028830caff9ee44b42d32ed\"},\"breadcrumb\":{\"@id\":\"https:\/\/portaltela.pt\/noticias\/2026\/04\/08\/bombeiros-resgatam-veado-preso-em-vedacao-no-domingo-de-pascoa\/#breadcrumb\"},\"inLanguage\":\"pt-PT\",\"potentialAction\":[{\"@type\":\"ReadAction\",\"target\":[\"https:\/\/portaltela.pt\/noticias\/2026\/04\/08\/bombeiros-resgatam-veado-preso-em-vedacao-no-domingo-de-pascoa\/\"]}]},{\"@type\":\"ImageObject\",\"inLanguage\":\"pt-PT\",\"@id\":\"https:\/\/portaltela.pt\/noticias\/2026\/04\/08\/bombeiros-resgatam-veado-preso-em-vedacao-no-domingo-de-pascoa\/#primaryimage\",\"url\":\"https:\/\/portaltela.pt\/s.01k8rhncp4jt1\/2026\/04\/img_1280x722uu2026-04-08-14-30-26-2277274.jpg\",\"contentUrl\":\"https:\/\/portaltela.pt\/s.01k8rhncp4jt1\/2026\/04\/img_1280x722uu2026-04-08-14-30-26-2277274.jpg\",\"width\":796,\"height\":448,\"caption\":\"Bombeiros resgatam veado que ficou preso em veda\u00e7\u00e3o no domingo de P\u00e1scoa\"},{\"@type\":\"BreadcrumbList\",\"@id\":\"https:\/\/portaltela.pt\/noticias\/2026\/04\/08\/bombeiros-resgatam-veado-preso-em-vedacao-no-domingo-de-pascoa\/#breadcrumb\",\"itemListElement\":[{\"@type\":\"ListItem\",\"position\":1,\"name\":\"In\u00edcio\",\"item\":\"https:\/\/portaltela.pt\/\"},{\"@type\":\"ListItem\",\"position\":2,\"name\":\"Bombeiros resgatam veado preso em veda\u00e7\u00e3o no domingo de P\u00e1scoa\"}]},{\"@type\":\"WebSite\",\"@id\":\"https:\/\/portaltela.pt\/#website\",\"url\":\"https:\/\/portaltela.pt\/\",\"name\":\"Portal Tela Portugal\",\"description\":\"\",\"potentialAction\":[{\"@type\":\"SearchAction\",\"target\":{\"@type\":\"EntryPoint\",\"urlTemplate\":\"https:\/\/portaltela.pt\/?s={search_term_string}\"},\"query-input\":{\"@type\":\"PropertyValueSpecification\",\"valueRequired\":true,\"valueName\":\"search_term_string\"}}],\"inLanguage\":\"pt-PT\"},{\"@type\":\"Person\",\"@id\":\"https:\/\/portaltela.pt\/#\/schema\/person\/c4278d4a6028830caff9ee44b42d32ed\",\"name\":\"Telinha\",\"image\":{\"@type\":\"ImageObject\",\"inLanguage\":\"pt-PT\",\"@id\":\"https:\/\/portaltela.pt\/s.01k8rhncp4jt1\/2025\/11\/talking-bot-125x125.png\",\"url\":\"https:\/\/portaltela.pt\/s.01k8rhncp4jt1\/2025\/11\/talking-bot-125x125.png\",\"contentUrl\":\"https:\/\/portaltela.pt\/s.01k8rhncp4jt1\/2025\/11\/talking-bot-125x125.png\",\"caption\":\"Telinha\"},\"sameAs\":[\"https:\/\/portaltela.pt\/\"],\"url\":\"https:\/\/portaltela.pt\/por\/367410592786\/\"}]}<\/script>\n<!-- \/ Yoast SEO plugin. -->","yoast_head_json":{"title":"Bombeiros resgatam veado preso em veda\u00e7\u00e3o no domingo de P\u00e1scoa - Portal Tela Portugal","robots":{"index":"index","follow":"follow","max-snippet":"max-snippet:-1","max-image-preview":"max-image-preview:large","max-video-preview":"max-video-preview:-1"},"og_locale":"pt_PT","og_type":"article","og_title":"Bombeiros resgatam veado preso em veda\u00e7\u00e3o no domingo de P\u00e1scoa - Portal Tela Portugal","og_description":"Bombeiros do Condado de Orange, nos EUA, resgataram um veado que ficou preso num gradeamento de um parque em Lake Forest, no domingo de P\u00e1scoa. O resgate ocorreu no parque da localidade, durante as celebra\u00e7\u00f5es da P\u00e1scoa. O veado foi libertado do gradeamento pela equipa de bombeiros. N\u00e3o foram reportados ferimentos no animal durante o incidente.","og_url":"https:\/\/portaltela.pt\/noticias\/2026\/04\/08\/bombeiros-resgatam-veado-preso-em-vedacao-no-domingo-de-pascoa\/","og_site_name":"Portal Tela Portugal","article_published_time":"2026-04-08T13:47:17+00:00","author":"Telinha","twitter_card":"summary_large_image","twitter_misc":{"Escrito por":"Telinha","Tempo estimado de leitura":"1 minuto"},"schema":{"@context":"https:\/\/schema.org","@graph":[{"@type":"Article","@id":"https:\/\/portaltela.pt\/noticias\/2026\/04\/08\/bombeiros-resgatam-veado-preso-em-vedacao-no-domingo-de-pascoa\/#article","isPartOf":{"@id":"https:\/\/portaltela.pt\/noticias\/2026\/04\/08\/bombeiros-resgatam-veado-preso-em-vedacao-no-domingo-de-pascoa\/"},"author":{"name":"Telinha","@id":"https:\/\/portaltela.pt\/#\/schema\/person\/c4278d4a6028830caff9ee44b42d32ed"},"headline":"Bombeiros resgatam veado preso em veda\u00e7\u00e3o no domingo de P\u00e1scoa","datePublished":"2026-04-08T13:47:17+00:00","mainEntityOfPage":{"@id":"https:\/\/portaltela.pt\/noticias\/2026\/04\/08\/bombeiros-resgatam-veado-preso-em-vedacao-no-domingo-de-pascoa\/"},"wordCount":136,"image":{"@id":"https:\/\/portaltela.pt\/noticias\/2026\/04\/08\/bombeiros-resgatam-veado-preso-em-vedacao-no-domingo-de-pascoa\/#primaryimage"},"thumbnailUrl":"https:\/\/portaltela.pt\/s.01k8rhncp4jt1\/2026\/04\/img_1280x722uu2026-04-08-14-30-26-2277274.jpg","keywords":["_meio-ambiente","animais","bombeiros","emerg\u00eancia","ocorr\u00eancias"],"articleSection":["Meio Ambiente"],"inLanguage":"pt-PT"},{"@type":"WebPage","@id":"https:\/\/portaltela.pt\/noticias\/2026\/04\/08\/bombeiros-resgatam-veado-preso-em-vedacao-no-domingo-de-pascoa\/","url":"https:\/\/portaltela.pt\/noticias\/2026\/04\/08\/bombeiros-resgatam-veado-preso-em-vedacao-no-domingo-de-pascoa\/","name":"Bombeiros resgatam veado preso em veda\u00e7\u00e3o no domingo de P\u00e1scoa - Portal Tela Portugal","isPartOf":{"@id":"https:\/\/portaltela.pt\/#website"},"primaryImageOfPage":{"@id":"https:\/\/portaltela.pt\/noticias\/2026\/04\/08\/bombeiros-resgatam-veado-preso-em-vedacao-no-domingo-de-pascoa\/#primaryimage"},"image":{"@id":"https:\/\/portaltela.pt\/noticias\/2026\/04\/08\/bombeiros-resgatam-veado-preso-em-vedacao-no-domingo-de-pascoa\/#primaryimage"},"thumbnailUrl":"https:\/\/portaltela.pt\/s.01k8rhncp4jt1\/2026\/04\/img_1280x722uu2026-04-08-14-30-26-2277274.jpg","datePublished":"2026-04-08T13:47:17+00:00","author":{"@id":"https:\/\/portaltela.pt\/#\/schema\/person\/c4278d4a6028830caff9ee44b42d32ed"},"breadcrumb":{"@id":"https:\/\/portaltela.pt\/noticias\/2026\/04\/08\/bombeiros-resgatam-veado-preso-em-vedacao-no-domingo-de-pascoa\/#breadcrumb"},"inLanguage":"pt-PT","potentialAction":[{"@type":"ReadAction","target":["https:\/\/portaltela.pt\/noticias\/2026\/04\/08\/bombeiros-resgatam-veado-preso-em-vedacao-no-domingo-de-pascoa\/"]}]},{"@type":"ImageObject","inLanguage":"pt-PT","@id":"https:\/\/portaltela.pt\/noticias\/2026\/04\/08\/bombeiros-resgatam-veado-preso-em-vedacao-no-domingo-de-pascoa\/#primaryimage","url":"https:\/\/portaltela.pt\/s.01k8rhncp4jt1\/2026\/04\/img_1280x722uu2026-04-08-14-30-26-2277274.jpg","contentUrl":"https:\/\/portaltela.pt\/s.01k8rhncp4jt1\/2026\/04\/img_1280x722uu2026-04-08-14-30-26-2277274.jpg","width":796,"height":448,"caption":"Bombeiros resgatam veado que ficou preso em veda\u00e7\u00e3o no domingo de P\u00e1scoa"},{"@type":"BreadcrumbList","@id":"https:\/\/portaltela.pt\/noticias\/2026\/04\/08\/bombeiros-resgatam-veado-preso-em-vedacao-no-domingo-de-pascoa\/#breadcrumb","itemListElement":[{"@type":"ListItem","position":1,"name":"In\u00edcio","item":"https:\/\/portaltela.pt\/"},{"@type":"ListItem","position":2,"name":"Bombeiros resgatam veado preso em veda\u00e7\u00e3o no domingo de P\u00e1scoa"}]},{"@type":"WebSite","@id":"https:\/\/portaltela.pt\/#website","url":"https:\/\/portaltela.pt\/","name":"Portal Tela Portugal","description":"","potentialAction":[{"@type":"SearchAction","target":{"@type":"EntryPoint","urlTemplate":"https:\/\/portaltela.pt\/?s={search_term_string}"},"query-input":{"@type":"PropertyValueSpecification","valueRequired":true,"valueName":"search_term_string"}}],"inLanguage":"pt-PT"},{"@type":"Person","@id":"https:\/\/portaltela.pt\/#\/schema\/person\/c4278d4a6028830caff9ee44b42d32ed","name":"Telinha","image":{"@type":"ImageObject","inLanguage":"pt-PT","@id":"https:\/\/portaltela.pt\/s.01k8rhncp4jt1\/2025\/11\/talking-bot-125x125.png","url":"https:\/\/portaltela.pt\/s.01k8rhncp4jt1\/2025\/11\/talking-bot-125x125.png","contentUrl":"https:\/\/portaltela.pt\/s.01k8rhncp4jt1\/2025\/11\/talking-bot-125x125.png","caption":"Telinha"},"sameAs":["https:\/\/portaltela.pt\/"],"url":"https:\/\/portaltela.pt\/por\/367410592786\/"}]}},"_links":{"self":[{"href":"https:\/\/portaltela.pt\/api\/wp\/v2\/posts\/436716","targetHints":{"allow":["GET"]}}],"collection":[{"href":"https:\/\/portaltela.pt\/api\/wp\/v2\/posts"}],"about":[{"href":"https:\/\/portaltela.pt\/api\/wp\/v2\/types\/post"}],"author":[{"embeddable":true,"href":"https:\/\/portaltela.pt\/api\/wp\/v2\/users\/2"}],"replies":[{"embeddable":true,"href":"https:\/\/portaltela.pt\/api\/wp\/v2\/comments?post=436716"}],"version-history":[{"count":0,"href":"https:\/\/portaltela.pt\/api\/wp\/v2\/posts\/436716\/revisions"}],"wp:featuredmedia":[{"embeddable":true,"href":"https:\/\/portaltela.pt\/api\/wp\/v2\/media\/436721"}],"wp:attachment":[{"href":"https:\/\/portaltela.pt\/api\/wp\/v2\/media?parent=436716"}],"wp:term":[{"taxonomy":"category","embeddable":true,"href":"https:\/\/portaltela.pt\/api\/wp\/v2\/categories?post=436716"},{"taxonomy":"post_tag","embeddable":true,"href":"https:\/\/portaltela.pt\/api\/wp\/v2\/tags?post=436716"}],"curies":[{"name":"wp","href":"https:\/\/api.w.org\/{rel}","templated":true}]}}