{"id":436688,"date":"2026-04-08T10:32:26","date_gmt":"2026-04-08T13:32:26","guid":{"rendered":"https:\/\/portaltela.pt\/noticias\/2026\/04\/08\/projetos-urbanos-geram-debates-sobre-planeamento-global-antes-do-wuf13\/"},"modified":"2026-04-08T10:32:26","modified_gmt":"2026-04-08T13:32:26","slug":"projetos-urbanos-geram-debates-sobre-planeamento-global-antes-do-wuf13","status":"publish","type":"post","link":"https:\/\/portaltela.pt\/meio-ambiente\/2026\/04\/08\/projetos-urbanos-geram-debates-sobre-planeamento-global-antes-do-wuf13\/","title":{"rendered":"Projetos urbanos geram debates sobre planeamento global antes do WUF13"},"content":{"rendered":"<p>Os projetos urbanos est\u00e3o a testar novas abordagens de planeamento na prepara\u00e7\u00e3o para a 13.\u00aa sess\u00e3o do F\u00f3rum Urbano Mundial (WUF13). As iniciativas destacam foco em infraestruturas, sustentabilidade e recupera\u00e7\u00e3o p\u00f3s-conflito.<\/p>\n<p>Autoridades e peritos apontam modelos como utiliza\u00e7\u00f5es mistas, planeamento ecol\u00f3gico e infraestruturas integradas que favore\u00e7am a vida quotidiana. A reconstru\u00e7\u00e3o em grande escala e o desenvolvimento de novas cidades aparecem como cen\u00e1rios para estudar a resposta urbana a desafios recentes.<\/p>\n<p>A coopera\u00e7\u00e3o entre institui\u00e7\u00f5es e parceiros internacionais \u00e9 considerada essencial para sustentar estes esfor\u00e7os. Com o crescimento cont\u00ednuo das popula\u00e7\u00f5es urbanas, as iniciativas pretendem alimentar debates sobre modos de as cidades enfrentar press\u00f5es econ\u00f3micas, ambientais e sociais em evolu\u00e7\u00e3o.<\/p>\n<h3>Modelos de planeamento em foco<\/h3>\n<p>Projetos de desenvolvimento urbano s\u00e3o usados para explorar estrat\u00e9gias que respondam a muta\u00e7\u00f5es no cen\u00e1rio global, incluindo recupera\u00e7\u00e3o de \u00e1reas afetadas por conflitos. A discuss\u00e3o p\u00fablica antes do WUF13 aposta na integra\u00e7\u00e3o de solu\u00e7\u00f5es que promovam resili\u00eancia e qualidade de vida.<\/p>\n","protected":false},"excerpt":{"rendered":"<ul>\n<li>Os projetos urbanos testam novas abordagens de planeamento na 13.\u00aa sess\u00e3o do F\u00f3rum Urbano Mundial.<\/li>\n<li>Modelos destacados incluem utiliza\u00e7\u00f5es mistas, planeamento ecol\u00f3gico e infraestruturas integradas para a vida quotidiana.<\/li>\n<li>Projetos de reconstru\u00e7\u00e3o em grande escala e de novas cidades s\u00e3o usados para explorar recupera\u00e7\u00e3o p\u00f3s-conflito e conce\u00e7\u00e3o urbana.<\/li>\n<li>Funcion\u00e1rios sublinham que a coopera\u00e7\u00e3o entre institui\u00e7\u00f5es e parceiros internacionais \u00e9 fundamental para estas iniciativas.<\/li>\n<li>O crescimento cont\u00ednuo das popula\u00e7\u00f5es urbanas pode influenciar debates sobre como as cidades enfrentam press\u00f5es econ\u00f3micas, ambientais e sociais.<\/li>\n<\/ul>\n","protected":false},"author":2,"featured_media":436690,"comment_status":"closed","ping_status":"closed","sticky":false,"template":"","format":"standard","meta":{"footnotes":""},"categories":[6725],"tags":[256,7443,1010,45,3148,189],"class_list":["post-436688","post","type-post","status-publish","format-standard","has-post-thumbnail","hentry","category-meio-ambiente","tag-cooperacao-internacional","tag-desenvolvimento-urbano","tag-habitacao-publica","tag-meio-ambiente","tag-planeamento-urbano","tag-urbanismo"],"yoast_head":"<!-- This site is optimized with the Yoast SEO plugin v27.2 - https:\/\/yoast.com\/product\/yoast-seo-wordpress\/ -->\n<title>Projetos urbanos geram debates sobre planeamento global antes do WUF13 - Portal Tela Portugal<\/title>\n<meta name=\"robots\" content=\"index, follow, max-snippet:-1, max-image-preview:large, max-video-preview:-1\" \/>\n<meta property=\"og:locale\" content=\"pt_PT\" \/>\n<meta property=\"og:type\" content=\"article\" \/>\n<meta property=\"og:title\" content=\"Projetos urbanos geram debates sobre planeamento global antes do WUF13 - Portal Tela Portugal\" \/>\n<meta property=\"og:description\" content=\"Os projetos urbanos testam novas abordagens de planeamento na 13.\u00aa sess\u00e3o do F\u00f3rum Urbano Mundial. Modelos destacados incluem utiliza\u00e7\u00f5es mistas, planeamento ecol\u00f3gico e infraestruturas integradas para a vida quotidiana. Projetos de reconstru\u00e7\u00e3o em grande escala e de novas cidades s\u00e3o usados para explorar recupera\u00e7\u00e3o p\u00f3s-conflito e conce\u00e7\u00e3o urbana. Funcion\u00e1rios sublinham que a coopera\u00e7\u00e3o entre institui\u00e7\u00f5es e parceiros internacionais \u00e9 fundamental para estas iniciativas. O crescimento cont\u00ednuo das popula\u00e7\u00f5es urbanas pode influenciar debates sobre como as cidades enfrentam press\u00f5es econ\u00f3micas, ambientais e sociais.\" \/>\n<meta property=\"og:url\" content=\"https:\/\/portaltela.pt\/noticias\/2026\/04\/08\/projetos-urbanos-geram-debates-sobre-planeamento-global-antes-do-wuf13\/\" \/>\n<meta property=\"og:site_name\" content=\"Portal Tela Portugal\" \/>\n<meta property=\"article:published_time\" content=\"2026-04-08T13:32:26+00:00\" \/>\n<meta name=\"author\" content=\"Telinha\" \/>\n<meta name=\"twitter:card\" content=\"summary_large_image\" \/>\n<meta name=\"twitter:label1\" content=\"Escrito por\" \/>\n\t<meta name=\"twitter:data1\" content=\"Telinha\" \/>\n\t<meta name=\"twitter:label2\" content=\"Tempo estimado de leitura\" \/>\n\t<meta name=\"twitter:data2\" content=\"1 minuto\" \/>\n<script type=\"application\/ld+json\" class=\"yoast-schema-graph\">{\"@context\":\"https:\/\/schema.org\",\"@graph\":[{\"@type\":\"Article\",\"@id\":\"https:\/\/portaltela.pt\/noticias\/2026\/04\/08\/projetos-urbanos-geram-debates-sobre-planeamento-global-antes-do-wuf13\/#article\",\"isPartOf\":{\"@id\":\"https:\/\/portaltela.pt\/noticias\/2026\/04\/08\/projetos-urbanos-geram-debates-sobre-planeamento-global-antes-do-wuf13\/\"},\"author\":{\"name\":\"Telinha\",\"@id\":\"https:\/\/portaltela.pt\/#\/schema\/person\/c4278d4a6028830caff9ee44b42d32ed\"},\"headline\":\"Projetos urbanos geram debates sobre planeamento global antes do WUF13\",\"datePublished\":\"2026-04-08T13:32:26+00:00\",\"mainEntityOfPage\":{\"@id\":\"https:\/\/portaltela.pt\/noticias\/2026\/04\/08\/projetos-urbanos-geram-debates-sobre-planeamento-global-antes-do-wuf13\/\"},\"wordCount\":193,\"image\":{\"@id\":\"https:\/\/portaltela.pt\/noticias\/2026\/04\/08\/projetos-urbanos-geram-debates-sobre-planeamento-global-antes-do-wuf13\/#primaryimage\"},\"thumbnailUrl\":\"https:\/\/portaltela.pt\/s.01k8rhncp4jt1\/2026\/04\/1536x864_cmsv2_00db5788-32e3-576f-afb9-495b98aed36c-9707841.jpg\",\"keywords\":[\"coopera\u00e7\u00e3o internacional\",\"desenvolvimento urbano\",\"habita\u00e7\u00e3o p\u00fablica\",\"meio-ambiente\",\"planeamento urbano\",\"urbanismo\"],\"articleSection\":[\"Meio Ambiente\"],\"inLanguage\":\"pt-PT\"},{\"@type\":\"WebPage\",\"@id\":\"https:\/\/portaltela.pt\/noticias\/2026\/04\/08\/projetos-urbanos-geram-debates-sobre-planeamento-global-antes-do-wuf13\/\",\"url\":\"https:\/\/portaltela.pt\/noticias\/2026\/04\/08\/projetos-urbanos-geram-debates-sobre-planeamento-global-antes-do-wuf13\/\",\"name\":\"Projetos urbanos geram debates sobre planeamento global antes do WUF13 - Portal Tela Portugal\",\"isPartOf\":{\"@id\":\"https:\/\/portaltela.pt\/#website\"},\"primaryImageOfPage\":{\"@id\":\"https:\/\/portaltela.pt\/noticias\/2026\/04\/08\/projetos-urbanos-geram-debates-sobre-planeamento-global-antes-do-wuf13\/#primaryimage\"},\"image\":{\"@id\":\"https:\/\/portaltela.pt\/noticias\/2026\/04\/08\/projetos-urbanos-geram-debates-sobre-planeamento-global-antes-do-wuf13\/#primaryimage\"},\"thumbnailUrl\":\"https:\/\/portaltela.pt\/s.01k8rhncp4jt1\/2026\/04\/1536x864_cmsv2_00db5788-32e3-576f-afb9-495b98aed36c-9707841.jpg\",\"datePublished\":\"2026-04-08T13:32:26+00:00\",\"author\":{\"@id\":\"https:\/\/portaltela.pt\/#\/schema\/person\/c4278d4a6028830caff9ee44b42d32ed\"},\"breadcrumb\":{\"@id\":\"https:\/\/portaltela.pt\/noticias\/2026\/04\/08\/projetos-urbanos-geram-debates-sobre-planeamento-global-antes-do-wuf13\/#breadcrumb\"},\"inLanguage\":\"pt-PT\",\"potentialAction\":[{\"@type\":\"ReadAction\",\"target\":[\"https:\/\/portaltela.pt\/noticias\/2026\/04\/08\/projetos-urbanos-geram-debates-sobre-planeamento-global-antes-do-wuf13\/\"]}]},{\"@type\":\"ImageObject\",\"inLanguage\":\"pt-PT\",\"@id\":\"https:\/\/portaltela.pt\/noticias\/2026\/04\/08\/projetos-urbanos-geram-debates-sobre-planeamento-global-antes-do-wuf13\/#primaryimage\",\"url\":\"https:\/\/portaltela.pt\/s.01k8rhncp4jt1\/2026\/04\/1536x864_cmsv2_00db5788-32e3-576f-afb9-495b98aed36c-9707841.jpg\",\"contentUrl\":\"https:\/\/portaltela.pt\/s.01k8rhncp4jt1\/2026\/04\/1536x864_cmsv2_00db5788-32e3-576f-afb9-495b98aed36c-9707841.jpg\",\"width\":1536,\"height\":864,\"caption\":\"Projetos urbanos suscitam debates sobre planeamento global antes do WUF13\"},{\"@type\":\"BreadcrumbList\",\"@id\":\"https:\/\/portaltela.pt\/noticias\/2026\/04\/08\/projetos-urbanos-geram-debates-sobre-planeamento-global-antes-do-wuf13\/#breadcrumb\",\"itemListElement\":[{\"@type\":\"ListItem\",\"position\":1,\"name\":\"In\u00edcio\",\"item\":\"https:\/\/portaltela.pt\/\"},{\"@type\":\"ListItem\",\"position\":2,\"name\":\"Projetos urbanos geram debates sobre planeamento global antes do WUF13\"}]},{\"@type\":\"WebSite\",\"@id\":\"https:\/\/portaltela.pt\/#website\",\"url\":\"https:\/\/portaltela.pt\/\",\"name\":\"Portal Tela Portugal\",\"description\":\"\",\"potentialAction\":[{\"@type\":\"SearchAction\",\"target\":{\"@type\":\"EntryPoint\",\"urlTemplate\":\"https:\/\/portaltela.pt\/?s={search_term_string}\"},\"query-input\":{\"@type\":\"PropertyValueSpecification\",\"valueRequired\":true,\"valueName\":\"search_term_string\"}}],\"inLanguage\":\"pt-PT\"},{\"@type\":\"Person\",\"@id\":\"https:\/\/portaltela.pt\/#\/schema\/person\/c4278d4a6028830caff9ee44b42d32ed\",\"name\":\"Telinha\",\"image\":{\"@type\":\"ImageObject\",\"inLanguage\":\"pt-PT\",\"@id\":\"https:\/\/portaltela.pt\/s.01k8rhncp4jt1\/2025\/11\/talking-bot-125x125.png\",\"url\":\"https:\/\/portaltela.pt\/s.01k8rhncp4jt1\/2025\/11\/talking-bot-125x125.png\",\"contentUrl\":\"https:\/\/portaltela.pt\/s.01k8rhncp4jt1\/2025\/11\/talking-bot-125x125.png\",\"caption\":\"Telinha\"},\"sameAs\":[\"https:\/\/portaltela.pt\/\"],\"url\":\"https:\/\/portaltela.pt\/por\/367410592786\/\"}]}<\/script>\n<!-- \/ Yoast SEO plugin. -->","yoast_head_json":{"title":"Projetos urbanos geram debates sobre planeamento global antes do WUF13 - Portal Tela Portugal","robots":{"index":"index","follow":"follow","max-snippet":"max-snippet:-1","max-image-preview":"max-image-preview:large","max-video-preview":"max-video-preview:-1"},"og_locale":"pt_PT","og_type":"article","og_title":"Projetos urbanos geram debates sobre planeamento global antes do WUF13 - Portal Tela Portugal","og_description":"Os projetos urbanos testam novas abordagens de planeamento na 13.\u00aa sess\u00e3o do F\u00f3rum Urbano Mundial. Modelos destacados incluem utiliza\u00e7\u00f5es mistas, planeamento ecol\u00f3gico e infraestruturas integradas para a vida quotidiana. Projetos de reconstru\u00e7\u00e3o em grande escala e de novas cidades s\u00e3o usados para explorar recupera\u00e7\u00e3o p\u00f3s-conflito e conce\u00e7\u00e3o urbana. Funcion\u00e1rios sublinham que a coopera\u00e7\u00e3o entre institui\u00e7\u00f5es e parceiros internacionais \u00e9 fundamental para estas iniciativas. O crescimento cont\u00ednuo das popula\u00e7\u00f5es urbanas pode influenciar debates sobre como as cidades enfrentam press\u00f5es econ\u00f3micas, ambientais e sociais.","og_url":"https:\/\/portaltela.pt\/noticias\/2026\/04\/08\/projetos-urbanos-geram-debates-sobre-planeamento-global-antes-do-wuf13\/","og_site_name":"Portal Tela Portugal","article_published_time":"2026-04-08T13:32:26+00:00","author":"Telinha","twitter_card":"summary_large_image","twitter_misc":{"Escrito por":"Telinha","Tempo estimado de leitura":"1 minuto"},"schema":{"@context":"https:\/\/schema.org","@graph":[{"@type":"Article","@id":"https:\/\/portaltela.pt\/noticias\/2026\/04\/08\/projetos-urbanos-geram-debates-sobre-planeamento-global-antes-do-wuf13\/#article","isPartOf":{"@id":"https:\/\/portaltela.pt\/noticias\/2026\/04\/08\/projetos-urbanos-geram-debates-sobre-planeamento-global-antes-do-wuf13\/"},"author":{"name":"Telinha","@id":"https:\/\/portaltela.pt\/#\/schema\/person\/c4278d4a6028830caff9ee44b42d32ed"},"headline":"Projetos urbanos geram debates sobre planeamento global antes do WUF13","datePublished":"2026-04-08T13:32:26+00:00","mainEntityOfPage":{"@id":"https:\/\/portaltela.pt\/noticias\/2026\/04\/08\/projetos-urbanos-geram-debates-sobre-planeamento-global-antes-do-wuf13\/"},"wordCount":193,"image":{"@id":"https:\/\/portaltela.pt\/noticias\/2026\/04\/08\/projetos-urbanos-geram-debates-sobre-planeamento-global-antes-do-wuf13\/#primaryimage"},"thumbnailUrl":"https:\/\/portaltela.pt\/s.01k8rhncp4jt1\/2026\/04\/1536x864_cmsv2_00db5788-32e3-576f-afb9-495b98aed36c-9707841.jpg","keywords":["coopera\u00e7\u00e3o internacional","desenvolvimento urbano","habita\u00e7\u00e3o p\u00fablica","meio-ambiente","planeamento urbano","urbanismo"],"articleSection":["Meio Ambiente"],"inLanguage":"pt-PT"},{"@type":"WebPage","@id":"https:\/\/portaltela.pt\/noticias\/2026\/04\/08\/projetos-urbanos-geram-debates-sobre-planeamento-global-antes-do-wuf13\/","url":"https:\/\/portaltela.pt\/noticias\/2026\/04\/08\/projetos-urbanos-geram-debates-sobre-planeamento-global-antes-do-wuf13\/","name":"Projetos urbanos geram debates sobre planeamento global antes do WUF13 - Portal Tela Portugal","isPartOf":{"@id":"https:\/\/portaltela.pt\/#website"},"primaryImageOfPage":{"@id":"https:\/\/portaltela.pt\/noticias\/2026\/04\/08\/projetos-urbanos-geram-debates-sobre-planeamento-global-antes-do-wuf13\/#primaryimage"},"image":{"@id":"https:\/\/portaltela.pt\/noticias\/2026\/04\/08\/projetos-urbanos-geram-debates-sobre-planeamento-global-antes-do-wuf13\/#primaryimage"},"thumbnailUrl":"https:\/\/portaltela.pt\/s.01k8rhncp4jt1\/2026\/04\/1536x864_cmsv2_00db5788-32e3-576f-afb9-495b98aed36c-9707841.jpg","datePublished":"2026-04-08T13:32:26+00:00","author":{"@id":"https:\/\/portaltela.pt\/#\/schema\/person\/c4278d4a6028830caff9ee44b42d32ed"},"breadcrumb":{"@id":"https:\/\/portaltela.pt\/noticias\/2026\/04\/08\/projetos-urbanos-geram-debates-sobre-planeamento-global-antes-do-wuf13\/#breadcrumb"},"inLanguage":"pt-PT","potentialAction":[{"@type":"ReadAction","target":["https:\/\/portaltela.pt\/noticias\/2026\/04\/08\/projetos-urbanos-geram-debates-sobre-planeamento-global-antes-do-wuf13\/"]}]},{"@type":"ImageObject","inLanguage":"pt-PT","@id":"https:\/\/portaltela.pt\/noticias\/2026\/04\/08\/projetos-urbanos-geram-debates-sobre-planeamento-global-antes-do-wuf13\/#primaryimage","url":"https:\/\/portaltela.pt\/s.01k8rhncp4jt1\/2026\/04\/1536x864_cmsv2_00db5788-32e3-576f-afb9-495b98aed36c-9707841.jpg","contentUrl":"https:\/\/portaltela.pt\/s.01k8rhncp4jt1\/2026\/04\/1536x864_cmsv2_00db5788-32e3-576f-afb9-495b98aed36c-9707841.jpg","width":1536,"height":864,"caption":"Projetos urbanos suscitam debates sobre planeamento global antes do WUF13"},{"@type":"BreadcrumbList","@id":"https:\/\/portaltela.pt\/noticias\/2026\/04\/08\/projetos-urbanos-geram-debates-sobre-planeamento-global-antes-do-wuf13\/#breadcrumb","itemListElement":[{"@type":"ListItem","position":1,"name":"In\u00edcio","item":"https:\/\/portaltela.pt\/"},{"@type":"ListItem","position":2,"name":"Projetos urbanos geram debates sobre planeamento global antes do WUF13"}]},{"@type":"WebSite","@id":"https:\/\/portaltela.pt\/#website","url":"https:\/\/portaltela.pt\/","name":"Portal Tela Portugal","description":"","potentialAction":[{"@type":"SearchAction","target":{"@type":"EntryPoint","urlTemplate":"https:\/\/portaltela.pt\/?s={search_term_string}"},"query-input":{"@type":"PropertyValueSpecification","valueRequired":true,"valueName":"search_term_string"}}],"inLanguage":"pt-PT"},{"@type":"Person","@id":"https:\/\/portaltela.pt\/#\/schema\/person\/c4278d4a6028830caff9ee44b42d32ed","name":"Telinha","image":{"@type":"ImageObject","inLanguage":"pt-PT","@id":"https:\/\/portaltela.pt\/s.01k8rhncp4jt1\/2025\/11\/talking-bot-125x125.png","url":"https:\/\/portaltela.pt\/s.01k8rhncp4jt1\/2025\/11\/talking-bot-125x125.png","contentUrl":"https:\/\/portaltela.pt\/s.01k8rhncp4jt1\/2025\/11\/talking-bot-125x125.png","caption":"Telinha"},"sameAs":["https:\/\/portaltela.pt\/"],"url":"https:\/\/portaltela.pt\/por\/367410592786\/"}]}},"_links":{"self":[{"href":"https:\/\/portaltela.pt\/api\/wp\/v2\/posts\/436688","targetHints":{"allow":["GET"]}}],"collection":[{"href":"https:\/\/portaltela.pt\/api\/wp\/v2\/posts"}],"about":[{"href":"https:\/\/portaltela.pt\/api\/wp\/v2\/types\/post"}],"author":[{"embeddable":true,"href":"https:\/\/portaltela.pt\/api\/wp\/v2\/users\/2"}],"replies":[{"embeddable":true,"href":"https:\/\/portaltela.pt\/api\/wp\/v2\/comments?post=436688"}],"version-history":[{"count":0,"href":"https:\/\/portaltela.pt\/api\/wp\/v2\/posts\/436688\/revisions"}],"wp:featuredmedia":[{"embeddable":true,"href":"https:\/\/portaltela.pt\/api\/wp\/v2\/media\/436690"}],"wp:attachment":[{"href":"https:\/\/portaltela.pt\/api\/wp\/v2\/media?parent=436688"}],"wp:term":[{"taxonomy":"category","embeddable":true,"href":"https:\/\/portaltela.pt\/api\/wp\/v2\/categories?post=436688"},{"taxonomy":"post_tag","embeddable":true,"href":"https:\/\/portaltela.pt\/api\/wp\/v2\/tags?post=436688"}],"curies":[{"name":"wp","href":"https:\/\/api.w.org\/{rel}","templated":true}]}}