{"id":436664,"date":"2026-04-08T10:17:26","date_gmt":"2026-04-08T13:17:26","guid":{"rendered":"https:\/\/portaltela.pt\/noticias\/2026\/04\/08\/governo-formaliza-mais-quatro-sistemas-de-videovigilancia-total-de-29-ja-instalados\/"},"modified":"2026-04-08T10:17:26","modified_gmt":"2026-04-08T13:17:26","slug":"governo-formaliza-mais-quatro-sistemas-de-videovigilancia-total-de-29-ja-instalados","status":"publish","type":"post","link":"https:\/\/portaltela.pt\/tecnologia\/2026\/04\/08\/governo-formaliza-mais-quatro-sistemas-de-videovigilancia-total-de-29-ja-instalados\/","title":{"rendered":"Governo formaliza mais quatro sistemas de videovigil\u00e2ncia, total de 29 j\u00e1 instalados"},"content":{"rendered":"<p>O governo formalizou a constru\u00e7\u00e3o de mais quatro sistemas de videovigil\u00e2ncia, elevando para 25 o total de redes instaladas no pa\u00eds. A medida pretende refor\u00e7ar a monitoriza\u00e7\u00e3o de espa\u00e7os p\u00fablicos e a resposta a ocorr\u00eancias, segundo o comunicado oficial.<\/p>\n<p>A iniciativa surgiu no \u00e2mbito de uma estrat\u00e9gia de seguran\u00e7a e preven\u00e7\u00e3o, com foco em \u00e1reas urbanas de maior densidade. Ainda n\u00e3o foram divulgados detalhes sobre as locais exatas nem sobre prazos de implementa\u00e7\u00e3o.<\/p>\n<p>Ainda n\u00e3o h\u00e1 informa\u00e7\u00e3o p\u00fablica sobre o financiamento espec\u00edfico ou os equipamentos envolvidos. O governo mant\u00e9m o seu objetivo de ampliar a cobertura de c\u00e2maras para melhorar a capacidade de interven\u00e7\u00e3o.<\/p>\n<h3>Dados operacionais<\/h3>\n<p>A atualiza\u00e7\u00e3o eleva o parque de videovigil\u00e2ncia nacional, apontando para uma expans\u00e3o gradual ao longo do pr\u00f3ximo ano. Conforme as fontes oficiais, a atualiza\u00e7\u00e3o n\u00e3o altera procedimentos de privacidade j\u00e1 existentes.<\/p>\n","protected":false},"excerpt":{"rendered":"<ul>\n<li>O governo formalizou a instala\u00e7\u00e3o de mais quatro sistemas de videovigil\u00e2ncia.<\/li>\n<li>O pa\u00eds j\u00e1 conta com 25 sistemas de videovigil\u00e2ncia instalados.<\/li>\n<li>A atualiza\u00e7\u00e3o foi comunicada pelo governo como parte de uma pol\u00edtica de videovigil\u00e2ncia.<\/li>\n<li>N\u00e3o foram divulgados detalhes adicionais sobre localiza\u00e7\u00f5es ou datas espec\u00edficas.<\/li>\n<\/ul>\n","protected":false},"author":2,"featured_media":436669,"comment_status":"closed","ping_status":"closed","sticky":false,"template":"","format":"standard","meta":{"footnotes":""},"categories":[6716],"tags":[168,4536,250,153,1776],"class_list":["post-436664","post","type-post","status-publish","format-standard","has-post-thumbnail","hentry","category-tecnologia","tag-administracao-publica","tag-seguranca","tag-seguranca-publica","tag-tecnologia","tag-vigilancia-eletronica"],"yoast_head":"<!-- This site is optimized with the Yoast SEO plugin v27.2 - https:\/\/yoast.com\/product\/yoast-seo-wordpress\/ -->\n<title>Governo formaliza mais quatro sistemas de videovigil\u00e2ncia, total de 29 j\u00e1 instalados - Portal Tela Portugal<\/title>\n<meta name=\"robots\" content=\"index, follow, max-snippet:-1, max-image-preview:large, max-video-preview:-1\" \/>\n<meta property=\"og:locale\" content=\"pt_PT\" \/>\n<meta property=\"og:type\" content=\"article\" \/>\n<meta property=\"og:title\" content=\"Governo formaliza mais quatro sistemas de videovigil\u00e2ncia, total de 29 j\u00e1 instalados - Portal Tela Portugal\" \/>\n<meta property=\"og:description\" content=\"O governo formalizou a instala\u00e7\u00e3o de mais quatro sistemas de videovigil\u00e2ncia. O pa\u00eds j\u00e1 conta com 25 sistemas de videovigil\u00e2ncia instalados. A atualiza\u00e7\u00e3o foi comunicada pelo governo como parte de uma pol\u00edtica de videovigil\u00e2ncia. N\u00e3o foram divulgados detalhes adicionais sobre localiza\u00e7\u00f5es ou datas espec\u00edficas.\" \/>\n<meta property=\"og:url\" content=\"https:\/\/portaltela.pt\/noticias\/2026\/04\/08\/governo-formaliza-mais-quatro-sistemas-de-videovigilancia-total-de-29-ja-instalados\/\" \/>\n<meta property=\"og:site_name\" content=\"Portal Tela Portugal\" \/>\n<meta property=\"article:published_time\" content=\"2026-04-08T13:17:26+00:00\" \/>\n<meta name=\"author\" content=\"Telinha\" \/>\n<meta name=\"twitter:card\" content=\"summary_large_image\" \/>\n<meta name=\"twitter:label1\" content=\"Escrito por\" \/>\n\t<meta name=\"twitter:data1\" content=\"Telinha\" \/>\n\t<meta name=\"twitter:label2\" content=\"Tempo estimado de leitura\" \/>\n\t<meta name=\"twitter:data2\" content=\"1 minuto\" \/>\n<script type=\"application\/ld+json\" class=\"yoast-schema-graph\">{\"@context\":\"https:\/\/schema.org\",\"@graph\":[{\"@type\":\"Article\",\"@id\":\"https:\/\/portaltela.pt\/noticias\/2026\/04\/08\/governo-formaliza-mais-quatro-sistemas-de-videovigilancia-total-de-29-ja-instalados\/#article\",\"isPartOf\":{\"@id\":\"https:\/\/portaltela.pt\/noticias\/2026\/04\/08\/governo-formaliza-mais-quatro-sistemas-de-videovigilancia-total-de-29-ja-instalados\/\"},\"author\":{\"name\":\"Telinha\",\"@id\":\"https:\/\/portaltela.pt\/#\/schema\/person\/c4278d4a6028830caff9ee44b42d32ed\"},\"headline\":\"Governo formaliza mais quatro sistemas de videovigil\u00e2ncia, total de 29 j\u00e1 instalados\",\"datePublished\":\"2026-04-08T13:17:26+00:00\",\"mainEntityOfPage\":{\"@id\":\"https:\/\/portaltela.pt\/noticias\/2026\/04\/08\/governo-formaliza-mais-quatro-sistemas-de-videovigilancia-total-de-29-ja-instalados\/\"},\"wordCount\":174,\"image\":{\"@id\":\"https:\/\/portaltela.pt\/noticias\/2026\/04\/08\/governo-formaliza-mais-quatro-sistemas-de-videovigilancia-total-de-29-ja-instalados\/#primaryimage\"},\"thumbnailUrl\":\"https:\/\/portaltela.pt\/s.01k8rhncp4jt1\/2026\/04\/CACHE_780X1200_ANALOG_WATERMARKED_39647520_2690440_14102022081812.jpg\",\"keywords\":[\"administra\u00e7\u00e3o p\u00fablica\",\"seguran\u00e7a\",\"seguran\u00e7a p\u00fablica\",\"tecnologia\",\"vigil\u00e2ncia eletr\u00f3nica\"],\"articleSection\":[\"Tecnologia\"],\"inLanguage\":\"pt-PT\"},{\"@type\":\"WebPage\",\"@id\":\"https:\/\/portaltela.pt\/noticias\/2026\/04\/08\/governo-formaliza-mais-quatro-sistemas-de-videovigilancia-total-de-29-ja-instalados\/\",\"url\":\"https:\/\/portaltela.pt\/noticias\/2026\/04\/08\/governo-formaliza-mais-quatro-sistemas-de-videovigilancia-total-de-29-ja-instalados\/\",\"name\":\"Governo formaliza mais quatro sistemas de videovigil\u00e2ncia, total de 29 j\u00e1 instalados - Portal Tela Portugal\",\"isPartOf\":{\"@id\":\"https:\/\/portaltela.pt\/#website\"},\"primaryImageOfPage\":{\"@id\":\"https:\/\/portaltela.pt\/noticias\/2026\/04\/08\/governo-formaliza-mais-quatro-sistemas-de-videovigilancia-total-de-29-ja-instalados\/#primaryimage\"},\"image\":{\"@id\":\"https:\/\/portaltela.pt\/noticias\/2026\/04\/08\/governo-formaliza-mais-quatro-sistemas-de-videovigilancia-total-de-29-ja-instalados\/#primaryimage\"},\"thumbnailUrl\":\"https:\/\/portaltela.pt\/s.01k8rhncp4jt1\/2026\/04\/CACHE_780X1200_ANALOG_WATERMARKED_39647520_2690440_14102022081812.jpg\",\"datePublished\":\"2026-04-08T13:17:26+00:00\",\"author\":{\"@id\":\"https:\/\/portaltela.pt\/#\/schema\/person\/c4278d4a6028830caff9ee44b42d32ed\"},\"breadcrumb\":{\"@id\":\"https:\/\/portaltela.pt\/noticias\/2026\/04\/08\/governo-formaliza-mais-quatro-sistemas-de-videovigilancia-total-de-29-ja-instalados\/#breadcrumb\"},\"inLanguage\":\"pt-PT\",\"potentialAction\":[{\"@type\":\"ReadAction\",\"target\":[\"https:\/\/portaltela.pt\/noticias\/2026\/04\/08\/governo-formaliza-mais-quatro-sistemas-de-videovigilancia-total-de-29-ja-instalados\/\"]}]},{\"@type\":\"ImageObject\",\"inLanguage\":\"pt-PT\",\"@id\":\"https:\/\/portaltela.pt\/noticias\/2026\/04\/08\/governo-formaliza-mais-quatro-sistemas-de-videovigilancia-total-de-29-ja-instalados\/#primaryimage\",\"url\":\"https:\/\/portaltela.pt\/s.01k8rhncp4jt1\/2026\/04\/CACHE_780X1200_ANALOG_WATERMARKED_39647520_2690440_14102022081812.jpg\",\"contentUrl\":\"https:\/\/portaltela.pt\/s.01k8rhncp4jt1\/2026\/04\/CACHE_780X1200_ANALOG_WATERMARKED_39647520_2690440_14102022081812.jpg\",\"width\":796,\"height\":448,\"caption\":\"Governo formaliza mais quatro sistemas de videovigil\u00e2ncia, 25 j\u00e1 instalados no pa\u00eds\"},{\"@type\":\"BreadcrumbList\",\"@id\":\"https:\/\/portaltela.pt\/noticias\/2026\/04\/08\/governo-formaliza-mais-quatro-sistemas-de-videovigilancia-total-de-29-ja-instalados\/#breadcrumb\",\"itemListElement\":[{\"@type\":\"ListItem\",\"position\":1,\"name\":\"In\u00edcio\",\"item\":\"https:\/\/portaltela.pt\/\"},{\"@type\":\"ListItem\",\"position\":2,\"name\":\"Governo formaliza mais quatro sistemas de videovigil\u00e2ncia, total de 29 j\u00e1 instalados\"}]},{\"@type\":\"WebSite\",\"@id\":\"https:\/\/portaltela.pt\/#website\",\"url\":\"https:\/\/portaltela.pt\/\",\"name\":\"Portal Tela Portugal\",\"description\":\"\",\"potentialAction\":[{\"@type\":\"SearchAction\",\"target\":{\"@type\":\"EntryPoint\",\"urlTemplate\":\"https:\/\/portaltela.pt\/?s={search_term_string}\"},\"query-input\":{\"@type\":\"PropertyValueSpecification\",\"valueRequired\":true,\"valueName\":\"search_term_string\"}}],\"inLanguage\":\"pt-PT\"},{\"@type\":\"Person\",\"@id\":\"https:\/\/portaltela.pt\/#\/schema\/person\/c4278d4a6028830caff9ee44b42d32ed\",\"name\":\"Telinha\",\"image\":{\"@type\":\"ImageObject\",\"inLanguage\":\"pt-PT\",\"@id\":\"https:\/\/portaltela.pt\/s.01k8rhncp4jt1\/2025\/11\/talking-bot-125x125.png\",\"url\":\"https:\/\/portaltela.pt\/s.01k8rhncp4jt1\/2025\/11\/talking-bot-125x125.png\",\"contentUrl\":\"https:\/\/portaltela.pt\/s.01k8rhncp4jt1\/2025\/11\/talking-bot-125x125.png\",\"caption\":\"Telinha\"},\"sameAs\":[\"https:\/\/portaltela.pt\/\"],\"url\":\"https:\/\/portaltela.pt\/por\/367410592786\/\"}]}<\/script>\n<!-- \/ Yoast SEO plugin. -->","yoast_head_json":{"title":"Governo formaliza mais quatro sistemas de videovigil\u00e2ncia, total de 29 j\u00e1 instalados - Portal Tela Portugal","robots":{"index":"index","follow":"follow","max-snippet":"max-snippet:-1","max-image-preview":"max-image-preview:large","max-video-preview":"max-video-preview:-1"},"og_locale":"pt_PT","og_type":"article","og_title":"Governo formaliza mais quatro sistemas de videovigil\u00e2ncia, total de 29 j\u00e1 instalados - Portal Tela Portugal","og_description":"O governo formalizou a instala\u00e7\u00e3o de mais quatro sistemas de videovigil\u00e2ncia. O pa\u00eds j\u00e1 conta com 25 sistemas de videovigil\u00e2ncia instalados. A atualiza\u00e7\u00e3o foi comunicada pelo governo como parte de uma pol\u00edtica de videovigil\u00e2ncia. N\u00e3o foram divulgados detalhes adicionais sobre localiza\u00e7\u00f5es ou datas espec\u00edficas.","og_url":"https:\/\/portaltela.pt\/noticias\/2026\/04\/08\/governo-formaliza-mais-quatro-sistemas-de-videovigilancia-total-de-29-ja-instalados\/","og_site_name":"Portal Tela Portugal","article_published_time":"2026-04-08T13:17:26+00:00","author":"Telinha","twitter_card":"summary_large_image","twitter_misc":{"Escrito por":"Telinha","Tempo estimado de leitura":"1 minuto"},"schema":{"@context":"https:\/\/schema.org","@graph":[{"@type":"Article","@id":"https:\/\/portaltela.pt\/noticias\/2026\/04\/08\/governo-formaliza-mais-quatro-sistemas-de-videovigilancia-total-de-29-ja-instalados\/#article","isPartOf":{"@id":"https:\/\/portaltela.pt\/noticias\/2026\/04\/08\/governo-formaliza-mais-quatro-sistemas-de-videovigilancia-total-de-29-ja-instalados\/"},"author":{"name":"Telinha","@id":"https:\/\/portaltela.pt\/#\/schema\/person\/c4278d4a6028830caff9ee44b42d32ed"},"headline":"Governo formaliza mais quatro sistemas de videovigil\u00e2ncia, total de 29 j\u00e1 instalados","datePublished":"2026-04-08T13:17:26+00:00","mainEntityOfPage":{"@id":"https:\/\/portaltela.pt\/noticias\/2026\/04\/08\/governo-formaliza-mais-quatro-sistemas-de-videovigilancia-total-de-29-ja-instalados\/"},"wordCount":174,"image":{"@id":"https:\/\/portaltela.pt\/noticias\/2026\/04\/08\/governo-formaliza-mais-quatro-sistemas-de-videovigilancia-total-de-29-ja-instalados\/#primaryimage"},"thumbnailUrl":"https:\/\/portaltela.pt\/s.01k8rhncp4jt1\/2026\/04\/CACHE_780X1200_ANALOG_WATERMARKED_39647520_2690440_14102022081812.jpg","keywords":["administra\u00e7\u00e3o p\u00fablica","seguran\u00e7a","seguran\u00e7a p\u00fablica","tecnologia","vigil\u00e2ncia eletr\u00f3nica"],"articleSection":["Tecnologia"],"inLanguage":"pt-PT"},{"@type":"WebPage","@id":"https:\/\/portaltela.pt\/noticias\/2026\/04\/08\/governo-formaliza-mais-quatro-sistemas-de-videovigilancia-total-de-29-ja-instalados\/","url":"https:\/\/portaltela.pt\/noticias\/2026\/04\/08\/governo-formaliza-mais-quatro-sistemas-de-videovigilancia-total-de-29-ja-instalados\/","name":"Governo formaliza mais quatro sistemas de videovigil\u00e2ncia, total de 29 j\u00e1 instalados - Portal Tela Portugal","isPartOf":{"@id":"https:\/\/portaltela.pt\/#website"},"primaryImageOfPage":{"@id":"https:\/\/portaltela.pt\/noticias\/2026\/04\/08\/governo-formaliza-mais-quatro-sistemas-de-videovigilancia-total-de-29-ja-instalados\/#primaryimage"},"image":{"@id":"https:\/\/portaltela.pt\/noticias\/2026\/04\/08\/governo-formaliza-mais-quatro-sistemas-de-videovigilancia-total-de-29-ja-instalados\/#primaryimage"},"thumbnailUrl":"https:\/\/portaltela.pt\/s.01k8rhncp4jt1\/2026\/04\/CACHE_780X1200_ANALOG_WATERMARKED_39647520_2690440_14102022081812.jpg","datePublished":"2026-04-08T13:17:26+00:00","author":{"@id":"https:\/\/portaltela.pt\/#\/schema\/person\/c4278d4a6028830caff9ee44b42d32ed"},"breadcrumb":{"@id":"https:\/\/portaltela.pt\/noticias\/2026\/04\/08\/governo-formaliza-mais-quatro-sistemas-de-videovigilancia-total-de-29-ja-instalados\/#breadcrumb"},"inLanguage":"pt-PT","potentialAction":[{"@type":"ReadAction","target":["https:\/\/portaltela.pt\/noticias\/2026\/04\/08\/governo-formaliza-mais-quatro-sistemas-de-videovigilancia-total-de-29-ja-instalados\/"]}]},{"@type":"ImageObject","inLanguage":"pt-PT","@id":"https:\/\/portaltela.pt\/noticias\/2026\/04\/08\/governo-formaliza-mais-quatro-sistemas-de-videovigilancia-total-de-29-ja-instalados\/#primaryimage","url":"https:\/\/portaltela.pt\/s.01k8rhncp4jt1\/2026\/04\/CACHE_780X1200_ANALOG_WATERMARKED_39647520_2690440_14102022081812.jpg","contentUrl":"https:\/\/portaltela.pt\/s.01k8rhncp4jt1\/2026\/04\/CACHE_780X1200_ANALOG_WATERMARKED_39647520_2690440_14102022081812.jpg","width":796,"height":448,"caption":"Governo formaliza mais quatro sistemas de videovigil\u00e2ncia, 25 j\u00e1 instalados no pa\u00eds"},{"@type":"BreadcrumbList","@id":"https:\/\/portaltela.pt\/noticias\/2026\/04\/08\/governo-formaliza-mais-quatro-sistemas-de-videovigilancia-total-de-29-ja-instalados\/#breadcrumb","itemListElement":[{"@type":"ListItem","position":1,"name":"In\u00edcio","item":"https:\/\/portaltela.pt\/"},{"@type":"ListItem","position":2,"name":"Governo formaliza mais quatro sistemas de videovigil\u00e2ncia, total de 29 j\u00e1 instalados"}]},{"@type":"WebSite","@id":"https:\/\/portaltela.pt\/#website","url":"https:\/\/portaltela.pt\/","name":"Portal Tela Portugal","description":"","potentialAction":[{"@type":"SearchAction","target":{"@type":"EntryPoint","urlTemplate":"https:\/\/portaltela.pt\/?s={search_term_string}"},"query-input":{"@type":"PropertyValueSpecification","valueRequired":true,"valueName":"search_term_string"}}],"inLanguage":"pt-PT"},{"@type":"Person","@id":"https:\/\/portaltela.pt\/#\/schema\/person\/c4278d4a6028830caff9ee44b42d32ed","name":"Telinha","image":{"@type":"ImageObject","inLanguage":"pt-PT","@id":"https:\/\/portaltela.pt\/s.01k8rhncp4jt1\/2025\/11\/talking-bot-125x125.png","url":"https:\/\/portaltela.pt\/s.01k8rhncp4jt1\/2025\/11\/talking-bot-125x125.png","contentUrl":"https:\/\/portaltela.pt\/s.01k8rhncp4jt1\/2025\/11\/talking-bot-125x125.png","caption":"Telinha"},"sameAs":["https:\/\/portaltela.pt\/"],"url":"https:\/\/portaltela.pt\/por\/367410592786\/"}]}},"_links":{"self":[{"href":"https:\/\/portaltela.pt\/api\/wp\/v2\/posts\/436664","targetHints":{"allow":["GET"]}}],"collection":[{"href":"https:\/\/portaltela.pt\/api\/wp\/v2\/posts"}],"about":[{"href":"https:\/\/portaltela.pt\/api\/wp\/v2\/types\/post"}],"author":[{"embeddable":true,"href":"https:\/\/portaltela.pt\/api\/wp\/v2\/users\/2"}],"replies":[{"embeddable":true,"href":"https:\/\/portaltela.pt\/api\/wp\/v2\/comments?post=436664"}],"version-history":[{"count":0,"href":"https:\/\/portaltela.pt\/api\/wp\/v2\/posts\/436664\/revisions"}],"wp:featuredmedia":[{"embeddable":true,"href":"https:\/\/portaltela.pt\/api\/wp\/v2\/media\/436669"}],"wp:attachment":[{"href":"https:\/\/portaltela.pt\/api\/wp\/v2\/media?parent=436664"}],"wp:term":[{"taxonomy":"category","embeddable":true,"href":"https:\/\/portaltela.pt\/api\/wp\/v2\/categories?post=436664"},{"taxonomy":"post_tag","embeddable":true,"href":"https:\/\/portaltela.pt\/api\/wp\/v2\/tags?post=436664"}],"curies":[{"name":"wp","href":"https:\/\/api.w.org\/{rel}","templated":true}]}}