{"id":436656,"date":"2026-04-08T10:02:34","date_gmt":"2026-04-08T13:02:34","guid":{"rendered":"https:\/\/portaltela.pt\/noticias\/2026\/04\/08\/aguiar-branco-invoca-lei-travao-para-rejeitar-propostas-de-chega-e-be-sobre-iva\/"},"modified":"2026-04-08T10:02:34","modified_gmt":"2026-04-08T13:02:34","slug":"aguiar-branco-invoca-lei-travao-para-rejeitar-propostas-de-chega-e-be-sobre-iva","status":"publish","type":"post","link":"https:\/\/portaltela.pt\/noticias\/politica\/2026\/04\/08\/aguiar-branco-invoca-lei-travao-para-rejeitar-propostas-de-chega-e-be-sobre-iva\/","title":{"rendered":"Aguiar-Branco invoca lei trav\u00e3o para rejeitar propostas de Chega e BE sobre IVA"},"content":{"rendered":"<p>O presidente da Assembleia da Rep\u00fablica rejeitou a admissibilidade de propostas de altera\u00e7\u00e3o do Chega e do Bloco de Esquerda ao diploma do Governo sobre uma altera\u00e7\u00e3o tempor\u00e1ria do ISP nos combust\u00edveis. A decis\u00e3o foi comunicada num despacho divulgado hoje, ap\u00f3s o Chega ter alegado ter visto a sua proposta bloqueada.<\/p>\n<p>Segundo o despacho, a discuss\u00e3o do diploma do Governo teve hoje agendada em plen\u00e1rio para an\u00e1lise na generalidade, especialidade e vota\u00e7\u00e3o final. O texto visa alterar limites m\u00ednimos do ISP aplic\u00e1veis \u00e0 gasolina sem chumbo e ao gas\u00f3leo de forma tempor\u00e1ria.<\/p>\n<p>O documento justifica a impossibilidade de avan\u00e7ar com altera\u00e7\u00f5es que aumentem despesas ou reduzam receitas no ano econ\u00f3mico em curso, em linha com a chamada lei trav\u00e3o. A norma funciona como limite material ao poder de iniciativa financeira de parlamentares.<\/p>\n<p>No caso do Chega, o despacho indica que a proposta de lei passa a reconfigurar o objeto para uma altera\u00e7\u00e3o estrutural do regime de IVA sobre combust\u00edveis, o que excede os limites admiss\u00edveis de aditamento ou substitui\u00e7\u00e3o. Assim, \u00e9 considerada inadmiss\u00edvel.<\/p>\n<p>O Chega reagiu, acusando o presidente de bloquear a proposta para baixar o IVA dos 23% para 13% at\u00e9 abril de 2027, alegando que o impacto nas contas p\u00fablicas \u00e9 menor do que o sofrimento de fam\u00edlias e empresas.<\/p>\n<p>O partido sustenta que o pre\u00e7o dos combust\u00edveis em Portugal \u00e9 fortemente tributado e que outros pa\u00edses j\u00e1 adotaram medidas de redu\u00e7\u00e3o. O Chega afirma que vai manter a defesa de uma redu\u00e7\u00e3o de impostos que beneficie os cidad\u00e3os.<\/p>\n<p>Quanto ao Bloco de Esquerda, o despacho aponta que usar uma proposta de lei do Governo para reduzir o IVA sobre combust\u00edveis representa um expediente que contorna limita\u00e7\u00f5es constitucionais. A motiva\u00e7\u00e3o \u00e9 apresentada como viola\u00e7\u00e3o do regime de iniciativa parlamentar em mat\u00e9ria financeira.<\/p>\n<p>O documento conclui que a altera\u00e7\u00e3o proposta pelo deputado do BE, Fabian Figueiredo, viola o limite constitucional e regimental, n\u00e3o respeitando os crit\u00e9rios de conex\u00e3o com a iniciativa governamental, sendo assim inadmiss\u00edvel. N\u00e3o h\u00e1 opini\u00e3o expressa no texto.<\/p>\n","protected":false},"excerpt":{"rendered":"<ul>\n<li>O presidente da Assembleia da Rep\u00fablica, Jos\u00e9 Pedro Aguiar-Branco, rejeitou a admissibilidade de propostas do Chega e do Bloco de Esquerda para alterar o IVA sobre combust\u00edveis, por colidirem com a chamada \u201clei trava\u0303o\u201d.<\/li>\n<li>O despacho sustenta que n\u00e3o se pode alterar medidas que, no ano econ\u00f3mico em curso, aumentem despesas ou diminuam receitas do Estado, limitando a iniciativa legislativa financeira.<\/li>\n<li>A proposta do Chega visava reduzir de 23% para 13% o IVA dos combust\u00edveis at\u00e9 abril de 2027, mas foi considerada inadmiss\u00edvel por exceder o \u00e2mbito do diploma sobre o ISP.<\/li>\n<li>O Chega acusou o presidente da Assembleia de \u201cbloquear\u201d a proposta, defendendo que a medida ajudaria fam\u00edlias e empresas, e citou que em Portugal parte do pre\u00e7o dos combust\u00edveis \u00e9 imposto.<\/li>\n<li>A proposta do Bloco de Esquerda foi igualmente considerada inadmiss\u00edvel, por usar a proposta de lei do Governo sobre ISP para reduzir taxas de IVA, o que, segundo o despacho, configura viola\u00e7\u00e3o de limites constitucionais e regimentais.<\/li>\n<\/ul>\n","protected":false},"author":2,"featured_media":436657,"comment_status":"closed","ping_status":"closed","sticky":false,"template":"","format":"standard","meta":{"footnotes":""},"categories":[1,5],"tags":[6115,4057,34,3436,3613,2832],"class_list":["post-436656","post","type-post","status-publish","format-standard","has-post-thumbnail","hentry","category-noticias","category-politica","tag-_economia","tag-constituicao","tag-governo","tag-imposto-sobre-consumo","tag-impostos","tag-politica"],"yoast_head":"<!-- This site is optimized with the Yoast SEO plugin v27.2 - https:\/\/yoast.com\/product\/yoast-seo-wordpress\/ -->\n<title>Aguiar-Branco invoca lei trav\u00e3o para rejeitar propostas de Chega e BE sobre IVA - Portal Tela Portugal<\/title>\n<meta name=\"robots\" content=\"index, follow, max-snippet:-1, max-image-preview:large, max-video-preview:-1\" \/>\n<meta property=\"og:locale\" content=\"pt_PT\" \/>\n<meta property=\"og:type\" content=\"article\" \/>\n<meta property=\"og:title\" content=\"Aguiar-Branco invoca lei trav\u00e3o para rejeitar propostas de Chega e BE sobre IVA - Portal Tela Portugal\" \/>\n<meta property=\"og:description\" content=\"O presidente da Assembleia da Rep\u00fablica, Jos\u00e9 Pedro Aguiar-Branco, rejeitou a admissibilidade de propostas do Chega e do Bloco de Esquerda para alterar o IVA sobre combust\u00edveis, por colidirem com a chamada \u201clei trava\u0303o\u201d. O despacho sustenta que n\u00e3o se pode alterar medidas que, no ano econ\u00f3mico em curso, aumentem despesas ou diminuam receitas do Estado, limitando a iniciativa legislativa financeira. A proposta do Chega visava reduzir de 23% para 13% o IVA dos combust\u00edveis at\u00e9 abril de 2027, mas foi considerada inadmiss\u00edvel por exceder o \u00e2mbito do diploma sobre o ISP. O Chega acusou o presidente da Assembleia de \u201cbloquear\u201d a proposta, defendendo que a medida ajudaria fam\u00edlias e empresas, e citou que em Portugal parte do pre\u00e7o dos combust\u00edveis \u00e9 imposto. A proposta do Bloco de Esquerda foi igualmente considerada inadmiss\u00edvel, por usar a proposta de lei do Governo sobre ISP para reduzir taxas de IVA, o que, segundo o despacho, configura viola\u00e7\u00e3o de limites constitucionais e regimentais.\" \/>\n<meta property=\"og:url\" content=\"https:\/\/portaltela.pt\/noticias\/2026\/04\/08\/aguiar-branco-invoca-lei-travao-para-rejeitar-propostas-de-chega-e-be-sobre-iva\/\" \/>\n<meta property=\"og:site_name\" content=\"Portal Tela Portugal\" \/>\n<meta property=\"article:published_time\" content=\"2026-04-08T13:02:34+00:00\" \/>\n<meta name=\"author\" content=\"Telinha\" \/>\n<meta name=\"twitter:card\" content=\"summary_large_image\" \/>\n<meta name=\"twitter:label1\" content=\"Escrito por\" \/>\n\t<meta name=\"twitter:data1\" content=\"Telinha\" \/>\n\t<meta name=\"twitter:label2\" content=\"Tempo estimado de leitura\" \/>\n\t<meta name=\"twitter:data2\" content=\"2 minutos\" \/>\n<script type=\"application\/ld+json\" class=\"yoast-schema-graph\">{\"@context\":\"https:\/\/schema.org\",\"@graph\":[{\"@type\":\"Article\",\"@id\":\"https:\/\/portaltela.pt\/noticias\/2026\/04\/08\/aguiar-branco-invoca-lei-travao-para-rejeitar-propostas-de-chega-e-be-sobre-iva\/#article\",\"isPartOf\":{\"@id\":\"https:\/\/portaltela.pt\/noticias\/2026\/04\/08\/aguiar-branco-invoca-lei-travao-para-rejeitar-propostas-de-chega-e-be-sobre-iva\/\"},\"author\":{\"name\":\"Telinha\",\"@id\":\"https:\/\/portaltela.pt\/#\/schema\/person\/c4278d4a6028830caff9ee44b42d32ed\"},\"headline\":\"Aguiar-Branco invoca lei trav\u00e3o para rejeitar propostas de Chega e BE sobre IVA\",\"datePublished\":\"2026-04-08T13:02:34+00:00\",\"mainEntityOfPage\":{\"@id\":\"https:\/\/portaltela.pt\/noticias\/2026\/04\/08\/aguiar-branco-invoca-lei-travao-para-rejeitar-propostas-de-chega-e-be-sobre-iva\/\"},\"wordCount\":382,\"image\":{\"@id\":\"https:\/\/portaltela.pt\/noticias\/2026\/04\/08\/aguiar-branco-invoca-lei-travao-para-rejeitar-propostas-de-chega-e-be-sobre-iva\/#primaryimage\"},\"thumbnailUrl\":\"https:\/\/portaltela.pt\/s.01k8rhncp4jt1\/2026\/04\/image-445.jpg\",\"keywords\":[\"_economia\",\"constitui\u00e7\u00e3o\",\"governo\",\"imposto sobre consumo\",\"impostos\",\"pol\u00edtica\"],\"articleSection\":[\"Not\u00edcias\",\"Pol\u00edtica\"],\"inLanguage\":\"pt-PT\"},{\"@type\":\"WebPage\",\"@id\":\"https:\/\/portaltela.pt\/noticias\/2026\/04\/08\/aguiar-branco-invoca-lei-travao-para-rejeitar-propostas-de-chega-e-be-sobre-iva\/\",\"url\":\"https:\/\/portaltela.pt\/noticias\/2026\/04\/08\/aguiar-branco-invoca-lei-travao-para-rejeitar-propostas-de-chega-e-be-sobre-iva\/\",\"name\":\"Aguiar-Branco invoca lei trav\u00e3o para rejeitar propostas de Chega e BE sobre IVA - Portal Tela Portugal\",\"isPartOf\":{\"@id\":\"https:\/\/portaltela.pt\/#website\"},\"primaryImageOfPage\":{\"@id\":\"https:\/\/portaltela.pt\/noticias\/2026\/04\/08\/aguiar-branco-invoca-lei-travao-para-rejeitar-propostas-de-chega-e-be-sobre-iva\/#primaryimage\"},\"image\":{\"@id\":\"https:\/\/portaltela.pt\/noticias\/2026\/04\/08\/aguiar-branco-invoca-lei-travao-para-rejeitar-propostas-de-chega-e-be-sobre-iva\/#primaryimage\"},\"thumbnailUrl\":\"https:\/\/portaltela.pt\/s.01k8rhncp4jt1\/2026\/04\/image-445.jpg\",\"datePublished\":\"2026-04-08T13:02:34+00:00\",\"author\":{\"@id\":\"https:\/\/portaltela.pt\/#\/schema\/person\/c4278d4a6028830caff9ee44b42d32ed\"},\"breadcrumb\":{\"@id\":\"https:\/\/portaltela.pt\/noticias\/2026\/04\/08\/aguiar-branco-invoca-lei-travao-para-rejeitar-propostas-de-chega-e-be-sobre-iva\/#breadcrumb\"},\"inLanguage\":\"pt-PT\",\"potentialAction\":[{\"@type\":\"ReadAction\",\"target\":[\"https:\/\/portaltela.pt\/noticias\/2026\/04\/08\/aguiar-branco-invoca-lei-travao-para-rejeitar-propostas-de-chega-e-be-sobre-iva\/\"]}]},{\"@type\":\"ImageObject\",\"inLanguage\":\"pt-PT\",\"@id\":\"https:\/\/portaltela.pt\/noticias\/2026\/04\/08\/aguiar-branco-invoca-lei-travao-para-rejeitar-propostas-de-chega-e-be-sobre-iva\/#primaryimage\",\"url\":\"https:\/\/portaltela.pt\/s.01k8rhncp4jt1\/2026\/04\/image-445.jpg\",\"contentUrl\":\"https:\/\/portaltela.pt\/s.01k8rhncp4jt1\/2026\/04\/image-445.jpg\",\"width\":796,\"height\":448,\"caption\":\"O presidente da Assembleia da Rep\u00fablica, Jos\u00e9 Pedro Aguiar-Branco\"},{\"@type\":\"BreadcrumbList\",\"@id\":\"https:\/\/portaltela.pt\/noticias\/2026\/04\/08\/aguiar-branco-invoca-lei-travao-para-rejeitar-propostas-de-chega-e-be-sobre-iva\/#breadcrumb\",\"itemListElement\":[{\"@type\":\"ListItem\",\"position\":1,\"name\":\"In\u00edcio\",\"item\":\"https:\/\/portaltela.pt\/\"},{\"@type\":\"ListItem\",\"position\":2,\"name\":\"Aguiar-Branco invoca lei trav\u00e3o para rejeitar propostas de Chega e BE sobre IVA\"}]},{\"@type\":\"WebSite\",\"@id\":\"https:\/\/portaltela.pt\/#website\",\"url\":\"https:\/\/portaltela.pt\/\",\"name\":\"Portal Tela Portugal\",\"description\":\"\",\"potentialAction\":[{\"@type\":\"SearchAction\",\"target\":{\"@type\":\"EntryPoint\",\"urlTemplate\":\"https:\/\/portaltela.pt\/?s={search_term_string}\"},\"query-input\":{\"@type\":\"PropertyValueSpecification\",\"valueRequired\":true,\"valueName\":\"search_term_string\"}}],\"inLanguage\":\"pt-PT\"},{\"@type\":\"Person\",\"@id\":\"https:\/\/portaltela.pt\/#\/schema\/person\/c4278d4a6028830caff9ee44b42d32ed\",\"name\":\"Telinha\",\"image\":{\"@type\":\"ImageObject\",\"inLanguage\":\"pt-PT\",\"@id\":\"https:\/\/portaltela.pt\/s.01k8rhncp4jt1\/2025\/11\/talking-bot-125x125.png\",\"url\":\"https:\/\/portaltela.pt\/s.01k8rhncp4jt1\/2025\/11\/talking-bot-125x125.png\",\"contentUrl\":\"https:\/\/portaltela.pt\/s.01k8rhncp4jt1\/2025\/11\/talking-bot-125x125.png\",\"caption\":\"Telinha\"},\"sameAs\":[\"https:\/\/portaltela.pt\/\"],\"url\":\"https:\/\/portaltela.pt\/por\/367410592786\/\"}]}<\/script>\n<!-- \/ Yoast SEO plugin. -->","yoast_head_json":{"title":"Aguiar-Branco invoca lei trav\u00e3o para rejeitar propostas de Chega e BE sobre IVA - Portal Tela Portugal","robots":{"index":"index","follow":"follow","max-snippet":"max-snippet:-1","max-image-preview":"max-image-preview:large","max-video-preview":"max-video-preview:-1"},"og_locale":"pt_PT","og_type":"article","og_title":"Aguiar-Branco invoca lei trav\u00e3o para rejeitar propostas de Chega e BE sobre IVA - Portal Tela Portugal","og_description":"O presidente da Assembleia da Rep\u00fablica, Jos\u00e9 Pedro Aguiar-Branco, rejeitou a admissibilidade de propostas do Chega e do Bloco de Esquerda para alterar o IVA sobre combust\u00edveis, por colidirem com a chamada \u201clei trava\u0303o\u201d. O despacho sustenta que n\u00e3o se pode alterar medidas que, no ano econ\u00f3mico em curso, aumentem despesas ou diminuam receitas do Estado, limitando a iniciativa legislativa financeira. A proposta do Chega visava reduzir de 23% para 13% o IVA dos combust\u00edveis at\u00e9 abril de 2027, mas foi considerada inadmiss\u00edvel por exceder o \u00e2mbito do diploma sobre o ISP. O Chega acusou o presidente da Assembleia de \u201cbloquear\u201d a proposta, defendendo que a medida ajudaria fam\u00edlias e empresas, e citou que em Portugal parte do pre\u00e7o dos combust\u00edveis \u00e9 imposto. A proposta do Bloco de Esquerda foi igualmente considerada inadmiss\u00edvel, por usar a proposta de lei do Governo sobre ISP para reduzir taxas de IVA, o que, segundo o despacho, configura viola\u00e7\u00e3o de limites constitucionais e regimentais.","og_url":"https:\/\/portaltela.pt\/noticias\/2026\/04\/08\/aguiar-branco-invoca-lei-travao-para-rejeitar-propostas-de-chega-e-be-sobre-iva\/","og_site_name":"Portal Tela Portugal","article_published_time":"2026-04-08T13:02:34+00:00","author":"Telinha","twitter_card":"summary_large_image","twitter_misc":{"Escrito por":"Telinha","Tempo estimado de leitura":"2 minutos"},"schema":{"@context":"https:\/\/schema.org","@graph":[{"@type":"Article","@id":"https:\/\/portaltela.pt\/noticias\/2026\/04\/08\/aguiar-branco-invoca-lei-travao-para-rejeitar-propostas-de-chega-e-be-sobre-iva\/#article","isPartOf":{"@id":"https:\/\/portaltela.pt\/noticias\/2026\/04\/08\/aguiar-branco-invoca-lei-travao-para-rejeitar-propostas-de-chega-e-be-sobre-iva\/"},"author":{"name":"Telinha","@id":"https:\/\/portaltela.pt\/#\/schema\/person\/c4278d4a6028830caff9ee44b42d32ed"},"headline":"Aguiar-Branco invoca lei trav\u00e3o para rejeitar propostas de Chega e BE sobre IVA","datePublished":"2026-04-08T13:02:34+00:00","mainEntityOfPage":{"@id":"https:\/\/portaltela.pt\/noticias\/2026\/04\/08\/aguiar-branco-invoca-lei-travao-para-rejeitar-propostas-de-chega-e-be-sobre-iva\/"},"wordCount":382,"image":{"@id":"https:\/\/portaltela.pt\/noticias\/2026\/04\/08\/aguiar-branco-invoca-lei-travao-para-rejeitar-propostas-de-chega-e-be-sobre-iva\/#primaryimage"},"thumbnailUrl":"https:\/\/portaltela.pt\/s.01k8rhncp4jt1\/2026\/04\/image-445.jpg","keywords":["_economia","constitui\u00e7\u00e3o","governo","imposto sobre consumo","impostos","pol\u00edtica"],"articleSection":["Not\u00edcias","Pol\u00edtica"],"inLanguage":"pt-PT"},{"@type":"WebPage","@id":"https:\/\/portaltela.pt\/noticias\/2026\/04\/08\/aguiar-branco-invoca-lei-travao-para-rejeitar-propostas-de-chega-e-be-sobre-iva\/","url":"https:\/\/portaltela.pt\/noticias\/2026\/04\/08\/aguiar-branco-invoca-lei-travao-para-rejeitar-propostas-de-chega-e-be-sobre-iva\/","name":"Aguiar-Branco invoca lei trav\u00e3o para rejeitar propostas de Chega e BE sobre IVA - Portal Tela Portugal","isPartOf":{"@id":"https:\/\/portaltela.pt\/#website"},"primaryImageOfPage":{"@id":"https:\/\/portaltela.pt\/noticias\/2026\/04\/08\/aguiar-branco-invoca-lei-travao-para-rejeitar-propostas-de-chega-e-be-sobre-iva\/#primaryimage"},"image":{"@id":"https:\/\/portaltela.pt\/noticias\/2026\/04\/08\/aguiar-branco-invoca-lei-travao-para-rejeitar-propostas-de-chega-e-be-sobre-iva\/#primaryimage"},"thumbnailUrl":"https:\/\/portaltela.pt\/s.01k8rhncp4jt1\/2026\/04\/image-445.jpg","datePublished":"2026-04-08T13:02:34+00:00","author":{"@id":"https:\/\/portaltela.pt\/#\/schema\/person\/c4278d4a6028830caff9ee44b42d32ed"},"breadcrumb":{"@id":"https:\/\/portaltela.pt\/noticias\/2026\/04\/08\/aguiar-branco-invoca-lei-travao-para-rejeitar-propostas-de-chega-e-be-sobre-iva\/#breadcrumb"},"inLanguage":"pt-PT","potentialAction":[{"@type":"ReadAction","target":["https:\/\/portaltela.pt\/noticias\/2026\/04\/08\/aguiar-branco-invoca-lei-travao-para-rejeitar-propostas-de-chega-e-be-sobre-iva\/"]}]},{"@type":"ImageObject","inLanguage":"pt-PT","@id":"https:\/\/portaltela.pt\/noticias\/2026\/04\/08\/aguiar-branco-invoca-lei-travao-para-rejeitar-propostas-de-chega-e-be-sobre-iva\/#primaryimage","url":"https:\/\/portaltela.pt\/s.01k8rhncp4jt1\/2026\/04\/image-445.jpg","contentUrl":"https:\/\/portaltela.pt\/s.01k8rhncp4jt1\/2026\/04\/image-445.jpg","width":796,"height":448,"caption":"O presidente da Assembleia da Rep\u00fablica, Jos\u00e9 Pedro Aguiar-Branco"},{"@type":"BreadcrumbList","@id":"https:\/\/portaltela.pt\/noticias\/2026\/04\/08\/aguiar-branco-invoca-lei-travao-para-rejeitar-propostas-de-chega-e-be-sobre-iva\/#breadcrumb","itemListElement":[{"@type":"ListItem","position":1,"name":"In\u00edcio","item":"https:\/\/portaltela.pt\/"},{"@type":"ListItem","position":2,"name":"Aguiar-Branco invoca lei trav\u00e3o para rejeitar propostas de Chega e BE sobre IVA"}]},{"@type":"WebSite","@id":"https:\/\/portaltela.pt\/#website","url":"https:\/\/portaltela.pt\/","name":"Portal Tela Portugal","description":"","potentialAction":[{"@type":"SearchAction","target":{"@type":"EntryPoint","urlTemplate":"https:\/\/portaltela.pt\/?s={search_term_string}"},"query-input":{"@type":"PropertyValueSpecification","valueRequired":true,"valueName":"search_term_string"}}],"inLanguage":"pt-PT"},{"@type":"Person","@id":"https:\/\/portaltela.pt\/#\/schema\/person\/c4278d4a6028830caff9ee44b42d32ed","name":"Telinha","image":{"@type":"ImageObject","inLanguage":"pt-PT","@id":"https:\/\/portaltela.pt\/s.01k8rhncp4jt1\/2025\/11\/talking-bot-125x125.png","url":"https:\/\/portaltela.pt\/s.01k8rhncp4jt1\/2025\/11\/talking-bot-125x125.png","contentUrl":"https:\/\/portaltela.pt\/s.01k8rhncp4jt1\/2025\/11\/talking-bot-125x125.png","caption":"Telinha"},"sameAs":["https:\/\/portaltela.pt\/"],"url":"https:\/\/portaltela.pt\/por\/367410592786\/"}]}},"_links":{"self":[{"href":"https:\/\/portaltela.pt\/api\/wp\/v2\/posts\/436656","targetHints":{"allow":["GET"]}}],"collection":[{"href":"https:\/\/portaltela.pt\/api\/wp\/v2\/posts"}],"about":[{"href":"https:\/\/portaltela.pt\/api\/wp\/v2\/types\/post"}],"author":[{"embeddable":true,"href":"https:\/\/portaltela.pt\/api\/wp\/v2\/users\/2"}],"replies":[{"embeddable":true,"href":"https:\/\/portaltela.pt\/api\/wp\/v2\/comments?post=436656"}],"version-history":[{"count":0,"href":"https:\/\/portaltela.pt\/api\/wp\/v2\/posts\/436656\/revisions"}],"wp:featuredmedia":[{"embeddable":true,"href":"https:\/\/portaltela.pt\/api\/wp\/v2\/media\/436657"}],"wp:attachment":[{"href":"https:\/\/portaltela.pt\/api\/wp\/v2\/media?parent=436656"}],"wp:term":[{"taxonomy":"category","embeddable":true,"href":"https:\/\/portaltela.pt\/api\/wp\/v2\/categories?post=436656"},{"taxonomy":"post_tag","embeddable":true,"href":"https:\/\/portaltela.pt\/api\/wp\/v2\/tags?post=436656"}],"curies":[{"name":"wp","href":"https:\/\/api.w.org\/{rel}","templated":true}]}}