{"id":436638,"date":"2026-04-08T07:13:00","date_gmt":"2026-04-08T10:13:00","guid":{"rendered":"https:\/\/portaltela.pt\/noticias\/2026\/04\/08\/onu-prepara-mecanismo-para-assegurar-seguranca-no-estreito-de-ormuz\/"},"modified":"2026-04-08T07:13:00","modified_gmt":"2026-04-08T10:13:00","slug":"onu-prepara-mecanismo-para-assegurar-seguranca-no-estreito-de-ormuz","status":"publish","type":"post","link":"https:\/\/portaltela.pt\/noticias\/internacional\/2026\/04\/08\/onu-prepara-mecanismo-para-assegurar-seguranca-no-estreito-de-ormuz\/","title":{"rendered":"ONU prepara mecanismo para assegurar seguran\u00e7a no Estreito de Ormuz"},"content":{"rendered":"<p>A Organiza\u00e7\u00e3o Mar\u00edtima Internacional (OMI), ag\u00eancia da ONU respons\u00e1vel pela seguran\u00e7a mar\u00edtima, anunciou hoje que est\u00e1 a desenvolver um mecanismo para assegurar a seguran\u00e7a no estreito de Ormuz, passagem estrat\u00e9gica entre o Golfo P\u00e9rsico e o Mar da Ar\u00e1bia que tem estado praticamente paralisada desde o in\u00edcio do conflito na regi\u00e3o.<\/p>\n<p>O objetivo \u00e9 facilitar a navega\u00e7\u00e3o comercial e reduzir riscos, atrav\u00e9s de uma coordena\u00e7\u00e3o entre estados costeiros, operadores de navios e autoridades de vigil\u00e2ncia e apoio log\u00edstico.<\/p>\n<p>A iniciativa envolve a OMI e outras entidades internacionais, bem como governos da regi\u00e3o, que avaliam medidas de monitoriza\u00e7\u00e3o, comunica\u00e7\u00e3o e resposta a incidentes para garantir a fluidez das opera\u00e7\u00f5es no estreito.<\/p>\n<p>A not\u00edcia surge numa altura em que a comunidade mar\u00edtima acompanha o desfecho do conflito regional e o impacto nas rotas comerciais globais, com maior aten\u00e7\u00e3o ao tr\u00e1fego no Golfo e \u00e0s potenciais tens\u00f5es entre pa\u00edses vizinhos.<\/p>\n","protected":false},"excerpt":{"rendered":"<ul>\n<li>A Organiza\u00e7\u00e3o Mar\u00edtima Internacional (OMI) est\u00e1 a trabalhar num mecanismo para garantir a seguran\u00e7a no estreito de Ormuz.<\/li>\n<li>A passagem pelo estreito tem estado praticamente paralisada desde o in\u00edcio da guerra no M\u00e9dio Oriente.<\/li>\n<li>A OMI \u00e9 a ag\u00eancia da ONU respons\u00e1vel pela seguran\u00e7a mar\u00edtima.<\/li>\n<li>O objetivo \u00e9 assegurar a navega\u00e7\u00e3o e reduzir riscos para navios na zona.<\/li>\n<li>Conte\u00fado completo da not\u00edcia est\u00e1 dispon\u00edvel apenas para subscritores.<\/li>\n<\/ul>\n","protected":false},"author":2,"featured_media":436639,"comment_status":"closed","ping_status":"closed","sticky":false,"template":"","format":"standard","meta":{"footnotes":""},"categories":[6814,4],"tags":[3368,4298,5123,2023,4536,6183],"class_list":["post-436638","post","type-post","status-publish","format-standard","has-post-thumbnail","hentry","category-geopolitica","category-internacional","tag-comercio-internacional","tag-marinha","tag-onu","tag-organizacoes-internacionais","tag-seguranca","tag-transporte-maritimo"],"yoast_head":"<!-- This site is optimized with the Yoast SEO plugin v27.2 - https:\/\/yoast.com\/product\/yoast-seo-wordpress\/ -->\n<title>ONU prepara mecanismo para assegurar seguran\u00e7a no Estreito de Ormuz - Portal Tela Portugal<\/title>\n<meta name=\"robots\" content=\"index, follow, max-snippet:-1, max-image-preview:large, max-video-preview:-1\" \/>\n<meta property=\"og:locale\" content=\"pt_PT\" \/>\n<meta property=\"og:type\" content=\"article\" \/>\n<meta property=\"og:title\" content=\"ONU prepara mecanismo para assegurar seguran\u00e7a no Estreito de Ormuz - Portal Tela Portugal\" \/>\n<meta property=\"og:description\" content=\"A Organiza\u00e7\u00e3o Mar\u00edtima Internacional (OMI) est\u00e1 a trabalhar num mecanismo para garantir a seguran\u00e7a no estreito de Ormuz. A passagem pelo estreito tem estado praticamente paralisada desde o in\u00edcio da guerra no M\u00e9dio Oriente. A OMI \u00e9 a ag\u00eancia da ONU respons\u00e1vel pela seguran\u00e7a mar\u00edtima. O objetivo \u00e9 assegurar a navega\u00e7\u00e3o e reduzir riscos para navios na zona. Conte\u00fado completo da not\u00edcia est\u00e1 dispon\u00edvel apenas para subscritores.\" \/>\n<meta property=\"og:url\" content=\"https:\/\/portaltela.pt\/noticias\/2026\/04\/08\/onu-prepara-mecanismo-para-assegurar-seguranca-no-estreito-de-ormuz\/\" \/>\n<meta property=\"og:site_name\" content=\"Portal Tela Portugal\" \/>\n<meta property=\"article:published_time\" content=\"2026-04-08T10:13:00+00:00\" \/>\n<meta name=\"author\" content=\"Telinha\" \/>\n<meta name=\"twitter:card\" content=\"summary_large_image\" \/>\n<meta name=\"twitter:label1\" content=\"Escrito por\" \/>\n\t<meta name=\"twitter:data1\" content=\"Telinha\" \/>\n\t<meta name=\"twitter:label2\" content=\"Tempo estimado de leitura\" \/>\n\t<meta name=\"twitter:data2\" content=\"1 minuto\" \/>\n<script type=\"application\/ld+json\" class=\"yoast-schema-graph\">{\"@context\":\"https:\/\/schema.org\",\"@graph\":[{\"@type\":\"Article\",\"@id\":\"https:\/\/portaltela.pt\/noticias\/2026\/04\/08\/onu-prepara-mecanismo-para-assegurar-seguranca-no-estreito-de-ormuz\/#article\",\"isPartOf\":{\"@id\":\"https:\/\/portaltela.pt\/noticias\/2026\/04\/08\/onu-prepara-mecanismo-para-assegurar-seguranca-no-estreito-de-ormuz\/\"},\"author\":{\"name\":\"Telinha\",\"@id\":\"https:\/\/portaltela.pt\/#\/schema\/person\/c4278d4a6028830caff9ee44b42d32ed\"},\"headline\":\"ONU prepara mecanismo para assegurar seguran\u00e7a no Estreito de Ormuz\",\"datePublished\":\"2026-04-08T10:13:00+00:00\",\"mainEntityOfPage\":{\"@id\":\"https:\/\/portaltela.pt\/noticias\/2026\/04\/08\/onu-prepara-mecanismo-para-assegurar-seguranca-no-estreito-de-ormuz\/\"},\"wordCount\":184,\"image\":{\"@id\":\"https:\/\/portaltela.pt\/noticias\/2026\/04\/08\/onu-prepara-mecanismo-para-assegurar-seguranca-no-estreito-de-ormuz\/#primaryimage\"},\"thumbnailUrl\":\"https:\/\/portaltela.pt\/s.01k8rhncp4jt1\/2026\/04\/CACHE_780X1200_ANALOG_WATERMARKED_46584682_6971012359373.jpg\",\"keywords\":[\"com\u00e9rcio internacional\",\"Marinha\",\"ONU\",\"organiza\u00e7\u00f5es internacionais\",\"seguran\u00e7a\",\"transporte mar\u00edtimo\"],\"articleSection\":[\"Geopol\u00edtica\",\"Internacional\"],\"inLanguage\":\"pt-PT\"},{\"@type\":\"WebPage\",\"@id\":\"https:\/\/portaltela.pt\/noticias\/2026\/04\/08\/onu-prepara-mecanismo-para-assegurar-seguranca-no-estreito-de-ormuz\/\",\"url\":\"https:\/\/portaltela.pt\/noticias\/2026\/04\/08\/onu-prepara-mecanismo-para-assegurar-seguranca-no-estreito-de-ormuz\/\",\"name\":\"ONU prepara mecanismo para assegurar seguran\u00e7a no Estreito de Ormuz - Portal Tela Portugal\",\"isPartOf\":{\"@id\":\"https:\/\/portaltela.pt\/#website\"},\"primaryImageOfPage\":{\"@id\":\"https:\/\/portaltela.pt\/noticias\/2026\/04\/08\/onu-prepara-mecanismo-para-assegurar-seguranca-no-estreito-de-ormuz\/#primaryimage\"},\"image\":{\"@id\":\"https:\/\/portaltela.pt\/noticias\/2026\/04\/08\/onu-prepara-mecanismo-para-assegurar-seguranca-no-estreito-de-ormuz\/#primaryimage\"},\"thumbnailUrl\":\"https:\/\/portaltela.pt\/s.01k8rhncp4jt1\/2026\/04\/CACHE_780X1200_ANALOG_WATERMARKED_46584682_6971012359373.jpg\",\"datePublished\":\"2026-04-08T10:13:00+00:00\",\"author\":{\"@id\":\"https:\/\/portaltela.pt\/#\/schema\/person\/c4278d4a6028830caff9ee44b42d32ed\"},\"breadcrumb\":{\"@id\":\"https:\/\/portaltela.pt\/noticias\/2026\/04\/08\/onu-prepara-mecanismo-para-assegurar-seguranca-no-estreito-de-ormuz\/#breadcrumb\"},\"inLanguage\":\"pt-PT\",\"potentialAction\":[{\"@type\":\"ReadAction\",\"target\":[\"https:\/\/portaltela.pt\/noticias\/2026\/04\/08\/onu-prepara-mecanismo-para-assegurar-seguranca-no-estreito-de-ormuz\/\"]}]},{\"@type\":\"ImageObject\",\"inLanguage\":\"pt-PT\",\"@id\":\"https:\/\/portaltela.pt\/noticias\/2026\/04\/08\/onu-prepara-mecanismo-para-assegurar-seguranca-no-estreito-de-ormuz\/#primaryimage\",\"url\":\"https:\/\/portaltela.pt\/s.01k8rhncp4jt1\/2026\/04\/CACHE_780X1200_ANALOG_WATERMARKED_46584682_6971012359373.jpg\",\"contentUrl\":\"https:\/\/portaltela.pt\/s.01k8rhncp4jt1\/2026\/04\/CACHE_780X1200_ANALOG_WATERMARKED_46584682_6971012359373.jpg\",\"width\":768,\"height\":432,\"caption\":\"Ag\u00eancia mar\u00edtima da ONU prepara mecanismo para garantir seguran\u00e7a no estreito de Ormuz\"},{\"@type\":\"BreadcrumbList\",\"@id\":\"https:\/\/portaltela.pt\/noticias\/2026\/04\/08\/onu-prepara-mecanismo-para-assegurar-seguranca-no-estreito-de-ormuz\/#breadcrumb\",\"itemListElement\":[{\"@type\":\"ListItem\",\"position\":1,\"name\":\"In\u00edcio\",\"item\":\"https:\/\/portaltela.pt\/\"},{\"@type\":\"ListItem\",\"position\":2,\"name\":\"ONU prepara mecanismo para assegurar seguran\u00e7a no Estreito de Ormuz\"}]},{\"@type\":\"WebSite\",\"@id\":\"https:\/\/portaltela.pt\/#website\",\"url\":\"https:\/\/portaltela.pt\/\",\"name\":\"Portal Tela Portugal\",\"description\":\"\",\"potentialAction\":[{\"@type\":\"SearchAction\",\"target\":{\"@type\":\"EntryPoint\",\"urlTemplate\":\"https:\/\/portaltela.pt\/?s={search_term_string}\"},\"query-input\":{\"@type\":\"PropertyValueSpecification\",\"valueRequired\":true,\"valueName\":\"search_term_string\"}}],\"inLanguage\":\"pt-PT\"},{\"@type\":\"Person\",\"@id\":\"https:\/\/portaltela.pt\/#\/schema\/person\/c4278d4a6028830caff9ee44b42d32ed\",\"name\":\"Telinha\",\"image\":{\"@type\":\"ImageObject\",\"inLanguage\":\"pt-PT\",\"@id\":\"https:\/\/portaltela.pt\/s.01k8rhncp4jt1\/2025\/11\/talking-bot-125x125.png\",\"url\":\"https:\/\/portaltela.pt\/s.01k8rhncp4jt1\/2025\/11\/talking-bot-125x125.png\",\"contentUrl\":\"https:\/\/portaltela.pt\/s.01k8rhncp4jt1\/2025\/11\/talking-bot-125x125.png\",\"caption\":\"Telinha\"},\"sameAs\":[\"https:\/\/portaltela.pt\/\"],\"url\":\"https:\/\/portaltela.pt\/por\/367410592786\/\"}]}<\/script>\n<!-- \/ Yoast SEO plugin. -->","yoast_head_json":{"title":"ONU prepara mecanismo para assegurar seguran\u00e7a no Estreito de Ormuz - Portal Tela Portugal","robots":{"index":"index","follow":"follow","max-snippet":"max-snippet:-1","max-image-preview":"max-image-preview:large","max-video-preview":"max-video-preview:-1"},"og_locale":"pt_PT","og_type":"article","og_title":"ONU prepara mecanismo para assegurar seguran\u00e7a no Estreito de Ormuz - Portal Tela Portugal","og_description":"A Organiza\u00e7\u00e3o Mar\u00edtima Internacional (OMI) est\u00e1 a trabalhar num mecanismo para garantir a seguran\u00e7a no estreito de Ormuz. A passagem pelo estreito tem estado praticamente paralisada desde o in\u00edcio da guerra no M\u00e9dio Oriente. A OMI \u00e9 a ag\u00eancia da ONU respons\u00e1vel pela seguran\u00e7a mar\u00edtima. O objetivo \u00e9 assegurar a navega\u00e7\u00e3o e reduzir riscos para navios na zona. Conte\u00fado completo da not\u00edcia est\u00e1 dispon\u00edvel apenas para subscritores.","og_url":"https:\/\/portaltela.pt\/noticias\/2026\/04\/08\/onu-prepara-mecanismo-para-assegurar-seguranca-no-estreito-de-ormuz\/","og_site_name":"Portal Tela Portugal","article_published_time":"2026-04-08T10:13:00+00:00","author":"Telinha","twitter_card":"summary_large_image","twitter_misc":{"Escrito por":"Telinha","Tempo estimado de leitura":"1 minuto"},"schema":{"@context":"https:\/\/schema.org","@graph":[{"@type":"Article","@id":"https:\/\/portaltela.pt\/noticias\/2026\/04\/08\/onu-prepara-mecanismo-para-assegurar-seguranca-no-estreito-de-ormuz\/#article","isPartOf":{"@id":"https:\/\/portaltela.pt\/noticias\/2026\/04\/08\/onu-prepara-mecanismo-para-assegurar-seguranca-no-estreito-de-ormuz\/"},"author":{"name":"Telinha","@id":"https:\/\/portaltela.pt\/#\/schema\/person\/c4278d4a6028830caff9ee44b42d32ed"},"headline":"ONU prepara mecanismo para assegurar seguran\u00e7a no Estreito de Ormuz","datePublished":"2026-04-08T10:13:00+00:00","mainEntityOfPage":{"@id":"https:\/\/portaltela.pt\/noticias\/2026\/04\/08\/onu-prepara-mecanismo-para-assegurar-seguranca-no-estreito-de-ormuz\/"},"wordCount":184,"image":{"@id":"https:\/\/portaltela.pt\/noticias\/2026\/04\/08\/onu-prepara-mecanismo-para-assegurar-seguranca-no-estreito-de-ormuz\/#primaryimage"},"thumbnailUrl":"https:\/\/portaltela.pt\/s.01k8rhncp4jt1\/2026\/04\/CACHE_780X1200_ANALOG_WATERMARKED_46584682_6971012359373.jpg","keywords":["com\u00e9rcio internacional","Marinha","ONU","organiza\u00e7\u00f5es internacionais","seguran\u00e7a","transporte mar\u00edtimo"],"articleSection":["Geopol\u00edtica","Internacional"],"inLanguage":"pt-PT"},{"@type":"WebPage","@id":"https:\/\/portaltela.pt\/noticias\/2026\/04\/08\/onu-prepara-mecanismo-para-assegurar-seguranca-no-estreito-de-ormuz\/","url":"https:\/\/portaltela.pt\/noticias\/2026\/04\/08\/onu-prepara-mecanismo-para-assegurar-seguranca-no-estreito-de-ormuz\/","name":"ONU prepara mecanismo para assegurar seguran\u00e7a no Estreito de Ormuz - Portal Tela Portugal","isPartOf":{"@id":"https:\/\/portaltela.pt\/#website"},"primaryImageOfPage":{"@id":"https:\/\/portaltela.pt\/noticias\/2026\/04\/08\/onu-prepara-mecanismo-para-assegurar-seguranca-no-estreito-de-ormuz\/#primaryimage"},"image":{"@id":"https:\/\/portaltela.pt\/noticias\/2026\/04\/08\/onu-prepara-mecanismo-para-assegurar-seguranca-no-estreito-de-ormuz\/#primaryimage"},"thumbnailUrl":"https:\/\/portaltela.pt\/s.01k8rhncp4jt1\/2026\/04\/CACHE_780X1200_ANALOG_WATERMARKED_46584682_6971012359373.jpg","datePublished":"2026-04-08T10:13:00+00:00","author":{"@id":"https:\/\/portaltela.pt\/#\/schema\/person\/c4278d4a6028830caff9ee44b42d32ed"},"breadcrumb":{"@id":"https:\/\/portaltela.pt\/noticias\/2026\/04\/08\/onu-prepara-mecanismo-para-assegurar-seguranca-no-estreito-de-ormuz\/#breadcrumb"},"inLanguage":"pt-PT","potentialAction":[{"@type":"ReadAction","target":["https:\/\/portaltela.pt\/noticias\/2026\/04\/08\/onu-prepara-mecanismo-para-assegurar-seguranca-no-estreito-de-ormuz\/"]}]},{"@type":"ImageObject","inLanguage":"pt-PT","@id":"https:\/\/portaltela.pt\/noticias\/2026\/04\/08\/onu-prepara-mecanismo-para-assegurar-seguranca-no-estreito-de-ormuz\/#primaryimage","url":"https:\/\/portaltela.pt\/s.01k8rhncp4jt1\/2026\/04\/CACHE_780X1200_ANALOG_WATERMARKED_46584682_6971012359373.jpg","contentUrl":"https:\/\/portaltela.pt\/s.01k8rhncp4jt1\/2026\/04\/CACHE_780X1200_ANALOG_WATERMARKED_46584682_6971012359373.jpg","width":768,"height":432,"caption":"Ag\u00eancia mar\u00edtima da ONU prepara mecanismo para garantir seguran\u00e7a no estreito de Ormuz"},{"@type":"BreadcrumbList","@id":"https:\/\/portaltela.pt\/noticias\/2026\/04\/08\/onu-prepara-mecanismo-para-assegurar-seguranca-no-estreito-de-ormuz\/#breadcrumb","itemListElement":[{"@type":"ListItem","position":1,"name":"In\u00edcio","item":"https:\/\/portaltela.pt\/"},{"@type":"ListItem","position":2,"name":"ONU prepara mecanismo para assegurar seguran\u00e7a no Estreito de Ormuz"}]},{"@type":"WebSite","@id":"https:\/\/portaltela.pt\/#website","url":"https:\/\/portaltela.pt\/","name":"Portal Tela Portugal","description":"","potentialAction":[{"@type":"SearchAction","target":{"@type":"EntryPoint","urlTemplate":"https:\/\/portaltela.pt\/?s={search_term_string}"},"query-input":{"@type":"PropertyValueSpecification","valueRequired":true,"valueName":"search_term_string"}}],"inLanguage":"pt-PT"},{"@type":"Person","@id":"https:\/\/portaltela.pt\/#\/schema\/person\/c4278d4a6028830caff9ee44b42d32ed","name":"Telinha","image":{"@type":"ImageObject","inLanguage":"pt-PT","@id":"https:\/\/portaltela.pt\/s.01k8rhncp4jt1\/2025\/11\/talking-bot-125x125.png","url":"https:\/\/portaltela.pt\/s.01k8rhncp4jt1\/2025\/11\/talking-bot-125x125.png","contentUrl":"https:\/\/portaltela.pt\/s.01k8rhncp4jt1\/2025\/11\/talking-bot-125x125.png","caption":"Telinha"},"sameAs":["https:\/\/portaltela.pt\/"],"url":"https:\/\/portaltela.pt\/por\/367410592786\/"}]}},"_links":{"self":[{"href":"https:\/\/portaltela.pt\/api\/wp\/v2\/posts\/436638","targetHints":{"allow":["GET"]}}],"collection":[{"href":"https:\/\/portaltela.pt\/api\/wp\/v2\/posts"}],"about":[{"href":"https:\/\/portaltela.pt\/api\/wp\/v2\/types\/post"}],"author":[{"embeddable":true,"href":"https:\/\/portaltela.pt\/api\/wp\/v2\/users\/2"}],"replies":[{"embeddable":true,"href":"https:\/\/portaltela.pt\/api\/wp\/v2\/comments?post=436638"}],"version-history":[{"count":0,"href":"https:\/\/portaltela.pt\/api\/wp\/v2\/posts\/436638\/revisions"}],"wp:featuredmedia":[{"embeddable":true,"href":"https:\/\/portaltela.pt\/api\/wp\/v2\/media\/436639"}],"wp:attachment":[{"href":"https:\/\/portaltela.pt\/api\/wp\/v2\/media?parent=436638"}],"wp:term":[{"taxonomy":"category","embeddable":true,"href":"https:\/\/portaltela.pt\/api\/wp\/v2\/categories?post=436638"},{"taxonomy":"post_tag","embeddable":true,"href":"https:\/\/portaltela.pt\/api\/wp\/v2\/tags?post=436638"}],"curies":[{"name":"wp","href":"https:\/\/api.w.org\/{rel}","templated":true}]}}