{"id":436631,"date":"2026-04-08T09:47:32","date_gmt":"2026-04-08T12:47:32","guid":{"rendered":"https:\/\/portaltela.pt\/noticias\/2026\/04\/08\/moldavia-liechtenstein-e-san-marino-poucos-turistas-na-europa\/"},"modified":"2026-04-08T09:47:32","modified_gmt":"2026-04-08T12:47:32","slug":"moldavia-liechtenstein-e-san-marino-poucos-turistas-na-europa","status":"publish","type":"post","link":"https:\/\/portaltela.pt\/lazer\/2026\/04\/08\/moldavia-liechtenstein-e-san-marino-poucos-turistas-na-europa\/","title":{"rendered":"Mold\u00e1via, Liechtenstein e San Marino: poucos turistas na Europa"},"content":{"rendered":"<p>Mold\u00e1via, Liechtenstein, San Marino destacam entre os pa\u00edses europeus com menos turismo, ainda assim oferecem patrim\u00f3nio, natureza e atra\u00e7\u00f5es \u00fanicas. Em 2025, Mold\u00e1via recebeu cerca de 525 mil visitantes, num pa\u00eds econ\u00f3mico com paisagens rurais e gastronomia rica.<\/p>\n<p>A procura por destinos menos concorridos cresce, impulsionada pela Gera\u00e7\u00e3o Z e millennials. Viajantes procuram experi\u00eancias aut\u00eanticas, comunidades locais e op\u00e7\u00f5es mais acess\u00edveis, sem abrir m\u00e3o de f\u00e9rias memor\u00e1veis.<\/p>\n<p>Mold\u00e1via: cultura v\u00ednica e hist\u00f3ria sovi\u00e9tica<\/p>\n<p>A Mold\u00e1via junta influ\u00eancias sovi\u00e9ticas, latinas, eslavas e romenas, vis\u00edveis na arquitetura de Chi\u0219n\u01ceu. A regi\u00e3o oferece Vinhos, com Mile\u0219tii Mici, a maior cole\u00e7\u00e3o do mundo, e Cricova, com cidade subterr\u00e2nea dedicada ao vinho.<\/p>\n<p>Transn\u00edstria \u00e9 descrita como museu vivo da era sovi\u00e9tica, enquanto o complexo mon\u00e1stico de Orheiul Vechi atrai visitantes a norte da capital. Florestas de Codrii e o parque Stefan cel Mare completam o panorama.<\/p>\n<p>A cozinha moldava destaca-se com m\u0103m\u0103lig\u0103 e pl\u0103cinte, acompanhadas de vinho local. As aldeias preservam of\u00edcios e tradi\u00e7\u00f5es, oferecendo imers\u00e3o cultural aos turistas.<\/p>\n<p>Liechtenstein: cen\u00e1rio alpino de conto de fadas<\/p>\n<p>Liechtenstein, um dos pa\u00edses mais pequenos, recebeu apenas 85 mil visitantes em 2022. Rodeado por vilas alpinas, oferece natureza deslumbrante e um cen\u00e1rio de conto de fadas, com o Castelo de Vaduz no alto de uma colina.<\/p>\n<p>O Citytrain Vaduz oferece uma vis\u00e3o geral do pa\u00eds em cerca de 35 minutos. O Castelo de Vaduz, o Museu Nacional e o Kunstmuseum Liechtenstein s\u00e3o alguns dos pontos de interesse, com provas de vinho na adega do pr\u00edncipe.<\/p>\n<p>Para amantes de arte moderna, o Kunstmuseum destaca-se, enquanto os praticantes de esqui encontram Malbun. Excurs\u00f5es com lamas perto de Triesenberg tamb\u00e9m atraem visitantes.<\/p>\n<p>San Marino: rep\u00fablica antiga com vistas sobre o Adri\u00e1tico<\/p>\n<p>San Marino, micro\u2011Estado classificado pela UNESCO, recebeu pouco mais de dois milh\u00f5es de visitantes em 2025. Rodeado pela It\u00e1lia, oferece vistas panor\u00e2micas sobre o Adri\u00e1tico e a paisagem italiana.<\/p>\n<p>A cidade pode ser explorada a p\u00e9, incluindo as tr\u00eas torres medievais \u2014 Cesta, Guaita e Montale \u2014 ao longo do Caminho das Bruxas. A Piazza della Libert\u00e0, o Palazzo Pubblico e a bas\u00edlica de S\u00e3o Marinho enriquecem o roteiro.<\/p>\n<p>Os trilhos permitem vistas a partir do telef\u00e9rico Panorama, de Borgo Maggiore, e o Caminho da Rupe prop\u00f5e caminhadas com desdobramentos hist\u00f3ricos. Compras de artesanato tamb\u00e9m s\u00e3o comuns.<\/p>\n<p>Kosovo: montanhas, caf\u00e9s e legado otomano<\/p>\n<p>Kosovo, o pa\u00eds mais jovem da Europa, recebeu 463 mil turistas em 2025. O destino combina montanhas, caf\u00e9s animados e legado otomano, com atrac\u00e7\u00f5es hist\u00f3ricas valorizadas.<\/p>\n<p>Kalaja, em Prizren, oferece miradouros da cidade, enquanto a mesquita Sinan Pasha e o boulevard Madre Teresa em Pristina s\u00e3o pontos de interesse. O Mosteiro de Gra\u010danica, UNESCO, tamb\u00e9m atrai visitantes.<\/p>\n<p>O territ\u00f3rio permite caminhadas em Rugova, quedas de Mirusha e visitas ao Santu\u00e1rio do Urso, perto de Pristina. O Grande Bazar de Gjakova revela artesanato e gastronomia locais.<\/p>\n<p>Maced\u00f3nia do Norte: natureza, hist\u00f3ria e patrim\u00f3nio UNESCO<\/p>\n<p>A Maced\u00f3nia do Norte mant\u00e9m atra\u00e7\u00e3o pelo lago Ohrid, classificado pela UNESCO, mas continua pouco visitada globalmente. Entre janeiro e novembro de 2025 registaram\u2011se cerca de 1,2 milh\u00f5es de turistas.<\/p>\n<p>Skopje junta arquitetura moderna a influ\u00eancias otom\u00e3s, sendo cidade natal de Madre Teresa. Ohrid destaca\u2011se pelo lago profundo, a igreja de St. Jovan Kaneo e a velha cidade.<\/p>\n<p>O pa\u00eds oferece ainda tr\u00eas parques nacionais \u2014 Mavrovo, Pelister e Gali\u010dica \u2014 com trilhos, picos e fauna rara. A regi\u00e3o a Vardar Vale \u00e9 conhecida pelas adegas e pela rakija, aguardente de fruto local.<\/p>\n","protected":false},"excerpt":{"rendered":"<ul>\n<li>Mold\u00e1via \u00e9 um dos pa\u00edses mais econ\u00f3micos da Europa, com cerca de 525 100 turistas em 2025, destacando-se pela gastronomia, vinhos e paisagens rurais, incluindo as adegas de Mile\u0219tii Mici e Cricova e locais como Orheiul Vechi.<\/li>\n<li>Liechtenstein recebe pouqu\u00edssimos visitantes (cerca de 85 mil em 2022), oferecendo paisagens alpinas, castelos, museus e experi\u00eancias como provas de vinho e caminhadas com vistas.<\/li>\n<li>San Marino, apesar de ser Patrim\u00f3nio da UNESCO, registou ligeira subida de visitantes em 2025, superando os dois milh\u00f5es, com trilhos entre as torres medievais e atra\u00e7\u00f5es hist\u00f3ricas.<\/li>\n<li>Kosovo registou 463 092 turistas em 2025, oferecendo fortaleza de Kalaja, mesquitas, o boulevard Madre Teresa, museus com arquitetura brutalista e zonas de natureza como Rugova e as quedas de Mirusha.<\/li>\n<li>Maced\u00f3nia do Norte manteve volume de turismo moderado, com cerca de 1,2 milh\u00f5es de visitantes entre janeiro e novembro de 2025, destacando o lago Ohrid, a cidade de Skopje, o mosteiro de S\u00e3o Naum e parques nacionais como Mavrovo e Pelister.<\/li>\n<\/ul>\n","protected":false},"author":2,"featured_media":436637,"comment_status":"closed","ping_status":"closed","sticky":false,"template":"","format":"standard","meta":{"footnotes":""},"categories":[7381],"tags":[2487,2535,3005,6320,169,6037],"class_list":["post-436631","post","type-post","status-publish","format-standard","has-post-thumbnail","hentry","category-lazer","tag-europa","tag-kosovo","tag-macedonia-do-norte","tag-patrimonio-mundial-da-unesco","tag-turismo","tag-viagens-internacionais"],"yoast_head":"<!-- This site is optimized with the Yoast SEO plugin v27.2 - https:\/\/yoast.com\/product\/yoast-seo-wordpress\/ -->\n<title>Mold\u00e1via, Liechtenstein e San Marino: poucos turistas na Europa - Portal Tela Portugal<\/title>\n<meta name=\"robots\" content=\"index, follow, max-snippet:-1, max-image-preview:large, max-video-preview:-1\" \/>\n<meta property=\"og:locale\" content=\"pt_PT\" \/>\n<meta property=\"og:type\" content=\"article\" \/>\n<meta property=\"og:title\" content=\"Mold\u00e1via, Liechtenstein e San Marino: poucos turistas na Europa - Portal Tela Portugal\" \/>\n<meta property=\"og:description\" content=\"Mold\u00e1via \u00e9 um dos pa\u00edses mais econ\u00f3micos da Europa, com cerca de 525 100 turistas em 2025, destacando-se pela gastronomia, vinhos e paisagens rurais, incluindo as adegas de Mile\u0219tii Mici e Cricova e locais como Orheiul Vechi. Liechtenstein recebe pouqu\u00edssimos visitantes (cerca de 85 mil em 2022), oferecendo paisagens alpinas, castelos, museus e experi\u00eancias como provas de vinho e caminhadas com vistas. San Marino, apesar de ser Patrim\u00f3nio da UNESCO, registou ligeira subida de visitantes em 2025, superando os dois milh\u00f5es, com trilhos entre as torres medievais e atra\u00e7\u00f5es hist\u00f3ricas. Kosovo registou 463 092 turistas em 2025, oferecendo fortaleza de Kalaja, mesquitas, o boulevard Madre Teresa, museus com arquitetura brutalista e zonas de natureza como Rugova e as quedas de Mirusha. Maced\u00f3nia do Norte manteve volume de turismo moderado, com cerca de 1,2 milh\u00f5es de visitantes entre janeiro e novembro de 2025, destacando o lago Ohrid, a cidade de Skopje, o mosteiro de S\u00e3o Naum e parques nacionais como Mavrovo e Pelister.\" \/>\n<meta property=\"og:url\" content=\"https:\/\/portaltela.pt\/noticias\/2026\/04\/08\/moldavia-liechtenstein-e-san-marino-poucos-turistas-na-europa\/\" \/>\n<meta property=\"og:site_name\" content=\"Portal Tela Portugal\" \/>\n<meta property=\"article:published_time\" content=\"2026-04-08T12:47:32+00:00\" \/>\n<meta name=\"author\" content=\"Telinha\" \/>\n<meta name=\"twitter:card\" content=\"summary_large_image\" \/>\n<meta name=\"twitter:label1\" content=\"Escrito por\" \/>\n\t<meta name=\"twitter:data1\" content=\"Telinha\" \/>\n\t<meta name=\"twitter:label2\" content=\"Tempo estimado de leitura\" \/>\n\t<meta name=\"twitter:data2\" content=\"3 minutos\" \/>\n<script type=\"application\/ld+json\" class=\"yoast-schema-graph\">{\"@context\":\"https:\/\/schema.org\",\"@graph\":[{\"@type\":\"Article\",\"@id\":\"https:\/\/portaltela.pt\/noticias\/2026\/04\/08\/moldavia-liechtenstein-e-san-marino-poucos-turistas-na-europa\/#article\",\"isPartOf\":{\"@id\":\"https:\/\/portaltela.pt\/noticias\/2026\/04\/08\/moldavia-liechtenstein-e-san-marino-poucos-turistas-na-europa\/\"},\"author\":{\"name\":\"Telinha\",\"@id\":\"https:\/\/portaltela.pt\/#\/schema\/person\/c4278d4a6028830caff9ee44b42d32ed\"},\"headline\":\"Mold\u00e1via, Liechtenstein e San Marino: poucos turistas na Europa\",\"datePublished\":\"2026-04-08T12:47:32+00:00\",\"mainEntityOfPage\":{\"@id\":\"https:\/\/portaltela.pt\/noticias\/2026\/04\/08\/moldavia-liechtenstein-e-san-marino-poucos-turistas-na-europa\/\"},\"wordCount\":650,\"image\":{\"@id\":\"https:\/\/portaltela.pt\/noticias\/2026\/04\/08\/moldavia-liechtenstein-e-san-marino-poucos-turistas-na-europa\/#primaryimage\"},\"thumbnailUrl\":\"https:\/\/portaltela.pt\/s.01k8rhncp4jt1\/2026\/04\/1536x864_cmsv2_174ef4b1-a343-5a53-98ec-a39d08986289-9714163.jpg\",\"keywords\":[\"Europa\",\"Kosovo\",\"Maced\u00f3nia do Norte\",\"Patrim\u00f3nio Mundial da UNESCO\",\"turismo\",\"viagens internacionais\"],\"articleSection\":[\"Lazer\"],\"inLanguage\":\"pt-PT\"},{\"@type\":\"WebPage\",\"@id\":\"https:\/\/portaltela.pt\/noticias\/2026\/04\/08\/moldavia-liechtenstein-e-san-marino-poucos-turistas-na-europa\/\",\"url\":\"https:\/\/portaltela.pt\/noticias\/2026\/04\/08\/moldavia-liechtenstein-e-san-marino-poucos-turistas-na-europa\/\",\"name\":\"Mold\u00e1via, Liechtenstein e San Marino: poucos turistas na Europa - Portal Tela Portugal\",\"isPartOf\":{\"@id\":\"https:\/\/portaltela.pt\/#website\"},\"primaryImageOfPage\":{\"@id\":\"https:\/\/portaltela.pt\/noticias\/2026\/04\/08\/moldavia-liechtenstein-e-san-marino-poucos-turistas-na-europa\/#primaryimage\"},\"image\":{\"@id\":\"https:\/\/portaltela.pt\/noticias\/2026\/04\/08\/moldavia-liechtenstein-e-san-marino-poucos-turistas-na-europa\/#primaryimage\"},\"thumbnailUrl\":\"https:\/\/portaltela.pt\/s.01k8rhncp4jt1\/2026\/04\/1536x864_cmsv2_174ef4b1-a343-5a53-98ec-a39d08986289-9714163.jpg\",\"datePublished\":\"2026-04-08T12:47:32+00:00\",\"author\":{\"@id\":\"https:\/\/portaltela.pt\/#\/schema\/person\/c4278d4a6028830caff9ee44b42d32ed\"},\"breadcrumb\":{\"@id\":\"https:\/\/portaltela.pt\/noticias\/2026\/04\/08\/moldavia-liechtenstein-e-san-marino-poucos-turistas-na-europa\/#breadcrumb\"},\"inLanguage\":\"pt-PT\",\"potentialAction\":[{\"@type\":\"ReadAction\",\"target\":[\"https:\/\/portaltela.pt\/noticias\/2026\/04\/08\/moldavia-liechtenstein-e-san-marino-poucos-turistas-na-europa\/\"]}]},{\"@type\":\"ImageObject\",\"inLanguage\":\"pt-PT\",\"@id\":\"https:\/\/portaltela.pt\/noticias\/2026\/04\/08\/moldavia-liechtenstein-e-san-marino-poucos-turistas-na-europa\/#primaryimage\",\"url\":\"https:\/\/portaltela.pt\/s.01k8rhncp4jt1\/2026\/04\/1536x864_cmsv2_174ef4b1-a343-5a53-98ec-a39d08986289-9714163.jpg\",\"contentUrl\":\"https:\/\/portaltela.pt\/s.01k8rhncp4jt1\/2026\/04\/1536x864_cmsv2_174ef4b1-a343-5a53-98ec-a39d08986289-9714163.jpg\",\"width\":796,\"height\":448,\"caption\":\"Vista a\u00e9rea de uma aldeia no Liechtenstein\"},{\"@type\":\"BreadcrumbList\",\"@id\":\"https:\/\/portaltela.pt\/noticias\/2026\/04\/08\/moldavia-liechtenstein-e-san-marino-poucos-turistas-na-europa\/#breadcrumb\",\"itemListElement\":[{\"@type\":\"ListItem\",\"position\":1,\"name\":\"In\u00edcio\",\"item\":\"https:\/\/portaltela.pt\/\"},{\"@type\":\"ListItem\",\"position\":2,\"name\":\"Mold\u00e1via, Liechtenstein e San Marino: poucos turistas na Europa\"}]},{\"@type\":\"WebSite\",\"@id\":\"https:\/\/portaltela.pt\/#website\",\"url\":\"https:\/\/portaltela.pt\/\",\"name\":\"Portal Tela Portugal\",\"description\":\"\",\"potentialAction\":[{\"@type\":\"SearchAction\",\"target\":{\"@type\":\"EntryPoint\",\"urlTemplate\":\"https:\/\/portaltela.pt\/?s={search_term_string}\"},\"query-input\":{\"@type\":\"PropertyValueSpecification\",\"valueRequired\":true,\"valueName\":\"search_term_string\"}}],\"inLanguage\":\"pt-PT\"},{\"@type\":\"Person\",\"@id\":\"https:\/\/portaltela.pt\/#\/schema\/person\/c4278d4a6028830caff9ee44b42d32ed\",\"name\":\"Telinha\",\"image\":{\"@type\":\"ImageObject\",\"inLanguage\":\"pt-PT\",\"@id\":\"https:\/\/portaltela.pt\/s.01k8rhncp4jt1\/2025\/11\/talking-bot-125x125.png\",\"url\":\"https:\/\/portaltela.pt\/s.01k8rhncp4jt1\/2025\/11\/talking-bot-125x125.png\",\"contentUrl\":\"https:\/\/portaltela.pt\/s.01k8rhncp4jt1\/2025\/11\/talking-bot-125x125.png\",\"caption\":\"Telinha\"},\"sameAs\":[\"https:\/\/portaltela.pt\/\"],\"url\":\"https:\/\/portaltela.pt\/por\/367410592786\/\"}]}<\/script>\n<!-- \/ Yoast SEO plugin. -->","yoast_head_json":{"title":"Mold\u00e1via, Liechtenstein e San Marino: poucos turistas na Europa - Portal Tela Portugal","robots":{"index":"index","follow":"follow","max-snippet":"max-snippet:-1","max-image-preview":"max-image-preview:large","max-video-preview":"max-video-preview:-1"},"og_locale":"pt_PT","og_type":"article","og_title":"Mold\u00e1via, Liechtenstein e San Marino: poucos turistas na Europa - Portal Tela Portugal","og_description":"Mold\u00e1via \u00e9 um dos pa\u00edses mais econ\u00f3micos da Europa, com cerca de 525 100 turistas em 2025, destacando-se pela gastronomia, vinhos e paisagens rurais, incluindo as adegas de Mile\u0219tii Mici e Cricova e locais como Orheiul Vechi. Liechtenstein recebe pouqu\u00edssimos visitantes (cerca de 85 mil em 2022), oferecendo paisagens alpinas, castelos, museus e experi\u00eancias como provas de vinho e caminhadas com vistas. San Marino, apesar de ser Patrim\u00f3nio da UNESCO, registou ligeira subida de visitantes em 2025, superando os dois milh\u00f5es, com trilhos entre as torres medievais e atra\u00e7\u00f5es hist\u00f3ricas. Kosovo registou 463 092 turistas em 2025, oferecendo fortaleza de Kalaja, mesquitas, o boulevard Madre Teresa, museus com arquitetura brutalista e zonas de natureza como Rugova e as quedas de Mirusha. Maced\u00f3nia do Norte manteve volume de turismo moderado, com cerca de 1,2 milh\u00f5es de visitantes entre janeiro e novembro de 2025, destacando o lago Ohrid, a cidade de Skopje, o mosteiro de S\u00e3o Naum e parques nacionais como Mavrovo e Pelister.","og_url":"https:\/\/portaltela.pt\/noticias\/2026\/04\/08\/moldavia-liechtenstein-e-san-marino-poucos-turistas-na-europa\/","og_site_name":"Portal Tela Portugal","article_published_time":"2026-04-08T12:47:32+00:00","author":"Telinha","twitter_card":"summary_large_image","twitter_misc":{"Escrito por":"Telinha","Tempo estimado de leitura":"3 minutos"},"schema":{"@context":"https:\/\/schema.org","@graph":[{"@type":"Article","@id":"https:\/\/portaltela.pt\/noticias\/2026\/04\/08\/moldavia-liechtenstein-e-san-marino-poucos-turistas-na-europa\/#article","isPartOf":{"@id":"https:\/\/portaltela.pt\/noticias\/2026\/04\/08\/moldavia-liechtenstein-e-san-marino-poucos-turistas-na-europa\/"},"author":{"name":"Telinha","@id":"https:\/\/portaltela.pt\/#\/schema\/person\/c4278d4a6028830caff9ee44b42d32ed"},"headline":"Mold\u00e1via, Liechtenstein e San Marino: poucos turistas na Europa","datePublished":"2026-04-08T12:47:32+00:00","mainEntityOfPage":{"@id":"https:\/\/portaltela.pt\/noticias\/2026\/04\/08\/moldavia-liechtenstein-e-san-marino-poucos-turistas-na-europa\/"},"wordCount":650,"image":{"@id":"https:\/\/portaltela.pt\/noticias\/2026\/04\/08\/moldavia-liechtenstein-e-san-marino-poucos-turistas-na-europa\/#primaryimage"},"thumbnailUrl":"https:\/\/portaltela.pt\/s.01k8rhncp4jt1\/2026\/04\/1536x864_cmsv2_174ef4b1-a343-5a53-98ec-a39d08986289-9714163.jpg","keywords":["Europa","Kosovo","Maced\u00f3nia do Norte","Patrim\u00f3nio Mundial da UNESCO","turismo","viagens internacionais"],"articleSection":["Lazer"],"inLanguage":"pt-PT"},{"@type":"WebPage","@id":"https:\/\/portaltela.pt\/noticias\/2026\/04\/08\/moldavia-liechtenstein-e-san-marino-poucos-turistas-na-europa\/","url":"https:\/\/portaltela.pt\/noticias\/2026\/04\/08\/moldavia-liechtenstein-e-san-marino-poucos-turistas-na-europa\/","name":"Mold\u00e1via, Liechtenstein e San Marino: poucos turistas na Europa - Portal Tela Portugal","isPartOf":{"@id":"https:\/\/portaltela.pt\/#website"},"primaryImageOfPage":{"@id":"https:\/\/portaltela.pt\/noticias\/2026\/04\/08\/moldavia-liechtenstein-e-san-marino-poucos-turistas-na-europa\/#primaryimage"},"image":{"@id":"https:\/\/portaltela.pt\/noticias\/2026\/04\/08\/moldavia-liechtenstein-e-san-marino-poucos-turistas-na-europa\/#primaryimage"},"thumbnailUrl":"https:\/\/portaltela.pt\/s.01k8rhncp4jt1\/2026\/04\/1536x864_cmsv2_174ef4b1-a343-5a53-98ec-a39d08986289-9714163.jpg","datePublished":"2026-04-08T12:47:32+00:00","author":{"@id":"https:\/\/portaltela.pt\/#\/schema\/person\/c4278d4a6028830caff9ee44b42d32ed"},"breadcrumb":{"@id":"https:\/\/portaltela.pt\/noticias\/2026\/04\/08\/moldavia-liechtenstein-e-san-marino-poucos-turistas-na-europa\/#breadcrumb"},"inLanguage":"pt-PT","potentialAction":[{"@type":"ReadAction","target":["https:\/\/portaltela.pt\/noticias\/2026\/04\/08\/moldavia-liechtenstein-e-san-marino-poucos-turistas-na-europa\/"]}]},{"@type":"ImageObject","inLanguage":"pt-PT","@id":"https:\/\/portaltela.pt\/noticias\/2026\/04\/08\/moldavia-liechtenstein-e-san-marino-poucos-turistas-na-europa\/#primaryimage","url":"https:\/\/portaltela.pt\/s.01k8rhncp4jt1\/2026\/04\/1536x864_cmsv2_174ef4b1-a343-5a53-98ec-a39d08986289-9714163.jpg","contentUrl":"https:\/\/portaltela.pt\/s.01k8rhncp4jt1\/2026\/04\/1536x864_cmsv2_174ef4b1-a343-5a53-98ec-a39d08986289-9714163.jpg","width":796,"height":448,"caption":"Vista a\u00e9rea de uma aldeia no Liechtenstein"},{"@type":"BreadcrumbList","@id":"https:\/\/portaltela.pt\/noticias\/2026\/04\/08\/moldavia-liechtenstein-e-san-marino-poucos-turistas-na-europa\/#breadcrumb","itemListElement":[{"@type":"ListItem","position":1,"name":"In\u00edcio","item":"https:\/\/portaltela.pt\/"},{"@type":"ListItem","position":2,"name":"Mold\u00e1via, Liechtenstein e San Marino: poucos turistas na Europa"}]},{"@type":"WebSite","@id":"https:\/\/portaltela.pt\/#website","url":"https:\/\/portaltela.pt\/","name":"Portal Tela Portugal","description":"","potentialAction":[{"@type":"SearchAction","target":{"@type":"EntryPoint","urlTemplate":"https:\/\/portaltela.pt\/?s={search_term_string}"},"query-input":{"@type":"PropertyValueSpecification","valueRequired":true,"valueName":"search_term_string"}}],"inLanguage":"pt-PT"},{"@type":"Person","@id":"https:\/\/portaltela.pt\/#\/schema\/person\/c4278d4a6028830caff9ee44b42d32ed","name":"Telinha","image":{"@type":"ImageObject","inLanguage":"pt-PT","@id":"https:\/\/portaltela.pt\/s.01k8rhncp4jt1\/2025\/11\/talking-bot-125x125.png","url":"https:\/\/portaltela.pt\/s.01k8rhncp4jt1\/2025\/11\/talking-bot-125x125.png","contentUrl":"https:\/\/portaltela.pt\/s.01k8rhncp4jt1\/2025\/11\/talking-bot-125x125.png","caption":"Telinha"},"sameAs":["https:\/\/portaltela.pt\/"],"url":"https:\/\/portaltela.pt\/por\/367410592786\/"}]}},"_links":{"self":[{"href":"https:\/\/portaltela.pt\/api\/wp\/v2\/posts\/436631","targetHints":{"allow":["GET"]}}],"collection":[{"href":"https:\/\/portaltela.pt\/api\/wp\/v2\/posts"}],"about":[{"href":"https:\/\/portaltela.pt\/api\/wp\/v2\/types\/post"}],"author":[{"embeddable":true,"href":"https:\/\/portaltela.pt\/api\/wp\/v2\/users\/2"}],"replies":[{"embeddable":true,"href":"https:\/\/portaltela.pt\/api\/wp\/v2\/comments?post=436631"}],"version-history":[{"count":0,"href":"https:\/\/portaltela.pt\/api\/wp\/v2\/posts\/436631\/revisions"}],"wp:featuredmedia":[{"embeddable":true,"href":"https:\/\/portaltela.pt\/api\/wp\/v2\/media\/436637"}],"wp:attachment":[{"href":"https:\/\/portaltela.pt\/api\/wp\/v2\/media?parent=436631"}],"wp:term":[{"taxonomy":"category","embeddable":true,"href":"https:\/\/portaltela.pt\/api\/wp\/v2\/categories?post=436631"},{"taxonomy":"post_tag","embeddable":true,"href":"https:\/\/portaltela.pt\/api\/wp\/v2\/tags?post=436631"}],"curies":[{"name":"wp","href":"https:\/\/api.w.org\/{rel}","templated":true}]}}