{"id":436628,"date":"2026-04-08T09:47:29","date_gmt":"2026-04-08T12:47:29","guid":{"rendered":"https:\/\/portaltela.pt\/noticias\/2026\/04\/08\/mota-explode-perto-de-criancas-no-texas-apos-despiste\/"},"modified":"2026-04-08T09:47:29","modified_gmt":"2026-04-08T12:47:29","slug":"mota-explode-perto-de-criancas-no-texas-apos-despiste","status":"publish","type":"post","link":"https:\/\/portaltela.pt\/acidentes\/2026\/04\/08\/mota-explode-perto-de-criancas-no-texas-apos-despiste\/","title":{"rendered":"Mota explode perto de crian\u00e7as no Texas ap\u00f3s despiste"},"content":{"rendered":"<p>O condutor de mota despistou-se nesta sexta-feira no condado de Bexar, Texas, e o ve\u00edculo explodiu junto de um grupo de crian\u00e7as. O incidente ocorreu num local ainda n\u00e3o especificado pelas autoridades.<\/p>\n<p>O motociclista sofreu queimaduras e foi hospitalizado, segundo as informa\u00e7\u00f5es fornecidas. Nenhuma das crian\u00e7as ficou ferida.<\/p>\n<p>As autoridades n\u00e3o avan\u00e7aram com detalhes sobre as causas do despiste ou da explos\u00e3o. As circunst\u00e2ncias seguem a ser averiguadas pelas entidades locais.<\/p>\n<p>As investiga\u00e7\u00f5es est\u00e3o em curso pela pol\u00edcia local, sem divulga\u00e7\u00e3o de novos elementos at\u00e9 ao momento.<\/p>\n","protected":false},"excerpt":{"rendered":"<ul>\n<li>O condutor de mota despistou-se nesta sexta-feira no condado de Bexar, Texas.<\/li>\n<li>O ve\u00edculo acabou por explodir junto de um grupo de crian\u00e7as.<\/li>\n<li>O homem sofreu queimaduras e foi hospitalizado.<\/li>\n<li>N\u00e3o houve ferimentos em nenhuma das crian\u00e7as.<\/li>\n<\/ul>\n","protected":false},"author":2,"featured_media":436634,"comment_status":"closed","ping_status":"closed","sticky":false,"template":"","format":"standard","meta":{"footnotes":""},"categories":[6849],"tags":[5487,3953,3571,3449,3418,2734],"class_list":["post-436628","post","type-post","status-publish","format-standard","has-post-thumbnail","hentry","category-acidentes","tag-acidente","tag-criancas","tag-explosoes","tag-feridos","tag-policia-de-seguranca-publica","tag-queimaduras"],"yoast_head":"<!-- This site is optimized with the Yoast SEO plugin v27.2 - https:\/\/yoast.com\/product\/yoast-seo-wordpress\/ -->\n<title>Mota explode perto de crian\u00e7as no Texas ap\u00f3s despiste - Portal Tela Portugal<\/title>\n<meta name=\"robots\" content=\"index, follow, max-snippet:-1, max-image-preview:large, max-video-preview:-1\" \/>\n<meta property=\"og:locale\" content=\"pt_PT\" \/>\n<meta property=\"og:type\" content=\"article\" \/>\n<meta property=\"og:title\" content=\"Mota explode perto de crian\u00e7as no Texas ap\u00f3s despiste - Portal Tela Portugal\" \/>\n<meta property=\"og:description\" content=\"O condutor de mota despistou-se nesta sexta-feira no condado de Bexar, Texas. O ve\u00edculo acabou por explodir junto de um grupo de crian\u00e7as. O homem sofreu queimaduras e foi hospitalizado. N\u00e3o houve ferimentos em nenhuma das crian\u00e7as.\" \/>\n<meta property=\"og:url\" content=\"https:\/\/portaltela.pt\/noticias\/2026\/04\/08\/mota-explode-perto-de-criancas-no-texas-apos-despiste\/\" \/>\n<meta property=\"og:site_name\" content=\"Portal Tela Portugal\" \/>\n<meta property=\"article:published_time\" content=\"2026-04-08T12:47:29+00:00\" \/>\n<meta name=\"author\" content=\"Telinha\" \/>\n<meta name=\"twitter:card\" content=\"summary_large_image\" \/>\n<meta name=\"twitter:label1\" content=\"Escrito por\" \/>\n\t<meta name=\"twitter:data1\" content=\"Telinha\" \/>\n\t<meta name=\"twitter:label2\" content=\"Tempo estimado de leitura\" \/>\n\t<meta name=\"twitter:data2\" content=\"1 minuto\" \/>\n<script type=\"application\/ld+json\" class=\"yoast-schema-graph\">{\"@context\":\"https:\/\/schema.org\",\"@graph\":[{\"@type\":\"Article\",\"@id\":\"https:\/\/portaltela.pt\/noticias\/2026\/04\/08\/mota-explode-perto-de-criancas-no-texas-apos-despiste\/#article\",\"isPartOf\":{\"@id\":\"https:\/\/portaltela.pt\/noticias\/2026\/04\/08\/mota-explode-perto-de-criancas-no-texas-apos-despiste\/\"},\"author\":{\"name\":\"Telinha\",\"@id\":\"https:\/\/portaltela.pt\/#\/schema\/person\/c4278d4a6028830caff9ee44b42d32ed\"},\"headline\":\"Mota explode perto de crian\u00e7as no Texas ap\u00f3s despiste\",\"datePublished\":\"2026-04-08T12:47:29+00:00\",\"mainEntityOfPage\":{\"@id\":\"https:\/\/portaltela.pt\/noticias\/2026\/04\/08\/mota-explode-perto-de-criancas-no-texas-apos-despiste\/\"},\"wordCount\":111,\"image\":{\"@id\":\"https:\/\/portaltela.pt\/noticias\/2026\/04\/08\/mota-explode-perto-de-criancas-no-texas-apos-despiste\/#primaryimage\"},\"thumbnailUrl\":\"https:\/\/portaltela.pt\/s.01k8rhncp4jt1\/2026\/04\/img_1280x722uu2026-04-08-13-33-14-2277253.jpg\",\"keywords\":[\"acidente\",\"crian\u00e7as\",\"explos\u00f5es\",\"feridos\",\"Pol\u00edcia de Seguran\u00e7a P\u00fablica\",\"queimaduras\"],\"articleSection\":[\"Acidentes\"],\"inLanguage\":\"pt-PT\"},{\"@type\":\"WebPage\",\"@id\":\"https:\/\/portaltela.pt\/noticias\/2026\/04\/08\/mota-explode-perto-de-criancas-no-texas-apos-despiste\/\",\"url\":\"https:\/\/portaltela.pt\/noticias\/2026\/04\/08\/mota-explode-perto-de-criancas-no-texas-apos-despiste\/\",\"name\":\"Mota explode perto de crian\u00e7as no Texas ap\u00f3s despiste - Portal Tela Portugal\",\"isPartOf\":{\"@id\":\"https:\/\/portaltela.pt\/#website\"},\"primaryImageOfPage\":{\"@id\":\"https:\/\/portaltela.pt\/noticias\/2026\/04\/08\/mota-explode-perto-de-criancas-no-texas-apos-despiste\/#primaryimage\"},\"image\":{\"@id\":\"https:\/\/portaltela.pt\/noticias\/2026\/04\/08\/mota-explode-perto-de-criancas-no-texas-apos-despiste\/#primaryimage\"},\"thumbnailUrl\":\"https:\/\/portaltela.pt\/s.01k8rhncp4jt1\/2026\/04\/img_1280x722uu2026-04-08-13-33-14-2277253.jpg\",\"datePublished\":\"2026-04-08T12:47:29+00:00\",\"author\":{\"@id\":\"https:\/\/portaltela.pt\/#\/schema\/person\/c4278d4a6028830caff9ee44b42d32ed\"},\"breadcrumb\":{\"@id\":\"https:\/\/portaltela.pt\/noticias\/2026\/04\/08\/mota-explode-perto-de-criancas-no-texas-apos-despiste\/#breadcrumb\"},\"inLanguage\":\"pt-PT\",\"potentialAction\":[{\"@type\":\"ReadAction\",\"target\":[\"https:\/\/portaltela.pt\/noticias\/2026\/04\/08\/mota-explode-perto-de-criancas-no-texas-apos-despiste\/\"]}]},{\"@type\":\"ImageObject\",\"inLanguage\":\"pt-PT\",\"@id\":\"https:\/\/portaltela.pt\/noticias\/2026\/04\/08\/mota-explode-perto-de-criancas-no-texas-apos-despiste\/#primaryimage\",\"url\":\"https:\/\/portaltela.pt\/s.01k8rhncp4jt1\/2026\/04\/img_1280x722uu2026-04-08-13-33-14-2277253.jpg\",\"contentUrl\":\"https:\/\/portaltela.pt\/s.01k8rhncp4jt1\/2026\/04\/img_1280x722uu2026-04-08-13-33-14-2277253.jpg\",\"width\":796,\"height\":448,\"caption\":\"Imagem de uma mota a despistar-se e explodir perto de crian\u00e7as no Texas.\"},{\"@type\":\"BreadcrumbList\",\"@id\":\"https:\/\/portaltela.pt\/noticias\/2026\/04\/08\/mota-explode-perto-de-criancas-no-texas-apos-despiste\/#breadcrumb\",\"itemListElement\":[{\"@type\":\"ListItem\",\"position\":1,\"name\":\"In\u00edcio\",\"item\":\"https:\/\/portaltela.pt\/\"},{\"@type\":\"ListItem\",\"position\":2,\"name\":\"Mota explode perto de crian\u00e7as no Texas ap\u00f3s despiste\"}]},{\"@type\":\"WebSite\",\"@id\":\"https:\/\/portaltela.pt\/#website\",\"url\":\"https:\/\/portaltela.pt\/\",\"name\":\"Portal Tela Portugal\",\"description\":\"\",\"potentialAction\":[{\"@type\":\"SearchAction\",\"target\":{\"@type\":\"EntryPoint\",\"urlTemplate\":\"https:\/\/portaltela.pt\/?s={search_term_string}\"},\"query-input\":{\"@type\":\"PropertyValueSpecification\",\"valueRequired\":true,\"valueName\":\"search_term_string\"}}],\"inLanguage\":\"pt-PT\"},{\"@type\":\"Person\",\"@id\":\"https:\/\/portaltela.pt\/#\/schema\/person\/c4278d4a6028830caff9ee44b42d32ed\",\"name\":\"Telinha\",\"image\":{\"@type\":\"ImageObject\",\"inLanguage\":\"pt-PT\",\"@id\":\"https:\/\/portaltela.pt\/s.01k8rhncp4jt1\/2025\/11\/talking-bot-125x125.png\",\"url\":\"https:\/\/portaltela.pt\/s.01k8rhncp4jt1\/2025\/11\/talking-bot-125x125.png\",\"contentUrl\":\"https:\/\/portaltela.pt\/s.01k8rhncp4jt1\/2025\/11\/talking-bot-125x125.png\",\"caption\":\"Telinha\"},\"sameAs\":[\"https:\/\/portaltela.pt\/\"],\"url\":\"https:\/\/portaltela.pt\/por\/367410592786\/\"}]}<\/script>\n<!-- \/ Yoast SEO plugin. -->","yoast_head_json":{"title":"Mota explode perto de crian\u00e7as no Texas ap\u00f3s despiste - Portal Tela Portugal","robots":{"index":"index","follow":"follow","max-snippet":"max-snippet:-1","max-image-preview":"max-image-preview:large","max-video-preview":"max-video-preview:-1"},"og_locale":"pt_PT","og_type":"article","og_title":"Mota explode perto de crian\u00e7as no Texas ap\u00f3s despiste - Portal Tela Portugal","og_description":"O condutor de mota despistou-se nesta sexta-feira no condado de Bexar, Texas. O ve\u00edculo acabou por explodir junto de um grupo de crian\u00e7as. O homem sofreu queimaduras e foi hospitalizado. N\u00e3o houve ferimentos em nenhuma das crian\u00e7as.","og_url":"https:\/\/portaltela.pt\/noticias\/2026\/04\/08\/mota-explode-perto-de-criancas-no-texas-apos-despiste\/","og_site_name":"Portal Tela Portugal","article_published_time":"2026-04-08T12:47:29+00:00","author":"Telinha","twitter_card":"summary_large_image","twitter_misc":{"Escrito por":"Telinha","Tempo estimado de leitura":"1 minuto"},"schema":{"@context":"https:\/\/schema.org","@graph":[{"@type":"Article","@id":"https:\/\/portaltela.pt\/noticias\/2026\/04\/08\/mota-explode-perto-de-criancas-no-texas-apos-despiste\/#article","isPartOf":{"@id":"https:\/\/portaltela.pt\/noticias\/2026\/04\/08\/mota-explode-perto-de-criancas-no-texas-apos-despiste\/"},"author":{"name":"Telinha","@id":"https:\/\/portaltela.pt\/#\/schema\/person\/c4278d4a6028830caff9ee44b42d32ed"},"headline":"Mota explode perto de crian\u00e7as no Texas ap\u00f3s despiste","datePublished":"2026-04-08T12:47:29+00:00","mainEntityOfPage":{"@id":"https:\/\/portaltela.pt\/noticias\/2026\/04\/08\/mota-explode-perto-de-criancas-no-texas-apos-despiste\/"},"wordCount":111,"image":{"@id":"https:\/\/portaltela.pt\/noticias\/2026\/04\/08\/mota-explode-perto-de-criancas-no-texas-apos-despiste\/#primaryimage"},"thumbnailUrl":"https:\/\/portaltela.pt\/s.01k8rhncp4jt1\/2026\/04\/img_1280x722uu2026-04-08-13-33-14-2277253.jpg","keywords":["acidente","crian\u00e7as","explos\u00f5es","feridos","Pol\u00edcia de Seguran\u00e7a P\u00fablica","queimaduras"],"articleSection":["Acidentes"],"inLanguage":"pt-PT"},{"@type":"WebPage","@id":"https:\/\/portaltela.pt\/noticias\/2026\/04\/08\/mota-explode-perto-de-criancas-no-texas-apos-despiste\/","url":"https:\/\/portaltela.pt\/noticias\/2026\/04\/08\/mota-explode-perto-de-criancas-no-texas-apos-despiste\/","name":"Mota explode perto de crian\u00e7as no Texas ap\u00f3s despiste - Portal Tela Portugal","isPartOf":{"@id":"https:\/\/portaltela.pt\/#website"},"primaryImageOfPage":{"@id":"https:\/\/portaltela.pt\/noticias\/2026\/04\/08\/mota-explode-perto-de-criancas-no-texas-apos-despiste\/#primaryimage"},"image":{"@id":"https:\/\/portaltela.pt\/noticias\/2026\/04\/08\/mota-explode-perto-de-criancas-no-texas-apos-despiste\/#primaryimage"},"thumbnailUrl":"https:\/\/portaltela.pt\/s.01k8rhncp4jt1\/2026\/04\/img_1280x722uu2026-04-08-13-33-14-2277253.jpg","datePublished":"2026-04-08T12:47:29+00:00","author":{"@id":"https:\/\/portaltela.pt\/#\/schema\/person\/c4278d4a6028830caff9ee44b42d32ed"},"breadcrumb":{"@id":"https:\/\/portaltela.pt\/noticias\/2026\/04\/08\/mota-explode-perto-de-criancas-no-texas-apos-despiste\/#breadcrumb"},"inLanguage":"pt-PT","potentialAction":[{"@type":"ReadAction","target":["https:\/\/portaltela.pt\/noticias\/2026\/04\/08\/mota-explode-perto-de-criancas-no-texas-apos-despiste\/"]}]},{"@type":"ImageObject","inLanguage":"pt-PT","@id":"https:\/\/portaltela.pt\/noticias\/2026\/04\/08\/mota-explode-perto-de-criancas-no-texas-apos-despiste\/#primaryimage","url":"https:\/\/portaltela.pt\/s.01k8rhncp4jt1\/2026\/04\/img_1280x722uu2026-04-08-13-33-14-2277253.jpg","contentUrl":"https:\/\/portaltela.pt\/s.01k8rhncp4jt1\/2026\/04\/img_1280x722uu2026-04-08-13-33-14-2277253.jpg","width":796,"height":448,"caption":"Imagem de uma mota a despistar-se e explodir perto de crian\u00e7as no Texas."},{"@type":"BreadcrumbList","@id":"https:\/\/portaltela.pt\/noticias\/2026\/04\/08\/mota-explode-perto-de-criancas-no-texas-apos-despiste\/#breadcrumb","itemListElement":[{"@type":"ListItem","position":1,"name":"In\u00edcio","item":"https:\/\/portaltela.pt\/"},{"@type":"ListItem","position":2,"name":"Mota explode perto de crian\u00e7as no Texas ap\u00f3s despiste"}]},{"@type":"WebSite","@id":"https:\/\/portaltela.pt\/#website","url":"https:\/\/portaltela.pt\/","name":"Portal Tela Portugal","description":"","potentialAction":[{"@type":"SearchAction","target":{"@type":"EntryPoint","urlTemplate":"https:\/\/portaltela.pt\/?s={search_term_string}"},"query-input":{"@type":"PropertyValueSpecification","valueRequired":true,"valueName":"search_term_string"}}],"inLanguage":"pt-PT"},{"@type":"Person","@id":"https:\/\/portaltela.pt\/#\/schema\/person\/c4278d4a6028830caff9ee44b42d32ed","name":"Telinha","image":{"@type":"ImageObject","inLanguage":"pt-PT","@id":"https:\/\/portaltela.pt\/s.01k8rhncp4jt1\/2025\/11\/talking-bot-125x125.png","url":"https:\/\/portaltela.pt\/s.01k8rhncp4jt1\/2025\/11\/talking-bot-125x125.png","contentUrl":"https:\/\/portaltela.pt\/s.01k8rhncp4jt1\/2025\/11\/talking-bot-125x125.png","caption":"Telinha"},"sameAs":["https:\/\/portaltela.pt\/"],"url":"https:\/\/portaltela.pt\/por\/367410592786\/"}]}},"_links":{"self":[{"href":"https:\/\/portaltela.pt\/api\/wp\/v2\/posts\/436628","targetHints":{"allow":["GET"]}}],"collection":[{"href":"https:\/\/portaltela.pt\/api\/wp\/v2\/posts"}],"about":[{"href":"https:\/\/portaltela.pt\/api\/wp\/v2\/types\/post"}],"author":[{"embeddable":true,"href":"https:\/\/portaltela.pt\/api\/wp\/v2\/users\/2"}],"replies":[{"embeddable":true,"href":"https:\/\/portaltela.pt\/api\/wp\/v2\/comments?post=436628"}],"version-history":[{"count":0,"href":"https:\/\/portaltela.pt\/api\/wp\/v2\/posts\/436628\/revisions"}],"wp:featuredmedia":[{"embeddable":true,"href":"https:\/\/portaltela.pt\/api\/wp\/v2\/media\/436634"}],"wp:attachment":[{"href":"https:\/\/portaltela.pt\/api\/wp\/v2\/media?parent=436628"}],"wp:term":[{"taxonomy":"category","embeddable":true,"href":"https:\/\/portaltela.pt\/api\/wp\/v2\/categories?post=436628"},{"taxonomy":"post_tag","embeddable":true,"href":"https:\/\/portaltela.pt\/api\/wp\/v2\/tags?post=436628"}],"curies":[{"name":"wp","href":"https:\/\/api.w.org\/{rel}","templated":true}]}}