{"id":436622,"date":"2026-04-08T09:47:24","date_gmt":"2026-04-08T12:47:24","guid":{"rendered":"https:\/\/portaltela.pt\/noticias\/2026\/04\/08\/autoridades-fiscais-taxam-vitimas-de-abusos-sexuais-da-igreja-catolica\/"},"modified":"2026-04-08T09:47:24","modified_gmt":"2026-04-08T12:47:24","slug":"autoridades-fiscais-taxam-vitimas-de-abusos-sexuais-da-igreja-catolica","status":"publish","type":"post","link":"https:\/\/portaltela.pt\/noticias\/economia\/2026\/04\/08\/autoridades-fiscais-taxam-vitimas-de-abusos-sexuais-da-igreja-catolica\/","title":{"rendered":"Autoridades fiscais taxam v\u00edtimas de abusos sexuais da Igreja Cat\u00f3lica"},"content":{"rendered":"<p>O Fisco vai taxar as v\u00edtimas de abusos sexuais da Igreja Cat\u00f3lica que receberam indemniza\u00e7\u00f5es da institui\u00e7\u00e3o. O montante total de 1,6 milh\u00f5es de euros, pago a t\u00edtulo de repara\u00e7\u00e3o, n\u00e3o fica isento de imposto. Em alguns casos, a compensa\u00e7\u00e3o pode ficar pela metade do valor divulgado.<\/p>\n<p>A Autoridade Tribut\u00e1ria e Aduaneira (AT) j\u00e1 enviou cartas \u00e0s v\u00edtimas informando que ter\u00e3o de pagar imposto sobre as indemniza\u00e7\u00f5es. A medida resulta de uma altera\u00e7\u00e3o legislativa que passou a considerar as indemniza\u00e7\u00f5es por danos morais como rendimentos tribut\u00e1veis.<\/p>\n<p>A decis\u00e3o suscita controv\u00e9rsia, uma vez que muitas v\u00edtimas entendem a indemniza\u00e7\u00e3o como compensa\u00e7\u00e3o por danos e n\u00e3o como renda. A Igreja Cat\u00f3lica n\u00e3o se pronunciou oficialmente sobre o tema.<\/p>\n<p>A legisla\u00e7\u00e3o fiscal previa isen\u00e7\u00e3o para indemniza\u00e7\u00f5es por danos morais, mas a AT sustenta que, neste caso, o valor recebido deve ser considerado rendimento. Associa\u00e7\u00f5es de v\u00edtimas contestam a medida e pedem revis\u00e3o legislativa.<\/p>\n<p>A pol\u00e9mica ganha for\u00e7a, com pedidos para que o Governo reveja a legisla\u00e7\u00e3o. A Igreja Cat\u00f3lica foi contactada para comentar, mas ainda n\u00e3o houve resposta oficial. A situa\u00e7\u00e3o est\u00e1 a ser analisada pelas autoridades fiscais, que devem emitir novas orienta\u00e7\u00f5es em breve.<\/p>\n<h3>Impacto e rea\u00e7\u00f5es<\/h3>\n<p>V\u00edtimas e advogados acompanham o desenrolar da not\u00edcia, que pode alterar o montante efetivamente recebido ap\u00f3s impostos. As entidades de apoio continuam a exigir clareza jur\u00eddica e tratamento equitativo.<\/p>\n<h3>Situa\u00e7\u00e3o fiscal e pr\u00f3ximos passos<\/h3>\n<p>As autoridades fiscais n\u00e3o divulgam perspetivas definitivas sobre o impacto financeiro para cada caso. Esperam-se esclarecer d\u00favidas sobre prazos, dedu\u00e7\u00f5es e eventuais regulariza\u00e7\u00f5es.<\/p>\n","protected":false},"excerpt":{"rendered":"<ul>\n<li>O Fisco vai tributar as indemniza\u00e7\u00f5es recebidas por v\u00edtimas de abusos sexuais da Igreja Cat\u00f3lica, conforme not\u00edcia do P\u00fablico.<\/li>\n<li>Valores pagos como \u201crepara\u00e7\u00e3o\u201d n\u00e3o ficam isentos; em alguns casos a compensa\u00e7\u00e3o pode ficar pela metade do valor comunicado.<\/li>\n<li>A Autoridade Tribut\u00e1ria e Aduaneira enviou cartas informando que as indemniza\u00e7\u00f5es s\u00e3o rendimentos sujeitos a imposto, ap\u00f3s mudan\u00e7a na lei fiscal.<\/li>\n<li>A Igreja Cat\u00f3lica ainda n\u00e3o respondeu oficialmente \u00e0 medida, que gerou pol\u00e9mica entre as v\u00edtimas.<\/li>\n<li>Grupos de v\u00edtimas e associa\u00e7\u00f5es contestam a decis\u00e3o e pedem ao Governo que reveja a legisla\u00e7\u00e3o; novas orienta\u00e7\u00f5es devem surgir nos pr\u00f3ximos dias.<\/li>\n<\/ul>\n","protected":false},"author":2,"featured_media":436629,"comment_status":"closed","ping_status":"closed","sticky":false,"template":"","format":"standard","meta":{"footnotes":""},"categories":[2,6850],"tags":[6115,103,6337,6373,102,3613],"class_list":["post-436622","post","type-post","status-publish","format-standard","has-post-thumbnail","hentry","category-economia","category-financas","tag-_economia","tag-catolicismo","tag-direito","tag-direitos","tag-igreja","tag-impostos"],"yoast_head":"<!-- This site is optimized with the Yoast SEO plugin v27.2 - https:\/\/yoast.com\/product\/yoast-seo-wordpress\/ -->\n<title>Autoridades fiscais taxam v\u00edtimas de abusos sexuais da Igreja Cat\u00f3lica - Portal Tela Portugal<\/title>\n<meta name=\"robots\" content=\"index, follow, max-snippet:-1, max-image-preview:large, max-video-preview:-1\" \/>\n<meta property=\"og:locale\" content=\"pt_PT\" \/>\n<meta property=\"og:type\" content=\"article\" \/>\n<meta property=\"og:title\" content=\"Autoridades fiscais taxam v\u00edtimas de abusos sexuais da Igreja Cat\u00f3lica - Portal Tela Portugal\" \/>\n<meta property=\"og:description\" content=\"O Fisco vai tributar as indemniza\u00e7\u00f5es recebidas por v\u00edtimas de abusos sexuais da Igreja Cat\u00f3lica, conforme not\u00edcia do P\u00fablico. Valores pagos como \u201crepara\u00e7\u00e3o\u201d n\u00e3o ficam isentos; em alguns casos a compensa\u00e7\u00e3o pode ficar pela metade do valor comunicado. A Autoridade Tribut\u00e1ria e Aduaneira enviou cartas informando que as indemniza\u00e7\u00f5es s\u00e3o rendimentos sujeitos a imposto, ap\u00f3s mudan\u00e7a na lei fiscal. A Igreja Cat\u00f3lica ainda n\u00e3o respondeu oficialmente \u00e0 medida, que gerou pol\u00e9mica entre as v\u00edtimas. Grupos de v\u00edtimas e associa\u00e7\u00f5es contestam a decis\u00e3o e pedem ao Governo que reveja a legisla\u00e7\u00e3o; novas orienta\u00e7\u00f5es devem surgir nos pr\u00f3ximos dias.\" \/>\n<meta property=\"og:url\" content=\"https:\/\/portaltela.pt\/noticias\/2026\/04\/08\/autoridades-fiscais-taxam-vitimas-de-abusos-sexuais-da-igreja-catolica\/\" \/>\n<meta property=\"og:site_name\" content=\"Portal Tela Portugal\" \/>\n<meta property=\"article:published_time\" content=\"2026-04-08T12:47:24+00:00\" \/>\n<meta name=\"author\" content=\"Telinha\" \/>\n<meta name=\"twitter:card\" content=\"summary_large_image\" \/>\n<meta name=\"twitter:label1\" content=\"Escrito por\" \/>\n\t<meta name=\"twitter:data1\" content=\"Telinha\" \/>\n\t<meta name=\"twitter:label2\" content=\"Tempo estimado de leitura\" \/>\n\t<meta name=\"twitter:data2\" content=\"1 minuto\" \/>\n<script type=\"application\/ld+json\" class=\"yoast-schema-graph\">{\"@context\":\"https:\/\/schema.org\",\"@graph\":[{\"@type\":\"Article\",\"@id\":\"https:\/\/portaltela.pt\/noticias\/2026\/04\/08\/autoridades-fiscais-taxam-vitimas-de-abusos-sexuais-da-igreja-catolica\/#article\",\"isPartOf\":{\"@id\":\"https:\/\/portaltela.pt\/noticias\/2026\/04\/08\/autoridades-fiscais-taxam-vitimas-de-abusos-sexuais-da-igreja-catolica\/\"},\"author\":{\"name\":\"Telinha\",\"@id\":\"https:\/\/portaltela.pt\/#\/schema\/person\/c4278d4a6028830caff9ee44b42d32ed\"},\"headline\":\"Autoridades fiscais taxam v\u00edtimas de abusos sexuais da Igreja Cat\u00f3lica\",\"datePublished\":\"2026-04-08T12:47:24+00:00\",\"mainEntityOfPage\":{\"@id\":\"https:\/\/portaltela.pt\/noticias\/2026\/04\/08\/autoridades-fiscais-taxam-vitimas-de-abusos-sexuais-da-igreja-catolica\/\"},\"wordCount\":311,\"image\":{\"@id\":\"https:\/\/portaltela.pt\/noticias\/2026\/04\/08\/autoridades-fiscais-taxam-vitimas-de-abusos-sexuais-da-igreja-catolica\/#primaryimage\"},\"thumbnailUrl\":\"https:\/\/portaltela.pt\/s.01k8rhncp4jt1\/2026\/04\/img_1280x722uu2022-12-03-18-31-12-1220584.jpg\",\"keywords\":[\"_economia\",\"catolicismo\",\"direito\",\"direitos\",\"igreja\",\"impostos\"],\"articleSection\":[\"Economia\",\"Finan\u00e7as\"],\"inLanguage\":\"pt-PT\"},{\"@type\":\"WebPage\",\"@id\":\"https:\/\/portaltela.pt\/noticias\/2026\/04\/08\/autoridades-fiscais-taxam-vitimas-de-abusos-sexuais-da-igreja-catolica\/\",\"url\":\"https:\/\/portaltela.pt\/noticias\/2026\/04\/08\/autoridades-fiscais-taxam-vitimas-de-abusos-sexuais-da-igreja-catolica\/\",\"name\":\"Autoridades fiscais taxam v\u00edtimas de abusos sexuais da Igreja Cat\u00f3lica - Portal Tela Portugal\",\"isPartOf\":{\"@id\":\"https:\/\/portaltela.pt\/#website\"},\"primaryImageOfPage\":{\"@id\":\"https:\/\/portaltela.pt\/noticias\/2026\/04\/08\/autoridades-fiscais-taxam-vitimas-de-abusos-sexuais-da-igreja-catolica\/#primaryimage\"},\"image\":{\"@id\":\"https:\/\/portaltela.pt\/noticias\/2026\/04\/08\/autoridades-fiscais-taxam-vitimas-de-abusos-sexuais-da-igreja-catolica\/#primaryimage\"},\"thumbnailUrl\":\"https:\/\/portaltela.pt\/s.01k8rhncp4jt1\/2026\/04\/img_1280x722uu2022-12-03-18-31-12-1220584.jpg\",\"datePublished\":\"2026-04-08T12:47:24+00:00\",\"author\":{\"@id\":\"https:\/\/portaltela.pt\/#\/schema\/person\/c4278d4a6028830caff9ee44b42d32ed\"},\"breadcrumb\":{\"@id\":\"https:\/\/portaltela.pt\/noticias\/2026\/04\/08\/autoridades-fiscais-taxam-vitimas-de-abusos-sexuais-da-igreja-catolica\/#breadcrumb\"},\"inLanguage\":\"pt-PT\",\"potentialAction\":[{\"@type\":\"ReadAction\",\"target\":[\"https:\/\/portaltela.pt\/noticias\/2026\/04\/08\/autoridades-fiscais-taxam-vitimas-de-abusos-sexuais-da-igreja-catolica\/\"]}]},{\"@type\":\"ImageObject\",\"inLanguage\":\"pt-PT\",\"@id\":\"https:\/\/portaltela.pt\/noticias\/2026\/04\/08\/autoridades-fiscais-taxam-vitimas-de-abusos-sexuais-da-igreja-catolica\/#primaryimage\",\"url\":\"https:\/\/portaltela.pt\/s.01k8rhncp4jt1\/2026\/04\/img_1280x722uu2022-12-03-18-31-12-1220584.jpg\",\"contentUrl\":\"https:\/\/portaltela.pt\/s.01k8rhncp4jt1\/2026\/04\/img_1280x722uu2022-12-03-18-31-12-1220584.jpg\",\"width\":796,\"height\":448,\"caption\":\"Fisco vai taxar v\u00edtimas de abusos sexuais da Igreja Cat\u00f3lica\"},{\"@type\":\"BreadcrumbList\",\"@id\":\"https:\/\/portaltela.pt\/noticias\/2026\/04\/08\/autoridades-fiscais-taxam-vitimas-de-abusos-sexuais-da-igreja-catolica\/#breadcrumb\",\"itemListElement\":[{\"@type\":\"ListItem\",\"position\":1,\"name\":\"In\u00edcio\",\"item\":\"https:\/\/portaltela.pt\/\"},{\"@type\":\"ListItem\",\"position\":2,\"name\":\"Autoridades fiscais taxam v\u00edtimas de abusos sexuais da Igreja Cat\u00f3lica\"}]},{\"@type\":\"WebSite\",\"@id\":\"https:\/\/portaltela.pt\/#website\",\"url\":\"https:\/\/portaltela.pt\/\",\"name\":\"Portal Tela Portugal\",\"description\":\"\",\"potentialAction\":[{\"@type\":\"SearchAction\",\"target\":{\"@type\":\"EntryPoint\",\"urlTemplate\":\"https:\/\/portaltela.pt\/?s={search_term_string}\"},\"query-input\":{\"@type\":\"PropertyValueSpecification\",\"valueRequired\":true,\"valueName\":\"search_term_string\"}}],\"inLanguage\":\"pt-PT\"},{\"@type\":\"Person\",\"@id\":\"https:\/\/portaltela.pt\/#\/schema\/person\/c4278d4a6028830caff9ee44b42d32ed\",\"name\":\"Telinha\",\"image\":{\"@type\":\"ImageObject\",\"inLanguage\":\"pt-PT\",\"@id\":\"https:\/\/portaltela.pt\/s.01k8rhncp4jt1\/2025\/11\/talking-bot-125x125.png\",\"url\":\"https:\/\/portaltela.pt\/s.01k8rhncp4jt1\/2025\/11\/talking-bot-125x125.png\",\"contentUrl\":\"https:\/\/portaltela.pt\/s.01k8rhncp4jt1\/2025\/11\/talking-bot-125x125.png\",\"caption\":\"Telinha\"},\"sameAs\":[\"https:\/\/portaltela.pt\/\"],\"url\":\"https:\/\/portaltela.pt\/por\/367410592786\/\"}]}<\/script>\n<!-- \/ Yoast SEO plugin. -->","yoast_head_json":{"title":"Autoridades fiscais taxam v\u00edtimas de abusos sexuais da Igreja Cat\u00f3lica - Portal Tela Portugal","robots":{"index":"index","follow":"follow","max-snippet":"max-snippet:-1","max-image-preview":"max-image-preview:large","max-video-preview":"max-video-preview:-1"},"og_locale":"pt_PT","og_type":"article","og_title":"Autoridades fiscais taxam v\u00edtimas de abusos sexuais da Igreja Cat\u00f3lica - Portal Tela Portugal","og_description":"O Fisco vai tributar as indemniza\u00e7\u00f5es recebidas por v\u00edtimas de abusos sexuais da Igreja Cat\u00f3lica, conforme not\u00edcia do P\u00fablico. Valores pagos como \u201crepara\u00e7\u00e3o\u201d n\u00e3o ficam isentos; em alguns casos a compensa\u00e7\u00e3o pode ficar pela metade do valor comunicado. A Autoridade Tribut\u00e1ria e Aduaneira enviou cartas informando que as indemniza\u00e7\u00f5es s\u00e3o rendimentos sujeitos a imposto, ap\u00f3s mudan\u00e7a na lei fiscal. A Igreja Cat\u00f3lica ainda n\u00e3o respondeu oficialmente \u00e0 medida, que gerou pol\u00e9mica entre as v\u00edtimas. Grupos de v\u00edtimas e associa\u00e7\u00f5es contestam a decis\u00e3o e pedem ao Governo que reveja a legisla\u00e7\u00e3o; novas orienta\u00e7\u00f5es devem surgir nos pr\u00f3ximos dias.","og_url":"https:\/\/portaltela.pt\/noticias\/2026\/04\/08\/autoridades-fiscais-taxam-vitimas-de-abusos-sexuais-da-igreja-catolica\/","og_site_name":"Portal Tela Portugal","article_published_time":"2026-04-08T12:47:24+00:00","author":"Telinha","twitter_card":"summary_large_image","twitter_misc":{"Escrito por":"Telinha","Tempo estimado de leitura":"1 minuto"},"schema":{"@context":"https:\/\/schema.org","@graph":[{"@type":"Article","@id":"https:\/\/portaltela.pt\/noticias\/2026\/04\/08\/autoridades-fiscais-taxam-vitimas-de-abusos-sexuais-da-igreja-catolica\/#article","isPartOf":{"@id":"https:\/\/portaltela.pt\/noticias\/2026\/04\/08\/autoridades-fiscais-taxam-vitimas-de-abusos-sexuais-da-igreja-catolica\/"},"author":{"name":"Telinha","@id":"https:\/\/portaltela.pt\/#\/schema\/person\/c4278d4a6028830caff9ee44b42d32ed"},"headline":"Autoridades fiscais taxam v\u00edtimas de abusos sexuais da Igreja Cat\u00f3lica","datePublished":"2026-04-08T12:47:24+00:00","mainEntityOfPage":{"@id":"https:\/\/portaltela.pt\/noticias\/2026\/04\/08\/autoridades-fiscais-taxam-vitimas-de-abusos-sexuais-da-igreja-catolica\/"},"wordCount":311,"image":{"@id":"https:\/\/portaltela.pt\/noticias\/2026\/04\/08\/autoridades-fiscais-taxam-vitimas-de-abusos-sexuais-da-igreja-catolica\/#primaryimage"},"thumbnailUrl":"https:\/\/portaltela.pt\/s.01k8rhncp4jt1\/2026\/04\/img_1280x722uu2022-12-03-18-31-12-1220584.jpg","keywords":["_economia","catolicismo","direito","direitos","igreja","impostos"],"articleSection":["Economia","Finan\u00e7as"],"inLanguage":"pt-PT"},{"@type":"WebPage","@id":"https:\/\/portaltela.pt\/noticias\/2026\/04\/08\/autoridades-fiscais-taxam-vitimas-de-abusos-sexuais-da-igreja-catolica\/","url":"https:\/\/portaltela.pt\/noticias\/2026\/04\/08\/autoridades-fiscais-taxam-vitimas-de-abusos-sexuais-da-igreja-catolica\/","name":"Autoridades fiscais taxam v\u00edtimas de abusos sexuais da Igreja Cat\u00f3lica - Portal Tela Portugal","isPartOf":{"@id":"https:\/\/portaltela.pt\/#website"},"primaryImageOfPage":{"@id":"https:\/\/portaltela.pt\/noticias\/2026\/04\/08\/autoridades-fiscais-taxam-vitimas-de-abusos-sexuais-da-igreja-catolica\/#primaryimage"},"image":{"@id":"https:\/\/portaltela.pt\/noticias\/2026\/04\/08\/autoridades-fiscais-taxam-vitimas-de-abusos-sexuais-da-igreja-catolica\/#primaryimage"},"thumbnailUrl":"https:\/\/portaltela.pt\/s.01k8rhncp4jt1\/2026\/04\/img_1280x722uu2022-12-03-18-31-12-1220584.jpg","datePublished":"2026-04-08T12:47:24+00:00","author":{"@id":"https:\/\/portaltela.pt\/#\/schema\/person\/c4278d4a6028830caff9ee44b42d32ed"},"breadcrumb":{"@id":"https:\/\/portaltela.pt\/noticias\/2026\/04\/08\/autoridades-fiscais-taxam-vitimas-de-abusos-sexuais-da-igreja-catolica\/#breadcrumb"},"inLanguage":"pt-PT","potentialAction":[{"@type":"ReadAction","target":["https:\/\/portaltela.pt\/noticias\/2026\/04\/08\/autoridades-fiscais-taxam-vitimas-de-abusos-sexuais-da-igreja-catolica\/"]}]},{"@type":"ImageObject","inLanguage":"pt-PT","@id":"https:\/\/portaltela.pt\/noticias\/2026\/04\/08\/autoridades-fiscais-taxam-vitimas-de-abusos-sexuais-da-igreja-catolica\/#primaryimage","url":"https:\/\/portaltela.pt\/s.01k8rhncp4jt1\/2026\/04\/img_1280x722uu2022-12-03-18-31-12-1220584.jpg","contentUrl":"https:\/\/portaltela.pt\/s.01k8rhncp4jt1\/2026\/04\/img_1280x722uu2022-12-03-18-31-12-1220584.jpg","width":796,"height":448,"caption":"Fisco vai taxar v\u00edtimas de abusos sexuais da Igreja Cat\u00f3lica"},{"@type":"BreadcrumbList","@id":"https:\/\/portaltela.pt\/noticias\/2026\/04\/08\/autoridades-fiscais-taxam-vitimas-de-abusos-sexuais-da-igreja-catolica\/#breadcrumb","itemListElement":[{"@type":"ListItem","position":1,"name":"In\u00edcio","item":"https:\/\/portaltela.pt\/"},{"@type":"ListItem","position":2,"name":"Autoridades fiscais taxam v\u00edtimas de abusos sexuais da Igreja Cat\u00f3lica"}]},{"@type":"WebSite","@id":"https:\/\/portaltela.pt\/#website","url":"https:\/\/portaltela.pt\/","name":"Portal Tela Portugal","description":"","potentialAction":[{"@type":"SearchAction","target":{"@type":"EntryPoint","urlTemplate":"https:\/\/portaltela.pt\/?s={search_term_string}"},"query-input":{"@type":"PropertyValueSpecification","valueRequired":true,"valueName":"search_term_string"}}],"inLanguage":"pt-PT"},{"@type":"Person","@id":"https:\/\/portaltela.pt\/#\/schema\/person\/c4278d4a6028830caff9ee44b42d32ed","name":"Telinha","image":{"@type":"ImageObject","inLanguage":"pt-PT","@id":"https:\/\/portaltela.pt\/s.01k8rhncp4jt1\/2025\/11\/talking-bot-125x125.png","url":"https:\/\/portaltela.pt\/s.01k8rhncp4jt1\/2025\/11\/talking-bot-125x125.png","contentUrl":"https:\/\/portaltela.pt\/s.01k8rhncp4jt1\/2025\/11\/talking-bot-125x125.png","caption":"Telinha"},"sameAs":["https:\/\/portaltela.pt\/"],"url":"https:\/\/portaltela.pt\/por\/367410592786\/"}]}},"_links":{"self":[{"href":"https:\/\/portaltela.pt\/api\/wp\/v2\/posts\/436622","targetHints":{"allow":["GET"]}}],"collection":[{"href":"https:\/\/portaltela.pt\/api\/wp\/v2\/posts"}],"about":[{"href":"https:\/\/portaltela.pt\/api\/wp\/v2\/types\/post"}],"author":[{"embeddable":true,"href":"https:\/\/portaltela.pt\/api\/wp\/v2\/users\/2"}],"replies":[{"embeddable":true,"href":"https:\/\/portaltela.pt\/api\/wp\/v2\/comments?post=436622"}],"version-history":[{"count":0,"href":"https:\/\/portaltela.pt\/api\/wp\/v2\/posts\/436622\/revisions"}],"wp:featuredmedia":[{"embeddable":true,"href":"https:\/\/portaltela.pt\/api\/wp\/v2\/media\/436629"}],"wp:attachment":[{"href":"https:\/\/portaltela.pt\/api\/wp\/v2\/media?parent=436622"}],"wp:term":[{"taxonomy":"category","embeddable":true,"href":"https:\/\/portaltela.pt\/api\/wp\/v2\/categories?post=436622"},{"taxonomy":"post_tag","embeddable":true,"href":"https:\/\/portaltela.pt\/api\/wp\/v2\/tags?post=436622"}],"curies":[{"name":"wp","href":"https:\/\/api.w.org\/{rel}","templated":true}]}}